{"id":3671,"date":"2008-12-10T10:36:46","date_gmt":"2008-12-10T08:36:46","guid":{"rendered":"http:\/\/www.po-l.com\/belogue\/?p=3671"},"modified":"2011-12-08T15:00:14","modified_gmt":"2011-12-08T13:00:14","slug":"jaunie-allee-difs1","status":"publish","type":"post","link":"https:\/\/www.wallendorff.com\/belogue\/2008\/12\/10\/jaunie-allee-difs1\/","title":{"rendered":"Jaunie all\u00e9e d&rsquo;ifs<sup>1<\/sup>."},"content":{"rendered":"<div id=\"photo\">\n<p><img decoding=\"async\" src=\"https:\/\/www.wallendorff.com\/belogue\/photo\/2008\/12\/20081210.jpg\" \/><br \/>\n Caf&eacute; Skansen, Oslo, 16 novembre. <\/p>\n<\/div>\n<div id=\"bandeson\">\n<p><img decoding=\"async\" src=\"https:\/\/www.wallendorff.com\/belogue\/photo\/pochettes\/b\/blakes_the-the_blakes.jpg\" align=\"left\" \/>&nbsp;<a href=\"http:\/\/www.myspace.com\/theblakes\">The Blakes<\/a> &ndash; <em>Lie Next to Me<\/em>        <\/p>\n<\/p><\/div>\n<p>Et l&agrave;, tu r&eacute;alises qu&rsquo;en plus d&rsquo;&ecirc;tre un boulot cool qui te permettrait de passer dans les Air France magazine que tu feuilletterais en vol pour tes prochaines cibles, photographeur d&rsquo;h&ocirc;tel super-cher qui fait r&ecirc;ver, &ccedil;a n&rsquo;a pas l&rsquo;air tellement plus compliqu&eacute; que photographeur de rock star &agrave; cheveux gras.<\/p>\n<p align=\"right\">Reste &agrave; se faire embaucher, maintenant. trop facile.<\/p>\n<div id=\"bas_note\">\n<p><sup>1<\/sup> Oui oui c&rsquo;est nase mais j&rsquo;ai pas le temps de trouver mieux sinon je loupe la fin d&rsquo;<em>Amour, gloire et beaut&eacute;<\/em>.<\/p>\n<\/div>\n","protected":false},"excerpt":{"rendered":"<p>Caf&eacute; Skansen, Oslo, 16 novembre. &nbsp;The Blakes &ndash; Lie Next to Me Et l&agrave;, tu r&eacute;alises qu&rsquo;en plus d&rsquo;&ecirc;tre un boulot cool qui te permettrait de passer dans les Air France magazine que tu feuilletterais en vol pour tes prochaines cibles, photographeur d&rsquo;h&ocirc;tel super-cher qui fait r&ecirc;ver, &ccedil;a n&rsquo;a pas l&rsquo;air tellement plus compliqu&eacute; que&hellip;<\/p>\n","protected":false},"author":1,"featured_media":25312,"comment_status":"open","ping_status":"open","sticky":false,"template":"","format":"standard","meta":{"_acf_changed":false,"ngg_post_thumbnail":0,"jetpack_post_was_ever_published":false,"_jetpack_newsletter_access":"","_jetpack_dont_email_post_to_subs":false,"_jetpack_newsletter_tier_id":0,"_jetpack_memberships_contains_paywalled_content":false,"_jetpack_memberships_contains_paid_content":false,"footnotes":"","jetpack_publicize_message":"","jetpack_publicize_feature_enabled":true,"jetpack_social_post_already_shared":false,"jetpack_social_options":{"image_generator_settings":{"template":"highway","default_image_id":0,"font":"","enabled":false},"version":2}},"categories":[3],"tags":[10115,2598,142,132,10240,782,2599,2357,10147,2398,2336],"class_list":["post-3671","post","type-post","status-publish","format-standard","has-post-thumbnail","hentry","category-dpc","tag-bar","tag-cafe-skansen","tag-ef-s-10-22-mm-f35-45-usm","tag-eos-20d","tag-chaises","tag-jaune","tag-lie-next-to-me","tag-norvege","tag-nuit","tag-oslo","tag-the-blakes"],"acf":[],"geo":{"latitude":59.9102402,"longitude":10.73876,"description":"R\u00e5dhusgata 32, 0158 Oslo, Norway"},"jetpack_publicize_connections":[],"jetpack_featured_media_url":"https:\/\/www.wallendorff.com\/belogue\/wp-content\/uploads\/2015\/04\/200812101.jpg","jetpack_shortlink":"https:\/\/wp.me\/p3b35P-Xd","jetpack_sharing_enabled":true,"jetpack-related-posts":[{"id":10755,"url":"https:\/\/www.wallendorff.com\/belogue\/2010\/12\/15\/shooting-people-76\/","url_meta":{"origin":3671,"position":0},"title":"Shooting people #76.","author":"dpc","date":"15 d\u00e9cembre 2010","format":false,"excerpt":"Caf\u00e9 La Cigale, Paris, 9 d\u00e9cembre. The Blakes \u2013 Streets","rel":"","context":"Dans &quot;Portraits&quot;","block_context":{"text":"Portraits","link":"https:\/\/www.wallendorff.com\/belogue\/category\/portraits\/"},"img":{"alt_text":"","src":"https:\/\/i0.wp.com\/www.wallendorff.com\/belogue\/wp-content\/uploads\/2015\/04\/201012151.jpg?resize=350%2C200&ssl=1","width":350,"height":200,"srcset":"https:\/\/i0.wp.com\/www.wallendorff.com\/belogue\/wp-content\/uploads\/2015\/04\/201012151.jpg?resize=350%2C200&ssl=1 1x, https:\/\/i0.wp.com\/www.wallendorff.com\/belogue\/wp-content\/uploads\/2015\/04\/201012151.jpg?resize=525%2C300&ssl=1 1.5x, https:\/\/i0.wp.com\/www.wallendorff.com\/belogue\/wp-content\/uploads\/2015\/04\/201012151.jpg?resize=700%2C400&ssl=1 2x"},"classes":[]},{"id":3715,"url":"https:\/\/www.wallendorff.com\/belogue\/2008\/12\/27\/2008en-2\/","url_meta":{"origin":3671,"position":1},"title":"2008 en&#8230; #2.","author":"dpc","date":"27 d\u00e9cembre 2008","format":false,"excerpt":"L'\u00c9lys\u00e9e-Montmartre, Paris, 8 d\u00e9cembre. Pr\u00e9sentent Les 5 groupes inconnus au bataillon de 2007 et reconnus d'int\u00e9r\u00eat public en 2008 Je suis effectivement rest\u00e9 sceptique devant le concert de l'\u00c9lys\u00e9e-Montmartre, mais malgr\u00e9 tout, les Black Angels ont l\u00e2ch\u00e9 cette ann\u00e9e un Directions to See a Ghost qui m'a bluff\u00e9 de sa\u2026","rel":"","context":"Dans &quot;DPC&quot;","block_context":{"text":"DPC","link":"https:\/\/www.wallendorff.com\/belogue\/category\/dpc\/"},"img":{"alt_text":"","src":"https:\/\/i0.wp.com\/www.wallendorff.com\/belogue\/wp-content\/uploads\/2015\/04\/200812271.jpg?resize=350%2C200&ssl=1","width":350,"height":200},"classes":[]},{"id":5465,"url":"https:\/\/www.wallendorff.com\/belogue\/2009\/12\/27\/en-2-2\/","url_meta":{"origin":3671,"position":2},"title":"2009 en&#8230; #2.","author":"dpc","date":"27 d\u00e9cembre 2009","format":false,"excerpt":"The Black Box Revelation, le Bataclan, Paris, 3 avril. et pr\u00e9sentent 2009 en 5 nouvelles bandes de jeunes qui s'\u00e9clatent Jan Paternoster et Dries Van Dijck ne ressemblent \u00e0 rien, viennent d'une banlieue cradingue et n'ont personne pour les aider \u00e0 mieux choisir leurs pulls. Mais Paternoster et Van Dijck\u2026","rel":"","context":"Dans &quot;DPC&quot;","block_context":{"text":"DPC","link":"https:\/\/www.wallendorff.com\/belogue\/category\/dpc\/"},"img":{"alt_text":"","src":"https:\/\/i0.wp.com\/www.wallendorff.com\/belogue\/wp-content\/uploads\/2015\/04\/200912271.jpg?resize=350%2C200&ssl=1","width":350,"height":200},"classes":[]},{"id":1175,"url":"https:\/\/www.wallendorff.com\/belogue\/2008\/03\/01\/l-ennui-toutes-les-chasses-aigries\/","url_meta":{"origin":3671,"position":3},"title":"L&rsquo;ennui, toutes les chasses aigries.","author":"dpc","date":"1 mars 2008","format":false,"excerpt":"Salon de la meuh-meuh, Paris, 29 f\u00e9vrier. \u00a0The Blakes \u2013 Streets","rel":"","context":"Dans &quot;DPC&quot;","block_context":{"text":"DPC","link":"https:\/\/www.wallendorff.com\/belogue\/category\/dpc\/"},"img":{"alt_text":"","src":"https:\/\/i0.wp.com\/www.wallendorff.com\/belogue\/wp-content\/uploads\/2015\/04\/200803011.jpg?resize=350%2C200&ssl=1","width":350,"height":200},"classes":[]},{"id":184,"url":"https:\/\/www.wallendorff.com\/belogue\/2006\/06\/29\/j-ai-beau-etre-matinal-j-ai-mal\/","url_meta":{"origin":3671,"position":4},"title":"J&rsquo;ai beau &ecirc;tre matinal, j&rsquo;ai mal.","author":"dpc","date":"29 juin 2006","format":false,"excerpt":"Rue du Clo\u00eetre Notre-Dame, Paris, 28 juin. Maintenant je sais pourquoi je n'avais plus fait d'ap\u00e9ro du mercredi soir depuis 6 mois. Le probl\u00e8me de l'ap\u00e9ro du mercredi soir, au final, c'est le jeudi matin. Enfin au moins j'aurai parl\u00e9 anglais. Avec la meilleure copine de l'ex-colloc de Chris Martin,\u2026","rel":"","context":"Dans &quot;DPC&quot;","block_context":{"text":"DPC","link":"https:\/\/www.wallendorff.com\/belogue\/category\/dpc\/"},"img":{"alt_text":"","src":"https:\/\/i0.wp.com\/www.wallendorff.com\/belogue\/wp-content\/uploads\/2015\/04\/200606291.jpg?resize=350%2C200&ssl=1","width":350,"height":200},"classes":[]},{"id":342,"url":"https:\/\/www.wallendorff.com\/belogue\/2005\/06\/16\/cuilleri-assoupi\/","url_meta":{"origin":3671,"position":5},"title":"Cuilleri assoupi&sup1;.","author":"dpc","date":"16 juin 2005","format":false,"excerpt":"Station de RER Nation, Paris, 7 juin. Et en fait, l\u00e0, tu vois, tu enl\u00e8ves les ovaux2, la chemise bleue, tu ajoutes des cheveux, tu mets un bureau devant, des coll\u00e8gues piailleurs autour, pas de caf\u00e9 dedans3 et l\u00e0, oui, l\u00e0, tu obtiens moi. [et le pull sans manche. Il\u2026","rel":"","context":"Dans &quot;DPC&quot;","block_context":{"text":"DPC","link":"https:\/\/www.wallendorff.com\/belogue\/category\/dpc\/"},"img":{"alt_text":"","src":"https:\/\/i0.wp.com\/www.wallendorff.com\/belogue\/wp-content\/uploads\/2015\/04\/200506161.jpg?resize=350%2C200&ssl=1","width":350,"height":200,"srcset":"https:\/\/i0.wp.com\/www.wallendorff.com\/belogue\/wp-content\/uploads\/2015\/04\/200506161.jpg?resize=350%2C200&ssl=1 1x, https:\/\/i0.wp.com\/www.wallendorff.com\/belogue\/wp-content\/uploads\/2015\/04\/200506161.jpg?resize=525%2C300&ssl=1 1.5x"},"classes":[]}],"_links":{"self":[{"href":"https:\/\/www.wallendorff.com\/belogue\/wp-json\/wp\/v2\/posts\/3671","targetHints":{"allow":["GET"]}}],"collection":[{"href":"https:\/\/www.wallendorff.com\/belogue\/wp-json\/wp\/v2\/posts"}],"about":[{"href":"https:\/\/www.wallendorff.com\/belogue\/wp-json\/wp\/v2\/types\/post"}],"author":[{"embeddable":true,"href":"https:\/\/www.wallendorff.com\/belogue\/wp-json\/wp\/v2\/users\/1"}],"replies":[{"embeddable":true,"href":"https:\/\/www.wallendorff.com\/belogue\/wp-json\/wp\/v2\/comments?post=3671"}],"version-history":[{"count":1,"href":"https:\/\/www.wallendorff.com\/belogue\/wp-json\/wp\/v2\/posts\/3671\/revisions"}],"predecessor-version":[{"id":14729,"href":"https:\/\/www.wallendorff.com\/belogue\/wp-json\/wp\/v2\/posts\/3671\/revisions\/14729"}],"wp:featuredmedia":[{"embeddable":true,"href":"https:\/\/www.wallendorff.com\/belogue\/wp-json\/wp\/v2\/media\/25312"}],"wp:attachment":[{"href":"https:\/\/www.wallendorff.com\/belogue\/wp-json\/wp\/v2\/media?parent=3671"}],"wp:term":[{"taxonomy":"category","embeddable":true,"href":"https:\/\/www.wallendorff.com\/belogue\/wp-json\/wp\/v2\/categories?post=3671"},{"taxonomy":"post_tag","embeddable":true,"href":"https:\/\/www.wallendorff.com\/belogue\/wp-json\/wp\/v2\/tags?post=3671"}],"curies":[{"name":"wp","href":"https:\/\/api.w.org\/{rel}","templated":true}]}}