{"id":367,"date":"2005-05-24T00:43:39","date_gmt":"2005-05-24T00:43:39","guid":{"rendered":"http:\/\/www.po-l.com\/wordpress\/?p=367"},"modified":"2012-04-18T10:21:47","modified_gmt":"2012-04-18T08:21:47","slug":"entre-grille-claire-et-griffe-on-sait","status":"publish","type":"post","link":"https:\/\/www.wallendorff.com\/belogue\/2005\/05\/24\/entre-grille-claire-et-griffe-on-sait\/","title":{"rendered":"Entre grille claire et griffe, on sait."},"content":{"rendered":"\n<div id=\"photo\">\n<p><img decoding=\"async\" src=\"http:\/\/www.po-L.com\/belogue\/photo\/2005\/05\/20050524.jpg\" \/><br \/>\n          passage Thi\u00e9r\u00e9, Paris, 17 mai.<\/p>\n<\/p><\/div>\n<p style=\"text-align:right\">[Il aura fallu attendre 10 ans, mais j&rsquo;ai enfin vu les Gallagher en vrai]<\/p>\n<p style=\"text-align:right\">[Et ils sont tout aussi pas beaux qu&rsquo;en photo.]<\/p>\n<div id=\"bandeson\">\n<p><img decoding=\"async\" src=\"https:\/\/www.wallendorff.com\/belogue\/photo\/pochettes\/o\/oasis-definitely_maybe.jpg\" align=\"left\" \/>&nbsp;<a href=\"http:\/\/www.oasininet.com\/\">Oasis<\/a> &ndash; <em>Bring It on Down<\/em><\/p>\n<\/div>\n","protected":false},"excerpt":{"rendered":"<p>passage Thi\u00e9r\u00e9, Paris, 17 mai. [Il aura fallu attendre 10 ans, mais j&rsquo;ai enfin vu les Gallagher en vrai] [Et ils sont tout aussi pas beaux qu&rsquo;en photo.] &nbsp;Oasis &ndash; Bring It on Down<\/p>\n","protected":false},"author":1,"featured_media":24307,"comment_status":"closed","ping_status":"closed","sticky":false,"template":"","format":"standard","meta":{"_acf_changed":false,"ngg_post_thumbnail":0,"jetpack_post_was_ever_published":false,"_jetpack_newsletter_access":"","_jetpack_dont_email_post_to_subs":false,"_jetpack_newsletter_tier_id":0,"_jetpack_memberships_contains_paywalled_content":false,"_jetpack_memberships_contains_paid_content":false,"footnotes":"","jetpack_publicize_message":"","jetpack_publicize_feature_enabled":true,"jetpack_social_post_already_shared":false,"jetpack_social_options":{"image_generator_settings":{"template":"highway","default_image_id":0,"font":"","enabled":false},"version":2}},"categories":[3],"tags":[10183,10107,1032,157,132,10120,10527,10121,408,10098,1033],"class_list":["post-367","post","type-post","status-publish","format-standard","has-post-thumbnail","hentry","category-dpc","tag-10183","tag-autocollant","tag-bring-it-on-down","tag-ef-50-mm-f18-ii","tag-eos-20d","tag-france","tag-grillage","tag-ile-de-france","tag-oasis","tag-paris","tag-passage-thiere"],"acf":[],"geo":{"latitude":48.8539314,"longitude":2.3737683,"description":null},"jetpack_publicize_connections":[],"jetpack_featured_media_url":"https:\/\/www.wallendorff.com\/belogue\/wp-content\/uploads\/2015\/04\/200505241.jpg","jetpack_shortlink":"https:\/\/wp.me\/p3b35P-5V","jetpack_sharing_enabled":true,"jetpack-related-posts":[{"id":1178,"url":"https:\/\/www.wallendorff.com\/belogue\/2008\/03\/06\/the-coral-l-lyse-montmartre-paris-6-dcembre-2007\/","url_meta":{"origin":367,"position":0},"title":"The Coral @ l&rsquo;\u00c9lys\u00e9e-Montmartre, Paris, 6 d\u00e9cembre 2007.","author":"dpc","date":"6 mars 2008","format":false,"excerpt":"\u00a0Oasis \u2013 Step Out (live)","rel":"","context":"Dans &quot;Alive&quot;","block_context":{"text":"Alive","link":"https:\/\/www.wallendorff.com\/belogue\/category\/alive\/"},"img":{"alt_text":"","src":"https:\/\/i0.wp.com\/www.wallendorff.com\/belogue\/wp-content\/uploads\/2015\/04\/200803061.jpg?resize=350%2C200&ssl=1","width":350,"height":200,"srcset":"https:\/\/i0.wp.com\/www.wallendorff.com\/belogue\/wp-content\/uploads\/2015\/04\/200803061.jpg?resize=350%2C200&ssl=1 1x, https:\/\/i0.wp.com\/www.wallendorff.com\/belogue\/wp-content\/uploads\/2015\/04\/200803061.jpg?resize=525%2C300&ssl=1 1.5x, https:\/\/i0.wp.com\/www.wallendorff.com\/belogue\/wp-content\/uploads\/2015\/04\/200803061.jpg?resize=700%2C400&ssl=1 2x"},"classes":[]},{"id":3517,"url":"https:\/\/www.wallendorff.com\/belogue\/2008\/10\/24\/au-train-on-emporte-le-vin\/","url_meta":{"origin":367,"position":1},"title":"Au train on emporte le vin.","author":"dpc","date":"24 octobre 2008","format":false,"excerpt":"Gare de Lyon, Paris, 4 octobre. Oasis \u2013 Half the World Away [Plus j'\u00e9coute Noel Gallagher chanter, plus je pense que Liam ne sert \u00e0 rien d'autre que d'assurer le cha\u00eenon manquant entre l'homme et le chimpanz\u00e9.]","rel":"","context":"Dans &quot;DPC&quot;","block_context":{"text":"DPC","link":"https:\/\/www.wallendorff.com\/belogue\/category\/dpc\/"},"img":{"alt_text":"","src":"https:\/\/i0.wp.com\/www.wallendorff.com\/belogue\/wp-content\/uploads\/2015\/04\/200810241.jpg?resize=350%2C200&ssl=1","width":350,"height":200,"srcset":"https:\/\/i0.wp.com\/www.wallendorff.com\/belogue\/wp-content\/uploads\/2015\/04\/200810241.jpg?resize=350%2C200&ssl=1 1x, https:\/\/i0.wp.com\/www.wallendorff.com\/belogue\/wp-content\/uploads\/2015\/04\/200810241.jpg?resize=525%2C300&ssl=1 1.5x, https:\/\/i0.wp.com\/www.wallendorff.com\/belogue\/wp-content\/uploads\/2015\/04\/200810241.jpg?resize=700%2C400&ssl=1 2x"},"classes":[]},{"id":53,"url":"https:\/\/www.wallendorff.com\/belogue\/2005\/10\/17\/sale-detente\/","url_meta":{"origin":367,"position":2},"title":"Sale d&eacute;tente.","author":"dpc","date":"17 octobre 2005","format":false,"excerpt":"Rue des Barres, Paris, 21 septembre. J'ai un gros tuyau, maintenant. \"Hello, hello It is good to be back, Good to be back.\" \u00a0Oasis \u2013 Hello","rel":"","context":"Dans &quot;DPC&quot;","block_context":{"text":"DPC","link":"https:\/\/www.wallendorff.com\/belogue\/category\/dpc\/"},"img":{"alt_text":"","src":"https:\/\/i0.wp.com\/www.wallendorff.com\/belogue\/wp-content\/uploads\/2015\/04\/200510171.jpg?resize=350%2C200&ssl=1","width":350,"height":200},"classes":[]},{"id":33661,"url":"https:\/\/www.wallendorff.com\/belogue\/2017\/03\/03\/12-h-55\/","url_meta":{"origin":367,"position":3},"title":"12 h 55.","author":"dpc","date":"3 mars 2017","format":false,"excerpt":"Le Nouvel Institut, Paris, 12 novembre 2016. Stand by Me Oasis","rel":"","context":"Dans &quot;DPC&quot;","block_context":{"text":"DPC","link":"https:\/\/www.wallendorff.com\/belogue\/category\/dpc\/"},"img":{"alt_text":"","src":"https:\/\/i0.wp.com\/www.wallendorff.com\/belogue\/wp-content\/uploads\/2017\/03\/20170303.jpg?resize=350%2C200&ssl=1","width":350,"height":200,"srcset":"https:\/\/i0.wp.com\/www.wallendorff.com\/belogue\/wp-content\/uploads\/2017\/03\/20170303.jpg?resize=350%2C200&ssl=1 1x, https:\/\/i0.wp.com\/www.wallendorff.com\/belogue\/wp-content\/uploads\/2017\/03\/20170303.jpg?resize=525%2C300&ssl=1 1.5x, https:\/\/i0.wp.com\/www.wallendorff.com\/belogue\/wp-content\/uploads\/2017\/03\/20170303.jpg?resize=700%2C400&ssl=1 2x"},"classes":[]},{"id":2263,"url":"https:\/\/www.wallendorff.com\/belogue\/2008\/08\/19\/shooting-people-34\/","url_meta":{"origin":367,"position":4},"title":"Shooting people #34.","author":"dpc","date":"19 ao\u00fbt 2008","format":false,"excerpt":"Le Divan du Monde, Paris, 23 avril. [Du pouvoir illuminant mystique que l'on peut obtenir d'une assiette en porcelaine utilis\u00e9e comme r\u00e9flecteur-\u00e0-flash.] Message personnel\u00a0: reconnais que c'est quand m\u00eame plus joli qu'une photo de mon cale\u00e7on. Message universel\u00a0: si vous n'avez pas encore entendu le nouvel Oasis il est l\u00e0\u2026","rel":"","context":"Dans &quot;Portraits&quot;","block_context":{"text":"Portraits","link":"https:\/\/www.wallendorff.com\/belogue\/category\/portraits\/"},"img":{"alt_text":"","src":"https:\/\/i0.wp.com\/www.wallendorff.com\/belogue\/wp-content\/uploads\/2015\/04\/200808191.jpg?resize=350%2C200&ssl=1","width":350,"height":200},"classes":[]},{"id":3557,"url":"https:\/\/www.wallendorff.com\/belogue\/2008\/11\/05\/shooting-people-38\/","url_meta":{"origin":367,"position":5},"title":"Shooting people #38.","author":"dpc","date":"5 novembre 2008","format":false,"excerpt":"Mus\u00e9e d'Orsay, Paris, 6 octobre. Ryan Adams \u2013 Wonderwall (Oasis cover) Je n'aurais jamais pens\u00e9 qu'un jour je me ferais annoncer le r\u00e9sultat de l'\u00e9lection pr\u00e9sidentielle ricaine le matin au r\u00e9veil par un chanteur de Nada Surf bourr\u00e9 \u00e0 la bi\u00e8re. [Je vous aurais bien mis le MP3 qui va\u2026","rel":"","context":"Dans &quot;Portraits&quot;","block_context":{"text":"Portraits","link":"https:\/\/www.wallendorff.com\/belogue\/category\/portraits\/"},"img":{"alt_text":"","src":"https:\/\/i0.wp.com\/www.wallendorff.com\/belogue\/wp-content\/uploads\/2015\/04\/200811051.jpg?resize=350%2C200&ssl=1","width":350,"height":200},"classes":[]}],"_links":{"self":[{"href":"https:\/\/www.wallendorff.com\/belogue\/wp-json\/wp\/v2\/posts\/367","targetHints":{"allow":["GET"]}}],"collection":[{"href":"https:\/\/www.wallendorff.com\/belogue\/wp-json\/wp\/v2\/posts"}],"about":[{"href":"https:\/\/www.wallendorff.com\/belogue\/wp-json\/wp\/v2\/types\/post"}],"author":[{"embeddable":true,"href":"https:\/\/www.wallendorff.com\/belogue\/wp-json\/wp\/v2\/users\/1"}],"replies":[{"embeddable":true,"href":"https:\/\/www.wallendorff.com\/belogue\/wp-json\/wp\/v2\/comments?post=367"}],"version-history":[{"count":1,"href":"https:\/\/www.wallendorff.com\/belogue\/wp-json\/wp\/v2\/posts\/367\/revisions"}],"predecessor-version":[{"id":16938,"href":"https:\/\/www.wallendorff.com\/belogue\/wp-json\/wp\/v2\/posts\/367\/revisions\/16938"}],"wp:featuredmedia":[{"embeddable":true,"href":"https:\/\/www.wallendorff.com\/belogue\/wp-json\/wp\/v2\/media\/24307"}],"wp:attachment":[{"href":"https:\/\/www.wallendorff.com\/belogue\/wp-json\/wp\/v2\/media?parent=367"}],"wp:term":[{"taxonomy":"category","embeddable":true,"href":"https:\/\/www.wallendorff.com\/belogue\/wp-json\/wp\/v2\/categories?post=367"},{"taxonomy":"post_tag","embeddable":true,"href":"https:\/\/www.wallendorff.com\/belogue\/wp-json\/wp\/v2\/tags?post=367"}],"curies":[{"name":"wp","href":"https:\/\/api.w.org\/{rel}","templated":true}]}}