{"id":3658,"date":"2008-12-08T15:02:29","date_gmt":"2008-12-08T13:02:29","guid":{"rendered":"http:\/\/www.po-l.com\/belogue\/?p=3658"},"modified":"2012-08-07T11:39:27","modified_gmt":"2012-08-07T09:39:27","slug":"space-mots-keys-28","status":"publish","type":"post","link":"https:\/\/www.wallendorff.com\/belogue\/2008\/12\/08\/space-mots-keys-28\/","title":{"rendered":"Space mots-keys #28."},"content":{"rendered":"<div id=\"photo\">\n<p><img decoding=\"async\" src=\"https:\/\/www.wallendorff.com\/belogue\/images\/etoile_blanche.jpg\" \/><\/p>\n<\/div>\n<p style=\"text-align:center\"><img decoding=\"async\" src=\"https:\/\/www.wallendorff.com\/belogue\/photo\/2006\/10\/gougle.gif\" align=\"middle\"\/> ize proude tou pr&eacute;sente<\/p>\n<p style=\"text-align:center\"><img decoding=\"async\" src=\"https:\/\/www.wallendorff.com\/belogue\/photo\/2006\/10\/mots-cles.gif\" \/><\/p>\n<h1>La courte-liste&nbsp;: <\/h1>\n<p>[Qui raccourcit de mois en mois, oui j&rsquo;ai vu.] <\/p>\n<ul>\n<li><img decoding=\"async\" src=\"https:\/\/www.wallendorff.com\/belogue\/photo\/2008\/12\/spm\/01.gif\" \/><br \/>\n    &Agrave; qui le dites-vous, ma bonne dame.<br \/>\n    &nbsp;<\/li>\n<li><img decoding=\"async\" src=\"https:\/\/www.wallendorff.com\/belogue\/photo\/2008\/12\/spm\/02.gif\" \/><br \/>\n    Y en a qui comptent passer un 21 juillet prochain bien rock n&rsquo;roll, dis donc. <br \/>\n    &nbsp; \n  <\/li>\n<li><img decoding=\"async\" src=\"https:\/\/www.wallendorff.com\/belogue\/photo\/2008\/12\/spm\/03.gif\" \/><br \/>\n    Hum. Le Bescherelle&nbsp;?<br \/>\n    &nbsp;<\/li>\n<li><img decoding=\"async\" src=\"https:\/\/www.wallendorff.com\/belogue\/photo\/2008\/12\/spm\/04.gif\" \/><br \/>\n    B&eacute;ni soit ton nom. <br \/>\n    &nbsp;<\/li>\n<li><img decoding=\"async\" src=\"https:\/\/www.wallendorff.com\/belogue\/photo\/2008\/12\/spm\/08.gif\" \/><br \/>\n    Ce journal &eacute;lectronique voulant conserver sa r&eacute;putation de bon go&ucirc;t international, j&rsquo;&eacute;viterai les blagues douteuses bas&eacute;es sur le nom du dispositif p&eacute;destre d&rsquo;entra&icirc;nement de la cha&icirc;ne du dit v&eacute;lo et l&rsquo;&eacute;cho irrespectueux qu&rsquo;il peut trouver dans une phrase &eacute;voquant la Gr&egrave;ce.<br \/>\n    &nbsp;<\/li>\n<li><img decoding=\"async\" src=\"https:\/\/www.wallendorff.com\/belogue\/photo\/2008\/12\/spm\/06.gif\" \/><br \/>\n    C&rsquo;est toujours les m&ecirc;mes qui bossent, d&eacute;cid&eacute;ment.<br \/>\n    [Pour le sens du verbe pager, voir <a href=\"http:\/\/www.cnrtl.fr\/lexicographie\/pager\">ici<\/a>.] <br \/>\n    &nbsp; \n  <\/li>\n<li><img decoding=\"async\" src=\"https:\/\/www.wallendorff.com\/belogue\/photo\/2008\/12\/spm\/05.gif\" \/><br \/>\n    Parce que d&eacute;mocratie est un mot grec aussi.<br \/>\n    &nbsp;<\/li>\n<li><img decoding=\"async\" src=\"https:\/\/www.wallendorff.com\/belogue\/photo\/2008\/12\/spm\/09.gif\" \/><br \/>\n    C&rsquo;&eacute;tait un message de l&rsquo;Office de Tourisme de la Sa&ocirc;ne-et-Loire.<\/li>\n<\/ul>\n<p>Sur ce, tout le monde au lit.<\/p>\n","protected":false},"excerpt":{"rendered":"<p>ize proude tou pr&eacute;sente La courte-liste&nbsp;: [Qui raccourcit de mois en mois, oui j&rsquo;ai vu.] &Agrave; qui le dites-vous, ma bonne dame. &nbsp; Y en a qui comptent passer un 21 juillet prochain bien rock n&rsquo;roll, dis donc. &nbsp; Hum. Le Bescherelle&nbsp;? &nbsp; B&eacute;ni soit ton nom. &nbsp; Ce journal &eacute;lectronique voulant conserver sa r&eacute;putation&hellip;<\/p>\n","protected":false},"author":1,"featured_media":25310,"comment_status":"open","ping_status":"open","sticky":false,"template":"","format":"standard","meta":{"_acf_changed":false,"ngg_post_thumbnail":0,"jetpack_post_was_ever_published":false,"_jetpack_newsletter_access":"","_jetpack_dont_email_post_to_subs":false,"_jetpack_newsletter_tier_id":0,"_jetpack_memberships_contains_paywalled_content":false,"_jetpack_memberships_contains_paid_content":false,"footnotes":"","jetpack_publicize_message":"","jetpack_publicize_feature_enabled":true,"jetpack_social_post_already_shared":false,"jetpack_social_options":{"image_generator_settings":{"template":"highway","default_image_id":0,"font":"","enabled":false},"version":2}},"categories":[12],"tags":[],"class_list":["post-3658","post","type-post","status-publish","format-standard","has-post-thumbnail","hentry","category-space-mots-keys"],"acf":[],"geo":null,"jetpack_publicize_connections":[],"jetpack_featured_media_url":"https:\/\/www.wallendorff.com\/belogue\/wp-content\/uploads\/2015\/04\/gougle55.gif","jetpack_shortlink":"https:\/\/wp.me\/p3b35P-X0","jetpack_sharing_enabled":true,"jetpack-related-posts":[{"id":1028,"url":"https:\/\/www.wallendorff.com\/belogue\/2007\/09\/03\/space-mots-keys-12\/","url_meta":{"origin":3658,"position":0},"title":"Space mots-keys #12.","author":"dpc","date":"3 septembre 2007","format":false,"excerpt":"ize proude tou pr\u00e9sente L'entr\u00e9e fracassante Il y a deux mois, c'\u00e9tait qui surgissait subitement. Ce coup-ci, c'est qui tape l'incruste 35 fois alors qu'on l'avait jamais vu et que la note o\u00f9 qu'on le trouve date de plus de 2 ans et demi. M\u00eame fait moins. Faudra qu'on m'explique.\u2026","rel":"","context":"Dans &quot;Space mots-keys&quot;","block_context":{"text":"Space mots-keys","link":"https:\/\/www.wallendorff.com\/belogue\/category\/space-mots-keys\/"},"img":{"alt_text":"","src":"","width":0,"height":0},"classes":[]},{"id":3487,"url":"https:\/\/www.wallendorff.com\/belogue\/2008\/10\/09\/space-mots-keys-26\/","url_meta":{"origin":3658,"position":1},"title":"Space mots-keys #26.","author":"dpc","date":"9 octobre 2008","format":false,"excerpt":"ize proude tou pr\u00e9sente La fourn\u00e9e du mois craint. C'est d'autant plus triste que cette 26e \u00e9dition marque le deuxi\u00e8me anniversaire de cette noble rubrique, qui s'en trouve fort mal honor\u00e9e. Avouons qu'il y a de quoi d\u00e9primer. La \u2015\u00a0tr\u00e8s\u00a0\u2015 courte-liste\u00a0: S\u00fbrement parce que la conjugaison telle qu'on la trouve\u2026","rel":"","context":"Dans &quot;Space mots-keys&quot;","block_context":{"text":"Space mots-keys","link":"https:\/\/www.wallendorff.com\/belogue\/category\/space-mots-keys\/"},"img":{"alt_text":"","src":"","width":0,"height":0},"classes":[]},{"id":1075,"url":"https:\/\/www.wallendorff.com\/belogue\/2007\/11\/08\/space-mot-keys-14\/","url_meta":{"origin":3658,"position":2},"title":"Space mot-keys #14.","author":"dpc","date":"8 novembre 2007","format":false,"excerpt":"ize proude tou pr\u00e9sente Curieux. Alors que ce site a battu en octobre son record historique de connexions [merci d'ailleurs pour les 4\u00a0650\u00a0000 milli\u00e8mes de visites enregistr\u00e9es le mois dernier, on organisera une grande f\u00eate \u00e0 Bastille pour No\u00ebl avec distribution de boudin blanc \u00e0 l'oignon], les mots-cl\u00e9s du mois\u2026","rel":"","context":"Dans &quot;Space mots-keys&quot;","block_context":{"text":"Space mots-keys","link":"https:\/\/www.wallendorff.com\/belogue\/category\/space-mots-keys\/"},"img":{"alt_text":"","src":"","width":0,"height":0},"classes":[]},{"id":1050,"url":"https:\/\/www.wallendorff.com\/belogue\/2007\/10\/03\/space-mots-keys-13\/","url_meta":{"origin":3658,"position":3},"title":"Space mots-keys #13.","author":"dpc","date":"3 octobre 2007","format":false,"excerpt":"ize proude tou pr\u00e9sente Top 5 18 17 13 \u00a0\u00a06 \u00a0\u00a05 Nos amis les champignons Grosse d\u00e9ception. Malgr\u00e9 tous les app\u00e2ts que j'avais l\u00e2ch\u00e9s le mois dernier, la p\u00e8che est maigre. Toujours autant d'axieuses attentes de voir das folgende gro\u00dfe Ding venir chez soi [, ], de fantasmes [, ],\u2026","rel":"","context":"Dans &quot;Space mots-keys&quot;","block_context":{"text":"Space mots-keys","link":"https:\/\/www.wallendorff.com\/belogue\/category\/space-mots-keys\/"},"img":{"alt_text":"","src":"","width":0,"height":0},"classes":[]},{"id":1101,"url":"https:\/\/www.wallendorff.com\/belogue\/2007\/12\/06\/space-mots-keys-15\/","url_meta":{"origin":3658,"position":4},"title":"Space mots-keys #15.","author":"dpc","date":"6 d\u00e9cembre 2007","format":false,"excerpt":"ize proude tou pr\u00e9sente 3 concerts \u00a038 \u00a0\u00a038 \u00a0\u00a014 Pour ceux qui se demande pourquoi cette d\u00e9ferlante de vieux m\u00e9tal, Maiden repasse \u00e0 Bercy en juillet. Nos amis les champignons Y'avait longtemps. \u00c7a s'est calm\u00e9 par rapport au groupe de Sonic le h\u00e9risson [le v\u00e8be c'est comme dans Hairy Potter,\u2026","rel":"","context":"Dans &quot;Space mots-keys&quot;","block_context":{"text":"Space mots-keys","link":"https:\/\/www.wallendorff.com\/belogue\/category\/space-mots-keys\/"},"img":{"alt_text":"","src":"","width":0,"height":0},"classes":[]},{"id":1222,"url":"https:\/\/www.wallendorff.com\/belogue\/2008\/05\/07\/space-mots-keys-20\/","url_meta":{"origin":3658,"position":5},"title":"Space mots-keys #20.","author":"dpc","date":"7 mai 2008","format":false,"excerpt":"ize proude tou pr\u00e9sente La Neue Star \u00e9tant, \u00e0 mon grand dam, inexistante dans les mots-cl\u00e9s du mois, commen\u00e7ons notre \u00e9dition d'aujourd'hui par une s\u00e9v\u00e8re remise \u00e0 niveau\u00a0: Nouvelle Star Kristove Katastrove caca Biquette \u00e9toile joue Gopher Brosnan-Gallagher Ycare copine petite amie Gnocchi le Gno-gno le Kiki Man\u0153uvre singole ma\u00efcolle\u2026","rel":"","context":"Dans &quot;Space mots-keys&quot;","block_context":{"text":"Space mots-keys","link":"https:\/\/www.wallendorff.com\/belogue\/category\/space-mots-keys\/"},"img":{"alt_text":"","src":"","width":0,"height":0},"classes":[]}],"_links":{"self":[{"href":"https:\/\/www.wallendorff.com\/belogue\/wp-json\/wp\/v2\/posts\/3658","targetHints":{"allow":["GET"]}}],"collection":[{"href":"https:\/\/www.wallendorff.com\/belogue\/wp-json\/wp\/v2\/posts"}],"about":[{"href":"https:\/\/www.wallendorff.com\/belogue\/wp-json\/wp\/v2\/types\/post"}],"author":[{"embeddable":true,"href":"https:\/\/www.wallendorff.com\/belogue\/wp-json\/wp\/v2\/users\/1"}],"replies":[{"embeddable":true,"href":"https:\/\/www.wallendorff.com\/belogue\/wp-json\/wp\/v2\/comments?post=3658"}],"version-history":[{"count":2,"href":"https:\/\/www.wallendorff.com\/belogue\/wp-json\/wp\/v2\/posts\/3658\/revisions"}],"predecessor-version":[{"id":18510,"href":"https:\/\/www.wallendorff.com\/belogue\/wp-json\/wp\/v2\/posts\/3658\/revisions\/18510"}],"wp:featuredmedia":[{"embeddable":true,"href":"https:\/\/www.wallendorff.com\/belogue\/wp-json\/wp\/v2\/media\/25310"}],"wp:attachment":[{"href":"https:\/\/www.wallendorff.com\/belogue\/wp-json\/wp\/v2\/media?parent=3658"}],"wp:term":[{"taxonomy":"category","embeddable":true,"href":"https:\/\/www.wallendorff.com\/belogue\/wp-json\/wp\/v2\/categories?post=3658"},{"taxonomy":"post_tag","embeddable":true,"href":"https:\/\/www.wallendorff.com\/belogue\/wp-json\/wp\/v2\/tags?post=3658"}],"curies":[{"name":"wp","href":"https:\/\/api.w.org\/{rel}","templated":true}]}}