{"id":36483,"date":"2017-11-29T15:06:47","date_gmt":"2017-11-29T13:06:47","guid":{"rendered":"http:\/\/www.wallendorff.com\/belogue\/?p=36483"},"modified":"2017-11-29T15:06:47","modified_gmt":"2017-11-29T13:06:47","slug":"its-up-to-me-now-turn-on-the-bright-lights","status":"publish","type":"post","link":"https:\/\/www.wallendorff.com\/belogue\/2017\/11\/29\/its-up-to-me-now-turn-on-the-bright-lights\/","title":{"rendered":"It&rsquo;s up to me now, turn on the bright lights."},"content":{"rendered":"\n<div id=\"photo\">\n<p><img decoding=\"async\" src=\"https:\/\/www.wallendorff.com\/belogue\/wp-content\/uploads\/2017\/11\/20171129.jpg\"><br \/>\nWorld Trade Center, New York, 5 septembre.<\/p>\n<\/div>\n<p>Cette photo a bien failli ne jamais exister &agrave; cause d&rsquo;un vigile qui avait d&eacute;cid&eacute; que, en raison du vent qui soufflait trop fort ce soir-l&agrave;, il &eacute;tait interdit d&rsquo;approcher &agrave; moins de 4,572&nbsp;m du m&eacute;morial.<\/p>\n<p>Dans ce genre de situation, la meilleure r&eacute;action &agrave; avoir est de sourire au vigile d&rsquo;un air entendu et docile, de faire mine d&rsquo;abandonner le terrain, puis d&rsquo;aller vite r&eacute;installer tout son matos devant l&rsquo;autre m&eacute;morial pour y faire ses photos avant que John-Ma&iuml;keul Vigile se pointe pour vous demander si vous ne vous paieriez pas un peu sa t&ecirc;te par hasard. Dans le cas d&rsquo;un panoramique en 52 photos (comme ci-dessus), l&rsquo;exercice devient compliqu&eacute;, puisque le temps de pose est multipli&eacute; par 52. Cela explique les poses de 4 secondes pour lesquelles j&rsquo;ai opt&eacute;, poses de 4 secondes qui expliquent elles-m&ecirc;mes pourquoi cette photo ne montre pas les jolis mouvements de nuages que j&rsquo;aurai souhait&eacute; y voir. Mais bon. Une photo sans jolis mouvements de nuages, c&rsquo;est toujours mieux que pas de photo du tout.<\/p>\n<p style=\"text-align: right\">Et &agrave; part &ccedil;a, rien.<\/p>\n<div id=\"bandeson\">\n<p><img decoding=\"async\" src=\"https:\/\/www.wallendorff.com\/belogue\/photo\/pochettes\/i\/interpol-turn_on_the_bright_lights.jpg\" align=\"left\" \/><a href=\"http:\/\/www.youtube.com\/watch?v=2kPON3WmdRw\"><em>NYC<\/em><\/a><br \/>\n<a href=\"http:\/\/www.interpolnyc.com\/\">Interpol<\/a><\/p>\n<\/div>\n","protected":false},"excerpt":{"rendered":"<p>World Trade Center, New York, 5 septembre. Cette photo a bien failli ne jamais exister &agrave; cause d&rsquo;un vigile qui avait d&eacute;cid&eacute; que, en raison du vent qui soufflait trop fort ce soir-l&agrave;, il &eacute;tait interdit d&rsquo;approcher &agrave; moins de 4,572&nbsp;m du m&eacute;morial. Dans ce genre de situation, la meilleure r&eacute;action &agrave; avoir est de&hellip;<\/p>\n","protected":false},"author":1,"featured_media":36484,"comment_status":"open","ping_status":"open","sticky":false,"template":"","format":"standard","meta":{"_acf_changed":false,"ngg_post_thumbnail":0,"jetpack_post_was_ever_published":false,"_jetpack_newsletter_access":"","_jetpack_dont_email_post_to_subs":false,"_jetpack_newsletter_tier_id":0,"_jetpack_memberships_contains_paywalled_content":false,"_jetpack_memberships_contains_paid_content":false,"footnotes":"","jetpack_publicize_message":"","jetpack_publicize_feature_enabled":true,"jetpack_social_post_already_shared":true,"jetpack_social_options":{"image_generator_settings":{"template":"highway","default_image_id":0,"font":"","enabled":false},"version":2}},"categories":[7356],"tags":[8170,6766,3066,55,10538,594,10111,3063,10732,14248,592,601,14253,11323,10592,6757],"class_list":["post-36483","post","type-post","status-publish","format-standard","has-post-thumbnail","hentry","category-into-the-wide","tag-ef-24-70-mm-f2-8l-ii-usm","tag-eos-5d-mark-iii","tag-etat-de-new-york","tag-etats-unis","tag-gratte-ciel","tag-ground-zero","tag-interpol","tag-manhattan","tag-memorial","tag-memorial-du-11-septembre","tag-new-york","tag-nyc","tag-one-world-trade-center","tag-panoramique","tag-pose-longue","tag-turn-on-the-bright-lights"],"acf":[],"geo":{"latitude":40.7106552,"longitude":-74.0129395,"description":null},"jetpack_publicize_connections":[],"jetpack_featured_media_url":"https:\/\/www.wallendorff.com\/belogue\/wp-content\/uploads\/2017\/11\/20171129.jpg","jetpack_shortlink":"https:\/\/wp.me\/p3b35P-9ur","jetpack_sharing_enabled":true,"jetpack-related-posts":[{"id":36474,"url":"https:\/\/www.wallendorff.com\/belogue\/2017\/11\/28\/surprise-sometimes-will-come-around\/","url_meta":{"origin":36483,"position":0},"title":"Surprise, sometimes, will come around.","author":"dpc","date":"28 novembre 2017","format":false,"excerpt":"Hudson River Waterfront Walkway, Jersey City, 5 septembre. On vit parfois de tr\u00e8s graves drames personnels, comme par exemple quand on rate le concert d'Interpol c\u00e9l\u00e9brant les 15 ans de Turn on the Bright Lights au Trianon. Il arrive m\u00eame que la vie ajoute une note ironique \u00e0 ces tr\u00e8s\u2026","rel":"","context":"Dans &quot;DPC&quot;","block_context":{"text":"DPC","link":"https:\/\/www.wallendorff.com\/belogue\/category\/dpc\/"},"img":{"alt_text":"","src":"https:\/\/i0.wp.com\/www.wallendorff.com\/belogue\/wp-content\/uploads\/2017\/11\/20171128.jpg?resize=350%2C200&ssl=1","width":350,"height":200,"srcset":"https:\/\/i0.wp.com\/www.wallendorff.com\/belogue\/wp-content\/uploads\/2017\/11\/20171128.jpg?resize=350%2C200&ssl=1 1x, https:\/\/i0.wp.com\/www.wallendorff.com\/belogue\/wp-content\/uploads\/2017\/11\/20171128.jpg?resize=525%2C300&ssl=1 1.5x"},"classes":[]},{"id":44798,"url":"https:\/\/www.wallendorff.com\/belogue\/2020\/01\/30\/hey-new-york-5-novembre-2019\/","url_meta":{"origin":36483,"position":1},"title":"Hey New York \u2013 5 novembre 2019.","author":"dpc","date":"30 janvier 2020","format":false,"excerpt":"New York, 5 novembre 2019.","rel":"","context":"Dans &quot;DPC&quot;","block_context":{"text":"DPC","link":"https:\/\/www.wallendorff.com\/belogue\/category\/dpc\/"},"img":{"alt_text":"","src":"https:\/\/i0.wp.com\/www.wallendorff.com\/belogue\/wp-content\/uploads\/2020\/01\/20200130-31.jpg?resize=350%2C200&ssl=1","width":350,"height":200,"srcset":"https:\/\/i0.wp.com\/www.wallendorff.com\/belogue\/wp-content\/uploads\/2020\/01\/20200130-31.jpg?resize=350%2C200&ssl=1 1x, https:\/\/i0.wp.com\/www.wallendorff.com\/belogue\/wp-content\/uploads\/2020\/01\/20200130-31.jpg?resize=525%2C300&ssl=1 1.5x, https:\/\/i0.wp.com\/www.wallendorff.com\/belogue\/wp-content\/uploads\/2020\/01\/20200130-31.jpg?resize=700%2C400&ssl=1 2x, https:\/\/i0.wp.com\/www.wallendorff.com\/belogue\/wp-content\/uploads\/2020\/01\/20200130-31.jpg?resize=1050%2C600&ssl=1 3x"},"classes":[]},{"id":4671,"url":"https:\/\/www.wallendorff.com\/belogue\/2009\/09\/08\/coldplay-parc-des-princes-paris\/","url_meta":{"origin":36483,"position":2},"title":"Coldplay @ Parc des Princes, Paris.","author":"dpc","date":"8 septembre 2009","format":false,"excerpt":"\u00a0 Coldplay \u2013 Life in Technicolor II (histoire de vous mettre dans l'ambiance) Notes pour plus tard\u00a0: Quand point le pressentiment qu'y aller avec deux bo\u00eetiers, ce serait une bonne id\u00e9e\u00a0: y aller avec deux bo\u00eetiers. \u00c7a \u00e9vite les changements f\u00e9briles d'objectifs qui risquent de te faire louper l'avanc\u00e9e de\u2026","rel":"","context":"Dans &quot;Alive&quot;","block_context":{"text":"Alive","link":"https:\/\/www.wallendorff.com\/belogue\/category\/alive\/"},"img":{"alt_text":"","src":"https:\/\/i0.wp.com\/www.wallendorff.com\/belogue\/wp-content\/uploads\/2015\/04\/200909081.jpg?resize=350%2C200&ssl=1","width":350,"height":200,"srcset":"https:\/\/i0.wp.com\/www.wallendorff.com\/belogue\/wp-content\/uploads\/2015\/04\/200909081.jpg?resize=350%2C200&ssl=1 1x, https:\/\/i0.wp.com\/www.wallendorff.com\/belogue\/wp-content\/uploads\/2015\/04\/200909081.jpg?resize=525%2C300&ssl=1 1.5x, https:\/\/i0.wp.com\/www.wallendorff.com\/belogue\/wp-content\/uploads\/2015\/04\/200909081.jpg?resize=700%2C400&ssl=1 2x"},"classes":[]},{"id":14890,"url":"https:\/\/www.wallendorff.com\/belogue\/2011\/12\/26\/2011-en-1\/","url_meta":{"origin":36483,"position":3},"title":"2011 en&#8230; #1.","author":"dpc","date":"26 d\u00e9cembre 2011","format":false,"excerpt":"pr\u00e9sente 2011 en les 5 pires trucs subis \u00e0 la radio pendant un an Avertissement : Les artistes et morceaux suivants sont d\u00e9nonc\u00e9s ici \u00e0 titre PR\u00c9VENTIF, sans lien permettant de les \u00e9couter. En parcourant cette notasse, le lecteur reconna\u00eet avoir conscience du danger que repr\u00e9sente cette liste, accepte d'assumer\u2026","rel":"","context":"Dans &quot;DPC&quot;","block_context":{"text":"DPC","link":"https:\/\/www.wallendorff.com\/belogue\/category\/dpc\/"},"img":{"alt_text":"","src":"https:\/\/i0.wp.com\/www.wallendorff.com\/belogue\/wp-content\/uploads\/2015\/04\/201112261.jpg?resize=350%2C200&ssl=1","width":350,"height":200,"srcset":"https:\/\/i0.wp.com\/www.wallendorff.com\/belogue\/wp-content\/uploads\/2015\/04\/201112261.jpg?resize=350%2C200&ssl=1 1x, https:\/\/i0.wp.com\/www.wallendorff.com\/belogue\/wp-content\/uploads\/2015\/04\/201112261.jpg?resize=525%2C300&ssl=1 1.5x, https:\/\/i0.wp.com\/www.wallendorff.com\/belogue\/wp-content\/uploads\/2015\/04\/201112261.jpg?resize=700%2C400&ssl=1 2x"},"classes":[]},{"id":760,"url":"https:\/\/www.wallendorff.com\/belogue\/2004\/06\/22\/la-bonne-nouvelle-du-jour\/","url_meta":{"origin":36483,"position":4},"title":"La bonne nouvelle du jour.","author":"dpc","date":"22 juin 2004","format":false,"excerpt":"(bien s\u00fbr la photo est pas de moi hein, vous aurez devin\u00e9. www.interpolnyc.com) C'est qu'Interpol a annonc\u00e9 la sortie de son deuxi\u00e8me album, Antics. Le probl\u00e8me dans l'histoire c'est qu'il va falloir attendre jusqu'au 27 septembre pour entendre \u00e7a. L'\u00e9t\u00e9 sera long. \u00a0Interpol \u2013 PDA","rel":"","context":"Dans &quot;DPC&quot;","block_context":{"text":"DPC","link":"https:\/\/www.wallendorff.com\/belogue\/category\/dpc\/"},"img":{"alt_text":"","src":"https:\/\/i0.wp.com\/www.wallendorff.com\/belogue\/wp-content\/uploads\/2015\/04\/169.jpg?resize=350%2C200&ssl=1","width":350,"height":200},"classes":[]},{"id":4708,"url":"https:\/\/www.wallendorff.com\/belogue\/2009\/09\/16\/4708\/","url_meta":{"origin":36483,"position":5},"title":"Crise cross.","author":"dpc","date":"16 septembre 2009","format":false,"excerpt":"Church Street, New York, 9 mai. Il ne me reste pas grand-chose du 11 Septembre. Quelques souvenirs, trois ou quatre photos et un peu de musique. La sensation d'y avoir \u00e9t\u00e9 sans y \u00eatre. La nouvelle que je re\u00e7ois d'un pote bas\u00e9 en Su\u00e8de alors que je viens d'arriver au\u2026","rel":"","context":"Dans &quot;DPC&quot;","block_context":{"text":"DPC","link":"https:\/\/www.wallendorff.com\/belogue\/category\/dpc\/"},"img":{"alt_text":"","src":"https:\/\/i0.wp.com\/www.wallendorff.com\/belogue\/wp-content\/uploads\/2015\/04\/200909161.jpg?resize=350%2C200&ssl=1","width":350,"height":200,"srcset":"https:\/\/i0.wp.com\/www.wallendorff.com\/belogue\/wp-content\/uploads\/2015\/04\/200909161.jpg?resize=350%2C200&ssl=1 1x, https:\/\/i0.wp.com\/www.wallendorff.com\/belogue\/wp-content\/uploads\/2015\/04\/200909161.jpg?resize=525%2C300&ssl=1 1.5x"},"classes":[]}],"_links":{"self":[{"href":"https:\/\/www.wallendorff.com\/belogue\/wp-json\/wp\/v2\/posts\/36483","targetHints":{"allow":["GET"]}}],"collection":[{"href":"https:\/\/www.wallendorff.com\/belogue\/wp-json\/wp\/v2\/posts"}],"about":[{"href":"https:\/\/www.wallendorff.com\/belogue\/wp-json\/wp\/v2\/types\/post"}],"author":[{"embeddable":true,"href":"https:\/\/www.wallendorff.com\/belogue\/wp-json\/wp\/v2\/users\/1"}],"replies":[{"embeddable":true,"href":"https:\/\/www.wallendorff.com\/belogue\/wp-json\/wp\/v2\/comments?post=36483"}],"version-history":[{"count":2,"href":"https:\/\/www.wallendorff.com\/belogue\/wp-json\/wp\/v2\/posts\/36483\/revisions"}],"predecessor-version":[{"id":36486,"href":"https:\/\/www.wallendorff.com\/belogue\/wp-json\/wp\/v2\/posts\/36483\/revisions\/36486"}],"wp:featuredmedia":[{"embeddable":true,"href":"https:\/\/www.wallendorff.com\/belogue\/wp-json\/wp\/v2\/media\/36484"}],"wp:attachment":[{"href":"https:\/\/www.wallendorff.com\/belogue\/wp-json\/wp\/v2\/media?parent=36483"}],"wp:term":[{"taxonomy":"category","embeddable":true,"href":"https:\/\/www.wallendorff.com\/belogue\/wp-json\/wp\/v2\/categories?post=36483"},{"taxonomy":"post_tag","embeddable":true,"href":"https:\/\/www.wallendorff.com\/belogue\/wp-json\/wp\/v2\/tags?post=36483"}],"curies":[{"name":"wp","href":"https:\/\/api.w.org\/{rel}","templated":true}]}}