{"id":36460,"date":"2017-11-20T11:02:35","date_gmt":"2017-11-20T09:02:35","guid":{"rendered":"http:\/\/www.wallendorff.com\/belogue\/?p=36460"},"modified":"2017-11-23T12:37:38","modified_gmt":"2017-11-23T10:37:38","slug":"contre-plongee-no-869","status":"publish","type":"post","link":"https:\/\/www.wallendorff.com\/belogue\/2017\/11\/20\/contre-plongee-no-869\/","title":{"rendered":"Contre-plong\u00e9e n<sup>o<\/sup> 869."},"content":{"rendered":"\n<div id=\"photo\">\n<p><img decoding=\"async\" src=\"https:\/\/www.wallendorff.com\/belogue\/wp-content\/uploads\/2017\/11\/20171120.jpg\"><br \/>\nCath&eacute;drale Saint-Patrick, New York, 5 septembre.<\/p>\n<\/div>\n<div id=\"bandeson\">\n<p><img decoding=\"async\" src=\"https:\/\/www.wallendorff.com\/belogue\/photo\/pochettes\/w\/wolf_alice-visions_of_a_life.jpg\" align=\"left\"><a id=\"lienmp3\" style=\"font-weight: normal;\" href=\"http:\/\/www.youtube.com\/watch?v=4cSvH7JyLb4\"><em>Sadboy<\/em><\/a><br \/>\n<a href=\"http:\/\/www.wolfalice.co.uk\/\">Wolf Alice<\/a><\/p>\n<\/div>\n","protected":false},"excerpt":{"rendered":"<p>Cath&eacute;drale Saint-Patrick, New York, 5 septembre. Sadboy Wolf Alice<\/p>\n","protected":false},"author":1,"featured_media":36462,"comment_status":"open","ping_status":"open","sticky":false,"template":"","format":"standard","meta":{"_acf_changed":false,"ngg_post_thumbnail":0,"jetpack_post_was_ever_published":false,"_jetpack_newsletter_access":"","_jetpack_dont_email_post_to_subs":false,"_jetpack_newsletter_tier_id":0,"_jetpack_memberships_contains_paywalled_content":false,"_jetpack_memberships_contains_paid_content":false,"footnotes":"","jetpack_publicize_message":"","jetpack_publicize_feature_enabled":true,"jetpack_social_post_already_shared":true,"jetpack_social_options":{"image_generator_settings":{"template":"highway","default_image_id":0,"font":"","enabled":false},"version":2}},"categories":[3],"tags":[14294,10743,14327,10500,10238,3066,55,14271,3063,7052,592,10377,14328,14274,10261],"class_list":["post-36460","post","type-post","status-publish","format-standard","has-post-thumbnail","hentry","category-dpc","tag-5th-avenue","tag-cathedrale","tag-cathedrale-saint-patrick","tag-contre-plongee","tag-eglise","tag-etat-de-new-york","tag-etats-unis","tag-fujifilm-x-t2","tag-manhattan","tag-nef","tag-new-york","tag-plafond","tag-sadboy","tag-samyang-8-mm-f2-8-umc-fisheye-ii","tag-voute"],"acf":[],"geo":{"latitude":40.758625,"longitude":-73.9763489,"description":"New York, New York, 10022, US"},"jetpack_publicize_connections":[],"jetpack_featured_media_url":"https:\/\/www.wallendorff.com\/belogue\/wp-content\/uploads\/2017\/11\/20171120.jpg","jetpack_shortlink":"https:\/\/wp.me\/p3b35P-9u4","jetpack_sharing_enabled":true,"jetpack-related-posts":[{"id":41268,"url":"https:\/\/www.wallendorff.com\/belogue\/2019\/02\/25\/contre-plongee-no-2-743\/","url_meta":{"origin":36460,"position":0},"title":"Contre-plong\u00e9e no 2&nbsp;743.","author":"dpc","date":"25 f\u00e9vrier 2019","format":false,"excerpt":"Cath\u00e9drale Saint-\u00c9tienne, Metz, 27 d\u00e9cembre. The End J.C. Sat\u00e0n","rel":"","context":"Dans &quot;DPC&quot;","block_context":{"text":"DPC","link":"https:\/\/www.wallendorff.com\/belogue\/category\/dpc\/"},"img":{"alt_text":"","src":"https:\/\/i0.wp.com\/www.wallendorff.com\/belogue\/wp-content\/uploads\/2019\/02\/20190225.jpg?resize=350%2C200&ssl=1","width":350,"height":200,"srcset":"https:\/\/i0.wp.com\/www.wallendorff.com\/belogue\/wp-content\/uploads\/2019\/02\/20190225.jpg?resize=350%2C200&ssl=1 1x, https:\/\/i0.wp.com\/www.wallendorff.com\/belogue\/wp-content\/uploads\/2019\/02\/20190225.jpg?resize=525%2C300&ssl=1 1.5x, https:\/\/i0.wp.com\/www.wallendorff.com\/belogue\/wp-content\/uploads\/2019\/02\/20190225.jpg?resize=700%2C400&ssl=1 2x, https:\/\/i0.wp.com\/www.wallendorff.com\/belogue\/wp-content\/uploads\/2019\/02\/20190225.jpg?resize=1050%2C600&ssl=1 3x"},"classes":[]},{"id":41272,"url":"https:\/\/www.wallendorff.com\/belogue\/2019\/02\/27\/contre-plongee-no-2-744\/","url_meta":{"origin":36460,"position":1},"title":"Contre-plong\u00e9e no 2&nbsp;744.","author":"dpc","date":"27 f\u00e9vrier 2019","format":false,"excerpt":"Cath\u00e9drale Saint-\u00c9tienne, Metz, 28 d\u00e9cembre 2018. Chip on My Shoulder RAT BOY","rel":"","context":"Dans &quot;DPC&quot;","block_context":{"text":"DPC","link":"https:\/\/www.wallendorff.com\/belogue\/category\/dpc\/"},"img":{"alt_text":"","src":"https:\/\/i0.wp.com\/www.wallendorff.com\/belogue\/wp-content\/uploads\/2019\/02\/20190227.jpg?resize=350%2C200&ssl=1","width":350,"height":200,"srcset":"https:\/\/i0.wp.com\/www.wallendorff.com\/belogue\/wp-content\/uploads\/2019\/02\/20190227.jpg?resize=350%2C200&ssl=1 1x, https:\/\/i0.wp.com\/www.wallendorff.com\/belogue\/wp-content\/uploads\/2019\/02\/20190227.jpg?resize=525%2C300&ssl=1 1.5x, https:\/\/i0.wp.com\/www.wallendorff.com\/belogue\/wp-content\/uploads\/2019\/02\/20190227.jpg?resize=700%2C400&ssl=1 2x"},"classes":[]},{"id":36466,"url":"https:\/\/www.wallendorff.com\/belogue\/2017\/11\/23\/aoci-tympan\/","url_meta":{"origin":36460,"position":2},"title":"Aotch tympan.","author":"dpc","date":"23 novembre 2017","format":false,"excerpt":"Cath\u00e9drale Saint-Patrick, New York, 5 septembre. [Oui, ce titre est d\u00e9licieusement imbitable.] Dans mes souvenirs, cette photo ressemblait \u00e9norm\u00e9ment \u00e0 une autre, prise par Juyette et publi\u00e9e dans son portfolio en 2004. Elle lui ressemblait \u00e0 un point tel que, sur les conseils de mon avocat, j'ai d\u00fb aller v\u00e9rifier,\u2026","rel":"","context":"Dans &quot;DPC&quot;","block_context":{"text":"DPC","link":"https:\/\/www.wallendorff.com\/belogue\/category\/dpc\/"},"img":{"alt_text":"","src":"https:\/\/i0.wp.com\/www.wallendorff.com\/belogue\/wp-content\/uploads\/2017\/11\/20171123.jpg?resize=350%2C200&ssl=1","width":350,"height":200,"srcset":"https:\/\/i0.wp.com\/www.wallendorff.com\/belogue\/wp-content\/uploads\/2017\/11\/20171123.jpg?resize=350%2C200&ssl=1 1x, https:\/\/i0.wp.com\/www.wallendorff.com\/belogue\/wp-content\/uploads\/2017\/11\/20171123.jpg?resize=525%2C300&ssl=1 1.5x, https:\/\/i0.wp.com\/www.wallendorff.com\/belogue\/wp-content\/uploads\/2017\/11\/20171123.jpg?resize=700%2C400&ssl=1 2x"},"classes":[]},{"id":38452,"url":"https:\/\/www.wallendorff.com\/belogue\/2018\/06\/20\/contre-plongee-no-1-612\/","url_meta":{"origin":36460,"position":3},"title":"Contre-plong\u00e9e no 1&nbsp;612.","author":"dpc","date":"20 juin 2018","format":false,"excerpt":"Cath\u00e9drale Ouspenski, Helsinki, 9 mai 2018. HopefulessnessCourtney Barnett","rel":"","context":"Dans &quot;DPC&quot;","block_context":{"text":"DPC","link":"https:\/\/www.wallendorff.com\/belogue\/category\/dpc\/"},"img":{"alt_text":"Cath\u00e9drale Ouspenski, Helsinki, 09\/05\/2018.","src":"https:\/\/i0.wp.com\/www.wallendorff.com\/belogue\/wp-content\/uploads\/2018\/06\/20180620.jpg?resize=350%2C200&ssl=1","width":350,"height":200,"srcset":"https:\/\/i0.wp.com\/www.wallendorff.com\/belogue\/wp-content\/uploads\/2018\/06\/20180620.jpg?resize=350%2C200&ssl=1 1x, https:\/\/i0.wp.com\/www.wallendorff.com\/belogue\/wp-content\/uploads\/2018\/06\/20180620.jpg?resize=525%2C300&ssl=1 1.5x, https:\/\/i0.wp.com\/www.wallendorff.com\/belogue\/wp-content\/uploads\/2018\/06\/20180620.jpg?resize=700%2C400&ssl=1 2x"},"classes":[]},{"id":41435,"url":"https:\/\/www.wallendorff.com\/belogue\/2019\/04\/08\/contreplongee-no-2-813\/","url_meta":{"origin":36460,"position":4},"title":"Contreplong\u00e9e no 2&nbsp;813.","author":"dpc","date":"8 avril 2019","format":false,"excerpt":"Cath\u00e9drale Saint-Jean, Varsovie, 24 f\u00e9vrier 2019. Kick FIDLAR","rel":"","context":"Dans &quot;DPC&quot;","block_context":{"text":"DPC","link":"https:\/\/www.wallendorff.com\/belogue\/category\/dpc\/"},"img":{"alt_text":"","src":"https:\/\/i0.wp.com\/www.wallendorff.com\/belogue\/wp-content\/uploads\/2019\/04\/20190408.jpg?resize=350%2C200&ssl=1","width":350,"height":200,"srcset":"https:\/\/i0.wp.com\/www.wallendorff.com\/belogue\/wp-content\/uploads\/2019\/04\/20190408.jpg?resize=350%2C200&ssl=1 1x, https:\/\/i0.wp.com\/www.wallendorff.com\/belogue\/wp-content\/uploads\/2019\/04\/20190408.jpg?resize=525%2C300&ssl=1 1.5x, https:\/\/i0.wp.com\/www.wallendorff.com\/belogue\/wp-content\/uploads\/2019\/04\/20190408.jpg?resize=700%2C400&ssl=1 2x, https:\/\/i0.wp.com\/www.wallendorff.com\/belogue\/wp-content\/uploads\/2019\/04\/20190408.jpg?resize=1050%2C600&ssl=1 3x"},"classes":[]},{"id":21917,"url":"https:\/\/www.wallendorff.com\/belogue\/2013\/10\/24\/tout-poutres-en-lair\/","url_meta":{"origin":36460,"position":5},"title":"Tout poutres en l&rsquo;air.","author":"dpc","date":"24 octobre 2013","format":false,"excerpt":"Cath\u00e9drale Saint-\u00c9tienne, Metz, 14 septembre. Keep Your Head Up Cults","rel":"","context":"Dans &quot;DPC&quot;","block_context":{"text":"DPC","link":"https:\/\/www.wallendorff.com\/belogue\/category\/dpc\/"},"img":{"alt_text":"","src":"https:\/\/i0.wp.com\/www.wallendorff.com\/belogue\/wp-content\/uploads\/2015\/04\/201310242.jpg?resize=350%2C200&ssl=1","width":350,"height":200,"srcset":"https:\/\/i0.wp.com\/www.wallendorff.com\/belogue\/wp-content\/uploads\/2015\/04\/201310242.jpg?resize=350%2C200&ssl=1 1x, https:\/\/i0.wp.com\/www.wallendorff.com\/belogue\/wp-content\/uploads\/2015\/04\/201310242.jpg?resize=525%2C300&ssl=1 1.5x, https:\/\/i0.wp.com\/www.wallendorff.com\/belogue\/wp-content\/uploads\/2015\/04\/201310242.jpg?resize=700%2C400&ssl=1 2x"},"classes":[]}],"_links":{"self":[{"href":"https:\/\/www.wallendorff.com\/belogue\/wp-json\/wp\/v2\/posts\/36460","targetHints":{"allow":["GET"]}}],"collection":[{"href":"https:\/\/www.wallendorff.com\/belogue\/wp-json\/wp\/v2\/posts"}],"about":[{"href":"https:\/\/www.wallendorff.com\/belogue\/wp-json\/wp\/v2\/types\/post"}],"author":[{"embeddable":true,"href":"https:\/\/www.wallendorff.com\/belogue\/wp-json\/wp\/v2\/users\/1"}],"replies":[{"embeddable":true,"href":"https:\/\/www.wallendorff.com\/belogue\/wp-json\/wp\/v2\/comments?post=36460"}],"version-history":[{"count":3,"href":"https:\/\/www.wallendorff.com\/belogue\/wp-json\/wp\/v2\/posts\/36460\/revisions"}],"predecessor-version":[{"id":36465,"href":"https:\/\/www.wallendorff.com\/belogue\/wp-json\/wp\/v2\/posts\/36460\/revisions\/36465"}],"wp:featuredmedia":[{"embeddable":true,"href":"https:\/\/www.wallendorff.com\/belogue\/wp-json\/wp\/v2\/media\/36462"}],"wp:attachment":[{"href":"https:\/\/www.wallendorff.com\/belogue\/wp-json\/wp\/v2\/media?parent=36460"}],"wp:term":[{"taxonomy":"category","embeddable":true,"href":"https:\/\/www.wallendorff.com\/belogue\/wp-json\/wp\/v2\/categories?post=36460"},{"taxonomy":"post_tag","embeddable":true,"href":"https:\/\/www.wallendorff.com\/belogue\/wp-json\/wp\/v2\/tags?post=36460"}],"curies":[{"name":"wp","href":"https:\/\/api.w.org\/{rel}","templated":true}]}}