{"id":3646,"date":"2008-12-03T15:33:07","date_gmt":"2008-12-03T13:33:07","guid":{"rendered":"http:\/\/www.po-l.com\/belogue\/?p=3646"},"modified":"2011-10-24T14:28:32","modified_gmt":"2011-10-24T12:28:32","slug":"dpc-became-a-fan-of-jonasz-brothers","status":"publish","type":"post","link":"https:\/\/www.wallendorff.com\/belogue\/2008\/12\/03\/dpc-became-a-fan-of-jonasz-brothers\/","title":{"rendered":"DPC became a fan of Jonasz Brothers."},"content":{"rendered":"<div id=\"photo\">\n<p><img decoding=\"async\" src=\"https:\/\/www.wallendorff.com\/belogue\/photo\/2008\/12\/20081203-01.jpg\"><br \/>[On occupe sa pause-caf\u00e9 du mercredi comme on peut, hein.]<\/p>\n<\/div>\n","protected":false},"excerpt":{"rendered":"<p>[On occupe sa pause-caf\u00e9 du mercredi comme on peut, hein.]<\/p>\n","protected":false},"author":1,"featured_media":25307,"comment_status":"open","ping_status":"open","sticky":false,"template":"","format":"standard","meta":{"_acf_changed":false,"ngg_post_thumbnail":0,"jetpack_post_was_ever_published":false,"_jetpack_newsletter_access":"","_jetpack_dont_email_post_to_subs":false,"_jetpack_newsletter_tier_id":0,"_jetpack_memberships_contains_paywalled_content":false,"_jetpack_memberships_contains_paid_content":false,"footnotes":"","jetpack_publicize_message":"","jetpack_publicize_feature_enabled":true,"jetpack_social_post_already_shared":false,"jetpack_social_options":{"image_generator_settings":{"template":"highway","default_image_id":0,"font":"","enabled":false},"version":2}},"categories":[3],"tags":[],"class_list":["post-3646","post","type-post","status-publish","format-standard","has-post-thumbnail","hentry","category-dpc"],"acf":[],"geo":null,"jetpack_publicize_connections":[],"jetpack_featured_media_url":"https:\/\/www.wallendorff.com\/belogue\/wp-content\/uploads\/2015\/04\/20081203-011.jpg","jetpack_shortlink":"https:\/\/wp.me\/p3b35P-WO","jetpack_sharing_enabled":true,"jetpack-related-posts":[{"id":184,"url":"https:\/\/www.wallendorff.com\/belogue\/2006\/06\/29\/j-ai-beau-etre-matinal-j-ai-mal\/","url_meta":{"origin":3646,"position":0},"title":"J&rsquo;ai beau &ecirc;tre matinal, j&rsquo;ai mal.","author":"dpc","date":"29 juin 2006","format":false,"excerpt":"Rue du Clo\u00eetre Notre-Dame, Paris, 28 juin. Maintenant je sais pourquoi je n'avais plus fait d'ap\u00e9ro du mercredi soir depuis 6 mois. Le probl\u00e8me de l'ap\u00e9ro du mercredi soir, au final, c'est le jeudi matin. Enfin au moins j'aurai parl\u00e9 anglais. Avec la meilleure copine de l'ex-colloc de Chris Martin,\u2026","rel":"","context":"Dans &quot;DPC&quot;","block_context":{"text":"DPC","link":"https:\/\/www.wallendorff.com\/belogue\/category\/dpc\/"},"img":{"alt_text":"","src":"https:\/\/i0.wp.com\/www.wallendorff.com\/belogue\/wp-content\/uploads\/2015\/04\/200606291.jpg?resize=350%2C200&ssl=1","width":350,"height":200},"classes":[]},{"id":583,"url":"https:\/\/www.wallendorff.com\/belogue\/2004\/11\/12\/j-oubliais-2\/","url_meta":{"origin":3646,"position":1},"title":"J&rsquo;oubliais.","author":"dpc","date":"12 novembre 2004","format":false,"excerpt":"Ann Arbor, 3 novembre 2004. Avec tout \u00e7a, j'ai omis de f\u00e9liciter Monsieur John Kerry pour sa brillante \u00e9lection au poste de Pr\u00e9sident de l'\u00c9tat-Uni du Michigan. Mes respects, Monsieur le Pr\u00e9sident. \u00a0 (On se console comme on peut, hein.) \u00a0Keane \u2014 Somewhere Only We Know","rel":"","context":"Dans &quot;DPC&quot;","block_context":{"text":"DPC","link":"https:\/\/www.wallendorff.com\/belogue\/category\/dpc\/"},"img":{"alt_text":"","src":"https:\/\/i0.wp.com\/www.wallendorff.com\/belogue\/wp-content\/uploads\/2015\/04\/323.jpg?resize=350%2C200&ssl=1","width":350,"height":200},"classes":[]},{"id":20210,"url":"https:\/\/www.wallendorff.com\/belogue\/2005\/03\/14\/brendan-benson-the-alternative-to-love\/","url_meta":{"origin":3646,"position":2},"title":"Brendan Benson &ndash; The Alternative to Love","author":"dpc","date":"14 mars 2005","format":false,"excerpt":"_V2_43\u201909\u2019\u2019_14\/03 Brendan Benson est un homme occup\u00e9. Producteur du premier album de Blanche, assistant de Jack White sur le dernier Loretta Lynn, co-auteur, toujours avec White, de \u00ab\u00a0la r\u00e9ponse de D\u00e9troit au Nevermind de Seattle\u00a0\u00bb (pr\u00e9vu pour le milieu de l\u2019ann\u00e9e), il a finalement trouv\u00e9 5 minutes pour nous livrer\u2026","rel":"","context":"Dans &quot;Chroniques&quot;","block_context":{"text":"Chroniques","link":"https:\/\/www.wallendorff.com\/belogue\/category\/chroniques\/"},"img":{"alt_text":"","src":"","width":0,"height":0},"classes":[]},{"id":48814,"url":"https:\/\/www.wallendorff.com\/belogue\/2021\/07\/19\/ok-cape-coral\/","url_meta":{"origin":3646,"position":3},"title":"OK, Cape Coral","author":"dpc","date":"19 juillet 2021","format":false,"excerpt":"Ce n'est pas tr\u00e8s bien document\u00e9 mais parfois, hein, il faut bien poser l'appareil. Deux jours de pause avant de rentrer, le golfe du Mexique, 6 h de route pour y aller. Quand j'habitais \u00e0 D\u00e9troit, je ne pensais pas qu'un jour je roulerais \u00e0 l'autre bout de la route\u2026","rel":"","context":"Dans &quot;DPC&quot;","block_context":{"text":"DPC","link":"https:\/\/www.wallendorff.com\/belogue\/category\/dpc\/"},"img":{"alt_text":"","src":"https:\/\/i0.wp.com\/www.wallendorff.com\/belogue\/wp-content\/uploads\/2021\/07\/20210718-07.jpg?resize=350%2C200&ssl=1","width":350,"height":200,"srcset":"https:\/\/i0.wp.com\/www.wallendorff.com\/belogue\/wp-content\/uploads\/2021\/07\/20210718-07.jpg?resize=350%2C200&ssl=1 1x, https:\/\/i0.wp.com\/www.wallendorff.com\/belogue\/wp-content\/uploads\/2021\/07\/20210718-07.jpg?resize=525%2C300&ssl=1 1.5x, https:\/\/i0.wp.com\/www.wallendorff.com\/belogue\/wp-content\/uploads\/2021\/07\/20210718-07.jpg?resize=700%2C400&ssl=1 2x, https:\/\/i0.wp.com\/www.wallendorff.com\/belogue\/wp-content\/uploads\/2021\/07\/20210718-07.jpg?resize=1050%2C600&ssl=1 3x"},"classes":[]},{"id":7326,"url":"https:\/\/www.wallendorff.com\/belogue\/2010\/04\/01\/christ-maison-cedant-rieur-paix-nuls-tiennent-mes-pas-depie-ressent-dmanne\/","url_meta":{"origin":3646,"position":4},"title":"Christ, maison, c\u00e9dant, rieur, paix nuls tiennent, mes pas d&rsquo;\u00e9pi\u00e9, Ressent d&rsquo;manne1.","author":"dpc","date":"1 avril 2010","format":false,"excerpt":"Anth\u00e9e, 13 mars. Puisque qu'on passe par ses terres, j'en profite pour faire un peu de r\u00e9clame pour l'Hugues van Rymenam qui depuis 1996, c'est \u00e0 dire bien avant l'invention du blog, du photoblog et des Jonas Brothers, r\u00f4de en Ardenne belge et fran\u00e7aise et poste tous les jours une\u2026","rel":"","context":"Dans &quot;DPC&quot;","block_context":{"text":"DPC","link":"https:\/\/www.wallendorff.com\/belogue\/category\/dpc\/"},"img":{"alt_text":"","src":"https:\/\/i0.wp.com\/www.wallendorff.com\/belogue\/wp-content\/uploads\/2015\/04\/201004011.jpg?resize=350%2C200&ssl=1","width":350,"height":200},"classes":[]},{"id":211,"url":"https:\/\/www.wallendorff.com\/belogue\/2006\/01\/27\/episode-iii\/","url_meta":{"origin":3646,"position":5},"title":"&Eacute;pisode III.","author":"dpc","date":"27 janvier 2006","format":false,"excerpt":"Rue Jacques-Fran\u00e7ois Blondel, Metz, 14 janvier, 15h25. [Poster du boulot, c'est toujours aussi mal.] Bon. Ben on va voir ce qu'on peut faire avec tout ces nouveaux trucs-l\u00e0, hein.","rel":"","context":"Dans &quot;DPC&quot;","block_context":{"text":"DPC","link":"https:\/\/www.wallendorff.com\/belogue\/category\/dpc\/"},"img":{"alt_text":"","src":"https:\/\/i0.wp.com\/www.wallendorff.com\/belogue\/wp-content\/uploads\/2015\/04\/200601241.jpg?resize=350%2C200&ssl=1","width":350,"height":200},"classes":[]}],"_links":{"self":[{"href":"https:\/\/www.wallendorff.com\/belogue\/wp-json\/wp\/v2\/posts\/3646","targetHints":{"allow":["GET"]}}],"collection":[{"href":"https:\/\/www.wallendorff.com\/belogue\/wp-json\/wp\/v2\/posts"}],"about":[{"href":"https:\/\/www.wallendorff.com\/belogue\/wp-json\/wp\/v2\/types\/post"}],"author":[{"embeddable":true,"href":"https:\/\/www.wallendorff.com\/belogue\/wp-json\/wp\/v2\/users\/1"}],"replies":[{"embeddable":true,"href":"https:\/\/www.wallendorff.com\/belogue\/wp-json\/wp\/v2\/comments?post=3646"}],"version-history":[{"count":1,"href":"https:\/\/www.wallendorff.com\/belogue\/wp-json\/wp\/v2\/posts\/3646\/revisions"}],"predecessor-version":[{"id":13876,"href":"https:\/\/www.wallendorff.com\/belogue\/wp-json\/wp\/v2\/posts\/3646\/revisions\/13876"}],"wp:featuredmedia":[{"embeddable":true,"href":"https:\/\/www.wallendorff.com\/belogue\/wp-json\/wp\/v2\/media\/25307"}],"wp:attachment":[{"href":"https:\/\/www.wallendorff.com\/belogue\/wp-json\/wp\/v2\/media?parent=3646"}],"wp:term":[{"taxonomy":"category","embeddable":true,"href":"https:\/\/www.wallendorff.com\/belogue\/wp-json\/wp\/v2\/categories?post=3646"},{"taxonomy":"post_tag","embeddable":true,"href":"https:\/\/www.wallendorff.com\/belogue\/wp-json\/wp\/v2\/tags?post=3646"}],"curies":[{"name":"wp","href":"https:\/\/api.w.org\/{rel}","templated":true}]}}