{"id":3643,"date":"2008-12-03T11:30:15","date_gmt":"2008-12-03T09:30:15","guid":{"rendered":"http:\/\/www.po-l.com\/belogue\/?p=3643"},"modified":"2012-07-27T10:47:08","modified_gmt":"2012-07-27T08:47:08","slug":"sy-naima-si-nemoi","status":"publish","type":"post","link":"https:\/\/www.wallendorff.com\/belogue\/2008\/12\/03\/sy-naima-si-nemoi\/","title":{"rendered":"S&rsquo;y n&rsquo;aima si n&rsquo;\u00e9moi."},"content":{"rendered":"<div id=\"photo\">\n<p><img decoding=\"async\" src=\"https:\/\/www.wallendorff.com\/belogue\/photo\/2008\/12\/20081203.jpg\" \/><br \/>\n R&aring;dhusgata, Oslo, 16 novembre. <\/p>\n<\/div>\n<div id=\"bandeson\">\n<p><img decoding=\"async\" src=\"https:\/\/www.wallendorff.com\/belogue\/photo\/pochettes\/p\/perfect_as_cats.jpg\" align=\"left\" \/> <a href=\"http:\/\/www.kakiking.com\/\">Kaki King<\/a>  &ndash; <em>Close to Me<\/em> (The Cure cover)<\/p>\n<\/div>\n<p>Y a quand m&ecirc;me des fois o&ugrave; tu portes le fotoapparat &agrave; ton &oelig;il sans savoir pourquoi, que tu d&eacute;clenches sans pouvoir l&rsquo;expliquer, que tu gardes le r&eacute;sultat sans aucune raison particuli&egrave;re et que tu finis par le poster en t&rsquo;avouant incapable de dire pourquoi cette photo-l&agrave;, tu l&rsquo;aimes et c&rsquo;est comme &ccedil;a. <\/p>\n","protected":false},"excerpt":{"rendered":"<p>R&aring;dhusgata, Oslo, 16 novembre. Kaki King &ndash; Close to Me (The Cure cover) Y a quand m&ecirc;me des fois o&ugrave; tu portes le fotoapparat &agrave; ton &oelig;il sans savoir pourquoi, que tu d&eacute;clenches sans pouvoir l&rsquo;expliquer, que tu gardes le r&eacute;sultat sans aucune raison particuli&egrave;re et que tu finis par le poster en t&rsquo;avouant incapable&hellip;<\/p>\n","protected":false},"author":1,"featured_media":25306,"comment_status":"open","ping_status":"open","sticky":false,"template":"","format":"standard","meta":{"_acf_changed":false,"ngg_post_thumbnail":0,"jetpack_post_was_ever_published":false,"_jetpack_newsletter_access":"","_jetpack_dont_email_post_to_subs":false,"_jetpack_newsletter_tier_id":0,"_jetpack_memberships_contains_paywalled_content":false,"_jetpack_memberships_contains_paid_content":false,"footnotes":"","jetpack_publicize_message":"","jetpack_publicize_feature_enabled":true,"jetpack_social_post_already_shared":false,"jetpack_social_options":{"image_generator_settings":{"template":"highway","default_image_id":0,"font":"","enabled":false},"version":2}},"categories":[3],"tags":[196,132,2595,10307,2594,10485,143,2357,10147,2398,10305,2593,139],"class_list":["post-3643","post","type-post","status-publish","format-standard","has-post-thumbnail","hentry","category-dpc","tag-ef-28-70-mm-f28l-usm","tag-eos-20d","tag-close-to-me","tag-fenetre","tag-kaki-king","tag-maison","tag-noir-et-blanc","tag-norvege","tag-nuit","tag-oslo","tag-porte","tag-radhusgata","tag-the-cure"],"acf":[],"geo":{"latitude":59.9103088,"longitude":10.7399082,"description":null},"jetpack_publicize_connections":[],"jetpack_featured_media_url":"https:\/\/www.wallendorff.com\/belogue\/wp-content\/uploads\/2015\/04\/200812031.jpg","jetpack_shortlink":"https:\/\/wp.me\/p3b35P-WL","jetpack_sharing_enabled":true,"jetpack-related-posts":[{"id":16593,"url":"https:\/\/www.wallendorff.com\/belogue\/2012\/03\/29\/fuite-de-gars\/","url_meta":{"origin":3643,"position":0},"title":"Fuite de gars.","author":"dpc","date":"29 mars 2012","format":false,"excerpt":"Rue de la Bonne, Paris, 5 f\u00e9vrier. Y'en a vraiment des que tu sais pas pourquoi tu les as prises, ni pourquoi tu les as gard\u00e9es, et encore moins pourquoi tu les postes. Grimes \u2013 Genesis [youtube]http:\/\/www.youtube.com\/watch?v=f2xyCIK4ALo[\/youtube]","rel":"","context":"Dans &quot;DPC&quot;","block_context":{"text":"DPC","link":"https:\/\/www.wallendorff.com\/belogue\/category\/dpc\/"},"img":{"alt_text":"","src":"https:\/\/i0.wp.com\/www.wallendorff.com\/belogue\/wp-content\/uploads\/2015\/04\/201203291.jpg?resize=350%2C200&ssl=1","width":350,"height":200,"srcset":"https:\/\/i0.wp.com\/www.wallendorff.com\/belogue\/wp-content\/uploads\/2015\/04\/201203291.jpg?resize=350%2C200&ssl=1 1x, https:\/\/i0.wp.com\/www.wallendorff.com\/belogue\/wp-content\/uploads\/2015\/04\/201203291.jpg?resize=525%2C300&ssl=1 1.5x, https:\/\/i0.wp.com\/www.wallendorff.com\/belogue\/wp-content\/uploads\/2015\/04\/201203291.jpg?resize=700%2C400&ssl=1 2x"},"classes":[]},{"id":458,"url":"https:\/\/www.wallendorff.com\/belogue\/2005\/02\/21\/ne-sut-c-qu-est-si-long-sans-cerf\/","url_meta":{"origin":3643,"position":1},"title":"Ne sut c&rsquo;qu&rsquo;est si long sans cerf1.","author":"dpc","date":"21 f\u00e9vrier 2005","format":false,"excerpt":"Studio A, mus\u00e9e Motown, D\u00e9troit, 10 f\u00e9vrier. L'avantage de pas \u00eatre une rock-star, c'est que quand tu tournes 272, la probabilit\u00e9 que tu tournes 283 un jour est quand m\u00eame beaucoup plus forte. Et \u00e7a, c'est achtement chouette, \u00e7a. \u00a0The Kills \u2013 The Good Ones _____ 1 Ami lecteur\u00a0: Si\u2026","rel":"","context":"Dans &quot;DPC&quot;","block_context":{"text":"DPC","link":"https:\/\/www.wallendorff.com\/belogue\/category\/dpc\/"},"img":{"alt_text":"","src":"https:\/\/i0.wp.com\/www.wallendorff.com\/belogue\/wp-content\/uploads\/2015\/04\/20050221-011.jpg?resize=350%2C200&ssl=1","width":350,"height":200},"classes":[]},{"id":304,"url":"https:\/\/www.wallendorff.com\/belogue\/2005\/07\/29\/hale-de-lavande\/","url_meta":{"origin":3643,"position":2},"title":"H&acirc;l&eacute; de lavande.","author":"dpc","date":"29 juillet 2005","format":false,"excerpt":"Blois-Paris, 17 juillet. Et certains matins, tu trouves, au fond d'un coin poussi\u00e9reux de disque dur, un morceau us\u00e9 jusqu'\u00e0 l'accord d'avoir \u00e9t\u00e9 trop \u00e9cout\u00e9. Et tu le r\u00e9\u00e9coutes, au bout de toutes ces ann\u00e9es. Et tu te dis, apr\u00e8s tout, pourquoi pas, tiens. Alors. Pourquoi pas?\u00a0Tiens. \"Pull on the\u2026","rel":"","context":"Dans &quot;DPC&quot;","block_context":{"text":"DPC","link":"https:\/\/www.wallendorff.com\/belogue\/category\/dpc\/"},"img":{"alt_text":"","src":"https:\/\/i0.wp.com\/www.wallendorff.com\/belogue\/wp-content\/uploads\/2015\/04\/200507292.jpg?resize=350%2C200&ssl=1","width":350,"height":200,"srcset":"https:\/\/i0.wp.com\/www.wallendorff.com\/belogue\/wp-content\/uploads\/2015\/04\/200507292.jpg?resize=350%2C200&ssl=1 1x, https:\/\/i0.wp.com\/www.wallendorff.com\/belogue\/wp-content\/uploads\/2015\/04\/200507292.jpg?resize=525%2C300&ssl=1 1.5x, https:\/\/i0.wp.com\/www.wallendorff.com\/belogue\/wp-content\/uploads\/2015\/04\/200507292.jpg?resize=700%2C400&ssl=1 2x"},"classes":[]},{"id":3671,"url":"https:\/\/www.wallendorff.com\/belogue\/2008\/12\/10\/jaunie-allee-difs1\/","url_meta":{"origin":3643,"position":3},"title":"Jaunie all\u00e9e d&rsquo;ifs1.","author":"dpc","date":"10 d\u00e9cembre 2008","format":false,"excerpt":"Caf\u00e9 Skansen, Oslo, 16 novembre. \u00a0The Blakes \u2013 Lie Next to Me Et l\u00e0, tu r\u00e9alises qu'en plus d'\u00eatre un boulot cool qui te permettrait de passer dans les Air France magazine que tu feuilletterais en vol pour tes prochaines cibles, photographeur d'h\u00f4tel super-cher qui fait r\u00eaver, \u00e7a n'a pas\u2026","rel":"","context":"Dans &quot;DPC&quot;","block_context":{"text":"DPC","link":"https:\/\/www.wallendorff.com\/belogue\/category\/dpc\/"},"img":{"alt_text":"","src":"https:\/\/i0.wp.com\/www.wallendorff.com\/belogue\/wp-content\/uploads\/2015\/04\/200812101.jpg?resize=350%2C200&ssl=1","width":350,"height":200},"classes":[]},{"id":184,"url":"https:\/\/www.wallendorff.com\/belogue\/2006\/06\/29\/j-ai-beau-etre-matinal-j-ai-mal\/","url_meta":{"origin":3643,"position":4},"title":"J&rsquo;ai beau &ecirc;tre matinal, j&rsquo;ai mal.","author":"dpc","date":"29 juin 2006","format":false,"excerpt":"Rue du Clo\u00eetre Notre-Dame, Paris, 28 juin. Maintenant je sais pourquoi je n'avais plus fait d'ap\u00e9ro du mercredi soir depuis 6 mois. Le probl\u00e8me de l'ap\u00e9ro du mercredi soir, au final, c'est le jeudi matin. Enfin au moins j'aurai parl\u00e9 anglais. Avec la meilleure copine de l'ex-colloc de Chris Martin,\u2026","rel":"","context":"Dans &quot;DPC&quot;","block_context":{"text":"DPC","link":"https:\/\/www.wallendorff.com\/belogue\/category\/dpc\/"},"img":{"alt_text":"","src":"https:\/\/i0.wp.com\/www.wallendorff.com\/belogue\/wp-content\/uploads\/2015\/04\/200606291.jpg?resize=350%2C200&ssl=1","width":350,"height":200},"classes":[]},{"id":1209,"url":"https:\/\/www.wallendorff.com\/belogue\/2008\/04\/17\/pris-et-tu-l-as\/","url_meta":{"origin":3643,"position":5},"title":"\u00c9pris et tu l&rsquo;as.","author":"dpc","date":"17 avril 2008","format":false,"excerpt":"Rue Saint-Louis-en-l'\u00cele, Paris, 23 mars. Trouv\u00e9 gr\u00e2ce \u00e0 ce billet-ci et celui-l\u00e0\u00a0: Harlan Ellison d\u00e9peint tout haut et tout bien notre triste \u00e9poque artistique actuelle. Je sais pas pourquoi, mais \u00e7a me parle. \u00a0The Last Shadow Puppets \u2013 My Mistakes Were Made for You (acoustic)","rel":"","context":"Dans &quot;DPC&quot;","block_context":{"text":"DPC","link":"https:\/\/www.wallendorff.com\/belogue\/category\/dpc\/"},"img":{"alt_text":"","src":"https:\/\/i0.wp.com\/www.wallendorff.com\/belogue\/wp-content\/uploads\/2015\/04\/200804171.jpg?resize=350%2C200&ssl=1","width":350,"height":200},"classes":[]}],"_links":{"self":[{"href":"https:\/\/www.wallendorff.com\/belogue\/wp-json\/wp\/v2\/posts\/3643","targetHints":{"allow":["GET"]}}],"collection":[{"href":"https:\/\/www.wallendorff.com\/belogue\/wp-json\/wp\/v2\/posts"}],"about":[{"href":"https:\/\/www.wallendorff.com\/belogue\/wp-json\/wp\/v2\/types\/post"}],"author":[{"embeddable":true,"href":"https:\/\/www.wallendorff.com\/belogue\/wp-json\/wp\/v2\/users\/1"}],"replies":[{"embeddable":true,"href":"https:\/\/www.wallendorff.com\/belogue\/wp-json\/wp\/v2\/comments?post=3643"}],"version-history":[{"count":1,"href":"https:\/\/www.wallendorff.com\/belogue\/wp-json\/wp\/v2\/posts\/3643\/revisions"}],"predecessor-version":[{"id":18438,"href":"https:\/\/www.wallendorff.com\/belogue\/wp-json\/wp\/v2\/posts\/3643\/revisions\/18438"}],"wp:featuredmedia":[{"embeddable":true,"href":"https:\/\/www.wallendorff.com\/belogue\/wp-json\/wp\/v2\/media\/25306"}],"wp:attachment":[{"href":"https:\/\/www.wallendorff.com\/belogue\/wp-json\/wp\/v2\/media?parent=3643"}],"wp:term":[{"taxonomy":"category","embeddable":true,"href":"https:\/\/www.wallendorff.com\/belogue\/wp-json\/wp\/v2\/categories?post=3643"},{"taxonomy":"post_tag","embeddable":true,"href":"https:\/\/www.wallendorff.com\/belogue\/wp-json\/wp\/v2\/tags?post=3643"}],"curies":[{"name":"wp","href":"https:\/\/api.w.org\/{rel}","templated":true}]}}