{"id":364,"date":"2005-05-26T00:19:23","date_gmt":"2005-05-26T00:19:23","guid":{"rendered":"http:\/\/www.po-l.com\/wordpress\/?p=364"},"modified":"2014-01-06T13:48:54","modified_gmt":"2014-01-06T11:48:54","slug":"pingouin-dans-l-champs-hiver-mechant","status":"publish","type":"post","link":"https:\/\/www.wallendorff.com\/belogue\/2005\/05\/26\/pingouin-dans-l-champs-hiver-mechant\/","title":{"rendered":"Pingouin dans l&rsquo;champ, hiver m\u00e9chant\u00b9."},"content":{"rendered":"\n<div id=\"photo\">\n<p><img decoding=\"async\" src=\"http:\/\/www.po-L.com\/belogue\/photo\/2005\/05\/20050526.jpg\" \/><br \/>\n          Notre-Dame-est-une-cath&eacute;drale-moche-[et-albinos], Paris, 18 mai.<\/p>\n<\/p><\/div>\n<div id=\"bandeson\">\n<p><img decoding=\"async\" src=\"https:\/\/www.wallendorff.com\/belogue\/photo\/pochettes\/s\/soledad_brothers-live.jpg\" align=\"left\" \/>&nbsp;<a href=\"http:\/\/www.myspace.com\/soledadbrothers\">Soledad Brothers<\/a> &ndash; <em>Break &lsquo;Em on Down<\/em> (live)<\/p>\n<\/div>\n<div id=\"bas_note\">\n<p>_____<\/p>\n<p><sup>1<\/sup> Aujourd&rsquo;hui, le titre est un jeu de mot en pi&egrave;ces d&eacute;tach&eacute;es &agrave; assembler toi-m&ecirc;me! Avec tes amis, amuse-toi &agrave; ins&eacute;rer dans le proverbe belge<sup>2<\/sup> fourni les termes &quot;cath&eacute;drale&quot;, &quot;lampadaire&quot; et tous leurs synonymes&nbsp;!<\/p>\n<p><sup>2<\/sup> Un proverbe de chez Belgacom, d&rsquo;ailleurs, je crois.<\/p>\n<\/p><\/div>\n","protected":false},"excerpt":{"rendered":"<p>Notre-Dame-est-une-cath&eacute;drale-moche-[et-albinos], Paris, 18 mai. &nbsp;Soledad Brothers &ndash; Break &lsquo;Em on Down (live) _____ 1 Aujourd&rsquo;hui, le titre est un jeu de mot en pi&egrave;ces d&eacute;tach&eacute;es &agrave; assembler toi-m&ecirc;me! Avec tes amis, amuse-toi &agrave; ins&eacute;rer dans le proverbe belge2 fourni les termes &quot;cath&eacute;drale&quot;, &quot;lampadaire&quot; et tous leurs synonymes&nbsp;! 2 Un proverbe de chez Belgacom, d&rsquo;ailleurs, je&hellip;<\/p>\n","protected":false},"author":1,"featured_media":24304,"comment_status":"closed","ping_status":"closed","sticky":false,"template":"","format":"standard","meta":{"_acf_changed":false,"ngg_post_thumbnail":0,"jetpack_post_was_ever_published":false,"_jetpack_newsletter_access":"","_jetpack_dont_email_post_to_subs":false,"_jetpack_newsletter_tier_id":0,"_jetpack_memberships_contains_paywalled_content":false,"_jetpack_memberships_contains_paid_content":false,"footnotes":"","jetpack_publicize_message":"","jetpack_publicize_feature_enabled":true,"jetpack_social_post_already_shared":false,"jetpack_social_options":{"image_generator_settings":{"template":"highway","default_image_id":0,"font":"","enabled":false},"version":2}},"categories":[3],"tags":[10277,1036,157,132,10743,931,10238,10120,10279,10121,10278,4967,176],"class_list":["post-364","post","type-post","status-publish","format-standard","has-post-thumbnail","hentry","category-dpc","tag-10277","tag-break-em-on-down","tag-ef-50-mm-f18-ii","tag-eos-20d","tag-cathedrale","tag-cathedrale-notre-dame-de-paris","tag-eglise","tag-france","tag-ile-de-la-cite","tag-ile-de-france","tag-lampadaire","tag-pont-au-double","tag-soledad-brothers"],"acf":[],"geo":{"latitude":48.8525925,"longitude":2.3483114,"description":null},"jetpack_publicize_connections":[],"jetpack_featured_media_url":"https:\/\/www.wallendorff.com\/belogue\/wp-content\/uploads\/2015\/04\/200505261.jpg","jetpack_shortlink":"https:\/\/wp.me\/p3b35P-5S","jetpack_sharing_enabled":true,"jetpack-related-posts":[{"id":130781,"url":"https:\/\/www.wallendorff.com\/belogue\/2024\/10\/10\/reinstallation-de-la-croix-du-chevet-de-notre-dame\/","url_meta":{"origin":364,"position":0},"title":"R\u00e9installation de la croix du chevet de Notre-Dame","author":"dpc","date":"10 octobre 2024","format":false,"excerpt":"","rel":"","context":"Dans &quot;DPC&quot;","block_context":{"text":"DPC","link":"https:\/\/www.wallendorff.com\/belogue\/category\/dpc\/"},"img":{"alt_text":"","src":"https:\/\/i0.wp.com\/www.wallendorff.com\/belogue\/wp-content\/uploads\/2024\/10\/20241010-23.jpg?resize=350%2C200&ssl=1","width":350,"height":200,"srcset":"https:\/\/i0.wp.com\/www.wallendorff.com\/belogue\/wp-content\/uploads\/2024\/10\/20241010-23.jpg?resize=350%2C200&ssl=1 1x, https:\/\/i0.wp.com\/www.wallendorff.com\/belogue\/wp-content\/uploads\/2024\/10\/20241010-23.jpg?resize=525%2C300&ssl=1 1.5x, https:\/\/i0.wp.com\/www.wallendorff.com\/belogue\/wp-content\/uploads\/2024\/10\/20241010-23.jpg?resize=700%2C400&ssl=1 2x, https:\/\/i0.wp.com\/www.wallendorff.com\/belogue\/wp-content\/uploads\/2024\/10\/20241010-23.jpg?resize=1050%2C600&ssl=1 3x"},"classes":[]},{"id":135994,"url":"https:\/\/www.wallendorff.com\/belogue\/2026\/04\/27\/pierres-belle-mare\/","url_meta":{"origin":364,"position":1},"title":"Pierres, belle mare.","author":"dpc","date":"27 avril 2026","format":false,"excerpt":"Port de Montebello, Paris, 6 f\u00e9vrier 2026.","rel":"","context":"Dans &quot;DPC&quot;","block_context":{"text":"DPC","link":"https:\/\/www.wallendorff.com\/belogue\/category\/dpc\/"},"img":{"alt_text":"","src":"https:\/\/i0.wp.com\/www.wallendorff.com\/belogue\/wp-content\/uploads\/2026\/04\/20260427.jpg?resize=350%2C200&ssl=1","width":350,"height":200,"srcset":"https:\/\/i0.wp.com\/www.wallendorff.com\/belogue\/wp-content\/uploads\/2026\/04\/20260427.jpg?resize=350%2C200&ssl=1 1x, https:\/\/i0.wp.com\/www.wallendorff.com\/belogue\/wp-content\/uploads\/2026\/04\/20260427.jpg?resize=525%2C300&ssl=1 1.5x, https:\/\/i0.wp.com\/www.wallendorff.com\/belogue\/wp-content\/uploads\/2026\/04\/20260427.jpg?resize=700%2C400&ssl=1 2x"},"classes":[]},{"id":12879,"url":"https:\/\/www.wallendorff.com\/belogue\/2011\/06\/14\/banc-da-part\/","url_meta":{"origin":364,"position":2},"title":"Banc d&rsquo;\u00e0 part.","author":"dpc","date":"14 juin 2011","format":false,"excerpt":"Pont au Double, Paris, 9 mai. \u00a0Dag f\u00f6r Dag \u2013 I Am the Assassin","rel":"","context":"Dans &quot;DPC&quot;","block_context":{"text":"DPC","link":"https:\/\/www.wallendorff.com\/belogue\/category\/dpc\/"},"img":{"alt_text":"","src":"https:\/\/i0.wp.com\/www.wallendorff.com\/belogue\/wp-content\/uploads\/2015\/04\/201106141.jpg?resize=350%2C200&ssl=1","width":350,"height":200},"classes":[]},{"id":241,"url":"https:\/\/www.wallendorff.com\/belogue\/2005\/12\/13\/des-heures-donnees\/","url_meta":{"origin":364,"position":3},"title":"Des heures donn&eacute;es&sup1;.","author":"dpc","date":"13 d\u00e9cembre 2005","format":false,"excerpt":"Sleepless in Cit\u00e92, Paris, 02 d\u00e9cembre 2005, 08h05. Et apr\u00e8s tout ces \u00e9crits, Il n'y a plus qu'\u00e0 finir au lit. \u00a0Placebo \u2013 Running Up That Hill (Kate Bush cover) _____ 1 Ils vont finir par le voir, les gens, que j'ai la flemme du titre en ce moment. 2\u2026","rel":"","context":"Dans &quot;DPC&quot;","block_context":{"text":"DPC","link":"https:\/\/www.wallendorff.com\/belogue\/category\/dpc\/"},"img":{"alt_text":"","src":"https:\/\/i0.wp.com\/www.wallendorff.com\/belogue\/wp-content\/uploads\/2015\/04\/200512131.jpg?resize=350%2C200&ssl=1","width":350,"height":200,"srcset":"https:\/\/i0.wp.com\/www.wallendorff.com\/belogue\/wp-content\/uploads\/2015\/04\/200512131.jpg?resize=350%2C200&ssl=1 1x, https:\/\/i0.wp.com\/www.wallendorff.com\/belogue\/wp-content\/uploads\/2015\/04\/200512131.jpg?resize=525%2C300&ssl=1 1.5x, https:\/\/i0.wp.com\/www.wallendorff.com\/belogue\/wp-content\/uploads\/2015\/04\/200512131.jpg?resize=700%2C400&ssl=1 2x"},"classes":[]},{"id":416,"url":"https:\/\/www.wallendorff.com\/belogue\/2005\/04\/04\/gare-athee-gouilles\/","url_meta":{"origin":364,"position":4},"title":"Gare [ath&eacute;e] gouilles.","author":"dpc","date":"4 avril 2005","format":false,"excerpt":"Notre-Dame-est-une-cath\u00e9drale-moche1, Paris, 23 mars. [Mais non, pas chauvin. Objectif, c'est tout.] _____ 1 - Et grise. Et sale. Et petite.2 2 - S\u00e9rieux, promis\u00a0: objectif, toujours objectif. \u00a0Fear \u2014 I Don't Care About You","rel":"","context":"Dans &quot;DPC&quot;","block_context":{"text":"DPC","link":"https:\/\/www.wallendorff.com\/belogue\/category\/dpc\/"},"img":{"alt_text":"","src":"https:\/\/i0.wp.com\/www.wallendorff.com\/belogue\/wp-content\/uploads\/2015\/04\/200504041.jpg?resize=350%2C200&ssl=1","width":350,"height":200},"classes":[]},{"id":3918,"url":"https:\/\/www.wallendorff.com\/belogue\/2009\/02\/18\/grandes-sorgues\/","url_meta":{"origin":364,"position":5},"title":"Grandes sorgues.","author":"dpc","date":"18 f\u00e9vrier 2009","format":false,"excerpt":"Rue du Clo\u00eetre Notre-Dame, Paris, 13 janvier. Y a quand m\u00eame des gens, dans la vie, \u00e7a fait du bien de les entendre \u00e0 nouveau . \u00a0Ghinzu \u2013 Cold Love","rel":"","context":"Dans &quot;DPC&quot;","block_context":{"text":"DPC","link":"https:\/\/www.wallendorff.com\/belogue\/category\/dpc\/"},"img":{"alt_text":"","src":"https:\/\/i0.wp.com\/www.wallendorff.com\/belogue\/wp-content\/uploads\/2015\/04\/200902181.jpg?resize=350%2C200&ssl=1","width":350,"height":200,"srcset":"https:\/\/i0.wp.com\/www.wallendorff.com\/belogue\/wp-content\/uploads\/2015\/04\/200902181.jpg?resize=350%2C200&ssl=1 1x, https:\/\/i0.wp.com\/www.wallendorff.com\/belogue\/wp-content\/uploads\/2015\/04\/200902181.jpg?resize=525%2C300&ssl=1 1.5x"},"classes":[]}],"_links":{"self":[{"href":"https:\/\/www.wallendorff.com\/belogue\/wp-json\/wp\/v2\/posts\/364","targetHints":{"allow":["GET"]}}],"collection":[{"href":"https:\/\/www.wallendorff.com\/belogue\/wp-json\/wp\/v2\/posts"}],"about":[{"href":"https:\/\/www.wallendorff.com\/belogue\/wp-json\/wp\/v2\/types\/post"}],"author":[{"embeddable":true,"href":"https:\/\/www.wallendorff.com\/belogue\/wp-json\/wp\/v2\/users\/1"}],"replies":[{"embeddable":true,"href":"https:\/\/www.wallendorff.com\/belogue\/wp-json\/wp\/v2\/comments?post=364"}],"version-history":[{"count":2,"href":"https:\/\/www.wallendorff.com\/belogue\/wp-json\/wp\/v2\/posts\/364\/revisions"}],"predecessor-version":[{"id":22344,"href":"https:\/\/www.wallendorff.com\/belogue\/wp-json\/wp\/v2\/posts\/364\/revisions\/22344"}],"wp:featuredmedia":[{"embeddable":true,"href":"https:\/\/www.wallendorff.com\/belogue\/wp-json\/wp\/v2\/media\/24304"}],"wp:attachment":[{"href":"https:\/\/www.wallendorff.com\/belogue\/wp-json\/wp\/v2\/media?parent=364"}],"wp:term":[{"taxonomy":"category","embeddable":true,"href":"https:\/\/www.wallendorff.com\/belogue\/wp-json\/wp\/v2\/categories?post=364"},{"taxonomy":"post_tag","embeddable":true,"href":"https:\/\/www.wallendorff.com\/belogue\/wp-json\/wp\/v2\/tags?post=364"}],"curies":[{"name":"wp","href":"https:\/\/api.w.org\/{rel}","templated":true}]}}