{"id":3637,"date":"2008-12-01T11:54:12","date_gmt":"2008-12-01T09:54:12","guid":{"rendered":"http:\/\/www.po-l.com\/belogue\/?p=3637"},"modified":"2012-07-27T10:44:52","modified_gmt":"2012-07-27T08:44:52","slug":"on-se-les-cele","status":"publish","type":"post","link":"https:\/\/www.wallendorff.com\/belogue\/2008\/12\/01\/on-se-les-cele\/","title":{"rendered":"On se les c\u00e8le."},"content":{"rendered":"<div id=\"photo\">\n<p><img decoding=\"async\" src=\"https:\/\/www.wallendorff.com\/belogue\/photo\/2008\/12\/20081201.jpg\" \/><br \/>\n Flytoget Station, Oslo Airport, Gardermoen, 16 novembre. <\/p>\n<\/div>\n<p style=\"text-align:right\">Redite de <a href=\"https:\/\/www.wallendorff.com\/belogue\/2008\/02\/19\/les-boules-hors-ondes-aidant\/\">&ccedil;a<\/a>, comme un fait expr&egrave;s.<\/p>\n<div id=\"bandeson\">\n<p><img decoding=\"async\" src=\"https:\/\/www.wallendorff.com\/belogue\/photo\/pochettes\/o\/oasis-definitely_maybe.jpg\" align=\"left\" \/>&nbsp; <a href=\"http:\/\/www.oasisinet.com\">Oasis<\/a>  &ndash; <em>Columbia<\/em><\/p>\n<\/div>\n","protected":false},"excerpt":{"rendered":"<p>Flytoget Station, Oslo Airport, Gardermoen, 16 novembre. Redite de &ccedil;a, comme un fait expr&egrave;s. &nbsp; Oasis &ndash; Columbia<\/p>\n","protected":false},"author":1,"featured_media":25304,"comment_status":"open","ping_status":"open","sticky":false,"template":"","format":"standard","meta":{"_acf_changed":false,"ngg_post_thumbnail":0,"jetpack_post_was_ever_published":false,"_jetpack_newsletter_access":"","_jetpack_dont_email_post_to_subs":false,"_jetpack_newsletter_tier_id":0,"_jetpack_memberships_contains_paywalled_content":false,"_jetpack_memberships_contains_paid_content":false,"footnotes":"","jetpack_publicize_message":"","jetpack_publicize_feature_enabled":true,"jetpack_social_post_already_shared":false,"jetpack_social_options":{"image_generator_settings":{"template":"highway","default_image_id":0,"font":"","enabled":false},"version":2}},"categories":[3],"tags":[10177,142,132,2006,2356,10247,143,2357,408,10287],"class_list":["post-3637","post","type-post","status-publish","format-standard","has-post-thumbnail","hentry","category-dpc","tag-aeroport","tag-ef-s-10-22-mm-f35-45-usm","tag-eos-20d","tag-columbia","tag-gardermoen","tag-gare","tag-noir-et-blanc","tag-norvege","tag-oasis","tag-quai"],"acf":[],"geo":{"latitude":60.1916161,"longitude":11.0958481,"description":null},"jetpack_publicize_connections":[],"jetpack_featured_media_url":"https:\/\/www.wallendorff.com\/belogue\/wp-content\/uploads\/2015\/04\/200812011.jpg","jetpack_shortlink":"https:\/\/wp.me\/p3b35P-WF","jetpack_sharing_enabled":true,"jetpack-related-posts":[{"id":1194,"url":"https:\/\/www.wallendorff.com\/belogue\/2008\/04\/02\/kilomtre-1-381\/","url_meta":{"origin":3637,"position":0},"title":"Kilom\u00e8tre 1 381.","author":"dpc","date":"2 avril 2008","format":false,"excerpt":"Oslo Airport, Gardermoen, 31 mars.","rel":"","context":"Dans &quot;DPC&quot;","block_context":{"text":"DPC","link":"https:\/\/www.wallendorff.com\/belogue\/category\/dpc\/"},"img":{"alt_text":"","src":"https:\/\/i0.wp.com\/www.wallendorff.com\/belogue\/wp-content\/uploads\/2015\/04\/200804021.jpg?resize=350%2C200&ssl=1","width":350,"height":200},"classes":[]},{"id":955,"url":"https:\/\/www.wallendorff.com\/belogue\/2007\/05\/21\/autre-route-du-sol-hej\/","url_meta":{"origin":3637,"position":1},"title":"Autre route du sol, hej\u00b9.","author":"dpc","date":"21 mai 2007","format":false,"excerpt":"59 Ouest, Houston, 26 avril. \u201cThere we were, No here we are. All this confusion, Nothing's the same to me.\u201d \u00a0Oasis \u2013 Columbia _____ 1 Bien choisi mon jour pour me mettre au su\u00e9dois, moi.","rel":"","context":"Dans &quot;DPC&quot;","block_context":{"text":"DPC","link":"https:\/\/www.wallendorff.com\/belogue\/category\/dpc\/"},"img":{"alt_text":"","src":"https:\/\/i0.wp.com\/www.wallendorff.com\/belogue\/wp-content\/uploads\/2015\/04\/200705211.jpg?resize=350%2C200&ssl=1","width":350,"height":200,"srcset":"https:\/\/i0.wp.com\/www.wallendorff.com\/belogue\/wp-content\/uploads\/2015\/04\/200705211.jpg?resize=350%2C200&ssl=1 1x, https:\/\/i0.wp.com\/www.wallendorff.com\/belogue\/wp-content\/uploads\/2015\/04\/200705211.jpg?resize=525%2C300&ssl=1 1.5x, https:\/\/i0.wp.com\/www.wallendorff.com\/belogue\/wp-content\/uploads\/2015\/04\/200705211.jpg?resize=700%2C400&ssl=1 2x"},"classes":[]},{"id":558,"url":"https:\/\/www.wallendorff.com\/belogue\/2004\/11\/28\/volks-fuckin-wagen\/","url_meta":{"origin":3637,"position":2},"title":"Volks Fuckin&rsquo; Wagen.","author":"dpc","date":"28 novembre 2004","format":false,"excerpt":"Liberty St., Ann Arbor. \u00a0Oasis \u2013 Talk Tonight","rel":"","context":"Dans &quot;DPC&quot;","block_context":{"text":"DPC","link":"https:\/\/www.wallendorff.com\/belogue\/category\/dpc\/"},"img":{"alt_text":"","src":"https:\/\/i0.wp.com\/www.wallendorff.com\/belogue\/wp-content\/uploads\/2015\/04\/712.jpg?resize=350%2C200&ssl=1","width":350,"height":200},"classes":[]},{"id":12918,"url":"https:\/\/www.wallendorff.com\/belogue\/2011\/06\/21\/shooting-people-84\/","url_meta":{"origin":3637,"position":3},"title":"Shooting people #84.","author":"dpc","date":"21 juin 2011","format":false,"excerpt":"Rue Crespin-du-Gast, Paris, 17 mai. \u00a0Oasis \u2013 Full on","rel":"","context":"Dans &quot;Portraits&quot;","block_context":{"text":"Portraits","link":"https:\/\/www.wallendorff.com\/belogue\/category\/portraits\/"},"img":{"alt_text":"","src":"https:\/\/i0.wp.com\/www.wallendorff.com\/belogue\/wp-content\/uploads\/2015\/04\/201106211.jpg?resize=350%2C200&ssl=1","width":350,"height":200},"classes":[]},{"id":2263,"url":"https:\/\/www.wallendorff.com\/belogue\/2008\/08\/19\/shooting-people-34\/","url_meta":{"origin":3637,"position":4},"title":"Shooting people #34.","author":"dpc","date":"19 ao\u00fbt 2008","format":false,"excerpt":"Le Divan du Monde, Paris, 23 avril. [Du pouvoir illuminant mystique que l'on peut obtenir d'une assiette en porcelaine utilis\u00e9e comme r\u00e9flecteur-\u00e0-flash.] Message personnel\u00a0: reconnais que c'est quand m\u00eame plus joli qu'une photo de mon cale\u00e7on. Message universel\u00a0: si vous n'avez pas encore entendu le nouvel Oasis il est l\u00e0\u2026","rel":"","context":"Dans &quot;Portraits&quot;","block_context":{"text":"Portraits","link":"https:\/\/www.wallendorff.com\/belogue\/category\/portraits\/"},"img":{"alt_text":"","src":"https:\/\/i0.wp.com\/www.wallendorff.com\/belogue\/wp-content\/uploads\/2015\/04\/200808191.jpg?resize=350%2C200&ssl=1","width":350,"height":200},"classes":[]},{"id":53,"url":"https:\/\/www.wallendorff.com\/belogue\/2005\/10\/17\/sale-detente\/","url_meta":{"origin":3637,"position":5},"title":"Sale d&eacute;tente.","author":"dpc","date":"17 octobre 2005","format":false,"excerpt":"Rue des Barres, Paris, 21 septembre. J'ai un gros tuyau, maintenant. \"Hello, hello It is good to be back, Good to be back.\" \u00a0Oasis \u2013 Hello","rel":"","context":"Dans &quot;DPC&quot;","block_context":{"text":"DPC","link":"https:\/\/www.wallendorff.com\/belogue\/category\/dpc\/"},"img":{"alt_text":"","src":"https:\/\/i0.wp.com\/www.wallendorff.com\/belogue\/wp-content\/uploads\/2015\/04\/200510171.jpg?resize=350%2C200&ssl=1","width":350,"height":200},"classes":[]}],"_links":{"self":[{"href":"https:\/\/www.wallendorff.com\/belogue\/wp-json\/wp\/v2\/posts\/3637","targetHints":{"allow":["GET"]}}],"collection":[{"href":"https:\/\/www.wallendorff.com\/belogue\/wp-json\/wp\/v2\/posts"}],"about":[{"href":"https:\/\/www.wallendorff.com\/belogue\/wp-json\/wp\/v2\/types\/post"}],"author":[{"embeddable":true,"href":"https:\/\/www.wallendorff.com\/belogue\/wp-json\/wp\/v2\/users\/1"}],"replies":[{"embeddable":true,"href":"https:\/\/www.wallendorff.com\/belogue\/wp-json\/wp\/v2\/comments?post=3637"}],"version-history":[{"count":2,"href":"https:\/\/www.wallendorff.com\/belogue\/wp-json\/wp\/v2\/posts\/3637\/revisions"}],"predecessor-version":[{"id":18435,"href":"https:\/\/www.wallendorff.com\/belogue\/wp-json\/wp\/v2\/posts\/3637\/revisions\/18435"}],"wp:featuredmedia":[{"embeddable":true,"href":"https:\/\/www.wallendorff.com\/belogue\/wp-json\/wp\/v2\/media\/25304"}],"wp:attachment":[{"href":"https:\/\/www.wallendorff.com\/belogue\/wp-json\/wp\/v2\/media?parent=3637"}],"wp:term":[{"taxonomy":"category","embeddable":true,"href":"https:\/\/www.wallendorff.com\/belogue\/wp-json\/wp\/v2\/categories?post=3637"},{"taxonomy":"post_tag","embeddable":true,"href":"https:\/\/www.wallendorff.com\/belogue\/wp-json\/wp\/v2\/tags?post=3637"}],"curies":[{"name":"wp","href":"https:\/\/api.w.org\/{rel}","templated":true}]}}