{"id":363,"date":"2005-05-27T09:47:37","date_gmt":"2005-05-27T09:47:37","guid":{"rendered":"http:\/\/www.po-l.com\/wordpress\/?p=363"},"modified":"2012-04-20T09:58:17","modified_gmt":"2012-04-20T07:58:17","slug":"lave-eric-l-amer-rite-cheveux-lavoir-et-gel-aux-raies","status":"publish","type":"post","link":"https:\/\/www.wallendorff.com\/belogue\/2005\/05\/27\/lave-eric-l-amer-rite-cheveux-lavoir-et-gel-aux-raies\/","title":{"rendered":"Lave \u00c9ric, l&rsquo;amer rite&nbsp;: cheveux, lavoir et gel aux raies."},"content":{"rendered":"<div id=\"photo\">\n<p><img decoding=\"async\" src=\"http:\/\/www.po-L.com\/belogue\/photo\/2005\/05\/20050527.jpg\"><br \/>\nRue Oberkampf, Paris, 18 mai.<\/p>\n<\/div>\n<p style=\"text-align:right\">Le brainstorming de ce titre a occup&eacute; deux heures de bouchons sur l&rsquo;E411<sup>1<\/sup> hier. Quand je vois la photo et le r&eacute;sultat, je me demande comment je fais pour passer de blague &agrave; tabac &agrave; du Joe Dassin.<\/p>\n<p style=\"text-align:right\">Il va faire 33&nbsp;&deg;C &agrave; Metz, aujourd&rsquo;hui, je crois que je vais laisser les mitaines &agrave; la maison, tiens<sup>2<\/sup>.<\/p>\n<p style=\"text-align:right\">\u00ab\u00a0<em>You think I&rsquo;m lonely, well you&rsquo;re right.<\/em>\u00ab\u00a0<\/p>\n<p>______<\/p>\n<div id=\"bas_note\">\n<p><sup>1<\/sup> &#8211; Bienvenue &agrave; nos amis qui atterissent sur cette note en cherchant des informations routi&egrave;res belges.<\/p>\n<p><sup>2<\/sup> &#8211; Je sais, je sais, ma vie est super int&eacute;ressante.<\/p>\n<\/div>\n<div id=\"bandeson\">\n<p><img decoding=\"async\" src=\"https:\/\/www.wallendorff.com\/belogue\/photo\/pochettes\/l\/little_barrie-we_are_little_barrie.jpg\" align=\"left\" \/>&nbsp;<a href=\"http:\/\/www.littlebarrie.com\/\">Little Barrie<\/a> &mdash; <em>Thinking on the Mind<\/em><\/p>\n<\/p><\/div>\n","protected":false},"excerpt":{"rendered":"<p>Rue Oberkampf, Paris, 18 mai. Le brainstorming de ce titre a occup&eacute; deux heures de bouchons sur l&rsquo;E4111 hier. Quand je vois la photo et le r&eacute;sultat, je me demande comment je fais pour passer de blague &agrave; tabac &agrave; du Joe Dassin. Il va faire 33&nbsp;&deg;C &agrave; Metz, aujourd&rsquo;hui, je crois que je vais&hellip;<\/p>\n","protected":false},"author":1,"featured_media":24303,"comment_status":"closed","ping_status":"closed","sticky":false,"template":"","format":"standard","meta":{"_acf_changed":false,"ngg_post_thumbnail":0,"jetpack_post_was_ever_published":false,"_jetpack_newsletter_access":"","_jetpack_dont_email_post_to_subs":false,"_jetpack_newsletter_tier_id":0,"_jetpack_memberships_contains_paywalled_content":false,"_jetpack_memberships_contains_paid_content":false,"footnotes":"","jetpack_publicize_message":"","jetpack_publicize_feature_enabled":true,"jetpack_social_post_already_shared":false,"jetpack_social_options":{"image_generator_settings":{"template":"highway","default_image_id":0,"font":"","enabled":false},"version":2}},"categories":[3],"tags":[10183,157,132,10204,10120,10121,994,10098,10280,10674,1038],"class_list":["post-363","post","type-post","status-publish","format-standard","has-post-thumbnail","hentry","category-dpc","tag-10183","tag-ef-50-mm-f18-ii","tag-eos-20d","tag-e411","tag-france","tag-ile-de-france","tag-little-barrie","tag-paris","tag-rue-oberkampf","tag-spirale","tag-thinking-on-the-mind"],"acf":[],"geo":{"latitude":48.8669472,"longitude":2.3822281,"description":null},"jetpack_publicize_connections":[],"jetpack_featured_media_url":"https:\/\/www.wallendorff.com\/belogue\/wp-content\/uploads\/2015\/04\/200505271.jpg","jetpack_shortlink":"https:\/\/wp.me\/p3b35P-5R","jetpack_sharing_enabled":true,"jetpack-related-posts":[{"id":1162,"url":"https:\/\/www.wallendorff.com\/belogue\/2008\/02\/14\/sains-lamantins\/","url_meta":{"origin":363,"position":0},"title":"Sains lamantins.","author":"dpc","date":"14 f\u00e9vrier 2008","format":false,"excerpt":"La rue, Paris, 8 janvier. Vu que c'est la journ\u00e9e de l'amour mercantile universel, j'en profite pour encenser la multitude de mes fans qui se sont cotis\u00e9s pour m'offrir cette fresque \u00e0 ma gloire sur le rideau de la boulangerie. Si, vraiment, je suis touch\u00e9 et quand je passe devant\u2026","rel":"","context":"Dans &quot;DPC&quot;","block_context":{"text":"DPC","link":"https:\/\/www.wallendorff.com\/belogue\/category\/dpc\/"},"img":{"alt_text":"","src":"https:\/\/i0.wp.com\/www.wallendorff.com\/belogue\/wp-content\/uploads\/2015\/04\/200802141.jpg?resize=350%2C200&ssl=1","width":350,"height":200},"classes":[]},{"id":217,"url":"https:\/\/www.wallendorff.com\/belogue\/2005\/09\/19\/a-se-mettre-saoul-la-d-dans\/","url_meta":{"origin":363,"position":1},"title":"&Agrave; se mettre saoul l&agrave;-d&rsquo;dans.","author":"dpc","date":"19 septembre 2005","format":false,"excerpt":"Rue Oberkampf, Paris, 12 septembre. \u00c7a a commenc\u00e9 le 1er septembre 2001 avec le chez lui d'Ann Arbor. Puis deux ans de chez nous et 4 mois de chez le gros, \u00e0 Metz Puis un peu de chez les parents. Puis un an de Michigan chez M\u00e9m\u00e8re. Puis encore un\u2026","rel":"","context":"Dans &quot;DPC&quot;","block_context":{"text":"DPC","link":"https:\/\/www.wallendorff.com\/belogue\/category\/dpc\/"},"img":{"alt_text":"","src":"https:\/\/i0.wp.com\/www.wallendorff.com\/belogue\/wp-content\/uploads\/2015\/04\/200509191.jpg?resize=350%2C200&ssl=1","width":350,"height":200},"classes":[]},{"id":21059,"url":"https:\/\/www.wallendorff.com\/belogue\/2013\/06\/04\/haim-le-nouveau-casino-paris-2-juin\/","url_meta":{"origin":363,"position":2},"title":"Haim @ le Nouveau Casino, Paris, 2 juin.","author":"dpc","date":"4 juin 2013","format":false,"excerpt":"Pop mielleuse sur disque mais beaucoup plus rock sur sc\u00e8ne. Je me suis demand\u00e9 s'il s'agissait bien du m\u00eame trio de s\u0153urs. Don't Save MeHaim \u00a0","rel":"","context":"Dans &quot;Alive&quot;","block_context":{"text":"Alive","link":"https:\/\/www.wallendorff.com\/belogue\/category\/alive\/"},"img":{"alt_text":"","src":"https:\/\/i0.wp.com\/www.wallendorff.com\/belogue\/wp-content\/uploads\/2015\/04\/20130604.jpg?resize=350%2C200&ssl=1","width":350,"height":200,"srcset":"https:\/\/i0.wp.com\/www.wallendorff.com\/belogue\/wp-content\/uploads\/2015\/04\/20130604.jpg?resize=350%2C200&ssl=1 1x, https:\/\/i0.wp.com\/www.wallendorff.com\/belogue\/wp-content\/uploads\/2015\/04\/20130604.jpg?resize=525%2C300&ssl=1 1.5x, https:\/\/i0.wp.com\/www.wallendorff.com\/belogue\/wp-content\/uploads\/2015\/04\/20130604.jpg?resize=700%2C400&ssl=1 2x"},"classes":[]},{"id":11941,"url":"https:\/\/www.wallendorff.com\/belogue\/2011\/01\/24\/no-one-is-in-nogent\/","url_meta":{"origin":363,"position":3},"title":"No one is in Nogent.","author":"dpc","date":"24 janvier 2011","format":false,"excerpt":"Villejuif \u2013 L\u00e9o Lagrange, 15 d\u00e9cembre 2010. Enfin je crois. \u00a0Black Rebel Motorcycle Club \u2013 Take Them on, on Your Own","rel":"","context":"Dans &quot;DPC&quot;","block_context":{"text":"DPC","link":"https:\/\/www.wallendorff.com\/belogue\/category\/dpc\/"},"img":{"alt_text":"","src":"https:\/\/i0.wp.com\/www.wallendorff.com\/belogue\/wp-content\/uploads\/2015\/04\/201101241.jpg?resize=350%2C200&ssl=1","width":350,"height":200},"classes":[]},{"id":7363,"url":"https:\/\/www.wallendorff.com\/belogue\/2010\/04\/09\/ais-gens-tant-sis-fluets-lutrins\/","url_meta":{"origin":363,"position":4},"title":"Ais, gens tant sis, fluets lutrins.","author":"dpc","date":"9 avril 2010","format":false,"excerpt":"Dieppe, 20 mars. Je suis s\u00fbr que vous vous demandez tous ce qu'ils pouvaient bien attendre comme \u00e7a avec impatience. \u00c0 vrai dire moi aussi. \u00a0The Drums \u2013 Let's Go Surfing","rel":"","context":"Dans &quot;DPC&quot;","block_context":{"text":"DPC","link":"https:\/\/www.wallendorff.com\/belogue\/category\/dpc\/"},"img":{"alt_text":"","src":"https:\/\/i0.wp.com\/www.wallendorff.com\/belogue\/wp-content\/uploads\/2015\/04\/201004091.jpg?resize=350%2C200&ssl=1","width":350,"height":200},"classes":[]},{"id":129839,"url":"https:\/\/www.wallendorff.com\/belogue\/2024\/08\/05\/a-paris-a-velo-on-passe-devant-le-mcdo\/","url_meta":{"origin":363,"position":5},"title":"\u00c0 Paris, \u00e0 v\u00e9lo [on passe devant le McDo].","author":"dpc","date":"5 ao\u00fbt 2024","format":false,"excerpt":"Bien :Je n'avais jamais chout\u00e9 de course v\u00e9locip\u00e9dique. C'\u00e9tait int\u00e9ressant \u00e0 faire.Maintenant je pourrai raconter \u00e0 tout le monde que oui oui j'ai d\u00e9j\u00e0 fait des photos aux jeux olympiques.Pas bien :J'aurais d\u00fb prendre un t\u00e9l\u00e9objectif car il y a bien des choses vues que je n'ai pu attraper.","rel":"","context":"Dans &quot;DPC&quot;","block_context":{"text":"DPC","link":"https:\/\/www.wallendorff.com\/belogue\/category\/dpc\/"},"img":{"alt_text":"","src":"https:\/\/i0.wp.com\/www.wallendorff.com\/belogue\/wp-content\/uploads\/2024\/08\/20240805-05.jpg?resize=350%2C200&ssl=1","width":350,"height":200,"srcset":"https:\/\/i0.wp.com\/www.wallendorff.com\/belogue\/wp-content\/uploads\/2024\/08\/20240805-05.jpg?resize=350%2C200&ssl=1 1x, https:\/\/i0.wp.com\/www.wallendorff.com\/belogue\/wp-content\/uploads\/2024\/08\/20240805-05.jpg?resize=525%2C300&ssl=1 1.5x, https:\/\/i0.wp.com\/www.wallendorff.com\/belogue\/wp-content\/uploads\/2024\/08\/20240805-05.jpg?resize=700%2C400&ssl=1 2x, https:\/\/i0.wp.com\/www.wallendorff.com\/belogue\/wp-content\/uploads\/2024\/08\/20240805-05.jpg?resize=1050%2C600&ssl=1 3x"},"classes":[]}],"_links":{"self":[{"href":"https:\/\/www.wallendorff.com\/belogue\/wp-json\/wp\/v2\/posts\/363","targetHints":{"allow":["GET"]}}],"collection":[{"href":"https:\/\/www.wallendorff.com\/belogue\/wp-json\/wp\/v2\/posts"}],"about":[{"href":"https:\/\/www.wallendorff.com\/belogue\/wp-json\/wp\/v2\/types\/post"}],"author":[{"embeddable":true,"href":"https:\/\/www.wallendorff.com\/belogue\/wp-json\/wp\/v2\/users\/1"}],"replies":[{"embeddable":true,"href":"https:\/\/www.wallendorff.com\/belogue\/wp-json\/wp\/v2\/comments?post=363"}],"version-history":[{"count":1,"href":"https:\/\/www.wallendorff.com\/belogue\/wp-json\/wp\/v2\/posts\/363\/revisions"}],"predecessor-version":[{"id":16973,"href":"https:\/\/www.wallendorff.com\/belogue\/wp-json\/wp\/v2\/posts\/363\/revisions\/16973"}],"wp:featuredmedia":[{"embeddable":true,"href":"https:\/\/www.wallendorff.com\/belogue\/wp-json\/wp\/v2\/media\/24303"}],"wp:attachment":[{"href":"https:\/\/www.wallendorff.com\/belogue\/wp-json\/wp\/v2\/media?parent=363"}],"wp:term":[{"taxonomy":"category","embeddable":true,"href":"https:\/\/www.wallendorff.com\/belogue\/wp-json\/wp\/v2\/categories?post=363"},{"taxonomy":"post_tag","embeddable":true,"href":"https:\/\/www.wallendorff.com\/belogue\/wp-json\/wp\/v2\/tags?post=363"}],"curies":[{"name":"wp","href":"https:\/\/api.w.org\/{rel}","templated":true}]}}