{"id":3621,"date":"2008-11-26T11:21:47","date_gmt":"2008-11-26T09:21:47","guid":{"rendered":"http:\/\/www.po-l.com\/belogue\/?p=3621"},"modified":"2013-10-04T12:18:26","modified_gmt":"2013-10-04T10:18:26","slug":"shooting-people-42","status":"publish","type":"post","link":"https:\/\/www.wallendorff.com\/belogue\/2008\/11\/26\/shooting-people-42\/","title":{"rendered":"Shooting people #42."},"content":{"rendered":"<div id=\"photo\">\n<p><img decoding=\"async\" src=\"https:\/\/www.wallendorff.com\/belogue\/photo\/2008\/11\/20081126.jpg\" \/><br \/>\n Cimeti&egrave;re du P&egrave;re-Lachaise, Paris, 9 novembre.<\/p>\n<\/div>\n<div id=\"bandeson\">\n<p><img decoding=\"async\" src=\"https:\/\/www.wallendorff.com\/belogue\/photo\/pochettes\/c\/cat_power-you_are_free.jpg\" align=\"left\" \/> <a href=\"http:\/\/www.catpowermusic.com\/\">Cat Power<\/a>  &ndash; <em>Maybe Not <\/em><\/p>\n<\/div>\n","protected":false},"excerpt":{"rendered":"<p>Cimeti&egrave;re du P&egrave;re-Lachaise, Paris, 9 novembre. Cat Power &ndash; Maybe Not<\/p>\n","protected":false},"author":1,"featured_media":25300,"comment_status":"open","ping_status":"open","sticky":false,"template":"","format":"standard","meta":{"_acf_changed":false,"ngg_post_thumbnail":0,"jetpack_post_was_ever_published":false,"_jetpack_newsletter_access":"","_jetpack_dont_email_post_to_subs":false,"_jetpack_newsletter_tier_id":0,"_jetpack_memberships_contains_paywalled_content":false,"_jetpack_memberships_contains_paid_content":false,"footnotes":"","jetpack_publicize_message":"","jetpack_publicize_feature_enabled":true,"jetpack_social_post_already_shared":false,"jetpack_social_options":{"image_generator_settings":{"template":"highway","default_image_id":0,"font":"","enabled":false},"version":2}},"categories":[8],"tags":[10216,1438,187,1389,10207,11639,10340,10120,10121,1390,143,10098],"class_list":["post-3621","post","type-post","status-publish","format-standard","has-post-thumbnail","hentry","category-portraits","tag-10216","tag-ef-50-mm-f14-usm","tag-eos-1d-mark-ii","tag-cat-power","tag-cimetiere","tag-cimetiere-du-pere-lachaise","tag-fille","tag-france","tag-ile-de-france","tag-maybe-not","tag-noir-et-blanc","tag-paris"],"acf":[],"geo":{"latitude":48.8629494,"longitude":2.391243,"description":"Square de Samuel Champlain, 75020 Paris, France"},"jetpack_publicize_connections":[],"jetpack_featured_media_url":"https:\/\/www.wallendorff.com\/belogue\/wp-content\/uploads\/2015\/04\/200811261.jpg","jetpack_shortlink":"https:\/\/wp.me\/p3b35P-Wp","jetpack_sharing_enabled":true,"jetpack-related-posts":[{"id":3617,"url":"https:\/\/www.wallendorff.com\/belogue\/2008\/11\/25\/shooting-people-41\/","url_meta":{"origin":3621,"position":0},"title":"Shooting people #41.","author":"dpc","date":"25 novembre 2008","format":false,"excerpt":"Cimeti\u00e8re du P\u00e8re-Lachaise, Paris, 9 novembre. M83 \u2013 Graveyard Girl","rel":"","context":"Dans &quot;Portraits&quot;","block_context":{"text":"Portraits","link":"https:\/\/www.wallendorff.com\/belogue\/category\/portraits\/"},"img":{"alt_text":"","src":"https:\/\/i0.wp.com\/www.wallendorff.com\/belogue\/wp-content\/uploads\/2015\/04\/200811251.jpg?resize=350%2C200&ssl=1","width":350,"height":200},"classes":[]},{"id":3631,"url":"https:\/\/www.wallendorff.com\/belogue\/2008\/11\/28\/jamais-dieu-sans-trois\/","url_meta":{"origin":3621,"position":1},"title":"Jamais Dieu sans trois.","author":"dpc","date":"28 novembre 2008","format":false,"excerpt":"Cimeti\u00e8re du P\u00e8re-Lachaise, Paris, 9 novembre. Caesars \u2013 Winter Song","rel":"","context":"Dans &quot;DPC&quot;","block_context":{"text":"DPC","link":"https:\/\/www.wallendorff.com\/belogue\/category\/dpc\/"},"img":{"alt_text":"","src":"https:\/\/i0.wp.com\/www.wallendorff.com\/belogue\/wp-content\/uploads\/2015\/04\/200811281.jpg?resize=350%2C200&ssl=1","width":350,"height":200},"classes":[]},{"id":13087,"url":"https:\/\/www.wallendorff.com\/belogue\/2011\/08\/10\/very-bad-crypte\/","url_meta":{"origin":3621,"position":2},"title":"Very bad crypte.","author":"dpc","date":"10 ao\u00fbt 2011","format":false,"excerpt":"Cimeti\u00e8re du P\u00e8re-Lachaise, Paris, 26 juin. \u00a0Noel Gallagher \u2013 The Good Rebel","rel":"","context":"Dans &quot;DPC&quot;","block_context":{"text":"DPC","link":"https:\/\/www.wallendorff.com\/belogue\/category\/dpc\/"},"img":{"alt_text":"","src":"https:\/\/i0.wp.com\/www.wallendorff.com\/belogue\/wp-content\/uploads\/2015\/04\/201108102.jpg?resize=350%2C200&ssl=1","width":350,"height":200,"srcset":"https:\/\/i0.wp.com\/www.wallendorff.com\/belogue\/wp-content\/uploads\/2015\/04\/201108102.jpg?resize=350%2C200&ssl=1 1x, https:\/\/i0.wp.com\/www.wallendorff.com\/belogue\/wp-content\/uploads\/2015\/04\/201108102.jpg?resize=525%2C300&ssl=1 1.5x"},"classes":[]},{"id":21722,"url":"https:\/\/www.wallendorff.com\/belogue\/2013\/10\/04\/dos-aux-morts\/","url_meta":{"origin":3621,"position":3},"title":"Dos aux morts.","author":"dpc","date":"4 octobre 2013","format":false,"excerpt":"Cimeti\u00e8re du P\u00e8re-Lachaise, Paris, 16 ao\u00fbt. Walking LightlyJunip","rel":"","context":"Dans &quot;DPC&quot;","block_context":{"text":"DPC","link":"https:\/\/www.wallendorff.com\/belogue\/category\/dpc\/"},"img":{"alt_text":"","src":"https:\/\/i0.wp.com\/www.wallendorff.com\/belogue\/wp-content\/uploads\/2015\/04\/201310041.jpg?resize=350%2C200&ssl=1","width":350,"height":200},"classes":[]},{"id":7928,"url":"https:\/\/www.wallendorff.com\/belogue\/2010\/07\/29\/die-and-let-live\/","url_meta":{"origin":3621,"position":4},"title":"Die and let live.","author":"dpc","date":"29 juillet 2010","format":false,"excerpt":"P\u00e8re-Lachaise, Paris, 10 juillet. \u00a0Oasis \u2013 Falling Down (The Prodigy version)","rel":"","context":"Dans &quot;DPC&quot;","block_context":{"text":"DPC","link":"https:\/\/www.wallendorff.com\/belogue\/category\/dpc\/"},"img":{"alt_text":"","src":"https:\/\/i0.wp.com\/www.wallendorff.com\/belogue\/wp-content\/uploads\/2015\/04\/201007291.jpg?resize=350%2C200&ssl=1","width":350,"height":200,"srcset":"https:\/\/i0.wp.com\/www.wallendorff.com\/belogue\/wp-content\/uploads\/2015\/04\/201007291.jpg?resize=350%2C200&ssl=1 1x, https:\/\/i0.wp.com\/www.wallendorff.com\/belogue\/wp-content\/uploads\/2015\/04\/201007291.jpg?resize=525%2C300&ssl=1 1.5x"},"classes":[]},{"id":7936,"url":"https:\/\/www.wallendorff.com\/belogue\/2010\/07\/30\/faites-la-moue-pas-la-gaie\/","url_meta":{"origin":3621,"position":5},"title":"Faites la moue, pas la gaie.","author":"dpc","date":"30 juillet 2010","format":false,"excerpt":"P\u00e8re-Lachaise, Paris, 10 juillet. \u00a0TV on the Radio \u2013 Blind","rel":"","context":"Dans &quot;DPC&quot;","block_context":{"text":"DPC","link":"https:\/\/www.wallendorff.com\/belogue\/category\/dpc\/"},"img":{"alt_text":"","src":"https:\/\/i0.wp.com\/www.wallendorff.com\/belogue\/wp-content\/uploads\/2015\/04\/201007301.jpg?resize=350%2C200&ssl=1","width":350,"height":200},"classes":[]}],"_links":{"self":[{"href":"https:\/\/www.wallendorff.com\/belogue\/wp-json\/wp\/v2\/posts\/3621","targetHints":{"allow":["GET"]}}],"collection":[{"href":"https:\/\/www.wallendorff.com\/belogue\/wp-json\/wp\/v2\/posts"}],"about":[{"href":"https:\/\/www.wallendorff.com\/belogue\/wp-json\/wp\/v2\/types\/post"}],"author":[{"embeddable":true,"href":"https:\/\/www.wallendorff.com\/belogue\/wp-json\/wp\/v2\/users\/1"}],"replies":[{"embeddable":true,"href":"https:\/\/www.wallendorff.com\/belogue\/wp-json\/wp\/v2\/comments?post=3621"}],"version-history":[{"count":2,"href":"https:\/\/www.wallendorff.com\/belogue\/wp-json\/wp\/v2\/posts\/3621\/revisions"}],"predecessor-version":[{"id":21728,"href":"https:\/\/www.wallendorff.com\/belogue\/wp-json\/wp\/v2\/posts\/3621\/revisions\/21728"}],"wp:featuredmedia":[{"embeddable":true,"href":"https:\/\/www.wallendorff.com\/belogue\/wp-json\/wp\/v2\/media\/25300"}],"wp:attachment":[{"href":"https:\/\/www.wallendorff.com\/belogue\/wp-json\/wp\/v2\/media?parent=3621"}],"wp:term":[{"taxonomy":"category","embeddable":true,"href":"https:\/\/www.wallendorff.com\/belogue\/wp-json\/wp\/v2\/categories?post=3621"},{"taxonomy":"post_tag","embeddable":true,"href":"https:\/\/www.wallendorff.com\/belogue\/wp-json\/wp\/v2\/tags?post=3621"}],"curies":[{"name":"wp","href":"https:\/\/api.w.org\/{rel}","templated":true}]}}