{"id":36185,"date":"2017-10-27T15:12:12","date_gmt":"2017-10-27T13:12:12","guid":{"rendered":"http:\/\/www.wallendorff.com\/belogue\/?p=36185"},"modified":"2017-12-25T13:40:11","modified_gmt":"2017-12-25T11:40:11","slug":"clasico","status":"publish","type":"post","link":"https:\/\/www.wallendorff.com\/belogue\/2017\/10\/27\/clasico\/","title":{"rendered":"Cl\u00e1sico."},"content":{"rendered":"<p>&nbsp;<\/p>\n<div id=\"photo\">\n<p><img decoding=\"async\" src=\"https:\/\/www.wallendorff.com\/belogue\/wp-content\/uploads\/2017\/10\/20171027.jpg\"><br \/>\nWashington Street, Brooklyn, 4 septembre.<\/p>\n<\/div>\n<p>Je voulais passer par cette rue <a href=\"https:\/\/www.google.fr\/search?q=washington+street+brooklyn&amp;tbm=isch\">d\u00e9j\u00e0 photographi\u00e9e 1&nbsp;000<\/a> fois [dont <a href=\"https:\/\/www.instagram.com\/explore\/locations\/224180676\/\">50 ces 5 derni\u00e8res minutes<\/a>] pour trouver une 1&nbsp;001<sup>e<\/sup> fa\u00e7on de le faire. Je voulais r\u00e9fl\u00e9chir un peu, changer l&rsquo;angle, trouver une id\u00e9e diff\u00e9rente et prendre le cadre \u00e0 contre-pied. Au lieu de \u00e7a, arriv\u00e9 \u00e0 la bourre parce que j&rsquo;avais mal estim\u00e9 le temps de trajet du bus 62, j&rsquo;ai d\u00e9barqu\u00e9 au milieu d&rsquo;un tas de touristes, t\u00e9l\u00e9phone \u00e0 la main, occup\u00e9s \u00e0 tous faire la m\u00eame photo, et je n&rsquo;ai pu m&rsquo;octroyer que 3 \u00e0 4 minutes sur place. F\u00e9brile et infoutu de faire mieux que la masse [surtout que, comme un gros malin, je m&rsquo;\u00e9tais point\u00e9 sans t\u00e9l\u00e9objectif], j&rsquo;ai pris cette photo en coup de vent, avant de filer vers le parc du pont de Brooklyn o\u00f9 je devais arriver \u00e0 temps pour photographier ses plots au cr\u00e9puscule.<\/p>\n<p style=\"text-align: right;\">Les photos des plots, \u00e9videmment, ne donneront rien.<\/p>\n<p>Me voil\u00e0 dont avec ma photo tarte, que je publie quand m\u00eame pour dire qu&rsquo;elle est faite, comme <a href=\"https:\/\/www.wallendorff.com\/belogue\/2005\/03\/03\/arrete-toi-eiffel-tour\/\">je l&rsquo;avais fait pour la tour Eiffel en son temps<\/a> [pardonnez la qualit\u00e9 du jeu de mot, j&rsquo;\u00e9tais jeune], avant de placer la rue de Washington sur ma liste de trucs-\u00e0-photographier-que-j&rsquo;ai-mal-photographi\u00e9s-et-que-j&rsquo;esp\u00e8re-bien-rephotographier-mieux-un-jour, dans laquelle elle rejoint le <a href=\"https:\/\/www.wallendorff.com\/belogue\/2014\/11\/03\/into-the-wide-36-37\/\">pont de la Libert\u00e9<\/a> de Budapest, le <a href=\"https:\/\/www.wallendorff.com\/belogue\/tag\/pont-charles\/\">pont Charles<\/a> de Prague et le Burgtheater de Vienne.<\/p>\n<div id=\"bandeson\">\n<p><img decoding=\"async\" src=\"https:\/\/www.wallendorff.com\/belogue\/photo\/pochettes\/g\/gallagher_liam-as_you_were.jpg\" align=\"left\"><a id=\"lienmp3\" style=\"font-weight: normal;\" href=\"http:\/\/www.youtube.com\/watch?v=GWDu-9zHG6Y\"><em>Chinatown<\/em><\/a><br \/>\n<a href=\"http:\/\/www.liamgallagher.com\/\">Liam Gallagher<\/a><\/p>\n<\/div>\n","protected":false},"excerpt":{"rendered":"<p>&nbsp; Washington Street, Brooklyn, 4 septembre. Je voulais passer par cette rue d\u00e9j\u00e0 photographi\u00e9e 1&nbsp;000 fois [dont 50 ces 5 derni\u00e8res minutes] pour trouver une 1&nbsp;001e fa\u00e7on de le faire. Je voulais r\u00e9fl\u00e9chir un peu, changer l&rsquo;angle, trouver une id\u00e9e diff\u00e9rente et prendre le cadre \u00e0 contre-pied. Au lieu de \u00e7a, arriv\u00e9 \u00e0 la bourre&hellip;<\/p>\n","protected":false},"author":1,"featured_media":36186,"comment_status":"open","ping_status":"open","sticky":false,"template":"","format":"standard","meta":{"_acf_changed":false,"ngg_post_thumbnail":0,"jetpack_post_was_ever_published":false,"_jetpack_newsletter_access":"","_jetpack_dont_email_post_to_subs":false,"_jetpack_newsletter_tier_id":0,"_jetpack_memberships_contains_paywalled_content":false,"_jetpack_memberships_contains_paid_content":false,"footnotes":"","jetpack_publicize_message":"","jetpack_publicize_feature_enabled":true,"jetpack_social_post_already_shared":true,"jetpack_social_options":{"image_generator_settings":{"template":"highway","default_image_id":0,"font":"","enabled":false},"version":2}},"categories":[3],"tags":[14392,3157,8170,6766,14284,10246,11022,3066,55,10685,9836,592,10380,14283],"class_list":["post-36185","post","type-post","status-publish","format-standard","has-post-thumbnail","hentry","category-dpc","tag-as-you-were","tag-brooklyn","tag-ef-24-70-mm-f2-8l-ii-usm","tag-eos-5d-mark-iii","tag-chinatown","tag-contre-jour","tag-coucher-de-soleil","tag-etat-de-new-york","tag-etats-unis","tag-liam-gallagher","tag-manhattan-bridge","tag-new-york","tag-pont","tag-washington-street-brooklyn"],"acf":[],"geo":{"latitude":40.7030487,"longitude":-73.9895706,"description":"Brooklyn, New York, 11201, US"},"jetpack_publicize_connections":[],"jetpack_featured_media_url":"https:\/\/www.wallendorff.com\/belogue\/wp-content\/uploads\/2017\/10\/20171027.jpg","jetpack_shortlink":"https:\/\/wp.me\/s3b35P-clasico","jetpack_sharing_enabled":true,"jetpack-related-posts":[{"id":36087,"url":"https:\/\/www.wallendorff.com\/belogue\/2017\/10\/20\/people-140\/","url_meta":{"origin":36185,"position":0},"title":"People #140.","author":"dpc","date":"20 octobre 2017","format":false,"excerpt":"Saxapahaw, 2 septembre. Je n'avais pas offici\u00e9 comme photographe de mariage depuis tellement longtemps que, quand Fara et Erik m'ont demand\u00e9 de m'occuper du leur, j'ai failli dire non. Puis je me suis ravis\u00e9, car il faut parfois \u2013\u00a0si ce n'est toujours\u00a0\u2013 sortir de sa zone de confort, et parce\u2026","rel":"","context":"Dans &quot;Portraits&quot;","block_context":{"text":"Portraits","link":"https:\/\/www.wallendorff.com\/belogue\/category\/portraits\/"},"img":{"alt_text":"","src":"https:\/\/i0.wp.com\/www.wallendorff.com\/belogue\/wp-content\/uploads\/2017\/10\/20171020-21.jpg?resize=350%2C200&ssl=1","width":350,"height":200,"srcset":"https:\/\/i0.wp.com\/www.wallendorff.com\/belogue\/wp-content\/uploads\/2017\/10\/20171020-21.jpg?resize=350%2C200&ssl=1 1x, https:\/\/i0.wp.com\/www.wallendorff.com\/belogue\/wp-content\/uploads\/2017\/10\/20171020-21.jpg?resize=525%2C300&ssl=1 1.5x, https:\/\/i0.wp.com\/www.wallendorff.com\/belogue\/wp-content\/uploads\/2017\/10\/20171020-21.jpg?resize=700%2C400&ssl=1 2x"},"classes":[]},{"id":20783,"url":"https:\/\/www.wallendorff.com\/belogue\/2013\/04\/19\/and-you-will-know-us-by-the-trail-of-dead-la-maroquinerie-paris-17-avril\/","url_meta":{"origin":36185,"position":1},"title":"&#8230;And You Will Know Us By the Trail of Dead @ la Maroquinerie, Paris, 17 avril.","author":"dpc","date":"19 avril 2013","format":false,"excerpt":"Pour faire ces photos j'ai subi une heure de pogotage dans le dos et de bonhomme torse poil tremp\u00e9 de sueur coll\u00e9 contre mon bras, je me suis pris deux bi\u00e8res (une sur la jambe et une sur le sac), j'ai failli \u00eatre \u00e9trangl\u00e9 par le jack de Jason Reece\u2026","rel":"","context":"Dans &quot;Alive&quot;","block_context":{"text":"Alive","link":"https:\/\/www.wallendorff.com\/belogue\/category\/alive\/"},"img":{"alt_text":"","src":"https:\/\/i0.wp.com\/www.wallendorff.com\/belogue\/wp-content\/uploads\/2015\/04\/20130419.jpg?resize=350%2C200&ssl=1","width":350,"height":200,"srcset":"https:\/\/i0.wp.com\/www.wallendorff.com\/belogue\/wp-content\/uploads\/2015\/04\/20130419.jpg?resize=350%2C200&ssl=1 1x, https:\/\/i0.wp.com\/www.wallendorff.com\/belogue\/wp-content\/uploads\/2015\/04\/20130419.jpg?resize=525%2C300&ssl=1 1.5x, https:\/\/i0.wp.com\/www.wallendorff.com\/belogue\/wp-content\/uploads\/2015\/04\/20130419.jpg?resize=700%2C400&ssl=1 2x"},"classes":[]},{"id":322,"url":"https:\/\/www.wallendorff.com\/belogue\/2005\/07\/08\/maybe-jasper-does-the-aspro\/","url_meta":{"origin":36185,"position":2},"title":"&quot;Maybe Jasper does the Aspro&reg;&quot;.","author":"dpc","date":"8 juillet 2005","format":false,"excerpt":"Jardin des Tuileries, Paris, 17 juin. J'ai oubli\u00e9 mes lunettes. Dans 5 minutes, le mal de cr\u00e2ne va commencer \u00e0 m'envahir sournoisement. Ma journ\u00e9e sera un calvaire, et comme je ne suis pas myope, la douleur ne m'emp\u00eachera pas de voir ma chef1. Je lance un appel d\u00e9sesp\u00e9r\u00e9. Envoyez-moi des\u2026","rel":"","context":"Dans &quot;DPC&quot;","block_context":{"text":"DPC","link":"https:\/\/www.wallendorff.com\/belogue\/category\/dpc\/"},"img":{"alt_text":"","src":"https:\/\/i0.wp.com\/www.wallendorff.com\/belogue\/wp-content\/uploads\/2015\/04\/20050708.jpg?resize=350%2C200&ssl=1","width":350,"height":200},"classes":[]},{"id":650,"url":"https:\/\/www.wallendorff.com\/belogue\/2004\/09\/23\/on-sky-grave\/","url_meta":{"origin":36185,"position":3},"title":"On sky grave.","author":"dpc","date":"23 septembre 2004","format":false,"excerpt":"Devant la demande insistante de ce cher Monsieur Sexuellement Combl\u00e9, je me devais de pondre une note pleine de sch\u00e9mas aujourd'hui. Voil\u00e0 donc le r\u00e9cit de ma soir\u00e9e d'hier, une soir\u00e9e palpitante, au cours de laquelle j'ai eu la chance d'assister \u00e0 la projection d'une \u0153uvre cin\u00e9matographique qui fera date\u2026","rel":"","context":"Dans &quot;DPC&quot;","block_context":{"text":"DPC","link":"https:\/\/www.wallendorff.com\/belogue\/category\/dpc\/"},"img":{"alt_text":"","src":"https:\/\/i0.wp.com\/www.wallendorff.com\/belogue\/wp-content\/uploads\/2015\/04\/325.jpg?resize=350%2C200&ssl=1","width":350,"height":200},"classes":[]},{"id":16309,"url":"https:\/\/www.wallendorff.com\/belogue\/2012\/03\/09\/and-the-horses-they-rode-in-on\/","url_meta":{"origin":36185,"position":4},"title":"And the horses they rode in on.","author":"dpc","date":"9 mars 2012","format":false,"excerpt":"Boulevard P\u00e9riph\u00e9rique, Paris, 21 janvier. Quand on a le vertige, le seul truc PIRE que de devoir grimper sur un bac \u00e0 fleurs bras tendus pour poser le fotoaparat sur le bo\u00eetier d'un transformateur \u00e9lectrique situ\u00e9 \u00e0 10\u00a0m au-dessus du p\u00e9riph' juste pour faire une pose longue pendant que ton\u2026","rel":"","context":"Dans &quot;DPC&quot;","block_context":{"text":"DPC","link":"https:\/\/www.wallendorff.com\/belogue\/category\/dpc\/"},"img":{"alt_text":"","src":"https:\/\/i0.wp.com\/www.wallendorff.com\/belogue\/wp-content\/uploads\/2015\/04\/201203091.jpg?resize=350%2C200&ssl=1","width":350,"height":200,"srcset":"https:\/\/i0.wp.com\/www.wallendorff.com\/belogue\/wp-content\/uploads\/2015\/04\/201203091.jpg?resize=350%2C200&ssl=1 1x, https:\/\/i0.wp.com\/www.wallendorff.com\/belogue\/wp-content\/uploads\/2015\/04\/201203091.jpg?resize=525%2C300&ssl=1 1.5x, https:\/\/i0.wp.com\/www.wallendorff.com\/belogue\/wp-content\/uploads\/2015\/04\/201203091.jpg?resize=700%2C400&ssl=1 2x"},"classes":[]},{"id":350,"url":"https:\/\/www.wallendorff.com\/belogue\/2005\/06\/08\/les-sons-par-l-aile-a-poudre\/","url_meta":{"origin":36185,"position":5},"title":"Les sons par l&rsquo;aile \u00e0 poudre.","author":"dpc","date":"8 juin 2005","format":false,"excerpt":"Woodward Avenue, D\u00e9troit, 10 f\u00e9vrier. \"Three and one and another threeeee, Deubel iou di pi ci Detroit Michigaaaaaaaaan\"1 C'est avec une joie non dissimul\u00e9e que je vous annonce enfin la tant attendue prise de cyber-antenne de WDPC 313, la radio qui va avec ce bel\u00f6gue. Au programme, du 100 %\u2026","rel":"","context":"Dans &quot;DPC&quot;","block_context":{"text":"DPC","link":"https:\/\/www.wallendorff.com\/belogue\/category\/dpc\/"},"img":{"alt_text":"","src":"https:\/\/i0.wp.com\/www.wallendorff.com\/belogue\/wp-content\/uploads\/2015\/04\/200506081.jpg?resize=350%2C200&ssl=1","width":350,"height":200},"classes":[]}],"_links":{"self":[{"href":"https:\/\/www.wallendorff.com\/belogue\/wp-json\/wp\/v2\/posts\/36185","targetHints":{"allow":["GET"]}}],"collection":[{"href":"https:\/\/www.wallendorff.com\/belogue\/wp-json\/wp\/v2\/posts"}],"about":[{"href":"https:\/\/www.wallendorff.com\/belogue\/wp-json\/wp\/v2\/types\/post"}],"author":[{"embeddable":true,"href":"https:\/\/www.wallendorff.com\/belogue\/wp-json\/wp\/v2\/users\/1"}],"replies":[{"embeddable":true,"href":"https:\/\/www.wallendorff.com\/belogue\/wp-json\/wp\/v2\/comments?post=36185"}],"version-history":[{"count":5,"href":"https:\/\/www.wallendorff.com\/belogue\/wp-json\/wp\/v2\/posts\/36185\/revisions"}],"predecessor-version":[{"id":36302,"href":"https:\/\/www.wallendorff.com\/belogue\/wp-json\/wp\/v2\/posts\/36185\/revisions\/36302"}],"wp:featuredmedia":[{"embeddable":true,"href":"https:\/\/www.wallendorff.com\/belogue\/wp-json\/wp\/v2\/media\/36186"}],"wp:attachment":[{"href":"https:\/\/www.wallendorff.com\/belogue\/wp-json\/wp\/v2\/media?parent=36185"}],"wp:term":[{"taxonomy":"category","embeddable":true,"href":"https:\/\/www.wallendorff.com\/belogue\/wp-json\/wp\/v2\/categories?post=36185"},{"taxonomy":"post_tag","embeddable":true,"href":"https:\/\/www.wallendorff.com\/belogue\/wp-json\/wp\/v2\/tags?post=36185"}],"curies":[{"name":"wp","href":"https:\/\/api.w.org\/{rel}","templated":true}]}}