{"id":3613,"date":"2008-11-24T17:30:40","date_gmt":"2008-11-24T15:30:40","guid":{"rendered":"http:\/\/www.po-l.com\/belogue\/?p=3613"},"modified":"2018-05-23T08:16:23","modified_gmt":"2018-05-23T06:16:23","slug":"we-walk","status":"publish","type":"post","link":"https:\/\/www.wallendorff.com\/belogue\/2008\/11\/24\/we-walk\/","title":{"rendered":"We walk."},"content":{"rendered":"<div id=\"photo\">\n<p><img decoding=\"async\" src=\"https:\/\/www.wallendorff.com\/belogue\/photo\/2008\/11\/20081124.jpg\" \/><br \/>\nCimeti&egrave;re du P&egrave;re-Lachaise, Paris, 9 novembre.<\/p>\n<\/div>\n<div id=\"bandeson\">\n<p><img decoding=\"async\" src=\"https:\/\/www.wallendorff.com\/belogue\/photo\/pochettes\/f\/franz_ferdinand-you_could_have_it_so_much_better.jpg\" align=\"left\" \/> <a href=\"http:\/\/www.franzferdinand.co.uk\">Franz Ferdinand<\/a> &ndash; <em>Eleanor Put Your Boots on<\/em><\/p>\n<\/div>\n","protected":false},"excerpt":{"rendered":"<p>Cimeti&egrave;re du P&egrave;re-Lachaise, Paris, 9 novembre. Franz Ferdinand &ndash; Eleanor Put Your Boots on<\/p>\n","protected":false},"author":1,"featured_media":25298,"comment_status":"open","ping_status":"open","sticky":false,"template":"","format":"standard","meta":{"_acf_changed":false,"ngg_post_thumbnail":0,"jetpack_post_was_ever_published":false,"_jetpack_newsletter_access":"","_jetpack_dont_email_post_to_subs":false,"_jetpack_newsletter_tier_id":0,"_jetpack_memberships_contains_paywalled_content":false,"_jetpack_memberships_contains_paid_content":false,"footnotes":"","jetpack_publicize_message":"","jetpack_publicize_feature_enabled":true,"jetpack_social_post_already_shared":false,"jetpack_social_options":{"image_generator_settings":{"template":"highway","default_image_id":0,"font":"","enabled":false},"version":2}},"categories":[3],"tags":[10216,2571,187,11639,10311,1353,10210,10340,10120,10100,10121,143,10098],"class_list":["post-3613","post","type-post","status-publish","format-standard","has-post-thumbnail","hentry","category-dpc","tag-10216","tag-ef-16-35-mm-f28l-ii-usm","tag-eos-1d-mark-ii","tag-cimetiere-du-pere-lachaise","tag-dos","tag-eleanore-put-your-boots-on","tag-escalier","tag-fille","tag-france","tag-franz-ferdinand","tag-ile-de-france","tag-noir-et-blanc","tag-paris"],"acf":[],"geo":{"latitude":48.8616753,"longitude":2.3933887,"description":null},"jetpack_publicize_connections":[],"jetpack_featured_media_url":"https:\/\/www.wallendorff.com\/belogue\/wp-content\/uploads\/2015\/04\/200811241.jpg","jetpack_shortlink":"https:\/\/wp.me\/p3b35P-Wh","jetpack_sharing_enabled":true,"jetpack-related-posts":[{"id":3631,"url":"https:\/\/www.wallendorff.com\/belogue\/2008\/11\/28\/jamais-dieu-sans-trois\/","url_meta":{"origin":3613,"position":0},"title":"Jamais Dieu sans trois.","author":"dpc","date":"28 novembre 2008","format":false,"excerpt":"Cimeti\u00e8re du P\u00e8re-Lachaise, Paris, 9 novembre. Caesars \u2013 Winter Song","rel":"","context":"Dans &quot;DPC&quot;","block_context":{"text":"DPC","link":"https:\/\/www.wallendorff.com\/belogue\/category\/dpc\/"},"img":{"alt_text":"","src":"https:\/\/i0.wp.com\/www.wallendorff.com\/belogue\/wp-content\/uploads\/2015\/04\/200811281.jpg?resize=350%2C200&ssl=1","width":350,"height":200},"classes":[]},{"id":3621,"url":"https:\/\/www.wallendorff.com\/belogue\/2008\/11\/26\/shooting-people-42\/","url_meta":{"origin":3613,"position":1},"title":"Shooting people #42.","author":"dpc","date":"26 novembre 2008","format":false,"excerpt":"Cimeti\u00e8re du P\u00e8re-Lachaise, Paris, 9 novembre. Cat Power \u2013 Maybe Not","rel":"","context":"Dans &quot;Portraits&quot;","block_context":{"text":"Portraits","link":"https:\/\/www.wallendorff.com\/belogue\/category\/portraits\/"},"img":{"alt_text":"","src":"https:\/\/i0.wp.com\/www.wallendorff.com\/belogue\/wp-content\/uploads\/2015\/04\/200811261.jpg?resize=350%2C200&ssl=1","width":350,"height":200,"srcset":"https:\/\/i0.wp.com\/www.wallendorff.com\/belogue\/wp-content\/uploads\/2015\/04\/200811261.jpg?resize=350%2C200&ssl=1 1x, https:\/\/i0.wp.com\/www.wallendorff.com\/belogue\/wp-content\/uploads\/2015\/04\/200811261.jpg?resize=525%2C300&ssl=1 1.5x"},"classes":[]},{"id":3617,"url":"https:\/\/www.wallendorff.com\/belogue\/2008\/11\/25\/shooting-people-41\/","url_meta":{"origin":3613,"position":2},"title":"Shooting people #41.","author":"dpc","date":"25 novembre 2008","format":false,"excerpt":"Cimeti\u00e8re du P\u00e8re-Lachaise, Paris, 9 novembre. M83 \u2013 Graveyard Girl","rel":"","context":"Dans &quot;Portraits&quot;","block_context":{"text":"Portraits","link":"https:\/\/www.wallendorff.com\/belogue\/category\/portraits\/"},"img":{"alt_text":"","src":"https:\/\/i0.wp.com\/www.wallendorff.com\/belogue\/wp-content\/uploads\/2015\/04\/200811251.jpg?resize=350%2C200&ssl=1","width":350,"height":200},"classes":[]},{"id":7928,"url":"https:\/\/www.wallendorff.com\/belogue\/2010\/07\/29\/die-and-let-live\/","url_meta":{"origin":3613,"position":3},"title":"Die and let live.","author":"dpc","date":"29 juillet 2010","format":false,"excerpt":"P\u00e8re-Lachaise, Paris, 10 juillet. \u00a0Oasis \u2013 Falling Down (The Prodigy version)","rel":"","context":"Dans &quot;DPC&quot;","block_context":{"text":"DPC","link":"https:\/\/www.wallendorff.com\/belogue\/category\/dpc\/"},"img":{"alt_text":"","src":"https:\/\/i0.wp.com\/www.wallendorff.com\/belogue\/wp-content\/uploads\/2015\/04\/201007291.jpg?resize=350%2C200&ssl=1","width":350,"height":200,"srcset":"https:\/\/i0.wp.com\/www.wallendorff.com\/belogue\/wp-content\/uploads\/2015\/04\/201007291.jpg?resize=350%2C200&ssl=1 1x, https:\/\/i0.wp.com\/www.wallendorff.com\/belogue\/wp-content\/uploads\/2015\/04\/201007291.jpg?resize=525%2C300&ssl=1 1.5x"},"classes":[]},{"id":13087,"url":"https:\/\/www.wallendorff.com\/belogue\/2011\/08\/10\/very-bad-crypte\/","url_meta":{"origin":3613,"position":4},"title":"Very bad crypte.","author":"dpc","date":"10 ao\u00fbt 2011","format":false,"excerpt":"Cimeti\u00e8re du P\u00e8re-Lachaise, Paris, 26 juin. \u00a0Noel Gallagher \u2013 The Good Rebel","rel":"","context":"Dans &quot;DPC&quot;","block_context":{"text":"DPC","link":"https:\/\/www.wallendorff.com\/belogue\/category\/dpc\/"},"img":{"alt_text":"","src":"https:\/\/i0.wp.com\/www.wallendorff.com\/belogue\/wp-content\/uploads\/2015\/04\/201108102.jpg?resize=350%2C200&ssl=1","width":350,"height":200,"srcset":"https:\/\/i0.wp.com\/www.wallendorff.com\/belogue\/wp-content\/uploads\/2015\/04\/201108102.jpg?resize=350%2C200&ssl=1 1x, https:\/\/i0.wp.com\/www.wallendorff.com\/belogue\/wp-content\/uploads\/2015\/04\/201108102.jpg?resize=525%2C300&ssl=1 1.5x"},"classes":[]},{"id":7936,"url":"https:\/\/www.wallendorff.com\/belogue\/2010\/07\/30\/faites-la-moue-pas-la-gaie\/","url_meta":{"origin":3613,"position":5},"title":"Faites la moue, pas la gaie.","author":"dpc","date":"30 juillet 2010","format":false,"excerpt":"P\u00e8re-Lachaise, Paris, 10 juillet. \u00a0TV on the Radio \u2013 Blind","rel":"","context":"Dans &quot;DPC&quot;","block_context":{"text":"DPC","link":"https:\/\/www.wallendorff.com\/belogue\/category\/dpc\/"},"img":{"alt_text":"","src":"https:\/\/i0.wp.com\/www.wallendorff.com\/belogue\/wp-content\/uploads\/2015\/04\/201007301.jpg?resize=350%2C200&ssl=1","width":350,"height":200},"classes":[]}],"_links":{"self":[{"href":"https:\/\/www.wallendorff.com\/belogue\/wp-json\/wp\/v2\/posts\/3613","targetHints":{"allow":["GET"]}}],"collection":[{"href":"https:\/\/www.wallendorff.com\/belogue\/wp-json\/wp\/v2\/posts"}],"about":[{"href":"https:\/\/www.wallendorff.com\/belogue\/wp-json\/wp\/v2\/types\/post"}],"author":[{"embeddable":true,"href":"https:\/\/www.wallendorff.com\/belogue\/wp-json\/wp\/v2\/users\/1"}],"replies":[{"embeddable":true,"href":"https:\/\/www.wallendorff.com\/belogue\/wp-json\/wp\/v2\/comments?post=3613"}],"version-history":[{"count":3,"href":"https:\/\/www.wallendorff.com\/belogue\/wp-json\/wp\/v2\/posts\/3613\/revisions"}],"predecessor-version":[{"id":21735,"href":"https:\/\/www.wallendorff.com\/belogue\/wp-json\/wp\/v2\/posts\/3613\/revisions\/21735"}],"wp:featuredmedia":[{"embeddable":true,"href":"https:\/\/www.wallendorff.com\/belogue\/wp-json\/wp\/v2\/media\/25298"}],"wp:attachment":[{"href":"https:\/\/www.wallendorff.com\/belogue\/wp-json\/wp\/v2\/media?parent=3613"}],"wp:term":[{"taxonomy":"category","embeddable":true,"href":"https:\/\/www.wallendorff.com\/belogue\/wp-json\/wp\/v2\/categories?post=3613"},{"taxonomy":"post_tag","embeddable":true,"href":"https:\/\/www.wallendorff.com\/belogue\/wp-json\/wp\/v2\/tags?post=3613"}],"curies":[{"name":"wp","href":"https:\/\/api.w.org\/{rel}","templated":true}]}}