{"id":36124,"date":"2017-10-22T17:18:35","date_gmt":"2017-10-22T15:18:35","guid":{"rendered":"http:\/\/www.wallendorff.com\/belogue\/?p=36124"},"modified":"2017-12-25T20:44:37","modified_gmt":"2017-12-25T18:44:37","slug":"contre-plongee-no-843","status":"publish","type":"post","link":"https:\/\/www.wallendorff.com\/belogue\/2017\/10\/22\/contre-plongee-no-843\/","title":{"rendered":"Contre-plong\u00e9e n<sup>o<\/sup> 843."},"content":{"rendered":"\n<div id=\"photo\">\n<p><img decoding=\"async\" src=\"https:\/\/www.wallendorff.com\/belogue\/wp-content\/uploads\/2017\/10\/20171022.jpg\"><br \/>\nWestfiel World Trade Center, 4 septembre.<\/p>\n<\/div>\n<div id=\"bandeson\">\n<p><img decoding=\"async\" src=\"https:\/\/www.wallendorff.com\/belogue\/photo\/pochettes\/w\/wolf_alice-visions_of_a_life.jpg\" align=\"left\"><a id=\"lienmp3\" style=\"font-weight: normal;\" href=\"http:\/\/www.youtube.com\/watch?v=do8WQY0xH_M\"><em>Sky Musings<\/em><\/a><br \/>\n<a href=\"http:\/\/www.wolfalice.co.uk\/\">Wolf Alice<\/a><\/p>\n<\/div>\n","protected":false},"excerpt":{"rendered":"<p>Westfiel World Trade Center, 4 septembre. Sky Musings Wolf Alice<\/p>\n","protected":false},"author":1,"featured_media":36125,"comment_status":"open","ping_status":"open","sticky":false,"template":"","format":"standard","meta":{"_acf_changed":false,"ngg_post_thumbnail":0,"jetpack_post_was_ever_published":false,"_jetpack_newsletter_access":"","_jetpack_dont_email_post_to_subs":false,"_jetpack_newsletter_tier_id":0,"_jetpack_memberships_contains_paywalled_content":false,"_jetpack_memberships_contains_paid_content":false,"footnotes":"","jetpack_publicize_message":"","jetpack_publicize_feature_enabled":true,"jetpack_social_post_already_shared":true,"jetpack_social_options":{"image_generator_settings":{"template":"highway","default_image_id":0,"font":"","enabled":false},"version":2}},"categories":[3],"tags":[10500,3066,55,14271,3063,592,14252,14274,14275,14273,14402,10261,12510],"class_list":["post-36124","post","type-post","status-publish","format-standard","has-post-thumbnail","hentry","category-dpc","tag-contre-plongee","tag-etat-de-new-york","tag-etats-unis","tag-fujifilm-x-t2","tag-manhattan","tag-new-york","tag-oculus","tag-samyang-8-mm-f2-8-umc-fisheye-ii","tag-sky-musings","tag-vesey-street","tag-visions-of-a-life","tag-voute","tag-wolf-alice"],"acf":[],"geo":{"latitude":40.7115974,"longitude":-74.0114288,"description":"New York, New York, 10286, US"},"jetpack_publicize_connections":[],"jetpack_featured_media_url":"https:\/\/www.wallendorff.com\/belogue\/wp-content\/uploads\/2017\/10\/20171022.jpg","jetpack_shortlink":"https:\/\/wp.me\/p3b35P-9oE","jetpack_sharing_enabled":true,"jetpack-related-posts":[{"id":36460,"url":"https:\/\/www.wallendorff.com\/belogue\/2017\/11\/20\/contre-plongee-no-869\/","url_meta":{"origin":36124,"position":0},"title":"Contre-plong\u00e9e no 869.","author":"dpc","date":"20 novembre 2017","format":false,"excerpt":"Cath\u00e9drale Saint-Patrick, New York, 5 septembre. Sadboy Wolf Alice","rel":"","context":"Dans &quot;DPC&quot;","block_context":{"text":"DPC","link":"https:\/\/www.wallendorff.com\/belogue\/category\/dpc\/"},"img":{"alt_text":"","src":"https:\/\/i0.wp.com\/www.wallendorff.com\/belogue\/wp-content\/uploads\/2017\/11\/20171120.jpg?resize=350%2C200&ssl=1","width":350,"height":200,"srcset":"https:\/\/i0.wp.com\/www.wallendorff.com\/belogue\/wp-content\/uploads\/2017\/11\/20171120.jpg?resize=350%2C200&ssl=1 1x, https:\/\/i0.wp.com\/www.wallendorff.com\/belogue\/wp-content\/uploads\/2017\/11\/20171120.jpg?resize=525%2C300&ssl=1 1.5x, https:\/\/i0.wp.com\/www.wallendorff.com\/belogue\/wp-content\/uploads\/2017\/11\/20171120.jpg?resize=700%2C400&ssl=1 2x"},"classes":[]},{"id":36299,"url":"https:\/\/www.wallendorff.com\/belogue\/2017\/11\/07\/contre-plongee-no-857\/","url_meta":{"origin":36124,"position":1},"title":"Contre-plong\u00e9e no 857.","author":"dpc","date":"7 novembre 2017","format":false,"excerpt":"Manhattan Municipal Building, New York, 5 septembre. Wall of Glass Liam Gallagher","rel":"","context":"Dans &quot;DPC&quot;","block_context":{"text":"DPC","link":"https:\/\/www.wallendorff.com\/belogue\/category\/dpc\/"},"img":{"alt_text":"","src":"https:\/\/i0.wp.com\/www.wallendorff.com\/belogue\/wp-content\/uploads\/2017\/11\/20171107.jpg?resize=350%2C200&ssl=1","width":350,"height":200,"srcset":"https:\/\/i0.wp.com\/www.wallendorff.com\/belogue\/wp-content\/uploads\/2017\/11\/20171107.jpg?resize=350%2C200&ssl=1 1x, https:\/\/i0.wp.com\/www.wallendorff.com\/belogue\/wp-content\/uploads\/2017\/11\/20171107.jpg?resize=525%2C300&ssl=1 1.5x, https:\/\/i0.wp.com\/www.wallendorff.com\/belogue\/wp-content\/uploads\/2017\/11\/20171107.jpg?resize=700%2C400&ssl=1 2x"},"classes":[]},{"id":35955,"url":"https:\/\/www.wallendorff.com\/belogue\/2017\/10\/11\/into-the-wide-113-x-pis-a-prismes-45\/","url_meta":{"origin":36124,"position":2},"title":"Into the wide #113 \u00d7 Pis \u00e0 prismes #45.","author":"dpc","date":"11 octobre 2017","format":false,"excerpt":"Champ de Mars, Paris, 15 ao\u00fbt. M\u00eame remarque qu'\u00e0 Oslo: Cette photo se r\u00e9sume \u00e0 un \u00e9largissement de celle-ci. En 2025, je vous ferai une version \u00e0 360\u00b0 incluant la nappe phr\u00e9atique sous la tour. You're Dreaming Wolf Parade","rel":"","context":"Dans &quot;Into the wide&quot;","block_context":{"text":"Into the wide","link":"https:\/\/www.wallendorff.com\/belogue\/category\/into-the-wide\/"},"img":{"alt_text":"","src":"https:\/\/i0.wp.com\/www.wallendorff.com\/belogue\/wp-content\/uploads\/2017\/10\/20171011.jpg?resize=350%2C200&ssl=1","width":350,"height":200,"srcset":"https:\/\/i0.wp.com\/www.wallendorff.com\/belogue\/wp-content\/uploads\/2017\/10\/20171011.jpg?resize=350%2C200&ssl=1 1x, https:\/\/i0.wp.com\/www.wallendorff.com\/belogue\/wp-content\/uploads\/2017\/10\/20171011.jpg?resize=525%2C300&ssl=1 1.5x, https:\/\/i0.wp.com\/www.wallendorff.com\/belogue\/wp-content\/uploads\/2017\/10\/20171011.jpg?resize=700%2C400&ssl=1 2x"},"classes":[]},{"id":39573,"url":"https:\/\/www.wallendorff.com\/belogue\/2018\/08\/12\/contre-plongee-no-1-912\/","url_meta":{"origin":36124,"position":3},"title":"Contre-plong\u00e9e no 1&nbsp;912.","author":"dpc","date":"12 ao\u00fbt 2018","format":false,"excerpt":"Rosenthaler Stra\u00dfe, Berlin, 2 juin 2018. Stupid GirlGarbage","rel":"","context":"Dans &quot;DPC&quot;","block_context":{"text":"DPC","link":"https:\/\/www.wallendorff.com\/belogue\/category\/dpc\/"},"img":{"alt_text":"","src":"https:\/\/i0.wp.com\/www.wallendorff.com\/belogue\/wp-content\/uploads\/2018\/08\/20180812.jpg?resize=350%2C200&ssl=1","width":350,"height":200,"srcset":"https:\/\/i0.wp.com\/www.wallendorff.com\/belogue\/wp-content\/uploads\/2018\/08\/20180812.jpg?resize=350%2C200&ssl=1 1x, https:\/\/i0.wp.com\/www.wallendorff.com\/belogue\/wp-content\/uploads\/2018\/08\/20180812.jpg?resize=525%2C300&ssl=1 1.5x, https:\/\/i0.wp.com\/www.wallendorff.com\/belogue\/wp-content\/uploads\/2018\/08\/20180812.jpg?resize=700%2C400&ssl=1 2x, https:\/\/i0.wp.com\/www.wallendorff.com\/belogue\/wp-content\/uploads\/2018\/08\/20180812.jpg?resize=1050%2C600&ssl=1 3x"},"classes":[]},{"id":41268,"url":"https:\/\/www.wallendorff.com\/belogue\/2019\/02\/25\/contre-plongee-no-2-743\/","url_meta":{"origin":36124,"position":4},"title":"Contre-plong\u00e9e no 2&nbsp;743.","author":"dpc","date":"25 f\u00e9vrier 2019","format":false,"excerpt":"Cath\u00e9drale Saint-\u00c9tienne, Metz, 27 d\u00e9cembre. The End J.C. Sat\u00e0n","rel":"","context":"Dans &quot;DPC&quot;","block_context":{"text":"DPC","link":"https:\/\/www.wallendorff.com\/belogue\/category\/dpc\/"},"img":{"alt_text":"","src":"https:\/\/i0.wp.com\/www.wallendorff.com\/belogue\/wp-content\/uploads\/2019\/02\/20190225.jpg?resize=350%2C200&ssl=1","width":350,"height":200,"srcset":"https:\/\/i0.wp.com\/www.wallendorff.com\/belogue\/wp-content\/uploads\/2019\/02\/20190225.jpg?resize=350%2C200&ssl=1 1x, https:\/\/i0.wp.com\/www.wallendorff.com\/belogue\/wp-content\/uploads\/2019\/02\/20190225.jpg?resize=525%2C300&ssl=1 1.5x, https:\/\/i0.wp.com\/www.wallendorff.com\/belogue\/wp-content\/uploads\/2019\/02\/20190225.jpg?resize=700%2C400&ssl=1 2x, https:\/\/i0.wp.com\/www.wallendorff.com\/belogue\/wp-content\/uploads\/2019\/02\/20190225.jpg?resize=1050%2C600&ssl=1 3x"},"classes":[]},{"id":35916,"url":"https:\/\/www.wallendorff.com\/belogue\/2017\/10\/02\/contre-plongee-no-812\/","url_meta":{"origin":36124,"position":5},"title":"Contre-plong\u00e9e no 812.","author":"dpc","date":"2 octobre 2017","format":false,"excerpt":"Passatge del Credit, Barcelone, 25 juin. Backyard Sl\u00f8tface","rel":"","context":"Dans &quot;DPC&quot;","block_context":{"text":"DPC","link":"https:\/\/www.wallendorff.com\/belogue\/category\/dpc\/"},"img":{"alt_text":"","src":"https:\/\/i0.wp.com\/www.wallendorff.com\/belogue\/wp-content\/uploads\/2017\/10\/20171002.jpg?resize=350%2C200&ssl=1","width":350,"height":200,"srcset":"https:\/\/i0.wp.com\/www.wallendorff.com\/belogue\/wp-content\/uploads\/2017\/10\/20171002.jpg?resize=350%2C200&ssl=1 1x, https:\/\/i0.wp.com\/www.wallendorff.com\/belogue\/wp-content\/uploads\/2017\/10\/20171002.jpg?resize=525%2C300&ssl=1 1.5x, https:\/\/i0.wp.com\/www.wallendorff.com\/belogue\/wp-content\/uploads\/2017\/10\/20171002.jpg?resize=700%2C400&ssl=1 2x"},"classes":[]}],"_links":{"self":[{"href":"https:\/\/www.wallendorff.com\/belogue\/wp-json\/wp\/v2\/posts\/36124","targetHints":{"allow":["GET"]}}],"collection":[{"href":"https:\/\/www.wallendorff.com\/belogue\/wp-json\/wp\/v2\/posts"}],"about":[{"href":"https:\/\/www.wallendorff.com\/belogue\/wp-json\/wp\/v2\/types\/post"}],"author":[{"embeddable":true,"href":"https:\/\/www.wallendorff.com\/belogue\/wp-json\/wp\/v2\/users\/1"}],"replies":[{"embeddable":true,"href":"https:\/\/www.wallendorff.com\/belogue\/wp-json\/wp\/v2\/comments?post=36124"}],"version-history":[{"count":1,"href":"https:\/\/www.wallendorff.com\/belogue\/wp-json\/wp\/v2\/posts\/36124\/revisions"}],"predecessor-version":[{"id":36126,"href":"https:\/\/www.wallendorff.com\/belogue\/wp-json\/wp\/v2\/posts\/36124\/revisions\/36126"}],"wp:featuredmedia":[{"embeddable":true,"href":"https:\/\/www.wallendorff.com\/belogue\/wp-json\/wp\/v2\/media\/36125"}],"wp:attachment":[{"href":"https:\/\/www.wallendorff.com\/belogue\/wp-json\/wp\/v2\/media?parent=36124"}],"wp:term":[{"taxonomy":"category","embeddable":true,"href":"https:\/\/www.wallendorff.com\/belogue\/wp-json\/wp\/v2\/categories?post=36124"},{"taxonomy":"post_tag","embeddable":true,"href":"https:\/\/www.wallendorff.com\/belogue\/wp-json\/wp\/v2\/tags?post=36124"}],"curies":[{"name":"wp","href":"https:\/\/api.w.org\/{rel}","templated":true}]}}