{"id":36069,"date":"2017-10-17T11:57:45","date_gmt":"2017-10-17T09:57:45","guid":{"rendered":"http:\/\/www.wallendorff.com\/belogue\/?p=36069"},"modified":"2018-05-23T08:02:14","modified_gmt":"2018-05-23T06:02:14","slug":"into-the-wide-114-115","status":"publish","type":"post","link":"https:\/\/www.wallendorff.com\/belogue\/2017\/10\/17\/into-the-wide-114-115\/","title":{"rendered":"Into the wide #114, 115."},"content":{"rendered":"\n<div id=\"photo\">\n<p><img decoding=\"async\" src=\"https:\/\/www.wallendorff.com\/belogue\/wp-content\/uploads\/2017\/10\/20171017-01.jpg\"><br \/>\nPasserelle Simone-de-Beauvoir, Paris, 28 ao&ucirc;t.<\/p>\n<\/div>\n<div id=\"photo2\">\n<p><img decoding=\"async\" src=\"https:\/\/www.wallendorff.com\/belogue\/wp-content\/uploads\/2017\/10\/20171017-02.jpg\"><\/p>\n<\/div>\n<p style=\"text-align: right\">Je voulais tester le nouveau fotoapparat en panoramique, et ma premi&egrave;re id&eacute;e fut de revenir sur les lieux du  <a href=\"https:\/\/www.wallendorff.com\/belogue\/2013\/10\/09\/into-the-wide-22\/\">num&eacute;ro 22<\/a>. Un num&eacute;ro 22 qui, &agrave; l&rsquo;&eacute;poque, avait &eacute;t&eacute; fait sans t&ecirc;te pano et avait donc requis beaucoup de photoshopages en tous genres pour un r&eacute;sultat bien mais pas top, mais l&agrave; n&rsquo;est pas le sujet.<\/p>\n<p style=\"text-align: right\">Le nouveau fotoapparat [que nous pr&eacute;nommerons Youki], donc, un X-T2 appel&eacute; &agrave; all&eacute;ger mon sac dans la vie quotidienne, celle dans laquelle on peut se contenter d&rsquo;un petit capteur, s&rsquo;en est tr&egrave;s bien sorti, pour un bo\u00eetier au poids r&eacute;duit de moiti&eacute; par rapport au premier Canon 24&nbsp;&times; 36 venu, ce qui est vachement cool pour ma scoliose et mon dos vo&ucirc;t&eacute; par les ans.<\/p>\n<p style=\"text-align: right\">Les photos de Youki appara&icirc;tront [et apparaissent d&eacute;j&agrave;, d&rsquo;ailleurs] plus souvent dans le blog-note, du fait de son utilisation quotidienne, mais le mot-clef <a href=\"https:\/\/www.wallendorff.com\/belogue\/tag\/x-t2\/\">X-T2<\/a> devrait quand m&ecirc;me se remplir petit &agrave; petit. Cela n&rsquo;a &eacute;videmment rien d&rsquo;important puisqu&rsquo;ici, les photos comptent plus que les moyens de les faire, mais je le souligne au cas o&ugrave;. <\/p>\n<div id=\"bandeson\">\n<p><img decoding=\"async\" src=\"https:\/\/www.wallendorff.com\/belogue\/photo\/pochettes\/w\/war_on_drugs_the-a_deeper_understanding.jpg\" align=\"left\"><a id=\"lienmp3\" style=\"font-weight: normal;\" href=\"http:\/\/www.youtube.com\/watch?v=PuLRcBZedkc\"><em>Nothing to Find<\/em><\/a><br \/>\n<a href=\"http:\/\/www.thewarondrugs.net\/\">The War on Drugs<\/a><\/p>\n<\/div>\n","protected":false},"excerpt":{"rendered":"<p>Passerelle Simone-de-Beauvoir, Paris, 28 ao&ucirc;t. Je voulais tester le nouveau fotoapparat en panoramique, et ma premi&egrave;re id&eacute;e fut de revenir sur les lieux du num&eacute;ro 22. Un num&eacute;ro 22 qui, &agrave; l&rsquo;&eacute;poque, avait &eacute;t&eacute; fait sans t&ecirc;te pano et avait donc requis beaucoup de photoshopages en tous genres pour un r&eacute;sultat bien mais pas top,&hellip;<\/p>\n","protected":false},"author":1,"featured_media":36070,"comment_status":"open","ping_status":"open","sticky":false,"template":"","format":"standard","meta":{"_acf_changed":false,"ngg_post_thumbnail":0,"jetpack_post_was_ever_published":false,"_jetpack_newsletter_access":"","_jetpack_dont_email_post_to_subs":false,"_jetpack_newsletter_tier_id":0,"_jetpack_memberships_contains_paywalled_content":false,"_jetpack_memberships_contains_paid_content":false,"footnotes":"","jetpack_publicize_message":"","jetpack_publicize_feature_enabled":true,"jetpack_social_post_already_shared":true,"jetpack_social_options":{"image_generator_settings":{"template":"highway","default_image_id":0,"font":"","enabled":false},"version":2}},"categories":[7356],"tags":[10271,10122,10597,131,10326,10120,14271,14272,10121,14269,11323,10098,10520,10592,5385],"class_list":["post-36069","post","type-post","status-publish","format-standard","has-post-thumbnail","hentry","category-into-the-wide","tag-10271","tag-10122","tag-bibliotheque","tag-bibliotheque-francois-mitterrand","tag-crepuscule","tag-france","tag-fujifilm-x-t2","tag-fujinon-xf-18-55-mm-f2-8-4-r-lm-ois","tag-ile-de-france","tag-nothing-to-find","tag-panoramique","tag-paris","tag-passerelle-simone-de-beauvoir","tag-pose-longue","tag-the-war-on-drugs"],"acf":[],"geo":{"latitude":48.8353043,"longitude":2.3782098,"description":"Paris 12 Reuilly, \u00cele-de-France, 75562 CEDEX 12, FR"},"jetpack_publicize_connections":[],"jetpack_featured_media_url":"https:\/\/www.wallendorff.com\/belogue\/wp-content\/uploads\/2017\/10\/20171017-01.jpg","jetpack_shortlink":"https:\/\/wp.me\/p3b35P-9nL","jetpack_sharing_enabled":true,"jetpack-related-posts":[{"id":47793,"url":"https:\/\/www.wallendorff.com\/belogue\/2021\/02\/08\/into-the-wide-211\/","url_meta":{"origin":36069,"position":0},"title":"Into the wide #211.","author":"dpc","date":"8 f\u00e9vrier 2021","format":false,"excerpt":"Passerelle Simone-de-Beauvoir, Paris, 21 octobre 2020. Palaces of Montezuma Grinderman","rel":"","context":"Dans &quot;Into the wide&quot;","block_context":{"text":"Into the wide","link":"https:\/\/www.wallendorff.com\/belogue\/category\/into-the-wide\/"},"img":{"alt_text":"","src":"https:\/\/i0.wp.com\/www.wallendorff.com\/belogue\/wp-content\/uploads\/2021\/02\/20210208.jpg?resize=350%2C200&ssl=1","width":350,"height":200,"srcset":"https:\/\/i0.wp.com\/www.wallendorff.com\/belogue\/wp-content\/uploads\/2021\/02\/20210208.jpg?resize=350%2C200&ssl=1 1x, https:\/\/i0.wp.com\/www.wallendorff.com\/belogue\/wp-content\/uploads\/2021\/02\/20210208.jpg?resize=525%2C300&ssl=1 1.5x, https:\/\/i0.wp.com\/www.wallendorff.com\/belogue\/wp-content\/uploads\/2021\/02\/20210208.jpg?resize=700%2C400&ssl=1 2x, https:\/\/i0.wp.com\/www.wallendorff.com\/belogue\/wp-content\/uploads\/2021\/02\/20210208.jpg?resize=1050%2C600&ssl=1 3x"},"classes":[]},{"id":21754,"url":"https:\/\/www.wallendorff.com\/belogue\/2013\/10\/09\/into-the-wide-22\/","url_meta":{"origin":36069,"position":1},"title":"Into the wide #22.","author":"dpc","date":"9 octobre 2013","format":false,"excerpt":"Passerelle Simone-de-Beauvoir, Paris, 19 ao\u00fbt. Free at DawnSmall Black","rel":"","context":"Dans &quot;Into the wide&quot;","block_context":{"text":"Into the wide","link":"https:\/\/www.wallendorff.com\/belogue\/category\/into-the-wide\/"},"img":{"alt_text":"","src":"https:\/\/i0.wp.com\/www.wallendorff.com\/belogue\/wp-content\/uploads\/2015\/04\/201310091.jpg?resize=350%2C200&ssl=1","width":350,"height":200,"srcset":"https:\/\/i0.wp.com\/www.wallendorff.com\/belogue\/wp-content\/uploads\/2015\/04\/201310091.jpg?resize=350%2C200&ssl=1 1x, https:\/\/i0.wp.com\/www.wallendorff.com\/belogue\/wp-content\/uploads\/2015\/04\/201310091.jpg?resize=525%2C300&ssl=1 1.5x, https:\/\/i0.wp.com\/www.wallendorff.com\/belogue\/wp-content\/uploads\/2015\/04\/201310091.jpg?resize=700%2C400&ssl=1 2x"},"classes":[]},{"id":135497,"url":"https:\/\/www.wallendorff.com\/belogue\/2026\/02\/28\/fevrier-2026\/","url_meta":{"origin":36069,"position":2},"title":"F\u00e9vrier 2026.","author":"dpc","date":"28 f\u00e9vrier 2026","format":false,"excerpt":"Des arbres, une sieste, un cr\u00e9puscule, un arbre, un papillon, une clope, un miroir, un parapluie, une pyramide, un schlouk, une ruelle, une photo, une flaque, un chantier, un quarantenaire, un cigare, un bisou, un concert, un quai de m\u00e9tro, une pyramide, un attroupement, un pont, un parapluie, des fen\u00eatres,\u2026","rel":"","context":"Dans &quot;Blog-note&quot;","block_context":{"text":"Blog-note","link":"https:\/\/www.wallendorff.com\/belogue\/category\/blog-note\/"},"img":{"alt_text":"","src":"https:\/\/i0.wp.com\/www.wallendorff.com\/belogue\/wp-content\/uploads\/2026\/03\/20260323-24.jpg?resize=350%2C200&ssl=1","width":350,"height":200,"srcset":"https:\/\/i0.wp.com\/www.wallendorff.com\/belogue\/wp-content\/uploads\/2026\/03\/20260323-24.jpg?resize=350%2C200&ssl=1 1x, https:\/\/i0.wp.com\/www.wallendorff.com\/belogue\/wp-content\/uploads\/2026\/03\/20260323-24.jpg?resize=525%2C300&ssl=1 1.5x, https:\/\/i0.wp.com\/www.wallendorff.com\/belogue\/wp-content\/uploads\/2026\/03\/20260323-24.jpg?resize=700%2C400&ssl=1 2x, https:\/\/i0.wp.com\/www.wallendorff.com\/belogue\/wp-content\/uploads\/2026\/03\/20260323-24.jpg?resize=1050%2C600&ssl=1 3x"},"classes":[]},{"id":21759,"url":"https:\/\/www.wallendorff.com\/belogue\/2013\/10\/10\/zou\/","url_meta":{"origin":36069,"position":3},"title":"Zou.","author":"dpc","date":"10 octobre 2013","format":false,"excerpt":"Passerelle Simone-de-Beauvoir, Paris, 19 ao\u00fbt. Il n'y avait rien, puis le bateau est arriv\u00e9. J'ai pens\u00e9 faire une variation de celle-ci, puis un deuxi\u00e8me bateau est arriv\u00e9, alors j'ai encha\u00een\u00e9 les poses de 30 s. Et du coup, j'ai fait un gif. Ghost on the ShoreLord Huron","rel":"","context":"Dans &quot;DPC&quot;","block_context":{"text":"DPC","link":"https:\/\/www.wallendorff.com\/belogue\/category\/dpc\/"},"img":{"alt_text":"","src":"https:\/\/i0.wp.com\/www.wallendorff.com\/belogue\/wp-content\/uploads\/2015\/04\/201310101.gif?resize=350%2C200&ssl=1","width":350,"height":200,"srcset":"https:\/\/i0.wp.com\/www.wallendorff.com\/belogue\/wp-content\/uploads\/2015\/04\/201310101.gif?resize=350%2C200&ssl=1 1x, https:\/\/i0.wp.com\/www.wallendorff.com\/belogue\/wp-content\/uploads\/2015\/04\/201310101.gif?resize=525%2C300&ssl=1 1.5x, https:\/\/i0.wp.com\/www.wallendorff.com\/belogue\/wp-content\/uploads\/2015\/04\/201310101.gif?resize=700%2C400&ssl=1 2x"},"classes":[]},{"id":3940,"url":"https:\/\/www.wallendorff.com\/belogue\/2009\/02\/24\/soit-cqui\/","url_meta":{"origin":36069,"position":4},"title":"Soit c&rsquo;qui.","author":"dpc","date":"24 f\u00e9vrier 2009","format":false,"excerpt":"Passerelle Simone-de-Beauvoir, Paris, 17 janvier. \u00a0Caesars \u2013 Throwaway \u00c0 part \u00e7a, Pousse-Manette m'a \u00e9tiquet\u00e91. Quatre jours que je m\u00e9dite dessus. Faut dire que le sujet est pas simple\u00a0: \u00c9crire un article relatant ce que vous feriez s\u2019il vous restait 500 euros et 500 secondes \u00e0 vivre. Vous avez carte blanche,\u2026","rel":"","context":"Dans &quot;DPC&quot;","block_context":{"text":"DPC","link":"https:\/\/www.wallendorff.com\/belogue\/category\/dpc\/"},"img":{"alt_text":"","src":"https:\/\/i0.wp.com\/www.wallendorff.com\/belogue\/wp-content\/uploads\/2015\/04\/200902241.jpg?resize=350%2C200&ssl=1","width":350,"height":200},"classes":[]},{"id":18946,"url":"https:\/\/www.wallendorff.com\/belogue\/2012\/09\/11\/voisins-de-panier-i\/","url_meta":{"origin":36069,"position":5},"title":"Voisins de panier [I].","author":"dpc","date":"11 septembre 2012","format":false,"excerpt":"Passerelle Simone-de-Beauvoir, Paris, 25 juillet. The Ting Tings \u2013 Day to Day","rel":"","context":"Dans &quot;DPC&quot;","block_context":{"text":"DPC","link":"https:\/\/www.wallendorff.com\/belogue\/category\/dpc\/"},"img":{"alt_text":"","src":"https:\/\/i0.wp.com\/www.wallendorff.com\/belogue\/wp-content\/uploads\/2015\/04\/201209111.jpg?resize=350%2C200&ssl=1","width":350,"height":200,"srcset":"https:\/\/i0.wp.com\/www.wallendorff.com\/belogue\/wp-content\/uploads\/2015\/04\/201209111.jpg?resize=350%2C200&ssl=1 1x, https:\/\/i0.wp.com\/www.wallendorff.com\/belogue\/wp-content\/uploads\/2015\/04\/201209111.jpg?resize=525%2C300&ssl=1 1.5x, https:\/\/i0.wp.com\/www.wallendorff.com\/belogue\/wp-content\/uploads\/2015\/04\/201209111.jpg?resize=700%2C400&ssl=1 2x"},"classes":[]}],"_links":{"self":[{"href":"https:\/\/www.wallendorff.com\/belogue\/wp-json\/wp\/v2\/posts\/36069","targetHints":{"allow":["GET"]}}],"collection":[{"href":"https:\/\/www.wallendorff.com\/belogue\/wp-json\/wp\/v2\/posts"}],"about":[{"href":"https:\/\/www.wallendorff.com\/belogue\/wp-json\/wp\/v2\/types\/post"}],"author":[{"embeddable":true,"href":"https:\/\/www.wallendorff.com\/belogue\/wp-json\/wp\/v2\/users\/1"}],"replies":[{"embeddable":true,"href":"https:\/\/www.wallendorff.com\/belogue\/wp-json\/wp\/v2\/comments?post=36069"}],"version-history":[{"count":4,"href":"https:\/\/www.wallendorff.com\/belogue\/wp-json\/wp\/v2\/posts\/36069\/revisions"}],"predecessor-version":[{"id":36075,"href":"https:\/\/www.wallendorff.com\/belogue\/wp-json\/wp\/v2\/posts\/36069\/revisions\/36075"}],"wp:featuredmedia":[{"embeddable":true,"href":"https:\/\/www.wallendorff.com\/belogue\/wp-json\/wp\/v2\/media\/36070"}],"wp:attachment":[{"href":"https:\/\/www.wallendorff.com\/belogue\/wp-json\/wp\/v2\/media?parent=36069"}],"wp:term":[{"taxonomy":"category","embeddable":true,"href":"https:\/\/www.wallendorff.com\/belogue\/wp-json\/wp\/v2\/categories?post=36069"},{"taxonomy":"post_tag","embeddable":true,"href":"https:\/\/www.wallendorff.com\/belogue\/wp-json\/wp\/v2\/tags?post=36069"}],"curies":[{"name":"wp","href":"https:\/\/api.w.org\/{rel}","templated":true}]}}