{"id":35921,"date":"2017-10-04T16:38:42","date_gmt":"2017-10-04T14:38:42","guid":{"rendered":"http:\/\/www.wallendorff.com\/belogue\/?p=35921"},"modified":"2018-05-23T08:02:15","modified_gmt":"2018-05-23T06:02:15","slug":"people-139","status":"publish","type":"post","link":"https:\/\/www.wallendorff.com\/belogue\/2017\/10\/04\/people-139\/","title":{"rendered":"People #139."},"content":{"rendered":"\n<div id=\"photo\">\n<p><img decoding=\"async\" src=\"https:\/\/www.wallendorff.com\/belogue\/wp-content\/uploads\/2017\/10\/20171004-02.jpg\"><br \/>\nRue de Charenton, Paris, 31 ao&ucirc;t.<\/p>\n<\/div>\n<div id=\"photo2\">\n<p><img decoding=\"async\" src=\"https:\/\/www.wallendorff.com\/belogue\/wp-content\/uploads\/2017\/10\/20171004-01.jpg\"><\/p>\n<\/div>\n<p style=\"text-align: right\">Photos illustrant <a href=\"http:\/\/www.soul-kitchen.fr\/76792-bavardages-avec-alb\">l&rsquo;interview de No&eacute;mie Lambert sur Soul Kitchen<\/a>.<\/p>\n<div id=\"bandeson\">\n<p><img decoding=\"async\" src=\"https:\/\/www.wallendorff.com\/belogue\/photo\/pochettes\/a\/alb-deux.jpg\" align=\"left\"><a id=\"lienmp3\" style=\"font-weight: normal;\" href=\"http:\/\/www.youtube.com\/watch?v=-Xv4ah7roGo\"><em>Scar Cycles<\/em><\/a><br \/>\n<a href=\"http:\/\/www.albofficiel.com\/\">ALB<\/a><\/p>\n<\/div>\n","protected":false},"excerpt":{"rendered":"<p>Rue de Charenton, Paris, 31 ao&ucirc;t. Photos illustrant l&rsquo;interview de No&eacute;mie Lambert sur Soul Kitchen. Scar Cycles ALB<\/p>\n","protected":false},"author":1,"featured_media":35923,"comment_status":"open","ping_status":"open","sticky":false,"template":"","format":"standard","meta":{"_acf_changed":false,"ngg_post_thumbnail":0,"jetpack_post_was_ever_published":false,"_jetpack_newsletter_access":"","_jetpack_dont_email_post_to_subs":false,"_jetpack_newsletter_tier_id":0,"_jetpack_memberships_contains_paywalled_content":false,"_jetpack_memberships_contains_paid_content":false,"footnotes":"","jetpack_publicize_message":"","jetpack_publicize_feature_enabled":true,"jetpack_social_post_already_shared":true,"jetpack_social_options":{"image_generator_settings":{"template":"highway","default_image_id":0,"font":"","enabled":false},"version":2}},"categories":[8],"tags":[12031,2571,6766,10120,10121,10098,10272,10376,13540,8243],"class_list":["post-35921","post","type-post","status-publish","format-standard","has-post-thumbnail","hentry","category-portraits","tag-alb","tag-ef-16-35-mm-f28l-ii-usm","tag-eos-5d-mark-iii","tag-france","tag-ile-de-france","tag-paris","tag-portrait","tag-promo","tag-rue-de-charenton","tag-sigma-15-mm-f2-8-ex-dg-diagonal-fish-eye"],"acf":[],"geo":{"latitude":48.8441238,"longitude":2.3852589,"description":"Paris 12, \u00cele-de-France, 75012, FR"},"jetpack_publicize_connections":[],"jetpack_featured_media_url":"https:\/\/www.wallendorff.com\/belogue\/wp-content\/uploads\/2017\/10\/20171004-02.jpg","jetpack_shortlink":"https:\/\/wp.me\/p3b35P-9ln","jetpack_sharing_enabled":true,"jetpack-related-posts":[{"id":23644,"url":"https:\/\/www.wallendorff.com\/belogue\/2014\/12\/10\/alb-le-cafe-de-la-danse-paris\/","url_meta":{"origin":35921,"position":0},"title":"ALB @ le Caf\u00e9 de la Danse, Paris.","author":"dpc","date":"10 d\u00e9cembre 2014","format":false,"excerpt":"\u00a0","rel":"","context":"Dans &quot;Alive&quot;","block_context":{"text":"Alive","link":"https:\/\/www.wallendorff.com\/belogue\/category\/alive\/"},"img":{"alt_text":"","src":"https:\/\/i0.wp.com\/www.wallendorff.com\/belogue\/wp-content\/uploads\/2015\/04\/201412101.jpg?resize=350%2C200&ssl=1","width":350,"height":200,"srcset":"https:\/\/i0.wp.com\/www.wallendorff.com\/belogue\/wp-content\/uploads\/2015\/04\/201412101.jpg?resize=350%2C200&ssl=1 1x, https:\/\/i0.wp.com\/www.wallendorff.com\/belogue\/wp-content\/uploads\/2015\/04\/201412101.jpg?resize=525%2C300&ssl=1 1.5x, https:\/\/i0.wp.com\/www.wallendorff.com\/belogue\/wp-content\/uploads\/2015\/04\/201412101.jpg?resize=700%2C400&ssl=1 2x"},"classes":[]},{"id":36130,"url":"https:\/\/www.wallendorff.com\/belogue\/2017\/10\/26\/mama-festival-18-20-octobre\/","url_meta":{"origin":35921,"position":1},"title":"MaMa Festival, 18 \u2013 20 octobre.","author":"dpc","date":"26 octobre 2017","format":false,"excerpt":"","rel":"","context":"Dans &quot;Alive&quot;","block_context":{"text":"Alive","link":"https:\/\/www.wallendorff.com\/belogue\/category\/alive\/"},"img":{"alt_text":"","src":"https:\/\/i0.wp.com\/www.wallendorff.com\/belogue\/wp-content\/uploads\/2017\/10\/20171024-49.jpg?resize=350%2C200&ssl=1","width":350,"height":200,"srcset":"https:\/\/i0.wp.com\/www.wallendorff.com\/belogue\/wp-content\/uploads\/2017\/10\/20171024-49.jpg?resize=350%2C200&ssl=1 1x, https:\/\/i0.wp.com\/www.wallendorff.com\/belogue\/wp-content\/uploads\/2017\/10\/20171024-49.jpg?resize=525%2C300&ssl=1 1.5x, https:\/\/i0.wp.com\/www.wallendorff.com\/belogue\/wp-content\/uploads\/2017\/10\/20171024-49.jpg?resize=700%2C400&ssl=1 2x"},"classes":[]},{"id":11585,"url":"https:\/\/www.wallendorff.com\/belogue\/2011\/01\/13\/parc-mont-seau\/","url_meta":{"origin":35921,"position":2},"title":"Parc mont-seau.","author":"dpc","date":"13 janvier 2011","format":false,"excerpt":"Rue du Mont-Cenis, Paris, 20 novembre 2010. \u00ab\u00a0Mont-seau\u00a0\u00bb parce qu'au milieu du square il y a un ch\u00e2teau d'eau et que \u00e7a sonne comme Monceau. D'o\u00f9 dr\u00f4le, d'o\u00f9 lol mdr rophlmao poney poney. Enfin normalement. Hum. \u00a0Amanda Palmer \u2013 I Will Follow You into the Dark (Death Cab for Cutie\u2026","rel":"","context":"Dans &quot;DPC&quot;","block_context":{"text":"DPC","link":"https:\/\/www.wallendorff.com\/belogue\/category\/dpc\/"},"img":{"alt_text":"","src":"https:\/\/i0.wp.com\/www.wallendorff.com\/belogue\/wp-content\/uploads\/2015\/04\/201101131.jpg?resize=350%2C200&ssl=1","width":350,"height":200},"classes":[]},{"id":23806,"url":"https:\/\/www.wallendorff.com\/belogue\/2015\/01\/22\/creative-live-session-le-yoyo-paris-20-janvier\/","url_meta":{"origin":35921,"position":3},"title":"Creative Live Session @ le YOYO, Paris, 20 janvier.","author":"dpc","date":"22 janvier 2015","format":false,"excerpt":"Josef Salvat ALB Charlie Winston \u00a0","rel":"","context":"Dans &quot;Alive&quot;","block_context":{"text":"Alive","link":"https:\/\/www.wallendorff.com\/belogue\/category\/alive\/"},"img":{"alt_text":"","src":"https:\/\/i0.wp.com\/www.wallendorff.com\/belogue\/wp-content\/uploads\/2015\/04\/201501221.jpg?resize=350%2C200&ssl=1","width":350,"height":200,"srcset":"https:\/\/i0.wp.com\/www.wallendorff.com\/belogue\/wp-content\/uploads\/2015\/04\/201501221.jpg?resize=350%2C200&ssl=1 1x, https:\/\/i0.wp.com\/www.wallendorff.com\/belogue\/wp-content\/uploads\/2015\/04\/201501221.jpg?resize=525%2C300&ssl=1 1.5x, https:\/\/i0.wp.com\/www.wallendorff.com\/belogue\/wp-content\/uploads\/2015\/04\/201501221.jpg?resize=700%2C400&ssl=1 2x"},"classes":[]},{"id":11496,"url":"https:\/\/www.wallendorff.com\/belogue\/2011\/01\/12\/shooting-people-77\/","url_meta":{"origin":35921,"position":4},"title":"Shooting people #77.","author":"dpc","date":"12 janvier 2011","format":false,"excerpt":"Plan\u00e8te Mars, Paris, 9 janvier. Alors oui c'est toujours les m\u00eames toilettes1 de toujours le m\u00eame bar avec toujours le m\u00eame mod\u00e8le, mais c'est aussi un bon pr\u00e9texte pour rappeler qu'Elista n'est pas qu'un nom \u00e9crit sur un T-shirt ou une carte de Kalmoukie mais aussi un groupe ma foi\u2026","rel":"","context":"Dans &quot;Portraits&quot;","block_context":{"text":"Portraits","link":"https:\/\/www.wallendorff.com\/belogue\/category\/portraits\/"},"img":{"alt_text":"","src":"https:\/\/i0.wp.com\/www.wallendorff.com\/belogue\/wp-content\/uploads\/2015\/04\/201101121.jpg?resize=350%2C200&ssl=1","width":350,"height":200,"srcset":"https:\/\/i0.wp.com\/www.wallendorff.com\/belogue\/wp-content\/uploads\/2015\/04\/201101121.jpg?resize=350%2C200&ssl=1 1x, https:\/\/i0.wp.com\/www.wallendorff.com\/belogue\/wp-content\/uploads\/2015\/04\/201101121.jpg?resize=525%2C300&ssl=1 1.5x"},"classes":[]},{"id":10755,"url":"https:\/\/www.wallendorff.com\/belogue\/2010\/12\/15\/shooting-people-76\/","url_meta":{"origin":35921,"position":5},"title":"Shooting people #76.","author":"dpc","date":"15 d\u00e9cembre 2010","format":false,"excerpt":"Caf\u00e9 La Cigale, Paris, 9 d\u00e9cembre. The Blakes \u2013 Streets","rel":"","context":"Dans &quot;Portraits&quot;","block_context":{"text":"Portraits","link":"https:\/\/www.wallendorff.com\/belogue\/category\/portraits\/"},"img":{"alt_text":"","src":"https:\/\/i0.wp.com\/www.wallendorff.com\/belogue\/wp-content\/uploads\/2015\/04\/201012151.jpg?resize=350%2C200&ssl=1","width":350,"height":200,"srcset":"https:\/\/i0.wp.com\/www.wallendorff.com\/belogue\/wp-content\/uploads\/2015\/04\/201012151.jpg?resize=350%2C200&ssl=1 1x, https:\/\/i0.wp.com\/www.wallendorff.com\/belogue\/wp-content\/uploads\/2015\/04\/201012151.jpg?resize=525%2C300&ssl=1 1.5x, https:\/\/i0.wp.com\/www.wallendorff.com\/belogue\/wp-content\/uploads\/2015\/04\/201012151.jpg?resize=700%2C400&ssl=1 2x"},"classes":[]}],"_links":{"self":[{"href":"https:\/\/www.wallendorff.com\/belogue\/wp-json\/wp\/v2\/posts\/35921","targetHints":{"allow":["GET"]}}],"collection":[{"href":"https:\/\/www.wallendorff.com\/belogue\/wp-json\/wp\/v2\/posts"}],"about":[{"href":"https:\/\/www.wallendorff.com\/belogue\/wp-json\/wp\/v2\/types\/post"}],"author":[{"embeddable":true,"href":"https:\/\/www.wallendorff.com\/belogue\/wp-json\/wp\/v2\/users\/1"}],"replies":[{"embeddable":true,"href":"https:\/\/www.wallendorff.com\/belogue\/wp-json\/wp\/v2\/comments?post=35921"}],"version-history":[{"count":2,"href":"https:\/\/www.wallendorff.com\/belogue\/wp-json\/wp\/v2\/posts\/35921\/revisions"}],"predecessor-version":[{"id":35925,"href":"https:\/\/www.wallendorff.com\/belogue\/wp-json\/wp\/v2\/posts\/35921\/revisions\/35925"}],"wp:featuredmedia":[{"embeddable":true,"href":"https:\/\/www.wallendorff.com\/belogue\/wp-json\/wp\/v2\/media\/35923"}],"wp:attachment":[{"href":"https:\/\/www.wallendorff.com\/belogue\/wp-json\/wp\/v2\/media?parent=35921"}],"wp:term":[{"taxonomy":"category","embeddable":true,"href":"https:\/\/www.wallendorff.com\/belogue\/wp-json\/wp\/v2\/categories?post=35921"},{"taxonomy":"post_tag","embeddable":true,"href":"https:\/\/www.wallendorff.com\/belogue\/wp-json\/wp\/v2\/tags?post=35921"}],"curies":[{"name":"wp","href":"https:\/\/api.w.org\/{rel}","templated":true}]}}