{"id":35903,"date":"2017-09-26T11:52:17","date_gmt":"2017-09-26T09:52:17","guid":{"rendered":"http:\/\/www.wallendorff.com\/belogue\/?p=35903"},"modified":"2017-12-25T13:31:43","modified_gmt":"2017-12-25T11:31:43","slug":"la-playa-ii","status":"publish","type":"post","link":"https:\/\/www.wallendorff.com\/belogue\/2017\/09\/26\/la-playa-ii\/","title":{"rendered":"La playa [II]."},"content":{"rendered":"\n<div id=\"photo\">\n<p><img decoding=\"async\" src=\"https:\/\/www.wallendorff.com\/belogue\/wp-content\/uploads\/2017\/09\/20170926.jpg\"><br \/>\nLa Barceloneta, Barcelone, 24 juin.<\/p>\n<\/div>\n<div id=\"bandeson\">\n<p><img decoding=\"async\" src=\"https:\/\/www.wallendorff.com\/belogue\/photo\/pochettes\/m\/mulvey_nick-wake_up_now.jpg\" align=\"left\"><a id=\"lienmp3\" style=\"font-weight: normal;\" href=\"http:\/\/www.youtube.com\/watch?v=2zjXkn4wv4E\"><em>Unconditional<\/em><\/a><br \/>\n<a href=\"http:\/\/www.nickmulvey.com\/\">Nick Mulvey<\/a><\/p>\n<\/div>\n","protected":false},"excerpt":{"rendered":"<p>La Barceloneta, Barcelone, 24 juin. Unconditional Nick Mulvey<\/p>\n","protected":false},"author":1,"featured_media":35904,"comment_status":"open","ping_status":"open","sticky":false,"template":"","format":"standard","meta":{"_acf_changed":false,"ngg_post_thumbnail":0,"jetpack_post_was_ever_published":false,"_jetpack_newsletter_access":"","_jetpack_dont_email_post_to_subs":false,"_jetpack_newsletter_tier_id":0,"_jetpack_memberships_contains_paywalled_content":false,"_jetpack_memberships_contains_paid_content":false,"footnotes":"","jetpack_publicize_message":"","jetpack_publicize_feature_enabled":true,"jetpack_social_post_already_shared":true,"jetpack_social_options":{"image_generator_settings":{"template":"highway","default_image_id":0,"font":"","enabled":false},"version":2}},"categories":[3],"tags":[13995,13733,8351,14002,10359,5382,14012,11964,143,10147,14023,10714,14027,14197,14388],"class_list":["post-35903","post","type-post","status-publish","format-standard","has-post-thumbnail","hentry","category-dpc","tag-barcelone","tag-ef-28-mm-f1-8-usm","tag-eos-6d","tag-catalogne","tag-couple","tag-espagne","tag-la-barceloneta","tag-nick-mulvey","tag-noir-et-blanc","tag-nuit","tag-passeig-maritim","tag-plage","tag-province-de-barcelone","tag-unconditional","tag-wake-up-now"],"acf":[],"geo":{"latitude":41.3843727,"longitude":2.1965201,"description":"Sant Andreu Salou (Pueblo), Cataluna, 17454, ES"},"jetpack_publicize_connections":[],"jetpack_featured_media_url":"https:\/\/www.wallendorff.com\/belogue\/wp-content\/uploads\/2017\/09\/20170926.jpg","jetpack_shortlink":"https:\/\/wp.me\/p3b35P-9l5","jetpack_sharing_enabled":true,"jetpack-related-posts":[{"id":35897,"url":"https:\/\/www.wallendorff.com\/belogue\/2017\/09\/25\/la-playa-i\/","url_meta":{"origin":35903,"position":0},"title":"La playa [I].","author":"dpc","date":"25 septembre 2017","format":false,"excerpt":"La Barceloneta, Barcelone, 23 juin. Sun Bleached Sl\u00f8tface","rel":"","context":"Dans &quot;DPC&quot;","block_context":{"text":"DPC","link":"https:\/\/www.wallendorff.com\/belogue\/category\/dpc\/"},"img":{"alt_text":"","src":"https:\/\/i0.wp.com\/www.wallendorff.com\/belogue\/wp-content\/uploads\/2017\/09\/20170925.jpg?resize=350%2C200&ssl=1","width":350,"height":200,"srcset":"https:\/\/i0.wp.com\/www.wallendorff.com\/belogue\/wp-content\/uploads\/2017\/09\/20170925.jpg?resize=350%2C200&ssl=1 1x, https:\/\/i0.wp.com\/www.wallendorff.com\/belogue\/wp-content\/uploads\/2017\/09\/20170925.jpg?resize=525%2C300&ssl=1 1.5x, https:\/\/i0.wp.com\/www.wallendorff.com\/belogue\/wp-content\/uploads\/2017\/09\/20170925.jpg?resize=700%2C400&ssl=1 2x"},"classes":[]},{"id":35916,"url":"https:\/\/www.wallendorff.com\/belogue\/2017\/10\/02\/contre-plongee-no-812\/","url_meta":{"origin":35903,"position":1},"title":"Contre-plong\u00e9e no 812.","author":"dpc","date":"2 octobre 2017","format":false,"excerpt":"Passatge del Credit, Barcelone, 25 juin. Backyard Sl\u00f8tface","rel":"","context":"Dans &quot;DPC&quot;","block_context":{"text":"DPC","link":"https:\/\/www.wallendorff.com\/belogue\/category\/dpc\/"},"img":{"alt_text":"","src":"https:\/\/i0.wp.com\/www.wallendorff.com\/belogue\/wp-content\/uploads\/2017\/10\/20171002.jpg?resize=350%2C200&ssl=1","width":350,"height":200,"srcset":"https:\/\/i0.wp.com\/www.wallendorff.com\/belogue\/wp-content\/uploads\/2017\/10\/20171002.jpg?resize=350%2C200&ssl=1 1x, https:\/\/i0.wp.com\/www.wallendorff.com\/belogue\/wp-content\/uploads\/2017\/10\/20171002.jpg?resize=525%2C300&ssl=1 1.5x, https:\/\/i0.wp.com\/www.wallendorff.com\/belogue\/wp-content\/uploads\/2017\/10\/20171002.jpg?resize=700%2C400&ssl=1 2x"},"classes":[]},{"id":34539,"url":"https:\/\/www.wallendorff.com\/belogue\/2017\/06\/30\/juin-2017\/","url_meta":{"origin":35903,"position":2},"title":"Juin 2017.","author":"dpc","date":"30 juin 2017","format":false,"excerpt":"Un atterrissage, un train, un mariage, une ruelle, un train, un coucher de soleil, une soir\u00e9e, une affiche, un festival, un num\u00e9ro, un concert, un concert, un num\u00e9ro, un chat pr\u00e9nomm\u00e9 Ganesh, une expo, un avion, un bateau, un vingti\u00e8me anniversaire, une plage, un carrelage, une bo\u00eete de nuit, une\u2026","rel":"","context":"Dans &quot;Blog-note&quot;","block_context":{"text":"Blog-note","link":"https:\/\/www.wallendorff.com\/belogue\/category\/blog-note\/"},"img":{"alt_text":"","src":"https:\/\/i0.wp.com\/www.wallendorff.com\/belogue\/wp-content\/uploads\/2017\/07\/20170724-56.jpg?resize=350%2C200&ssl=1","width":350,"height":200,"srcset":"https:\/\/i0.wp.com\/www.wallendorff.com\/belogue\/wp-content\/uploads\/2017\/07\/20170724-56.jpg?resize=350%2C200&ssl=1 1x, https:\/\/i0.wp.com\/www.wallendorff.com\/belogue\/wp-content\/uploads\/2017\/07\/20170724-56.jpg?resize=525%2C300&ssl=1 1.5x, https:\/\/i0.wp.com\/www.wallendorff.com\/belogue\/wp-content\/uploads\/2017\/07\/20170724-56.jpg?resize=700%2C400&ssl=1 2x"},"classes":[]},{"id":28739,"url":"https:\/\/www.wallendorff.com\/belogue\/2015\/08\/19\/remou-v\/","url_meta":{"origin":35903,"position":3},"title":"Rem\u201dou [V].","author":"dpc","date":"19 ao\u00fbt 2015","format":false,"excerpt":"Synagogue Rem\"ou, Cracovie, 10 mai. House of Saint Give Me Nick Mulvey","rel":"","context":"Dans &quot;DPC&quot;","block_context":{"text":"DPC","link":"https:\/\/www.wallendorff.com\/belogue\/category\/dpc\/"},"img":{"alt_text":"","src":"https:\/\/i0.wp.com\/www.wallendorff.com\/belogue\/wp-content\/uploads\/2015\/08\/20150819.jpg?resize=350%2C200&ssl=1","width":350,"height":200,"srcset":"https:\/\/i0.wp.com\/www.wallendorff.com\/belogue\/wp-content\/uploads\/2015\/08\/20150819.jpg?resize=350%2C200&ssl=1 1x, https:\/\/i0.wp.com\/www.wallendorff.com\/belogue\/wp-content\/uploads\/2015\/08\/20150819.jpg?resize=525%2C300&ssl=1 1.5x, https:\/\/i0.wp.com\/www.wallendorff.com\/belogue\/wp-content\/uploads\/2015\/08\/20150819.jpg?resize=700%2C400&ssl=1 2x"},"classes":[]},{"id":35926,"url":"https:\/\/www.wallendorff.com\/belogue\/2017\/10\/06\/into-the-wide-111\/","url_meta":{"origin":35903,"position":4},"title":"Into the wide #111.","author":"dpc","date":"6 octobre 2017","format":false,"excerpt":"Cour carr\u00e9e du Louvre, Paris, 3 ao\u00fbt. In Your Hands Nick Mulvey","rel":"","context":"Dans &quot;Into the wide&quot;","block_context":{"text":"Into the wide","link":"https:\/\/www.wallendorff.com\/belogue\/category\/into-the-wide\/"},"img":{"alt_text":"","src":"https:\/\/i0.wp.com\/www.wallendorff.com\/belogue\/wp-content\/uploads\/2017\/10\/20171006.jpg?resize=350%2C200&ssl=1","width":350,"height":200,"srcset":"https:\/\/i0.wp.com\/www.wallendorff.com\/belogue\/wp-content\/uploads\/2017\/10\/20171006.jpg?resize=350%2C200&ssl=1 1x, https:\/\/i0.wp.com\/www.wallendorff.com\/belogue\/wp-content\/uploads\/2017\/10\/20171006.jpg?resize=525%2C300&ssl=1 1.5x, https:\/\/i0.wp.com\/www.wallendorff.com\/belogue\/wp-content\/uploads\/2017\/10\/20171006.jpg?resize=700%2C400&ssl=1 2x"},"classes":[]},{"id":23198,"url":"https:\/\/www.wallendorff.com\/belogue\/2014\/07\/16\/du-square-au-matin\/","url_meta":{"origin":35903,"position":5},"title":"Du square [au matin].","author":"dpc","date":"16 juillet 2014","format":false,"excerpt":"Rue des Francs-Bourgeois, Paris, 20 avril. Meet Me There Nick Mulvey","rel":"","context":"Dans &quot;DPC&quot;","block_context":{"text":"DPC","link":"https:\/\/www.wallendorff.com\/belogue\/category\/dpc\/"},"img":{"alt_text":"","src":"https:\/\/i0.wp.com\/www.wallendorff.com\/belogue\/wp-content\/uploads\/2015\/04\/201407161.jpg?resize=350%2C200&ssl=1","width":350,"height":200,"srcset":"https:\/\/i0.wp.com\/www.wallendorff.com\/belogue\/wp-content\/uploads\/2015\/04\/201407161.jpg?resize=350%2C200&ssl=1 1x, https:\/\/i0.wp.com\/www.wallendorff.com\/belogue\/wp-content\/uploads\/2015\/04\/201407161.jpg?resize=525%2C300&ssl=1 1.5x"},"classes":[]}],"_links":{"self":[{"href":"https:\/\/www.wallendorff.com\/belogue\/wp-json\/wp\/v2\/posts\/35903","targetHints":{"allow":["GET"]}}],"collection":[{"href":"https:\/\/www.wallendorff.com\/belogue\/wp-json\/wp\/v2\/posts"}],"about":[{"href":"https:\/\/www.wallendorff.com\/belogue\/wp-json\/wp\/v2\/types\/post"}],"author":[{"embeddable":true,"href":"https:\/\/www.wallendorff.com\/belogue\/wp-json\/wp\/v2\/users\/1"}],"replies":[{"embeddable":true,"href":"https:\/\/www.wallendorff.com\/belogue\/wp-json\/wp\/v2\/comments?post=35903"}],"version-history":[{"count":1,"href":"https:\/\/www.wallendorff.com\/belogue\/wp-json\/wp\/v2\/posts\/35903\/revisions"}],"predecessor-version":[{"id":35905,"href":"https:\/\/www.wallendorff.com\/belogue\/wp-json\/wp\/v2\/posts\/35903\/revisions\/35905"}],"wp:featuredmedia":[{"embeddable":true,"href":"https:\/\/www.wallendorff.com\/belogue\/wp-json\/wp\/v2\/media\/35904"}],"wp:attachment":[{"href":"https:\/\/www.wallendorff.com\/belogue\/wp-json\/wp\/v2\/media?parent=35903"}],"wp:term":[{"taxonomy":"category","embeddable":true,"href":"https:\/\/www.wallendorff.com\/belogue\/wp-json\/wp\/v2\/categories?post=35903"},{"taxonomy":"post_tag","embeddable":true,"href":"https:\/\/www.wallendorff.com\/belogue\/wp-json\/wp\/v2\/tags?post=35903"}],"curies":[{"name":"wp","href":"https:\/\/api.w.org\/{rel}","templated":true}]}}