{"id":35897,"date":"2017-09-25T10:51:54","date_gmt":"2017-09-25T08:51:54","guid":{"rendered":"http:\/\/www.wallendorff.com\/belogue\/?p=35897"},"modified":"2017-09-26T11:56:16","modified_gmt":"2017-09-26T09:56:16","slug":"la-playa-i","status":"publish","type":"post","link":"https:\/\/www.wallendorff.com\/belogue\/2017\/09\/25\/la-playa-i\/","title":{"rendered":"La playa [I]."},"content":{"rendered":"\n<div id=\"photo\">\n<p><img decoding=\"async\" src=\"https:\/\/www.wallendorff.com\/belogue\/wp-content\/uploads\/2017\/09\/20170925.jpg\"><br \/>\nLa Barceloneta, Barcelone, 23 juin.<\/p>\n<\/div>\n<div id=\"bandeson\">\n<p><img decoding=\"async\" src=\"https:\/\/www.wallendorff.com\/belogue\/photo\/pochettes\/s\/slotface-try_not_to_freak_out.jpg\" align=\"left\"><em>Sun Bleached<\/em><br \/>\n<a href=\"#\">Sl&oslash;tface<\/a><\/p>\n<\/div>\n","protected":false},"excerpt":{"rendered":"<p>La Barceloneta, Barcelone, 23 juin. Sun Bleached Sl&oslash;tface<\/p>\n","protected":false},"author":1,"featured_media":35898,"comment_status":"open","ping_status":"open","sticky":false,"template":"","format":"standard","meta":{"_acf_changed":false,"ngg_post_thumbnail":0,"jetpack_post_was_ever_published":false,"_jetpack_newsletter_access":"","_jetpack_dont_email_post_to_subs":false,"_jetpack_newsletter_tier_id":0,"_jetpack_memberships_contains_paywalled_content":false,"_jetpack_memberships_contains_paid_content":false,"footnotes":"","jetpack_publicize_message":"","jetpack_publicize_feature_enabled":true,"jetpack_social_post_already_shared":true,"jetpack_social_options":{"image_generator_settings":{"template":"highway","default_image_id":0,"font":"","enabled":false},"version":2}},"categories":[3],"tags":[13995,13733,8351,14002,10326,5382,14012,10483,14194,10714,14027,14195,14196],"class_list":["post-35897","post","type-post","status-publish","format-standard","has-post-thumbnail","hentry","category-dpc","tag-barcelone","tag-ef-28-mm-f1-8-usm","tag-eos-6d","tag-catalogne","tag-crepuscule","tag-espagne","tag-la-barceloneta","tag-mer","tag-mer-mediterranee","tag-plage","tag-province-de-barcelone","tag-slotface","tag-sun-bleached"],"acf":[],"geo":{"latitude":41.3770142,"longitude":2.1917348,"description":"Sant Andreu Salou (Pueblo), Cataluna, 17454, ES"},"jetpack_publicize_connections":[],"jetpack_featured_media_url":"https:\/\/www.wallendorff.com\/belogue\/wp-content\/uploads\/2017\/09\/20170925.jpg","jetpack_shortlink":"https:\/\/wp.me\/p3b35P-9kZ","jetpack_sharing_enabled":true,"jetpack-related-posts":[{"id":35916,"url":"https:\/\/www.wallendorff.com\/belogue\/2017\/10\/02\/contre-plongee-no-812\/","url_meta":{"origin":35897,"position":0},"title":"Contre-plong\u00e9e no 812.","author":"dpc","date":"2 octobre 2017","format":false,"excerpt":"Passatge del Credit, Barcelone, 25 juin. Backyard Sl\u00f8tface","rel":"","context":"Dans &quot;DPC&quot;","block_context":{"text":"DPC","link":"https:\/\/www.wallendorff.com\/belogue\/category\/dpc\/"},"img":{"alt_text":"","src":"https:\/\/i0.wp.com\/www.wallendorff.com\/belogue\/wp-content\/uploads\/2017\/10\/20171002.jpg?resize=350%2C200&ssl=1","width":350,"height":200,"srcset":"https:\/\/i0.wp.com\/www.wallendorff.com\/belogue\/wp-content\/uploads\/2017\/10\/20171002.jpg?resize=350%2C200&ssl=1 1x, https:\/\/i0.wp.com\/www.wallendorff.com\/belogue\/wp-content\/uploads\/2017\/10\/20171002.jpg?resize=525%2C300&ssl=1 1.5x, https:\/\/i0.wp.com\/www.wallendorff.com\/belogue\/wp-content\/uploads\/2017\/10\/20171002.jpg?resize=700%2C400&ssl=1 2x"},"classes":[]},{"id":35903,"url":"https:\/\/www.wallendorff.com\/belogue\/2017\/09\/26\/la-playa-ii\/","url_meta":{"origin":35897,"position":1},"title":"La playa [II].","author":"dpc","date":"26 septembre 2017","format":false,"excerpt":"La Barceloneta, Barcelone, 24 juin. Unconditional Nick Mulvey","rel":"","context":"Dans &quot;DPC&quot;","block_context":{"text":"DPC","link":"https:\/\/www.wallendorff.com\/belogue\/category\/dpc\/"},"img":{"alt_text":"","src":"https:\/\/i0.wp.com\/www.wallendorff.com\/belogue\/wp-content\/uploads\/2017\/09\/20170926.jpg?resize=350%2C200&ssl=1","width":350,"height":200,"srcset":"https:\/\/i0.wp.com\/www.wallendorff.com\/belogue\/wp-content\/uploads\/2017\/09\/20170926.jpg?resize=350%2C200&ssl=1 1x, https:\/\/i0.wp.com\/www.wallendorff.com\/belogue\/wp-content\/uploads\/2017\/09\/20170926.jpg?resize=525%2C300&ssl=1 1.5x, https:\/\/i0.wp.com\/www.wallendorff.com\/belogue\/wp-content\/uploads\/2017\/09\/20170926.jpg?resize=700%2C400&ssl=1 2x"},"classes":[]},{"id":36191,"url":"https:\/\/www.wallendorff.com\/belogue\/2017\/10\/29\/slotface-mnnqns-la-boule-noire-paris\/","url_meta":{"origin":35897,"position":2},"title":"Sl\u00f8tface + MNNQNS @ la Boule Noire, Paris.","author":"dpc","date":"29 octobre 2017","format":false,"excerpt":"Magazine Sl\u00f8tface MNNQNS Sl\u00f8tface","rel":"","context":"Dans &quot;Alive&quot;","block_context":{"text":"Alive","link":"https:\/\/www.wallendorff.com\/belogue\/category\/alive\/"},"img":{"alt_text":"","src":"https:\/\/i0.wp.com\/www.wallendorff.com\/belogue\/wp-content\/uploads\/2017\/10\/20171028-11.jpg?resize=350%2C200&ssl=1","width":350,"height":200,"srcset":"https:\/\/i0.wp.com\/www.wallendorff.com\/belogue\/wp-content\/uploads\/2017\/10\/20171028-11.jpg?resize=350%2C200&ssl=1 1x, https:\/\/i0.wp.com\/www.wallendorff.com\/belogue\/wp-content\/uploads\/2017\/10\/20171028-11.jpg?resize=525%2C300&ssl=1 1.5x, https:\/\/i0.wp.com\/www.wallendorff.com\/belogue\/wp-content\/uploads\/2017\/10\/20171028-11.jpg?resize=700%2C400&ssl=1 2x"},"classes":[]},{"id":34539,"url":"https:\/\/www.wallendorff.com\/belogue\/2017\/06\/30\/juin-2017\/","url_meta":{"origin":35897,"position":3},"title":"Juin 2017.","author":"dpc","date":"30 juin 2017","format":false,"excerpt":"Un atterrissage, un train, un mariage, une ruelle, un train, un coucher de soleil, une soir\u00e9e, une affiche, un festival, un num\u00e9ro, un concert, un concert, un num\u00e9ro, un chat pr\u00e9nomm\u00e9 Ganesh, une expo, un avion, un bateau, un vingti\u00e8me anniversaire, une plage, un carrelage, une bo\u00eete de nuit, une\u2026","rel":"","context":"Dans &quot;Blog-note&quot;","block_context":{"text":"Blog-note","link":"https:\/\/www.wallendorff.com\/belogue\/category\/blog-note\/"},"img":{"alt_text":"","src":"https:\/\/i0.wp.com\/www.wallendorff.com\/belogue\/wp-content\/uploads\/2017\/07\/20170724-56.jpg?resize=350%2C200&ssl=1","width":350,"height":200,"srcset":"https:\/\/i0.wp.com\/www.wallendorff.com\/belogue\/wp-content\/uploads\/2017\/07\/20170724-56.jpg?resize=350%2C200&ssl=1 1x, https:\/\/i0.wp.com\/www.wallendorff.com\/belogue\/wp-content\/uploads\/2017\/07\/20170724-56.jpg?resize=525%2C300&ssl=1 1.5x, https:\/\/i0.wp.com\/www.wallendorff.com\/belogue\/wp-content\/uploads\/2017\/07\/20170724-56.jpg?resize=700%2C400&ssl=1 2x"},"classes":[]},{"id":44469,"url":"https:\/\/www.wallendorff.com\/belogue\/2019\/11\/30\/novembre-2019\/","url_meta":{"origin":35897,"position":4},"title":"Novembre 2019.","author":"dpc","date":"30 novembre 2019","format":false,"excerpt":"Des fromages, une abbaye, un fort, des \u00e9tiquettes, une frite, un mariage, un a\u00e9roport, un avion, une chambre, un pont, une ruelle, une citrouille, une statue, une fresque, un gratte-ciel, une citrouille, une statue, une statue, un gratte-ciel, un m\u00e9tro, une avenue, une patinoire, un di\u0161quaire, un match, une citrouille,\u2026","rel":"","context":"Dans &quot;Blog-note&quot;","block_context":{"text":"Blog-note","link":"https:\/\/www.wallendorff.com\/belogue\/category\/blog-note\/"},"img":{"alt_text":"","src":"https:\/\/i0.wp.com\/www.wallendorff.com\/belogue\/wp-content\/uploads\/2019\/12\/20191220-11.jpg?resize=350%2C200&ssl=1","width":350,"height":200,"srcset":"https:\/\/i0.wp.com\/www.wallendorff.com\/belogue\/wp-content\/uploads\/2019\/12\/20191220-11.jpg?resize=350%2C200&ssl=1 1x, https:\/\/i0.wp.com\/www.wallendorff.com\/belogue\/wp-content\/uploads\/2019\/12\/20191220-11.jpg?resize=525%2C300&ssl=1 1.5x, https:\/\/i0.wp.com\/www.wallendorff.com\/belogue\/wp-content\/uploads\/2019\/12\/20191220-11.jpg?resize=700%2C400&ssl=1 2x, https:\/\/i0.wp.com\/www.wallendorff.com\/belogue\/wp-content\/uploads\/2019\/12\/20191220-11.jpg?resize=1050%2C600&ssl=1 3x"},"classes":[]},{"id":44460,"url":"https:\/\/www.wallendorff.com\/belogue\/2019\/12\/16\/sans-maitre-nuages-libres-2\/","url_meta":{"origin":35897,"position":5},"title":"Sans ma\u00eetre, nuages libres.","author":"dpc","date":"16 d\u00e9cembre 2019","format":false,"excerpt":"Quelque part au-dessus du Valais, 8 septembre 2019. Un A321 de la Lufthansa assurant un Barcelone \u2013 Francfort, crois\u00e9 au-dessus de Vercorin. [J'aurais aim\u00e9 pouvoir vous en dire plus, mais m\u00eame en zoumant tr\u00e8s fort je n'arrive pas \u00e0 voir la couleur du slip du commandant de bord.] Waterphone Seabear","rel":"","context":"Dans &quot;DPC&quot;","block_context":{"text":"DPC","link":"https:\/\/www.wallendorff.com\/belogue\/category\/dpc\/"},"img":{"alt_text":"","src":"https:\/\/i0.wp.com\/www.wallendorff.com\/belogue\/wp-content\/uploads\/2019\/12\/20191216.jpg?resize=350%2C200&ssl=1","width":350,"height":200,"srcset":"https:\/\/i0.wp.com\/www.wallendorff.com\/belogue\/wp-content\/uploads\/2019\/12\/20191216.jpg?resize=350%2C200&ssl=1 1x, https:\/\/i0.wp.com\/www.wallendorff.com\/belogue\/wp-content\/uploads\/2019\/12\/20191216.jpg?resize=525%2C300&ssl=1 1.5x, https:\/\/i0.wp.com\/www.wallendorff.com\/belogue\/wp-content\/uploads\/2019\/12\/20191216.jpg?resize=700%2C400&ssl=1 2x, https:\/\/i0.wp.com\/www.wallendorff.com\/belogue\/wp-content\/uploads\/2019\/12\/20191216.jpg?resize=1050%2C600&ssl=1 3x"},"classes":[]}],"_links":{"self":[{"href":"https:\/\/www.wallendorff.com\/belogue\/wp-json\/wp\/v2\/posts\/35897","targetHints":{"allow":["GET"]}}],"collection":[{"href":"https:\/\/www.wallendorff.com\/belogue\/wp-json\/wp\/v2\/posts"}],"about":[{"href":"https:\/\/www.wallendorff.com\/belogue\/wp-json\/wp\/v2\/types\/post"}],"author":[{"embeddable":true,"href":"https:\/\/www.wallendorff.com\/belogue\/wp-json\/wp\/v2\/users\/1"}],"replies":[{"embeddable":true,"href":"https:\/\/www.wallendorff.com\/belogue\/wp-json\/wp\/v2\/comments?post=35897"}],"version-history":[{"count":3,"href":"https:\/\/www.wallendorff.com\/belogue\/wp-json\/wp\/v2\/posts\/35897\/revisions"}],"predecessor-version":[{"id":35901,"href":"https:\/\/www.wallendorff.com\/belogue\/wp-json\/wp\/v2\/posts\/35897\/revisions\/35901"}],"wp:featuredmedia":[{"embeddable":true,"href":"https:\/\/www.wallendorff.com\/belogue\/wp-json\/wp\/v2\/media\/35898"}],"wp:attachment":[{"href":"https:\/\/www.wallendorff.com\/belogue\/wp-json\/wp\/v2\/media?parent=35897"}],"wp:term":[{"taxonomy":"category","embeddable":true,"href":"https:\/\/www.wallendorff.com\/belogue\/wp-json\/wp\/v2\/categories?post=35897"},{"taxonomy":"post_tag","embeddable":true,"href":"https:\/\/www.wallendorff.com\/belogue\/wp-json\/wp\/v2\/tags?post=35897"}],"curies":[{"name":"wp","href":"https:\/\/api.w.org\/{rel}","templated":true}]}}