{"id":35892,"date":"2017-09-22T13:47:20","date_gmt":"2017-09-22T11:47:20","guid":{"rendered":"http:\/\/www.wallendorff.com\/belogue\/?p=35892"},"modified":"2018-05-23T08:02:16","modified_gmt":"2018-05-23T06:02:16","slug":"gravit-cimes","status":"publish","type":"post","link":"https:\/\/www.wallendorff.com\/belogue\/2017\/09\/22\/gravit-cimes\/","title":{"rendered":"Gravit cimes."},"content":{"rendered":"\n<div id=\"photo\">\n<p><img decoding=\"async\" src=\"https:\/\/www.wallendorff.com\/belogue\/wp-content\/uploads\/2017\/09\/20170922.jpg\"><br \/>\nH&ocirc;tel de Soubise, Paris, 17 juin.<\/p>\n<\/div>\n<div id=\"bandeson\">\n<p><img decoding=\"async\" src=\"https:\/\/www.wallendorff.com\/belogue\/photo\/pochettes\/a\/auerbach_dan-waiting_on_a_song.jpg\" align=\"left\"><a id=\"lienmp3\" style=\"font-weight: normal;\" href=\"http:\/\/www.youtube.com\/watch?v=y9mTXs7Bpus\"><em>Livin&rsquo; in Sin<\/em><\/a><br \/><a href=\"#\">Dan Auerbach<\/a><\/p>\n<\/div>\n","protected":false},"excerpt":{"rendered":"<p>H&ocirc;tel de Soubise, Paris, 17 juin. Livin&rsquo; in SinDan Auerbach<\/p>\n","protected":false},"author":1,"featured_media":35893,"comment_status":"open","ping_status":"open","sticky":false,"template":"","format":"standard","meta":{"_acf_changed":false,"ngg_post_thumbnail":0,"jetpack_post_was_ever_published":false,"_jetpack_newsletter_access":"","_jetpack_dont_email_post_to_subs":false,"_jetpack_newsletter_tier_id":0,"_jetpack_memberships_contains_paywalled_content":false,"_jetpack_memberships_contains_paid_content":false,"footnotes":"","jetpack_publicize_message":"","jetpack_publicize_feature_enabled":true,"jetpack_social_post_already_shared":true,"jetpack_social_options":{"image_generator_settings":{"template":"highway","default_image_id":0,"font":"","enabled":false},"version":2}},"categories":[3],"tags":[10277,14192,8351,10511,10311,10210,10120,10589,12139,10828,10121,14193,10098,12043,8243,14397],"class_list":["post-35892","post","type-post","status-publish","format-standard","has-post-thumbnail","hentry","category-dpc","tag-10277","tag-archives-nationales","tag-eos-6d","tag-dan-auerbach","tag-dos","tag-escalier","tag-france","tag-homme","tag-hotel-de-soubise","tag-hotel-particulier","tag-ile-de-france","tag-livin-in-sin","tag-paris","tag-rue-des-francs-bourgeois","tag-sigma-15-mm-f2-8-ex-dg-diagonal-fish-eye","tag-waiting-on-a-song-album"],"acf":[],"geo":{"latitude":48.8603859,"longitude":2.3579969,"description":"Paris 03, \u00cele-de-France, 75003, FR"},"jetpack_publicize_connections":[],"jetpack_featured_media_url":"https:\/\/www.wallendorff.com\/belogue\/wp-content\/uploads\/2017\/09\/20170922.jpg","jetpack_shortlink":"https:\/\/wp.me\/p3b35P-9kU","jetpack_sharing_enabled":true,"jetpack-related-posts":[{"id":35889,"url":"https:\/\/www.wallendorff.com\/belogue\/2017\/09\/20\/enfant-de-salon\/","url_meta":{"origin":35892,"position":0},"title":"Enfant de salon.","author":"dpc","date":"20 septembre 2017","format":false,"excerpt":"H\u00f4tel de Soubise, Paris, 17 juin. Turtleneck The National","rel":"","context":"Dans &quot;DPC&quot;","block_context":{"text":"DPC","link":"https:\/\/www.wallendorff.com\/belogue\/category\/dpc\/"},"img":{"alt_text":"","src":"https:\/\/i0.wp.com\/www.wallendorff.com\/belogue\/wp-content\/uploads\/2017\/09\/20170920.jpg?resize=350%2C200&ssl=1","width":350,"height":200,"srcset":"https:\/\/i0.wp.com\/www.wallendorff.com\/belogue\/wp-content\/uploads\/2017\/09\/20170920.jpg?resize=350%2C200&ssl=1 1x, https:\/\/i0.wp.com\/www.wallendorff.com\/belogue\/wp-content\/uploads\/2017\/09\/20170920.jpg?resize=525%2C300&ssl=1 1.5x"},"classes":[]},{"id":3848,"url":"https:\/\/www.wallendorff.com\/belogue\/2009\/01\/28\/im-a-crypte-i-meus-verte-eau\/","url_meta":{"origin":35892,"position":1},"title":"I&rsquo;m a crypte, I meus verte eau1.","author":"dpc","date":"28 janvier 2009","format":false,"excerpt":"Cimeti\u00e8re du P\u00e8re-Lachaise, Paris, 4 janvier. Dan Auerbach \u2013 The Prowl Creep qui, avec Seven Nation Army, figure parmi ces morceaux que tout le monde aime sauf moi, sans que je puisse l'expliquer. [Dieu que tout cela est encore follement int\u00e9ressant.] _____ 1 Je sais, je devrais avoir honte de\u2026","rel":"","context":"Dans &quot;DPC&quot;","block_context":{"text":"DPC","link":"https:\/\/www.wallendorff.com\/belogue\/category\/dpc\/"},"img":{"alt_text":"","src":"https:\/\/i0.wp.com\/www.wallendorff.com\/belogue\/wp-content\/uploads\/2015\/04\/200901281.jpg?resize=350%2C200&ssl=1","width":350,"height":200},"classes":[]},{"id":34346,"url":"https:\/\/www.wallendorff.com\/belogue\/2017\/06\/23\/into-the-wide-102\/","url_meta":{"origin":35892,"position":2},"title":"Into the wide #102.","author":"dpc","date":"23 juin 2017","format":false,"excerpt":"Rosenkrantz' gate, Oslo, 6 mai. Cherrybomb Dan Auerbach","rel":"","context":"Dans &quot;Into the wide&quot;","block_context":{"text":"Into the wide","link":"https:\/\/www.wallendorff.com\/belogue\/category\/into-the-wide\/"},"img":{"alt_text":"","src":"https:\/\/i0.wp.com\/www.wallendorff.com\/belogue\/wp-content\/uploads\/2017\/06\/20170623.jpg?resize=350%2C200&ssl=1","width":350,"height":200,"srcset":"https:\/\/i0.wp.com\/www.wallendorff.com\/belogue\/wp-content\/uploads\/2017\/06\/20170623.jpg?resize=350%2C200&ssl=1 1x, https:\/\/i0.wp.com\/www.wallendorff.com\/belogue\/wp-content\/uploads\/2017\/06\/20170623.jpg?resize=525%2C300&ssl=1 1.5x, https:\/\/i0.wp.com\/www.wallendorff.com\/belogue\/wp-content\/uploads\/2017\/06\/20170623.jpg?resize=700%2C400&ssl=1 2x, https:\/\/i0.wp.com\/www.wallendorff.com\/belogue\/wp-content\/uploads\/2017\/06\/20170623.jpg?resize=1050%2C600&ssl=1 3x"},"classes":[]},{"id":34126,"url":"https:\/\/www.wallendorff.com\/belogue\/2017\/06\/01\/greve-de-la-fin-2\/","url_meta":{"origin":35892,"position":3},"title":"Gr\u00e8ve de la fin.","author":"dpc","date":"1 juin 2017","format":false,"excerpt":"Phare d'Eckm\u00fchl, Penmac'h, 14 avril. Shine on Me Dan Auerbach","rel":"","context":"Dans &quot;DPC&quot;","block_context":{"text":"DPC","link":"https:\/\/www.wallendorff.com\/belogue\/category\/dpc\/"},"img":{"alt_text":"","src":"https:\/\/i0.wp.com\/www.wallendorff.com\/belogue\/wp-content\/uploads\/2017\/06\/20170601.jpg?resize=350%2C200&ssl=1","width":350,"height":200,"srcset":"https:\/\/i0.wp.com\/www.wallendorff.com\/belogue\/wp-content\/uploads\/2017\/06\/20170601.jpg?resize=350%2C200&ssl=1 1x, https:\/\/i0.wp.com\/www.wallendorff.com\/belogue\/wp-content\/uploads\/2017\/06\/20170601.jpg?resize=525%2C300&ssl=1 1.5x, https:\/\/i0.wp.com\/www.wallendorff.com\/belogue\/wp-content\/uploads\/2017\/06\/20170601.jpg?resize=700%2C400&ssl=1 2x"},"classes":[]},{"id":906,"url":"https:\/\/www.wallendorff.com\/belogue\/2007\/03\/02\/the-black-keys-la-cigale-paris\/","url_meta":{"origin":35892,"position":4},"title":"The Black Keys @ la Cigale, Paris.","author":"dpc","date":"2 mars 2007","format":false,"excerpt":"Bi\u00e8res perdues, cheveux gras \u00e0 perte de vue. Au milieu le duo d'Akron, Ohio, sorte de White Stripes en moins bicolore et moins mammaire. Pendant une heure, Auerbach et Carney d\u00e9roulent un blues bien bien roots qui suinte bon le garage \u2015\u00a0enfin plut\u00f4t l'usine \u00e0 pneus d\u00e9saffect\u00e9e, pour \u00eatre pr\u00e9cis,\u2026","rel":"","context":"Dans &quot;Alive&quot;","block_context":{"text":"Alive","link":"https:\/\/www.wallendorff.com\/belogue\/category\/alive\/"},"img":{"alt_text":"","src":"https:\/\/i0.wp.com\/www.wallendorff.com\/belogue\/wp-content\/uploads\/2015\/04\/200703021.jpg?resize=350%2C200&ssl=1","width":350,"height":200,"srcset":"https:\/\/i0.wp.com\/www.wallendorff.com\/belogue\/wp-content\/uploads\/2015\/04\/200703021.jpg?resize=350%2C200&ssl=1 1x, https:\/\/i0.wp.com\/www.wallendorff.com\/belogue\/wp-content\/uploads\/2015\/04\/200703021.jpg?resize=525%2C300&ssl=1 1.5x, https:\/\/i0.wp.com\/www.wallendorff.com\/belogue\/wp-content\/uploads\/2015\/04\/200703021.jpg?resize=700%2C400&ssl=1 2x"},"classes":[]},{"id":49918,"url":"https:\/\/www.wallendorff.com\/belogue\/2021\/10\/31\/octobre-2021\/","url_meta":{"origin":35892,"position":5},"title":"Octobre 2021.","author":"dpc","date":"31 octobre 2021","format":false,"excerpt":"Un train, un resto, un spectacle, une passerelle, un spectacle, une bo\u00eete, un bar, un nuage, un lac, un train, un coucher de soleil, une lecture, un buste, un clocher, un ap\u00e9ro, un RER, un a\u00e9roport, un avion, un a\u00e9roport, un hurling, un handball ga\u00e9lique, un pub, un mur, un\u2026","rel":"","context":"Dans &quot;Blog-note&quot;","block_context":{"text":"Blog-note","link":"https:\/\/www.wallendorff.com\/belogue\/category\/blog-note\/"},"img":{"alt_text":"","src":"https:\/\/i0.wp.com\/www.wallendorff.com\/belogue\/wp-content\/uploads\/2021\/11\/20211115-60.jpg?resize=350%2C200&ssl=1","width":350,"height":200,"srcset":"https:\/\/i0.wp.com\/www.wallendorff.com\/belogue\/wp-content\/uploads\/2021\/11\/20211115-60.jpg?resize=350%2C200&ssl=1 1x, https:\/\/i0.wp.com\/www.wallendorff.com\/belogue\/wp-content\/uploads\/2021\/11\/20211115-60.jpg?resize=525%2C300&ssl=1 1.5x, https:\/\/i0.wp.com\/www.wallendorff.com\/belogue\/wp-content\/uploads\/2021\/11\/20211115-60.jpg?resize=700%2C400&ssl=1 2x, https:\/\/i0.wp.com\/www.wallendorff.com\/belogue\/wp-content\/uploads\/2021\/11\/20211115-60.jpg?resize=1050%2C600&ssl=1 3x"},"classes":[]}],"_links":{"self":[{"href":"https:\/\/www.wallendorff.com\/belogue\/wp-json\/wp\/v2\/posts\/35892","targetHints":{"allow":["GET"]}}],"collection":[{"href":"https:\/\/www.wallendorff.com\/belogue\/wp-json\/wp\/v2\/posts"}],"about":[{"href":"https:\/\/www.wallendorff.com\/belogue\/wp-json\/wp\/v2\/types\/post"}],"author":[{"embeddable":true,"href":"https:\/\/www.wallendorff.com\/belogue\/wp-json\/wp\/v2\/users\/1"}],"replies":[{"embeddable":true,"href":"https:\/\/www.wallendorff.com\/belogue\/wp-json\/wp\/v2\/comments?post=35892"}],"version-history":[{"count":3,"href":"https:\/\/www.wallendorff.com\/belogue\/wp-json\/wp\/v2\/posts\/35892\/revisions"}],"predecessor-version":[{"id":35896,"href":"https:\/\/www.wallendorff.com\/belogue\/wp-json\/wp\/v2\/posts\/35892\/revisions\/35896"}],"wp:featuredmedia":[{"embeddable":true,"href":"https:\/\/www.wallendorff.com\/belogue\/wp-json\/wp\/v2\/media\/35893"}],"wp:attachment":[{"href":"https:\/\/www.wallendorff.com\/belogue\/wp-json\/wp\/v2\/media?parent=35892"}],"wp:term":[{"taxonomy":"category","embeddable":true,"href":"https:\/\/www.wallendorff.com\/belogue\/wp-json\/wp\/v2\/categories?post=35892"},{"taxonomy":"post_tag","embeddable":true,"href":"https:\/\/www.wallendorff.com\/belogue\/wp-json\/wp\/v2\/tags?post=35892"}],"curies":[{"name":"wp","href":"https:\/\/api.w.org\/{rel}","templated":true}]}}