{"id":35889,"date":"2017-09-20T11:06:56","date_gmt":"2017-09-20T09:06:56","guid":{"rendered":"http:\/\/www.wallendorff.com\/belogue\/?p=35889"},"modified":"2018-05-23T08:02:16","modified_gmt":"2018-05-23T06:02:16","slug":"enfant-de-salon","status":"publish","type":"post","link":"https:\/\/www.wallendorff.com\/belogue\/2017\/09\/20\/enfant-de-salon\/","title":{"rendered":"Enfant de salon."},"content":{"rendered":"\n<div id=\"photo\">\n<p><img decoding=\"async\" src=\"https:\/\/www.wallendorff.com\/belogue\/wp-content\/uploads\/2017\/09\/20170920.jpg\"><br \/>\nH&ocirc;tel de Soubise, Paris, 17 juin.<\/p>\n<\/div>\n<div id=\"bandeson\">\n<p><img decoding=\"async\" src=\"https:\/\/www.wallendorff.com\/belogue\/photo\/pochettes\/n\/national_the-sleep_well_beast.jpg\" align=\"left\" \/><a style=\"font-weight:normal\" id=\"lienmp3\" href=\"http:\/\/www.youtube.com\/watch?v=7tbHBjDvGPM\"><em>Turtleneck<\/em><\/a><br \/>\n<a href=\"http:\/\/americanmary.com\/\">The National<\/a><\/p>\n<\/div>\n","protected":false},"excerpt":{"rendered":"<p>H&ocirc;tel de Soubise, Paris, 17 juin. Turtleneck The National<\/p>\n","protected":false},"author":1,"featured_media":35890,"comment_status":"open","ping_status":"open","sticky":false,"template":"","format":"standard","meta":{"_acf_changed":false,"ngg_post_thumbnail":0,"jetpack_post_was_ever_published":false,"_jetpack_newsletter_access":"","_jetpack_dont_email_post_to_subs":false,"_jetpack_newsletter_tier_id":0,"_jetpack_memberships_contains_paywalled_content":false,"_jetpack_memberships_contains_paid_content":false,"footnotes":"","jetpack_publicize_message":"","jetpack_publicize_feature_enabled":true,"jetpack_social_post_already_shared":true,"jetpack_social_options":{"image_generator_settings":{"template":"highway","default_image_id":0,"font":"","enabled":false},"version":2}},"categories":[3],"tags":[10277,8351,10311,10120,12139,10828,10121,10684,143,10098,12043,10686,8243,10252,14191],"class_list":["post-35889","post","type-post","status-publish","format-standard","has-post-thumbnail","hentry","category-dpc","tag-10277","tag-eos-6d","tag-dos","tag-france","tag-hotel-de-soubise","tag-hotel-particulier","tag-ile-de-france","tag-lustre","tag-noir-et-blanc","tag-paris","tag-rue-des-francs-bourgeois","tag-salon","tag-sigma-15-mm-f2-8-ex-dg-diagonal-fish-eye","tag-the-national","tag-turtleneck"],"acf":[],"geo":{"latitude":48.8607635,"longitude":2.3581874,"description":"Paris 03, \u00cele-de-France, 75003, FR"},"jetpack_publicize_connections":[],"jetpack_featured_media_url":"https:\/\/www.wallendorff.com\/belogue\/wp-content\/uploads\/2017\/09\/20170920.jpg","jetpack_shortlink":"https:\/\/wp.me\/p3b35P-9kR","jetpack_sharing_enabled":true,"jetpack-related-posts":[{"id":35892,"url":"https:\/\/www.wallendorff.com\/belogue\/2017\/09\/22\/gravit-cimes\/","url_meta":{"origin":35889,"position":0},"title":"Gravit cimes.","author":"dpc","date":"22 septembre 2017","format":false,"excerpt":"H\u00f4tel de Soubise, Paris, 17 juin. Livin' in SinDan Auerbach","rel":"","context":"Dans &quot;DPC&quot;","block_context":{"text":"DPC","link":"https:\/\/www.wallendorff.com\/belogue\/category\/dpc\/"},"img":{"alt_text":"","src":"https:\/\/i0.wp.com\/www.wallendorff.com\/belogue\/wp-content\/uploads\/2017\/09\/20170922.jpg?resize=350%2C200&ssl=1","width":350,"height":200,"srcset":"https:\/\/i0.wp.com\/www.wallendorff.com\/belogue\/wp-content\/uploads\/2017\/09\/20170922.jpg?resize=350%2C200&ssl=1 1x, https:\/\/i0.wp.com\/www.wallendorff.com\/belogue\/wp-content\/uploads\/2017\/09\/20170922.jpg?resize=525%2C300&ssl=1 1.5x"},"classes":[]},{"id":49918,"url":"https:\/\/www.wallendorff.com\/belogue\/2021\/10\/31\/octobre-2021\/","url_meta":{"origin":35889,"position":1},"title":"Octobre 2021.","author":"dpc","date":"31 octobre 2021","format":false,"excerpt":"Un train, un resto, un spectacle, une passerelle, un spectacle, une bo\u00eete, un bar, un nuage, un lac, un train, un coucher de soleil, une lecture, un buste, un clocher, un ap\u00e9ro, un RER, un a\u00e9roport, un avion, un a\u00e9roport, un hurling, un handball ga\u00e9lique, un pub, un mur, un\u2026","rel":"","context":"Dans &quot;Blog-note&quot;","block_context":{"text":"Blog-note","link":"https:\/\/www.wallendorff.com\/belogue\/category\/blog-note\/"},"img":{"alt_text":"","src":"https:\/\/i0.wp.com\/www.wallendorff.com\/belogue\/wp-content\/uploads\/2021\/11\/20211115-60.jpg?resize=350%2C200&ssl=1","width":350,"height":200,"srcset":"https:\/\/i0.wp.com\/www.wallendorff.com\/belogue\/wp-content\/uploads\/2021\/11\/20211115-60.jpg?resize=350%2C200&ssl=1 1x, https:\/\/i0.wp.com\/www.wallendorff.com\/belogue\/wp-content\/uploads\/2021\/11\/20211115-60.jpg?resize=525%2C300&ssl=1 1.5x, https:\/\/i0.wp.com\/www.wallendorff.com\/belogue\/wp-content\/uploads\/2021\/11\/20211115-60.jpg?resize=700%2C400&ssl=1 2x, https:\/\/i0.wp.com\/www.wallendorff.com\/belogue\/wp-content\/uploads\/2021\/11\/20211115-60.jpg?resize=1050%2C600&ssl=1 3x"},"classes":[]},{"id":23369,"url":"https:\/\/www.wallendorff.com\/belogue\/2014\/08\/31\/aout-2014\/","url_meta":{"origin":35889,"position":2},"title":"Ao\u00fbt 2014.","author":"dpc","date":"31 ao\u00fbt 2014","format":false,"excerpt":"Un test \u00e0 l'aveugle \u00e0 cornes, un avion, des bi\u00e8res et des saucisses au curry, un gros nours, des allers-retours en schnellbahn, un mur, des puces, un mus\u00e9e, David Hasselhoff, un avion, Montmartre \u00e0 l'aube, un b\u00e9b\u00e9, des mains, une autoroutes, des portraits de gens qui signent, des portraits de\u2026","rel":"","context":"Dans &quot;Blog-note&quot;","block_context":{"text":"Blog-note","link":"https:\/\/www.wallendorff.com\/belogue\/category\/blog-note\/"},"img":{"alt_text":"","src":"https:\/\/i0.wp.com\/www.wallendorff.com\/belogue\/wp-content\/uploads\/2015\/04\/20140919-261.jpg?resize=350%2C200&ssl=1","width":350,"height":200,"srcset":"https:\/\/i0.wp.com\/www.wallendorff.com\/belogue\/wp-content\/uploads\/2015\/04\/20140919-261.jpg?resize=350%2C200&ssl=1 1x, https:\/\/i0.wp.com\/www.wallendorff.com\/belogue\/wp-content\/uploads\/2015\/04\/20140919-261.jpg?resize=525%2C300&ssl=1 1.5x, https:\/\/i0.wp.com\/www.wallendorff.com\/belogue\/wp-content\/uploads\/2015\/04\/20140919-261.jpg?resize=700%2C400&ssl=1 2x"},"classes":[]},{"id":19777,"url":"https:\/\/www.wallendorff.com\/belogue\/2012\/12\/16\/benoit-siege\/","url_meta":{"origin":35889,"position":3},"title":"Beno\u00eet si\u00e8ge.","author":"dpc","date":"16 d\u00e9cembre 2012","format":false,"excerpt":"H\u00f4tel de la Tr\u00e9moille, Paris, 15 septembre. The White Stripes \u2013 The Hardest Button to Button (Beck remix)","rel":"","context":"Dans &quot;DPC&quot;","block_context":{"text":"DPC","link":"https:\/\/www.wallendorff.com\/belogue\/category\/dpc\/"},"img":{"alt_text":"","src":"https:\/\/i0.wp.com\/www.wallendorff.com\/belogue\/wp-content\/uploads\/2015\/04\/201212161.jpg?resize=350%2C200&ssl=1","width":350,"height":200,"srcset":"https:\/\/i0.wp.com\/www.wallendorff.com\/belogue\/wp-content\/uploads\/2015\/04\/201212161.jpg?resize=350%2C200&ssl=1 1x, https:\/\/i0.wp.com\/www.wallendorff.com\/belogue\/wp-content\/uploads\/2015\/04\/201212161.jpg?resize=525%2C300&ssl=1 1.5x"},"classes":[]},{"id":19800,"url":"https:\/\/www.wallendorff.com\/belogue\/2012\/12\/19\/ovale-marque-ohe-ohe\/","url_meta":{"origin":35889,"position":4},"title":"Ovale marqu\u00e9. [oh\u00e9, oh\u00e9.]","author":"dpc","date":"19 d\u00e9cembre 2012","format":false,"excerpt":"H\u00f4tel de Salm, Paris, 16 septembre. \u00a0The Raveonettes \u2013 Young and Cold","rel":"","context":"Dans &quot;DPC&quot;","block_context":{"text":"DPC","link":"https:\/\/www.wallendorff.com\/belogue\/category\/dpc\/"},"img":{"alt_text":"","src":"https:\/\/i0.wp.com\/www.wallendorff.com\/belogue\/wp-content\/uploads\/2015\/04\/201212191.jpg?resize=350%2C200&ssl=1","width":350,"height":200,"srcset":"https:\/\/i0.wp.com\/www.wallendorff.com\/belogue\/wp-content\/uploads\/2015\/04\/201212191.jpg?resize=350%2C200&ssl=1 1x, https:\/\/i0.wp.com\/www.wallendorff.com\/belogue\/wp-content\/uploads\/2015\/04\/201212191.jpg?resize=525%2C300&ssl=1 1.5x, https:\/\/i0.wp.com\/www.wallendorff.com\/belogue\/wp-content\/uploads\/2015\/04\/201212191.jpg?resize=700%2C400&ssl=1 2x"},"classes":[]},{"id":33370,"url":"https:\/\/www.wallendorff.com\/belogue\/2017\/01\/09\/lun-portant-sept-parts-dissipees\/","url_meta":{"origin":35889,"position":5},"title":"L&rsquo;un portant sept parts dissip\u00e9es.","author":"dpc","date":"9 janvier 2017","format":false,"excerpt":"H\u00f4tel Bl\u00e9mont, Paris, 18 septembre 2016. Just so Agnes Obel","rel":"","context":"Dans &quot;DPC&quot;","block_context":{"text":"DPC","link":"https:\/\/www.wallendorff.com\/belogue\/category\/dpc\/"},"img":{"alt_text":"","src":"https:\/\/i0.wp.com\/www.wallendorff.com\/belogue\/wp-content\/uploads\/2017\/01\/20170109.jpg?resize=350%2C200&ssl=1","width":350,"height":200,"srcset":"https:\/\/i0.wp.com\/www.wallendorff.com\/belogue\/wp-content\/uploads\/2017\/01\/20170109.jpg?resize=350%2C200&ssl=1 1x, https:\/\/i0.wp.com\/www.wallendorff.com\/belogue\/wp-content\/uploads\/2017\/01\/20170109.jpg?resize=525%2C300&ssl=1 1.5x, https:\/\/i0.wp.com\/www.wallendorff.com\/belogue\/wp-content\/uploads\/2017\/01\/20170109.jpg?resize=700%2C400&ssl=1 2x"},"classes":[]}],"_links":{"self":[{"href":"https:\/\/www.wallendorff.com\/belogue\/wp-json\/wp\/v2\/posts\/35889","targetHints":{"allow":["GET"]}}],"collection":[{"href":"https:\/\/www.wallendorff.com\/belogue\/wp-json\/wp\/v2\/posts"}],"about":[{"href":"https:\/\/www.wallendorff.com\/belogue\/wp-json\/wp\/v2\/types\/post"}],"author":[{"embeddable":true,"href":"https:\/\/www.wallendorff.com\/belogue\/wp-json\/wp\/v2\/users\/1"}],"replies":[{"embeddable":true,"href":"https:\/\/www.wallendorff.com\/belogue\/wp-json\/wp\/v2\/comments?post=35889"}],"version-history":[{"count":1,"href":"https:\/\/www.wallendorff.com\/belogue\/wp-json\/wp\/v2\/posts\/35889\/revisions"}],"predecessor-version":[{"id":35891,"href":"https:\/\/www.wallendorff.com\/belogue\/wp-json\/wp\/v2\/posts\/35889\/revisions\/35891"}],"wp:featuredmedia":[{"embeddable":true,"href":"https:\/\/www.wallendorff.com\/belogue\/wp-json\/wp\/v2\/media\/35890"}],"wp:attachment":[{"href":"https:\/\/www.wallendorff.com\/belogue\/wp-json\/wp\/v2\/media?parent=35889"}],"wp:term":[{"taxonomy":"category","embeddable":true,"href":"https:\/\/www.wallendorff.com\/belogue\/wp-json\/wp\/v2\/categories?post=35889"},{"taxonomy":"post_tag","embeddable":true,"href":"https:\/\/www.wallendorff.com\/belogue\/wp-json\/wp\/v2\/tags?post=35889"}],"curies":[{"name":"wp","href":"https:\/\/api.w.org\/{rel}","templated":true}]}}