{"id":3587,"date":"2008-11-19T11:54:20","date_gmt":"2008-11-19T09:54:20","guid":{"rendered":"http:\/\/www.po-l.com\/belogue\/?p=3587"},"modified":"2012-07-23T12:41:44","modified_gmt":"2012-07-23T10:41:44","slug":"lac-a-mer-raz-et-quspleure-letang","status":"publish","type":"post","link":"https:\/\/www.wallendorff.com\/belogue\/2008\/11\/19\/lac-a-mer-raz-et-quspleure-letang\/","title":{"rendered":"Lac \u00e0 mer raz. Et qu&rsquo;s&rsquo;pleure l&rsquo;\u00e9tang<sup>1<\/sup>."},"content":{"rendered":"<p>Notre &eacute;poque moderne nous offre une multitude d&rsquo;outils aussi innovants qu&rsquo;indispensables, dans les rangs desquels figurent en bonne place le Javascript et son cort&egrave;ge de fonctions plus baths les unes que les autres. Aujourd&rsquo;hui, au travers du magique truchement de la fonction de changeage d&rsquo;image par survol cyber-rongeur, le Bel&ouml;gue vous propose de vivre un d&eacute;coiffant voyage en Airbus A320 et de vivre un Oslo-Paris comme si vous y &eacute;tiez, le sandouiche au fromage et les turbulences en moins?&nbsp;:<\/p>\n<div id=\"photo\">\n<p><a href=\"#\"><img decoding=\"async\" src=\"https:\/\/www.wallendorff.com\/belogue\/photo\/2008\/11\/20081119.jpg\"\/><\/a><\/p>\n<\/div>\n<p>Effectivement, &ccedil;a semble plus r&eacute;el s&rsquo;il l&rsquo;on suppose qu&rsquo;on a dormi &agrave; poings ferm&eacute;s du moment o&ugrave; son s&eacute;ant a touch&eacute; le si&egrave;ge 15A jusqu&rsquo;&agrave; l&rsquo;arriv&eacute;e &agrave; Charles de Gaulle, mais avouez que c&rsquo;est quand m&ecirc;me un sacr&eacute; bon d&eacute;but. Non&nbsp;? Tant pis.<\/p>\n<div id=\"bandeson\">\n<p><img decoding=\"async\" src=\"https:\/\/www.wallendorff.com\/belogue\/photo\/pochettes\/n\/nice_device_the-sorry_we_killed_you.jpg\" align=\"left\" \/> <a href=\"http:\/\/www.myspace.com\/thenicedevice\">The Nice Device<\/a> &ndash; <em>Crawlspace<\/em><\/p>\n<\/div>\n<p>_____<\/p>\n<div id=\"bas_note\">\n<p><sup>1<\/sup> Ce titre est nase, c&rsquo;est la faute du d&eacute;calage horaire.<\/p>\n<\/div>\n","protected":false},"excerpt":{"rendered":"<p>Notre &eacute;poque moderne nous offre une multitude d&rsquo;outils aussi innovants qu&rsquo;indispensables, dans les rangs desquels figurent en bonne place le Javascript et son cort&egrave;ge de fonctions plus baths les unes que les autres. Aujourd&rsquo;hui, au travers du magique truchement de la fonction de changeage d&rsquo;image par survol cyber-rongeur, le Bel&ouml;gue vous propose de vivre un&hellip;<\/p>\n","protected":false},"author":1,"featured_media":25296,"comment_status":"open","ping_status":"open","sticky":false,"template":"","format":"standard","meta":{"_acf_changed":false,"ngg_post_thumbnail":0,"jetpack_post_was_ever_published":false,"_jetpack_newsletter_access":"","_jetpack_dont_email_post_to_subs":false,"_jetpack_newsletter_tier_id":0,"_jetpack_memberships_contains_paywalled_content":false,"_jetpack_memberships_contains_paid_content":false,"footnotes":"","jetpack_publicize_message":"","jetpack_publicize_feature_enabled":true,"jetpack_social_post_already_shared":false,"jetpack_social_options":{"image_generator_settings":{"template":"highway","default_image_id":0,"font":"","enabled":false},"version":2}},"categories":[3],"tags":[10177,10259,142,132,2586,10120,10121,2357,2355,10260,988,948],"class_list":["post-3587","post","type-post","status-publish","format-standard","has-post-thumbnail","hentry","category-dpc","tag-aeroport","tag-aeroport-paris-charles-de-gaulle","tag-ef-s-10-22-mm-f35-45-usm","tag-eos-20d","tag-crawlspace","tag-france","tag-ile-de-france","tag-norvege","tag-oslo-airport","tag-roissy-en-france","tag-the-nice-device","tag-val-doise"],"acf":[],"geo":null,"jetpack_publicize_connections":[],"jetpack_featured_media_url":"https:\/\/www.wallendorff.com\/belogue\/wp-content\/uploads\/2015\/04\/200811191.jpg","jetpack_shortlink":"https:\/\/wp.me\/p3b35P-VR","jetpack_sharing_enabled":true,"jetpack-related-posts":[{"id":21192,"url":"https:\/\/www.wallendorff.com\/belogue\/2013\/06\/21\/into-the-wide-10\/","url_meta":{"origin":3587,"position":0},"title":"Into the wide #10.","author":"dpc","date":"21 juin 2013","format":false,"excerpt":"Terminal 2F, a\u00e9roport Paris-Charles-de-Gaulle, 20 mai. Les a\u00e9roports vides la nuit c'est le d\u00e9calage horaire instantan\u00e9, la perte imm\u00e9diate de toute notion de temps et d'espace, l'impression soudaine de voir heures et kilom\u00e8tres se fondre dans la m\u00eame unit\u00e9, l'unique dimension d'un monde \u00e0 part, perdu au c\u0153ur d'une \u00e9ternit\u00e9\u2026","rel":"","context":"Dans &quot;Into the wide&quot;","block_context":{"text":"Into the wide","link":"https:\/\/www.wallendorff.com\/belogue\/category\/into-the-wide\/"},"img":{"alt_text":"","src":"https:\/\/i0.wp.com\/www.wallendorff.com\/belogue\/wp-content\/uploads\/2015\/04\/20130621.jpg?resize=350%2C200&ssl=1","width":350,"height":200,"srcset":"https:\/\/i0.wp.com\/www.wallendorff.com\/belogue\/wp-content\/uploads\/2015\/04\/20130621.jpg?resize=350%2C200&ssl=1 1x, https:\/\/i0.wp.com\/www.wallendorff.com\/belogue\/wp-content\/uploads\/2015\/04\/20130621.jpg?resize=525%2C300&ssl=1 1.5x, https:\/\/i0.wp.com\/www.wallendorff.com\/belogue\/wp-content\/uploads\/2015\/04\/20130621.jpg?resize=700%2C400&ssl=1 2x"},"classes":[]},{"id":129376,"url":"https:\/\/www.wallendorff.com\/belogue\/2024\/07\/22\/terminal-1-aeroport-de-paris-charles-de-gaulle-roissy-en-france-17-juillet-2024\/","url_meta":{"origin":3587,"position":1},"title":"Terminal 1 @ a\u00e9roport de Paris-Charles-de-Gaulle, Roissy-en-France, 17 juillet 2024.","author":"dpc","date":"22 juillet 2024","format":false,"excerpt":"","rel":"","context":"Dans &quot;Alive&quot;","block_context":{"text":"Alive","link":"https:\/\/www.wallendorff.com\/belogue\/category\/alive\/"},"img":{"alt_text":"","src":"https:\/\/i0.wp.com\/www.wallendorff.com\/belogue\/wp-content\/uploads\/2024\/07\/20240722-42.jpg?resize=350%2C200&ssl=1","width":350,"height":200,"srcset":"https:\/\/i0.wp.com\/www.wallendorff.com\/belogue\/wp-content\/uploads\/2024\/07\/20240722-42.jpg?resize=350%2C200&ssl=1 1x, https:\/\/i0.wp.com\/www.wallendorff.com\/belogue\/wp-content\/uploads\/2024\/07\/20240722-42.jpg?resize=525%2C300&ssl=1 1.5x, https:\/\/i0.wp.com\/www.wallendorff.com\/belogue\/wp-content\/uploads\/2024\/07\/20240722-42.jpg?resize=700%2C400&ssl=1 2x, https:\/\/i0.wp.com\/www.wallendorff.com\/belogue\/wp-content\/uploads\/2024\/07\/20240722-42.jpg?resize=1050%2C600&ssl=1 3x"},"classes":[]},{"id":135273,"url":"https:\/\/www.wallendorff.com\/belogue\/2026\/02\/12\/siege-28a-2\/","url_meta":{"origin":3587,"position":2},"title":"Si\u00e8ge 28A.","author":"dpc","date":"12 f\u00e9vrier 2026","format":false,"excerpt":"","rel":"","context":"Dans &quot;DPC&quot;","block_context":{"text":"DPC","link":"https:\/\/www.wallendorff.com\/belogue\/category\/dpc\/"},"img":{"alt_text":"","src":"https:\/\/i0.wp.com\/www.wallendorff.com\/belogue\/wp-content\/uploads\/2026\/02\/20260212-02.jpg?resize=350%2C200&ssl=1","width":350,"height":200,"srcset":"https:\/\/i0.wp.com\/www.wallendorff.com\/belogue\/wp-content\/uploads\/2026\/02\/20260212-02.jpg?resize=350%2C200&ssl=1 1x, https:\/\/i0.wp.com\/www.wallendorff.com\/belogue\/wp-content\/uploads\/2026\/02\/20260212-02.jpg?resize=525%2C300&ssl=1 1.5x, https:\/\/i0.wp.com\/www.wallendorff.com\/belogue\/wp-content\/uploads\/2026\/02\/20260212-02.jpg?resize=700%2C400&ssl=1 2x, https:\/\/i0.wp.com\/www.wallendorff.com\/belogue\/wp-content\/uploads\/2026\/02\/20260212-02.jpg?resize=1050%2C600&ssl=1 3x"},"classes":[]},{"id":135080,"url":"https:\/\/www.wallendorff.com\/belogue\/2026\/01\/19\/piste-1\/","url_meta":{"origin":3587,"position":3},"title":"Piste 1.","author":"dpc","date":"19 janvier 2026","format":false,"excerpt":"Chantier de r\u00e9fection de la piste 1 de l'a\u00e9roport de Paris-Charles-de-Gaulle.\u00a0Merci aux \u00e9quipes ADP et Colas pour leur accueil.","rel":"","context":"Dans &quot;DPC&quot;","block_context":{"text":"DPC","link":"https:\/\/www.wallendorff.com\/belogue\/category\/dpc\/"},"img":{"alt_text":"","src":"https:\/\/i0.wp.com\/www.wallendorff.com\/belogue\/wp-content\/uploads\/2026\/01\/20260119-15.jpg?resize=350%2C200&ssl=1","width":350,"height":200,"srcset":"https:\/\/i0.wp.com\/www.wallendorff.com\/belogue\/wp-content\/uploads\/2026\/01\/20260119-15.jpg?resize=350%2C200&ssl=1 1x, https:\/\/i0.wp.com\/www.wallendorff.com\/belogue\/wp-content\/uploads\/2026\/01\/20260119-15.jpg?resize=525%2C300&ssl=1 1.5x, https:\/\/i0.wp.com\/www.wallendorff.com\/belogue\/wp-content\/uploads\/2026\/01\/20260119-15.jpg?resize=700%2C400&ssl=1 2x, https:\/\/i0.wp.com\/www.wallendorff.com\/belogue\/wp-content\/uploads\/2026\/01\/20260119-15.jpg?resize=1050%2C600&ssl=1 3x"},"classes":[]},{"id":949,"url":"https:\/\/www.wallendorff.com\/belogue\/2007\/05\/11\/dansant-sans-quentin\/","url_meta":{"origin":3587,"position":4},"title":"Dansant sans Quentin.","author":"dpc","date":"11 mai 2007","format":false,"excerpt":"A\u00e9roport Charles de Gaulle, Roissy, 23 avril. Y'a le J\u00e9r\u00f4me Colin qui s'en revient. \u00c7a s'appelle radiolibre.be, y a des sessions acoustiques toutes les semaines dedans et forc\u00e9ment, c'est recommand\u00e9 par la maison. \u00a0Arcade Fire \u2013 Building Downtown (Antichrist Television Blues)","rel":"","context":"Dans &quot;DPC&quot;","block_context":{"text":"DPC","link":"https:\/\/www.wallendorff.com\/belogue\/category\/dpc\/"},"img":{"alt_text":"","src":"https:\/\/i0.wp.com\/www.wallendorff.com\/belogue\/wp-content\/uploads\/2015\/04\/200705111.jpg?resize=350%2C200&ssl=1","width":350,"height":200},"classes":[]},{"id":126265,"url":"https:\/\/www.wallendorff.com\/belogue\/2023\/10\/10\/siege-43l\/","url_meta":{"origin":3587,"position":5},"title":"Si\u00e8ge 43L.","author":"dpc","date":"10 octobre 2023","format":false,"excerpt":"19 ans plus tard.","rel":"","context":"Dans &quot;DPC&quot;","block_context":{"text":"DPC","link":"https:\/\/www.wallendorff.com\/belogue\/category\/dpc\/"},"img":{"alt_text":"","src":"https:\/\/i0.wp.com\/www.wallendorff.com\/belogue\/wp-content\/uploads\/2023\/10\/20231010-08.jpg?resize=350%2C200&ssl=1","width":350,"height":200,"srcset":"https:\/\/i0.wp.com\/www.wallendorff.com\/belogue\/wp-content\/uploads\/2023\/10\/20231010-08.jpg?resize=350%2C200&ssl=1 1x, https:\/\/i0.wp.com\/www.wallendorff.com\/belogue\/wp-content\/uploads\/2023\/10\/20231010-08.jpg?resize=525%2C300&ssl=1 1.5x, https:\/\/i0.wp.com\/www.wallendorff.com\/belogue\/wp-content\/uploads\/2023\/10\/20231010-08.jpg?resize=700%2C400&ssl=1 2x, https:\/\/i0.wp.com\/www.wallendorff.com\/belogue\/wp-content\/uploads\/2023\/10\/20231010-08.jpg?resize=1050%2C600&ssl=1 3x"},"classes":[]}],"_links":{"self":[{"href":"https:\/\/www.wallendorff.com\/belogue\/wp-json\/wp\/v2\/posts\/3587","targetHints":{"allow":["GET"]}}],"collection":[{"href":"https:\/\/www.wallendorff.com\/belogue\/wp-json\/wp\/v2\/posts"}],"about":[{"href":"https:\/\/www.wallendorff.com\/belogue\/wp-json\/wp\/v2\/types\/post"}],"author":[{"embeddable":true,"href":"https:\/\/www.wallendorff.com\/belogue\/wp-json\/wp\/v2\/users\/1"}],"replies":[{"embeddable":true,"href":"https:\/\/www.wallendorff.com\/belogue\/wp-json\/wp\/v2\/comments?post=3587"}],"version-history":[{"count":2,"href":"https:\/\/www.wallendorff.com\/belogue\/wp-json\/wp\/v2\/posts\/3587\/revisions"}],"predecessor-version":[{"id":18337,"href":"https:\/\/www.wallendorff.com\/belogue\/wp-json\/wp\/v2\/posts\/3587\/revisions\/18337"}],"wp:featuredmedia":[{"embeddable":true,"href":"https:\/\/www.wallendorff.com\/belogue\/wp-json\/wp\/v2\/media\/25296"}],"wp:attachment":[{"href":"https:\/\/www.wallendorff.com\/belogue\/wp-json\/wp\/v2\/media?parent=3587"}],"wp:term":[{"taxonomy":"category","embeddable":true,"href":"https:\/\/www.wallendorff.com\/belogue\/wp-json\/wp\/v2\/categories?post=3587"},{"taxonomy":"post_tag","embeddable":true,"href":"https:\/\/www.wallendorff.com\/belogue\/wp-json\/wp\/v2\/tags?post=3587"}],"curies":[{"name":"wp","href":"https:\/\/api.w.org\/{rel}","templated":true}]}}