{"id":3584,"date":"2008-11-17T12:42:47","date_gmt":"2008-11-17T10:42:47","guid":{"rendered":"http:\/\/www.po-l.com\/belogue\/?p=3584"},"modified":"2012-07-20T15:32:07","modified_gmt":"2012-07-20T13:32:07","slug":"space-mots-keys-27","status":"publish","type":"post","link":"https:\/\/www.wallendorff.com\/belogue\/2008\/11\/17\/space-mots-keys-27\/","title":{"rendered":"Space mots-keys #27."},"content":{"rendered":"<div id=\"photo\">\n<p><img decoding=\"async\" src=\"https:\/\/www.wallendorff.com\/belogue\/images\/etoile_blanche.jpg\" \/><\/p>\n<\/div>\n<p style=\"text-align:center\"><img decoding=\"async\" src=\"https:\/\/www.wallendorff.com\/belogue\/photo\/2006\/10\/gougle.gif\" align=\"middle\"\/> ize proude tou pr&eacute;sente<\/p>\n<p style=\"text-align:center\"><img decoding=\"async\" src=\"https:\/\/www.wallendorff.com\/belogue\/photo\/2006\/10\/mots-cles.gif\" \/><\/p>\n<p>Dites donc plus &ccedil;a va et plus cette rubrique s&rsquo;essoufle, je vais finir par la laisser tomber. <\/p>\n<h1>La courte-liste&nbsp;: <\/h1>\n<ul>\n<li><img decoding=\"async\" src=\"https:\/\/www.wallendorff.com\/belogue\/photo\/2008\/11\/spm\/01.gif\" \/><br \/>\n    En voil&agrave; un qui n&rsquo;a pas d&ucirc; se sentir tr&egrave;s aid&eacute; par <a href=\"https:\/\/www.wallendorff.com\/belogue\/2008\/10\/21\/mademoiselle-k-lolympia-paris\/\">le r&eacute;sultat sur lequel il est tomb&eacute;<\/a>.<br \/>\n    &nbsp;<\/li>\n<li><img decoding=\"async\" src=\"https:\/\/www.wallendorff.com\/belogue\/photo\/2008\/11\/spm\/02.gif\" \/><br \/>\n    Dans mes souvenirs c&rsquo;&eacute;tait plut&ocirc;t Agnan. <br \/>\n    &nbsp; \n  <\/li>\n<li><img decoding=\"async\" src=\"https:\/\/www.wallendorff.com\/belogue\/photo\/2008\/11\/spm\/03.gif\" \/><br \/>\n    Because le <a href=\"http:\/\/www.last.fm\/music\/The+Flaming+Lips\/_\/Thank+You+Jack+White+(For+the+Fiber-Optic+Jesus+That+You+Gave+Me)\">plastic J&eacute;sus qu&rsquo;il lui a given, tu vois<\/a>.<br \/>\n    &nbsp;<\/li>\n<li><img decoding=\"async\" src=\"https:\/\/www.wallendorff.com\/belogue\/photo\/2008\/11\/spm\/04.gif\" \/><br \/>\n    &laquo;&nbsp;Bande musicale,&nbsp;&raquo; voil&agrave; qui sent le r&eacute;gionalisme qu&eacute;b&eacute;cois &agrave; plein nez, non&nbsp;? <br \/>\n    &nbsp;<\/li>\n<li><img decoding=\"async\" src=\"https:\/\/www.wallendorff.com\/belogue\/photo\/2008\/11\/spm\/05.gif\" \/><br \/>\n    Il faudra qu&rsquo;on m&rsquo;explique pourquoi certaines personnes se sentent oblig&eacute;es d&rsquo;aller vanter leur exploits &agrave; Gougle. <br \/>\n    &nbsp;<\/li>\n<li><img decoding=\"async\" src=\"https:\/\/www.wallendorff.com\/belogue\/photo\/2008\/11\/spm\/06.gif\" \/><br \/>\n    Toujours pas, et &ccedil;a commence d&rsquo;ailleurs &agrave; m&rsquo;inqui&eacute;ter.<br \/>\n    &nbsp; \n  <\/li>\n<li><img decoding=\"async\" src=\"https:\/\/www.wallendorff.com\/belogue\/photo\/2008\/11\/spm\/07.gif\" \/><br \/>\n    Certes.<br \/>\n    &nbsp;<\/li>\n<li><img decoding=\"async\" src=\"https:\/\/www.wallendorff.com\/belogue\/photo\/2008\/11\/spm\/08.gif\" \/><br \/>\n    Ah tiens, je l&rsquo;avais pas dans ma collec&rsquo;, celui-l&agrave;. <br \/>\n    &nbsp;\n  <\/li>\n<li><img decoding=\"async\" src=\"https:\/\/www.wallendorff.com\/belogue\/photo\/2008\/11\/spm\/09.gif\" \/><br \/>\n    Ah ouais, rien de tel qu&rsquo;une belle photo d&rsquo;andouillette de Troyes d&eacute;roul&eacute;e dans la neige. <br \/>\n    &nbsp;\n  <\/li>\n<li><img decoding=\"async\" src=\"https:\/\/www.wallendorff.com\/belogue\/photo\/2008\/11\/spm\/10.gif\" \/><br \/>\n    Si tu lui demandes gentiment, je suis s&ucirc;r qu&rsquo;il se fera un plaisir de venir animer ce grand jour jusqu&rsquo;au bout de la nuit. <br \/>\n    &nbsp;\n  <\/li>\n<li><img decoding=\"async\" src=\"https:\/\/www.wallendorff.com\/belogue\/photo\/2008\/11\/spm\/13.gif\" \/><br \/>\n    Tu n&rsquo;aurais pas &eacute;t&eacute; d&eacute;sobligeante si&nbsp;: 1\/ tu avais pr&eacute;cis&eacute; de quel verbe il s&rsquo;agit&nbsp;; 2\/ tu avais dit &laquo;&nbsp;s&rsquo;il te pla&icirc;t.&nbsp;&raquo; <br \/>\n    &nbsp;\n  <\/li>\n<li><img decoding=\"async\" src=\"https:\/\/www.wallendorff.com\/belogue\/photo\/2008\/11\/spm\/14.gif\" \/><br \/>\n    C&rsquo;est quoi la diff&eacute;rence entre une s&oelig;ur a&icirc;n&eacute;e normale et une s&oelig;ur a&icirc;n&eacute;e &eacute;rotique, au juste&nbsp;?<br \/>\n    &nbsp;<\/li>\n<\/ul>\n","protected":false},"excerpt":{"rendered":"<p>ize proude tou pr&eacute;sente Dites donc plus &ccedil;a va et plus cette rubrique s&rsquo;essoufle, je vais finir par la laisser tomber. La courte-liste&nbsp;: En voil&agrave; un qui n&rsquo;a pas d&ucirc; se sentir tr&egrave;s aid&eacute; par le r&eacute;sultat sur lequel il est tomb&eacute;. &nbsp; Dans mes souvenirs c&rsquo;&eacute;tait plut&ocirc;t Agnan. &nbsp; Because le plastic J&eacute;sus qu&rsquo;il&hellip;<\/p>\n","protected":false},"author":1,"featured_media":25295,"comment_status":"open","ping_status":"open","sticky":false,"template":"","format":"standard","meta":{"_acf_changed":false,"ngg_post_thumbnail":0,"jetpack_post_was_ever_published":false,"_jetpack_newsletter_access":"","_jetpack_dont_email_post_to_subs":false,"_jetpack_newsletter_tier_id":0,"_jetpack_memberships_contains_paywalled_content":false,"_jetpack_memberships_contains_paid_content":false,"footnotes":"","jetpack_publicize_message":"","jetpack_publicize_feature_enabled":true,"jetpack_social_post_already_shared":false,"jetpack_social_options":{"image_generator_settings":{"template":"highway","default_image_id":0,"font":"","enabled":false},"version":2}},"categories":[12],"tags":[],"class_list":["post-3584","post","type-post","status-publish","format-standard","has-post-thumbnail","hentry","category-space-mots-keys"],"acf":[],"geo":null,"jetpack_publicize_connections":[],"jetpack_featured_media_url":"https:\/\/www.wallendorff.com\/belogue\/wp-content\/uploads\/2015\/04\/gougle54.gif","jetpack_shortlink":"https:\/\/wp.me\/p3b35P-VO","jetpack_sharing_enabled":true,"jetpack-related-posts":[{"id":22977,"url":"https:\/\/www.wallendorff.com\/belogue\/2014\/06\/17\/dix-ans-de-lol\/","url_meta":{"origin":3584,"position":0},"title":"Dix ans de lol.","author":"dpc","date":"17 juin 2014","format":false,"excerpt":"Dix ans de Space mots-keys. Aaaah, les Space mots-keys, cette cat\u00e9gorie sp\u00e9ciale mots-clefs dont le titre \u00e9tait un jeu de mot pourri sur le titre d'un morceau de Placebo que tout le monde a oubli\u00e9 et qui, en 28 \u00e9pisodes publi\u00e9s entre octobre 2006 et d\u00e9cembre 2008, constitue une compilation\u2026","rel":"","context":"Dans &quot;DPC&quot;","block_context":{"text":"DPC","link":"https:\/\/www.wallendorff.com\/belogue\/category\/dpc\/"},"img":{"alt_text":"","src":"","width":0,"height":0},"classes":[]},{"id":1008,"url":"https:\/\/www.wallendorff.com\/belogue\/2007\/08\/03\/space-mots-keys-11\/","url_meta":{"origin":3584,"position":1},"title":"Space mots-keys #11.","author":"dpc","date":"3 ao\u00fbt 2007","format":false,"excerpt":"ize proude tou pr\u00e9sente L'entr\u00e9e fracassante Gr\u00e2ce \u00e0 cette note, explose tous les records, tapant 31 requ\u00eates, loin devant le traditionnel . Respect. 3 concerts \u00a015 \u00a0\u00a0\u00a09 \u00a0\u00a0\u00a06 Victoire haut-la-main d'un concert auquel je ne suis pas all\u00e9. Gougle est d\u00e9cid\u00e9ment un outil bien fac\u00e9tieux. \u00c0 noter que l'engouement pour\u2026","rel":"","context":"Dans &quot;Space mots-keys&quot;","block_context":{"text":"Space mots-keys","link":"https:\/\/www.wallendorff.com\/belogue\/category\/space-mots-keys\/"},"img":{"alt_text":"","src":"","width":0,"height":0},"classes":[]},{"id":1075,"url":"https:\/\/www.wallendorff.com\/belogue\/2007\/11\/08\/space-mot-keys-14\/","url_meta":{"origin":3584,"position":2},"title":"Space mot-keys #14.","author":"dpc","date":"8 novembre 2007","format":false,"excerpt":"ize proude tou pr\u00e9sente Curieux. Alors que ce site a battu en octobre son record historique de connexions [merci d'ailleurs pour les 4\u00a0650\u00a0000 milli\u00e8mes de visites enregistr\u00e9es le mois dernier, on organisera une grande f\u00eate \u00e0 Bastille pour No\u00ebl avec distribution de boudin blanc \u00e0 l'oignon], les mots-cl\u00e9s du mois\u2026","rel":"","context":"Dans &quot;Space mots-keys&quot;","block_context":{"text":"Space mots-keys","link":"https:\/\/www.wallendorff.com\/belogue\/category\/space-mots-keys\/"},"img":{"alt_text":"","src":"","width":0,"height":0},"classes":[]},{"id":1199,"url":"https:\/\/www.wallendorff.com\/belogue\/2008\/04\/07\/space-mots-keys-19\/","url_meta":{"origin":3584,"position":3},"title":"Space mots-keys #19.","author":"dpc","date":"7 avril 2008","format":false,"excerpt":"ize proude tou pr\u00e9sente Et pendant ce temps, chez Bill et Tom \u00c0 part les classiques , , , , , , , (notez le drame dont s'est teinte la requ\u00eate) et (si si, celui-l\u00e0 est plus fr\u00e9quent qu'on croit, il semble que voir notre jeune et nubile \u00e9bouriff\u00e9 manger\u2026","rel":"","context":"Dans &quot;Space mots-keys&quot;","block_context":{"text":"Space mots-keys","link":"https:\/\/www.wallendorff.com\/belogue\/category\/space-mots-keys\/"},"img":{"alt_text":"","src":"","width":0,"height":0},"classes":[]},{"id":1156,"url":"https:\/\/www.wallendorff.com\/belogue\/2008\/02\/06\/space-mots-keys-17\/","url_meta":{"origin":3584,"position":4},"title":"Space mots-keys #17.","author":"dpc","date":"6 f\u00e9vrier 2008","format":false,"excerpt":"ize proude tou pr\u00e9sente Top 4 43 \u00a0\u00a0\u00a035 \u00a0\u00a0\u00a0\u00a031 \u00a0\u00a025 Nos amis les champignons Et je constate au final que la guerre qui oppose KillerPilze \u00e0 Tokio Hotel n'en est pas une. Ce sont plut\u00f4t les fans des derniers qui tapent sur ceux des premiers, peut-\u00eatre par vengeance parce que\u2026","rel":"","context":"Dans &quot;Space mots-keys&quot;","block_context":{"text":"Space mots-keys","link":"https:\/\/www.wallendorff.com\/belogue\/category\/space-mots-keys\/"},"img":{"alt_text":"","src":"","width":0,"height":0},"classes":[]},{"id":1101,"url":"https:\/\/www.wallendorff.com\/belogue\/2007\/12\/06\/space-mots-keys-15\/","url_meta":{"origin":3584,"position":5},"title":"Space mots-keys #15.","author":"dpc","date":"6 d\u00e9cembre 2007","format":false,"excerpt":"ize proude tou pr\u00e9sente 3 concerts \u00a038 \u00a0\u00a038 \u00a0\u00a014 Pour ceux qui se demande pourquoi cette d\u00e9ferlante de vieux m\u00e9tal, Maiden repasse \u00e0 Bercy en juillet. Nos amis les champignons Y'avait longtemps. \u00c7a s'est calm\u00e9 par rapport au groupe de Sonic le h\u00e9risson [le v\u00e8be c'est comme dans Hairy Potter,\u2026","rel":"","context":"Dans &quot;Space mots-keys&quot;","block_context":{"text":"Space mots-keys","link":"https:\/\/www.wallendorff.com\/belogue\/category\/space-mots-keys\/"},"img":{"alt_text":"","src":"","width":0,"height":0},"classes":[]}],"_links":{"self":[{"href":"https:\/\/www.wallendorff.com\/belogue\/wp-json\/wp\/v2\/posts\/3584","targetHints":{"allow":["GET"]}}],"collection":[{"href":"https:\/\/www.wallendorff.com\/belogue\/wp-json\/wp\/v2\/posts"}],"about":[{"href":"https:\/\/www.wallendorff.com\/belogue\/wp-json\/wp\/v2\/types\/post"}],"author":[{"embeddable":true,"href":"https:\/\/www.wallendorff.com\/belogue\/wp-json\/wp\/v2\/users\/1"}],"replies":[{"embeddable":true,"href":"https:\/\/www.wallendorff.com\/belogue\/wp-json\/wp\/v2\/comments?post=3584"}],"version-history":[{"count":2,"href":"https:\/\/www.wallendorff.com\/belogue\/wp-json\/wp\/v2\/posts\/3584\/revisions"}],"predecessor-version":[{"id":18311,"href":"https:\/\/www.wallendorff.com\/belogue\/wp-json\/wp\/v2\/posts\/3584\/revisions\/18311"}],"wp:featuredmedia":[{"embeddable":true,"href":"https:\/\/www.wallendorff.com\/belogue\/wp-json\/wp\/v2\/media\/25295"}],"wp:attachment":[{"href":"https:\/\/www.wallendorff.com\/belogue\/wp-json\/wp\/v2\/media?parent=3584"}],"wp:term":[{"taxonomy":"category","embeddable":true,"href":"https:\/\/www.wallendorff.com\/belogue\/wp-json\/wp\/v2\/categories?post=3584"},{"taxonomy":"post_tag","embeddable":true,"href":"https:\/\/www.wallendorff.com\/belogue\/wp-json\/wp\/v2\/tags?post=3584"}],"curies":[{"name":"wp","href":"https:\/\/api.w.org\/{rel}","templated":true}]}}