{"id":3577,"date":"2008-11-12T13:02:08","date_gmt":"2008-11-12T11:02:08","guid":{"rendered":"http:\/\/www.po-l.com\/belogue\/2008\/11\/12\/astonvilla-le-brise-glace-annecy-4-5-juin\/"},"modified":"2011-10-24T14:39:14","modified_gmt":"2011-10-24T12:39:14","slug":"astonvilla-le-brise-glace-annecy-4-5-juin","status":"publish","type":"post","link":"https:\/\/www.wallendorff.com\/belogue\/2008\/11\/12\/astonvilla-le-brise-glace-annecy-4-5-juin\/","title":{"rendered":"Astonvilla @ le Brise Glace, Annecy, 4-5 juin."},"content":{"rendered":"<div id=\"photo\">\n<p><img decoding=\"async\" src=\"https:\/\/www.wallendorff.com\/belogue\/photo\/2008\/11\/20081112.jpg\" \/><\/p>\n<\/div>\n<p>Astonvilla &ndash; <em>Live<\/em> sort aujourd&rsquo;hui avec 15 de mes photos dans son livret, ce qui est la frime, un peu, reconnaissons-le, alors f&ecirc;tons &ccedil;a avec une s&eacute;rie sur le concert du Brise Glace o&ugrave; a &eacute;t&eacute; enregistr&eacute; l&rsquo;album.<\/p>\n<p align=\"right\">Le disque est <a href=\"http:\/\/musique.fnac.com\/a2486701\/Astonvilla-Live-Inclus-DVD-bonus-CD-album?Mn=-1&#038;Mu=-13&#038;Ra=-28&#038;To=0&#038;Nu=1&#038;Fr=0\">l&agrave;<\/a>. Et si vous &ecirc;tes gentils, oui je veux bien vous le d&eacute;dicacer, mais seulement parce que c&rsquo;est vous.<\/p>ngg_shortcode_0_placeholder","protected":false},"excerpt":{"rendered":"<p>Astonvilla &ndash; Live sort aujourd&rsquo;hui avec 15 de mes photos dans son livret, ce qui est la frime, un peu, reconnaissons-le, alors f&ecirc;tons &ccedil;a avec une s&eacute;rie sur le concert du Brise Glace o&ugrave; a &eacute;t&eacute; enregistr&eacute; l&rsquo;album. Le disque est l&agrave;. Et si vous &ecirc;tes gentils, oui je veux bien vous le d&eacute;dicacer, mais&hellip;<\/p>\n","protected":false},"author":1,"featured_media":25293,"comment_status":"open","ping_status":"open","sticky":false,"template":"","format":"standard","meta":{"_acf_changed":false,"ngg_post_thumbnail":0,"jetpack_post_was_ever_published":false,"_jetpack_newsletter_access":"","_jetpack_dont_email_post_to_subs":false,"_jetpack_newsletter_tier_id":0,"_jetpack_memberships_contains_paywalled_content":false,"_jetpack_memberships_contains_paid_content":false,"footnotes":"","jetpack_publicize_message":"","jetpack_publicize_feature_enabled":true,"jetpack_social_post_already_shared":false,"jetpack_social_options":{"image_generator_settings":{"template":"highway","default_image_id":0,"font":"","enabled":false},"version":2}},"categories":[7],"tags":[203,10084,2445,2582,187,10120,10433,2444,10501,143,10293],"class_list":["post-3577","post","type-post","status-publish","format-standard","has-post-thumbnail","hentry","category-alive","tag-203","tag-alive","tag-annecy","tag-astonvilla","tag-eos-1d-mark-ii","tag-france","tag-haute-savoie","tag-le-brise-glace","tag-live","tag-noir-et-blanc","tag-rhone-alpes"],"acf":[],"geo":{"latitude":45.8933105,"longitude":6.1351562,"description":"Rue des Marquisats, 74000 Annecy, France"},"jetpack_publicize_connections":[],"jetpack_featured_media_url":"https:\/\/www.wallendorff.com\/belogue\/wp-content\/uploads\/2015\/04\/200811121.jpg","jetpack_shortlink":"https:\/\/wp.me\/p3b35P-VH","jetpack_sharing_enabled":true,"jetpack-related-posts":[{"id":1243,"url":"https:\/\/www.wallendorff.com\/belogue\/2008\/06\/06\/mission-accomplie\/","url_meta":{"origin":3577,"position":0},"title":"Mission accomplie.","author":"dpc","date":"6 juin 2008","format":false,"excerpt":"Annecy, 6 juin. On va dire. \u00a0Eddie Vedder \u2013 Guaranteed (Humming vocals)","rel":"","context":"Dans &quot;DPC&quot;","block_context":{"text":"DPC","link":"https:\/\/www.wallendorff.com\/belogue\/category\/dpc\/"},"img":{"alt_text":"","src":"https:\/\/i0.wp.com\/www.wallendorff.com\/belogue\/wp-content\/uploads\/2015\/04\/200806061.jpg?resize=350%2C200&ssl=1","width":350,"height":200,"srcset":"https:\/\/i0.wp.com\/www.wallendorff.com\/belogue\/wp-content\/uploads\/2015\/04\/200806061.jpg?resize=350%2C200&ssl=1 1x, https:\/\/i0.wp.com\/www.wallendorff.com\/belogue\/wp-content\/uploads\/2015\/04\/200806061.jpg?resize=525%2C300&ssl=1 1.5x, https:\/\/i0.wp.com\/www.wallendorff.com\/belogue\/wp-content\/uploads\/2015\/04\/200806061.jpg?resize=700%2C400&ssl=1 2x"},"classes":[]},{"id":3692,"url":"https:\/\/www.wallendorff.com\/belogue\/2008\/12\/19\/astonvilla-subway-le-bataclan-paris\/","url_meta":{"origin":3577,"position":1},"title":"Astonvilla + Subway @ le Bataclan, Paris.","author":"dpc","date":"19 d\u00e9cembre 2008","format":false,"excerpt":"Je pourrais faire un long article racontant \u00e0 quel point le 5D Mark II est un vrai bonheur de la vie, mais le Rod s'en \u00e9tant d\u00e9j\u00e0 occup\u00e9 avant-hier, je m'en tiendrai \u00e0 une liste de pour\/contre rapide, histoire de gagner du temps\u00a0: Contre\u00a0: L'autofocus patine effectivement. Pas bien meilleur\u2026","rel":"","context":"Dans &quot;Alive&quot;","block_context":{"text":"Alive","link":"https:\/\/www.wallendorff.com\/belogue\/category\/alive\/"},"img":{"alt_text":"","src":"https:\/\/i0.wp.com\/www.wallendorff.com\/belogue\/wp-content\/uploads\/2015\/04\/200812191.jpg?resize=350%2C200&ssl=1","width":350,"height":200,"srcset":"https:\/\/i0.wp.com\/www.wallendorff.com\/belogue\/wp-content\/uploads\/2015\/04\/200812191.jpg?resize=350%2C200&ssl=1 1x, https:\/\/i0.wp.com\/www.wallendorff.com\/belogue\/wp-content\/uploads\/2015\/04\/200812191.jpg?resize=525%2C300&ssl=1 1.5x, https:\/\/i0.wp.com\/www.wallendorff.com\/belogue\/wp-content\/uploads\/2015\/04\/200812191.jpg?resize=700%2C400&ssl=1 2x"},"classes":[]},{"id":23003,"url":"https:\/\/www.wallendorff.com\/belogue\/2014\/06\/20\/dix-ans-de-concerts-12\/","url_meta":{"origin":3577,"position":2},"title":"Dix ans de concerts [1\/2].","author":"dpc","date":"20 juin 2014","format":false,"excerpt":"Pas la peine de faire une redite, apr\u00e8s la compile des 500 concerts et celle des 10 ans de passes photos. Depuis 2012, disons que je retiens la fois o\u00f9 je me suis fait maudire par un Italien, Matthias Malzieu qui me tombe sur le nez \u00e0 Rock en Seine,\u2026","rel":"","context":"Dans &quot;DPC&quot;","block_context":{"text":"DPC","link":"https:\/\/www.wallendorff.com\/belogue\/category\/dpc\/"},"img":{"alt_text":"","src":"https:\/\/i0.wp.com\/www.wallendorff.com\/belogue\/wp-content\/uploads\/2015\/04\/20110520-391.jpg?resize=350%2C200&ssl=1","width":350,"height":200,"srcset":"https:\/\/i0.wp.com\/www.wallendorff.com\/belogue\/wp-content\/uploads\/2015\/04\/20110520-391.jpg?resize=350%2C200&ssl=1 1x, https:\/\/i0.wp.com\/www.wallendorff.com\/belogue\/wp-content\/uploads\/2015\/04\/20110520-391.jpg?resize=525%2C300&ssl=1 1.5x, https:\/\/i0.wp.com\/www.wallendorff.com\/belogue\/wp-content\/uploads\/2015\/04\/20110520-391.jpg?resize=700%2C400&ssl=1 2x"},"classes":[]},{"id":3635,"url":"https:\/\/www.wallendorff.com\/belogue\/2008\/11\/30\/blog-note-%e2%80%95-novembre-2008\/","url_meta":{"origin":3577,"position":3},"title":"Blog-note \u2015 novembre 2008","author":"dpc","date":"30 novembre 2008","format":false,"excerpt":"Albums Astonvilla \u2013 Live Oasis \u2013 D'You Know What I Mean? M83 \u2013 Saturdays = Youth The Dandy Warhols \u2013 ...Earth to the Dandy Warhols... Razorlight \u2013 Slipway Fires Ipod Secret Machines \u2013 Secret Machines My Vitriol \u2013 Cast in Amber 5 titres Bloc Party \u2013 One Month Off Bloc\u2026","rel":"","context":"Dans &quot;Blog-note&quot;","block_context":{"text":"Blog-note","link":"https:\/\/www.wallendorff.com\/belogue\/category\/blog-note\/"},"img":{"alt_text":"","src":"","width":0,"height":0},"classes":[]},{"id":1281,"url":"https:\/\/www.wallendorff.com\/belogue\/2008\/07\/31\/blog-note-juillet-2008\/","url_meta":{"origin":3577,"position":4},"title":"Blog-note &#8211; juillet 2008.","author":"dpc","date":"31 juillet 2008","format":false,"excerpt":"[Pas de nouveau truc ce mois-ci donc pas d'album du mois.] Albums Sigur R\u00f3s \u2013 Takk... Foo Fighters \u2013 Skin and Bones Jeff Buckley \u2013 Grace Two Gallants \u2013 Two Gallants Gin Blossoms \u2013 New Miserable Experience Air Traffic \u2013 No More Running Away [censur\u00e9] Mr. David Viner \u2013 Mr.\u2026","rel":"","context":"Dans &quot;Blog-note&quot;","block_context":{"text":"Blog-note","link":"https:\/\/www.wallendorff.com\/belogue\/category\/blog-note\/"},"img":{"alt_text":"","src":"","width":0,"height":0},"classes":[]},{"id":9765,"url":"https:\/\/www.wallendorff.com\/belogue\/2010\/11\/08\/glace-mannequin\/","url_meta":{"origin":3577,"position":5},"title":"Glace mannequins.","author":"dpc","date":"8 novembre 2010","format":false,"excerpt":"G\u00f6tgatan, Stockholm, 29 ao\u00fbt. C'est tr\u00e8s frustrant de se dire que son jeu de mot est super bien trouv\u00e9 mais que les jeunes d'aujourd'hui qui aiment Justin Bi\u00e9b\u00e8re et Hanna Montana ne le comprendront pas parce qu'ils n'ont jamais entendu parler de ce truc. The Horrors \u2013 I Can't Control\u2026","rel":"","context":"Dans &quot;DPC&quot;","block_context":{"text":"DPC","link":"https:\/\/www.wallendorff.com\/belogue\/category\/dpc\/"},"img":{"alt_text":"","src":"https:\/\/i0.wp.com\/www.wallendorff.com\/belogue\/wp-content\/uploads\/2015\/04\/201011081.jpg?resize=350%2C200&ssl=1","width":350,"height":200},"classes":[]}],"_links":{"self":[{"href":"https:\/\/www.wallendorff.com\/belogue\/wp-json\/wp\/v2\/posts\/3577","targetHints":{"allow":["GET"]}}],"collection":[{"href":"https:\/\/www.wallendorff.com\/belogue\/wp-json\/wp\/v2\/posts"}],"about":[{"href":"https:\/\/www.wallendorff.com\/belogue\/wp-json\/wp\/v2\/types\/post"}],"author":[{"embeddable":true,"href":"https:\/\/www.wallendorff.com\/belogue\/wp-json\/wp\/v2\/users\/1"}],"replies":[{"embeddable":true,"href":"https:\/\/www.wallendorff.com\/belogue\/wp-json\/wp\/v2\/comments?post=3577"}],"version-history":[{"count":2,"href":"https:\/\/www.wallendorff.com\/belogue\/wp-json\/wp\/v2\/posts\/3577\/revisions"}],"predecessor-version":[{"id":13880,"href":"https:\/\/www.wallendorff.com\/belogue\/wp-json\/wp\/v2\/posts\/3577\/revisions\/13880"}],"wp:featuredmedia":[{"embeddable":true,"href":"https:\/\/www.wallendorff.com\/belogue\/wp-json\/wp\/v2\/media\/25293"}],"wp:attachment":[{"href":"https:\/\/www.wallendorff.com\/belogue\/wp-json\/wp\/v2\/media?parent=3577"}],"wp:term":[{"taxonomy":"category","embeddable":true,"href":"https:\/\/www.wallendorff.com\/belogue\/wp-json\/wp\/v2\/categories?post=3577"},{"taxonomy":"post_tag","embeddable":true,"href":"https:\/\/www.wallendorff.com\/belogue\/wp-json\/wp\/v2\/tags?post=3577"}],"curies":[{"name":"wp","href":"https:\/\/api.w.org\/{rel}","templated":true}]}}