{"id":357,"date":"2005-06-01T00:35:01","date_gmt":"2005-06-01T00:35:01","guid":{"rendered":"http:\/\/www.po-l.com\/wordpress\/?p=357"},"modified":"2012-04-24T09:29:44","modified_gmt":"2012-04-24T07:29:44","slug":"c-est-encore-loin-grand-schtroumpf","status":"publish","type":"post","link":"https:\/\/www.wallendorff.com\/belogue\/2005\/06\/01\/c-est-encore-loin-grand-schtroumpf\/","title":{"rendered":"C&rsquo;est encore loin, Grand Schtroumpf ?"},"content":{"rendered":"\n<div id=\"photo\">\n<p><img decoding=\"async\" src=\"http:\/\/www.po-L.com\/belogue\/photo\/2005\/06\/20050601.jpg\" \/><br \/>\n          Cath&eacute;drale St-&Eacute;tienne, Metz, 27 mai.<\/p>\n<\/p><\/div>\n<p style=\"text-align:right\">[&quot;Non, plus maintenant.&quot;]<\/p>\n<p style=\"text-align:right\">[J&rsquo;ai la folle impression que depuis hier, je n&rsquo;ai plus le temps pour rien. M&ecirc;me pas pour trouver des titres. C&rsquo;est grave, non?]<\/p>\n<div id=\"bandeson\">\n<p><img decoding=\"async\" src=\"https:\/\/www.wallendorff.com\/belogue\/photo\/pochettes\/b\/benson_brendan-the_alternative_to_love.jpg\" align=\"left\" \/>&nbsp;<a href=\"http:\/\/www.brendanbenson.com\/\">Brendan Benson<\/a> &mdash; <em>Spit It Out<\/em><\/p>\n<\/p><\/div>\n","protected":false},"excerpt":{"rendered":"<p>Cath&eacute;drale St-&Eacute;tienne, Metz, 27 mai. [&quot;Non, plus maintenant.&quot;] [J&rsquo;ai la folle impression que depuis hier, je n&rsquo;ai plus le temps pour rien. M&ecirc;me pas pour trouver des titres. C&rsquo;est grave, non?] &nbsp;Brendan Benson &mdash; Spit It Out<\/p>\n","protected":false},"author":1,"featured_media":24297,"comment_status":"open","ping_status":"open","sticky":false,"template":"","format":"standard","meta":{"_acf_changed":false,"ngg_post_thumbnail":0,"jetpack_post_was_ever_published":false,"_jetpack_newsletter_access":"","_jetpack_dont_email_post_to_subs":false,"_jetpack_newsletter_tier_id":0,"_jetpack_memberships_contains_paywalled_content":false,"_jetpack_memberships_contains_paid_content":false,"footnotes":"","jetpack_publicize_message":"","jetpack_publicize_feature_enabled":true,"jetpack_social_post_already_shared":false,"jetpack_social_options":{"image_generator_settings":{"template":"highway","default_image_id":0,"font":"","enabled":false},"version":2}},"categories":[3],"tags":[10282,10245,157,132,10743,417,10238,3426,10120,782,10175,10173,10174,1046],"class_list":["post-357","post","type-post","status-publish","format-standard","has-post-thumbnail","hentry","category-dpc","tag-bougie","tag-brendan-benson","tag-ef-50-mm-f18-ii","tag-eos-20d","tag-cathedrale","tag-cathedrale-saint-etienne","tag-eglise","tag-feu","tag-france","tag-jaune","tag-lorraine","tag-metz","tag-moselle","tag-spit-it-out"],"acf":[],"geo":{"latitude":49.1200638,"longitude":6.1752391,"description":null},"jetpack_publicize_connections":[],"jetpack_featured_media_url":"https:\/\/www.wallendorff.com\/belogue\/wp-content\/uploads\/2015\/04\/200506011.jpg","jetpack_shortlink":"https:\/\/wp.me\/p3b35P-5L","jetpack_sharing_enabled":true,"jetpack-related-posts":[{"id":359,"url":"https:\/\/www.wallendorff.com\/belogue\/2005\/05\/31\/passe-l-apporte\/","url_meta":{"origin":357,"position":0},"title":"Pass\u00e9 l&rsquo;apporte.","author":"dpc","date":"31 mai 2005","format":false,"excerpt":"Cath\u00e9drale St-\u00c9tienne, Metz, 27 mai. \"Well I lost me a wife, so I found me a plane Flew all the way to California This mess in my head is a mess getting out Ya drink too much coffee, I drink too much stout But after a while, when my mouth's\u2026","rel":"","context":"Dans &quot;DPC&quot;","block_context":{"text":"DPC","link":"https:\/\/www.wallendorff.com\/belogue\/category\/dpc\/"},"img":{"alt_text":"","src":"https:\/\/i0.wp.com\/www.wallendorff.com\/belogue\/wp-content\/uploads\/2015\/04\/200505311.jpg?resize=350%2C200&ssl=1","width":350,"height":200},"classes":[]},{"id":22926,"url":"https:\/\/www.wallendorff.com\/belogue\/2014\/06\/08\/top-10-des-plus-belles-cathedrales-de-la-decennie\/","url_meta":{"origin":357,"position":1},"title":"Top 10 des plus belles cath\u00e9drales de la d\u00e9cennie.","author":"dpc","date":"8 juin 2014","format":false,"excerpt":"Dix ans \u00e0 faire le tour de toutes les cath\u00e9drales du monde entier et bien les regarder sous toutes les coutures pour \u00e9tablir le classement d\u00e9finitif et impartial des plus jolies cath\u00e9drales de l'univers. No 10 ex-\u00e6quo\u00a0: La cath\u00e9drale Notre-Dame de Chartres du 7 avril 2012... Chartres Attack. \u00a0 ...\u2026","rel":"","context":"Dans &quot;DPC&quot;","block_context":{"text":"DPC","link":"https:\/\/www.wallendorff.com\/belogue\/category\/dpc\/"},"img":{"alt_text":"","src":"https:\/\/i0.wp.com\/www.wallendorff.com\/belogue\/wp-content\/uploads\/2015\/04\/201310243.jpg?resize=350%2C200&ssl=1","width":350,"height":200,"srcset":"https:\/\/i0.wp.com\/www.wallendorff.com\/belogue\/wp-content\/uploads\/2015\/04\/201310243.jpg?resize=350%2C200&ssl=1 1x, https:\/\/i0.wp.com\/www.wallendorff.com\/belogue\/wp-content\/uploads\/2015\/04\/201310243.jpg?resize=525%2C300&ssl=1 1.5x, https:\/\/i0.wp.com\/www.wallendorff.com\/belogue\/wp-content\/uploads\/2015\/04\/201310243.jpg?resize=700%2C400&ssl=1 2x"},"classes":[]},{"id":373,"url":"https:\/\/www.wallendorff.com\/belogue\/2005\/05\/15\/merveilleuse-cite-dort\/","url_meta":{"origin":357,"position":2},"title":"Merveilleuse cit\u00e9 dort.","author":"dpc","date":"15 mai 2005","format":false,"excerpt":"Temple de Garnison et Cath\u00e9drale Saint-\u00c9tienne, Metz, 4 mai. Cliquouze \u00e9tant rentr\u00e9e, c'est\u00a0\u00e0 moi de partir. Du nouveau jeudi, je pense. Soyez sages, hein. \u00a0The White Stripes \u2013 Going Back to Memphis (Soledad Brothers cover) (live)","rel":"","context":"Dans &quot;DPC&quot;","block_context":{"text":"DPC","link":"https:\/\/www.wallendorff.com\/belogue\/category\/dpc\/"},"img":{"alt_text":"","src":"https:\/\/i0.wp.com\/www.wallendorff.com\/belogue\/wp-content\/uploads\/2015\/04\/200505151.jpg?resize=350%2C200&ssl=1","width":350,"height":200},"classes":[]},{"id":110,"url":"https:\/\/www.wallendorff.com\/belogue\/2006\/03\/28\/sehr-hand-zehn\/","url_meta":{"origin":357,"position":3},"title":"Sehr hand zehn.","author":"dpc","date":"28 mars 2006","format":false,"excerpt":"Rue du Vivier, Metz, 25 mars, 13h04. Et sinon, mon boulot, c'est du g\u00e2teau. [ah, ah, ah.] \u00a0Muse \u2013 Showbiz (live)","rel":"","context":"Dans &quot;DPC&quot;","block_context":{"text":"DPC","link":"https:\/\/www.wallendorff.com\/belogue\/category\/dpc\/"},"img":{"alt_text":"","src":"https:\/\/i0.wp.com\/www.wallendorff.com\/belogue\/wp-content\/uploads\/2015\/04\/200603291.jpg?resize=350%2C200&ssl=1","width":350,"height":200},"classes":[]},{"id":21917,"url":"https:\/\/www.wallendorff.com\/belogue\/2013\/10\/24\/tout-poutres-en-lair\/","url_meta":{"origin":357,"position":4},"title":"Tout poutres en l&rsquo;air.","author":"dpc","date":"24 octobre 2013","format":false,"excerpt":"Cath\u00e9drale Saint-\u00c9tienne, Metz, 14 septembre. Keep Your Head Up Cults","rel":"","context":"Dans &quot;DPC&quot;","block_context":{"text":"DPC","link":"https:\/\/www.wallendorff.com\/belogue\/category\/dpc\/"},"img":{"alt_text":"","src":"https:\/\/i0.wp.com\/www.wallendorff.com\/belogue\/wp-content\/uploads\/2015\/04\/201310242.jpg?resize=350%2C200&ssl=1","width":350,"height":200,"srcset":"https:\/\/i0.wp.com\/www.wallendorff.com\/belogue\/wp-content\/uploads\/2015\/04\/201310242.jpg?resize=350%2C200&ssl=1 1x, https:\/\/i0.wp.com\/www.wallendorff.com\/belogue\/wp-content\/uploads\/2015\/04\/201310242.jpg?resize=525%2C300&ssl=1 1.5x, https:\/\/i0.wp.com\/www.wallendorff.com\/belogue\/wp-content\/uploads\/2015\/04\/201310242.jpg?resize=700%2C400&ssl=1 2x"},"classes":[]},{"id":263,"url":"https:\/\/www.wallendorff.com\/belogue\/2005\/11\/24\/art-work-3\/","url_meta":{"origin":357,"position":5},"title":"Art[@]work #3.","author":"dpc","date":"24 novembre 2005","format":false,"excerpt":"\u00ab\u00a0Cath\u00e9drale St-\u00c9tienne1 de Metz\u00a0\u00bb (2005) - Sculpture en une touillette polypropyl\u00e8ne non ench\u00e2ss\u00e9e \u00e0 la main, pr\u00e9sent\u00e9e ici avec l'aimable autorisation du MAPM (Mus\u00e9e d'Art en Plastique Moderne) des Hauts-de-Seine. \u00ab\u00a0St-\u00c9tienne2 de Metz\u00a0\u00bb, \u0153uvre finale de l\u2019artiste dans sa recherche de la forme parfaite, est le summum de l\u2019expression plastique\u2026","rel":"","context":"Dans &quot;DPC&quot;","block_context":{"text":"DPC","link":"https:\/\/www.wallendorff.com\/belogue\/category\/dpc\/"},"img":{"alt_text":"","src":"https:\/\/i0.wp.com\/www.wallendorff.com\/belogue\/wp-content\/uploads\/2015\/04\/200511241.jpg?resize=350%2C200&ssl=1","width":350,"height":200,"srcset":"https:\/\/i0.wp.com\/www.wallendorff.com\/belogue\/wp-content\/uploads\/2015\/04\/200511241.jpg?resize=350%2C200&ssl=1 1x, https:\/\/i0.wp.com\/www.wallendorff.com\/belogue\/wp-content\/uploads\/2015\/04\/200511241.jpg?resize=525%2C300&ssl=1 1.5x"},"classes":[]}],"_links":{"self":[{"href":"https:\/\/www.wallendorff.com\/belogue\/wp-json\/wp\/v2\/posts\/357","targetHints":{"allow":["GET"]}}],"collection":[{"href":"https:\/\/www.wallendorff.com\/belogue\/wp-json\/wp\/v2\/posts"}],"about":[{"href":"https:\/\/www.wallendorff.com\/belogue\/wp-json\/wp\/v2\/types\/post"}],"author":[{"embeddable":true,"href":"https:\/\/www.wallendorff.com\/belogue\/wp-json\/wp\/v2\/users\/1"}],"replies":[{"embeddable":true,"href":"https:\/\/www.wallendorff.com\/belogue\/wp-json\/wp\/v2\/comments?post=357"}],"version-history":[{"count":1,"href":"https:\/\/www.wallendorff.com\/belogue\/wp-json\/wp\/v2\/posts\/357\/revisions"}],"predecessor-version":[{"id":17023,"href":"https:\/\/www.wallendorff.com\/belogue\/wp-json\/wp\/v2\/posts\/357\/revisions\/17023"}],"wp:featuredmedia":[{"embeddable":true,"href":"https:\/\/www.wallendorff.com\/belogue\/wp-json\/wp\/v2\/media\/24297"}],"wp:attachment":[{"href":"https:\/\/www.wallendorff.com\/belogue\/wp-json\/wp\/v2\/media?parent=357"}],"wp:term":[{"taxonomy":"category","embeddable":true,"href":"https:\/\/www.wallendorff.com\/belogue\/wp-json\/wp\/v2\/categories?post=357"},{"taxonomy":"post_tag","embeddable":true,"href":"https:\/\/www.wallendorff.com\/belogue\/wp-json\/wp\/v2\/tags?post=357"}],"curies":[{"name":"wp","href":"https:\/\/api.w.org\/{rel}","templated":true}]}}