{"id":35620,"date":"2017-08-26T14:55:14","date_gmt":"2017-08-26T12:55:14","guid":{"rendered":"http:\/\/www.wallendorff.com\/belogue\/?p=35620"},"modified":"2018-05-23T08:19:36","modified_gmt":"2018-05-23T06:19:36","slug":"le-cabaret-vert-2017-jour-2","status":"publish","type":"post","link":"https:\/\/www.wallendorff.com\/belogue\/2017\/08\/26\/le-cabaret-vert-2017-jour-2\/","title":{"rendered":"Le Cabaret Vert 2017, jour 2."},"content":{"rendered":"<div id=\"photo\">\n<img decoding=\"async\" src=\"https:\/\/www.wallendorff.com\/belogue\/wp-content\/uploads\/2017\/08\/20170826-10.jpg\">\n<\/div>\n<div id='gallery-1' class='gallery galleryid-35620 gallery-columns-3 gallery-size-large'><figure class='gallery-item'>\n\t\t\t<div class='gallery-icon landscape'>\n\t\t\t\t<a href='https:\/\/www.wallendorff.com\/belogue\/2017\/08\/26\/le-cabaret-vert-2017-jour-2\/le-cabaret-vert-charleville-mezieres-25082017\/'><img fetchpriority=\"high\" decoding=\"async\" width=\"850\" height=\"567\" src=\"https:\/\/www.wallendorff.com\/belogue\/wp-content\/uploads\/2017\/08\/20170826-01.jpg\" class=\"attachment-large size-large\" alt=\"\" aria-describedby=\"gallery-1-35621\" srcset=\"https:\/\/www.wallendorff.com\/belogue\/wp-content\/uploads\/2017\/08\/20170826-01.jpg 850w, https:\/\/www.wallendorff.com\/belogue\/wp-content\/uploads\/2017\/08\/20170826-01-820x547.jpg 820w, https:\/\/www.wallendorff.com\/belogue\/wp-content\/uploads\/2017\/08\/20170826-01-200x133.jpg 200w, https:\/\/www.wallendorff.com\/belogue\/wp-content\/uploads\/2017\/08\/20170826-01-300x200.jpg 300w, https:\/\/www.wallendorff.com\/belogue\/wp-content\/uploads\/2017\/08\/20170826-01-600x400.jpg 600w\" sizes=\"(max-width: 850px) 100vw, 850px\" \/><\/a>\n\t\t\t<\/div>\n\t\t\t\t<figcaption class='wp-caption-text gallery-caption' id='gallery-1-35621'>\n\t\t\t\tLe Cabaret Vert, Charleville-M\u00e9zi\u00e8res, 25\/08\/2017\n\t\t\t\t<\/figcaption><\/figure><figure class='gallery-item'>\n\t\t\t<div class='gallery-icon landscape'>\n\t\t\t\t<a href='https:\/\/www.wallendorff.com\/belogue\/2017\/08\/26\/le-cabaret-vert-2017-jour-2\/le-cabaret-vert-charleville-mezieres-25082017-2\/'><img decoding=\"async\" width=\"850\" height=\"567\" src=\"https:\/\/www.wallendorff.com\/belogue\/wp-content\/uploads\/2017\/08\/20170826-02.jpg\" class=\"attachment-large size-large\" alt=\"\" aria-describedby=\"gallery-1-35622\" srcset=\"https:\/\/www.wallendorff.com\/belogue\/wp-content\/uploads\/2017\/08\/20170826-02.jpg 850w, https:\/\/www.wallendorff.com\/belogue\/wp-content\/uploads\/2017\/08\/20170826-02-820x547.jpg 820w, https:\/\/www.wallendorff.com\/belogue\/wp-content\/uploads\/2017\/08\/20170826-02-200x133.jpg 200w, https:\/\/www.wallendorff.com\/belogue\/wp-content\/uploads\/2017\/08\/20170826-02-300x200.jpg 300w, https:\/\/www.wallendorff.com\/belogue\/wp-content\/uploads\/2017\/08\/20170826-02-600x400.jpg 600w\" sizes=\"(max-width: 850px) 100vw, 850px\" \/><\/a>\n\t\t\t<\/div>\n\t\t\t\t<figcaption class='wp-caption-text gallery-caption' id='gallery-1-35622'>\n\t\t\t\tLe Cabaret Vert, Charleville-M\u00e9zi\u00e8res, 25\/08\/2017\n\t\t\t\t<\/figcaption><\/figure><figure class='gallery-item'>\n\t\t\t<div class='gallery-icon portrait'>\n\t\t\t\t<a href='https:\/\/www.wallendorff.com\/belogue\/2017\/08\/26\/le-cabaret-vert-2017-jour-2\/turbonegro-le-cabaret-vert-charleville-mezieres-25082017\/'><img decoding=\"async\" width=\"567\" height=\"850\" src=\"https:\/\/www.wallendorff.com\/belogue\/wp-content\/uploads\/2017\/08\/20170826-03.jpg\" class=\"attachment-large size-large\" alt=\"\" aria-describedby=\"gallery-1-35623\" srcset=\"https:\/\/www.wallendorff.com\/belogue\/wp-content\/uploads\/2017\/08\/20170826-03.jpg 567w, https:\/\/www.wallendorff.com\/belogue\/wp-content\/uploads\/2017\/08\/20170826-03-133x200.jpg 133w, https:\/\/www.wallendorff.com\/belogue\/wp-content\/uploads\/2017\/08\/20170826-03-200x300.jpg 200w\" sizes=\"(max-width: 567px) 100vw, 567px\" \/><\/a>\n\t\t\t<\/div>\n\t\t\t\t<figcaption class='wp-caption-text gallery-caption' id='gallery-1-35623'>\n\t\t\t\tTurbonegro @ le Cabaret Vert, Charleville-M\u00e9zi\u00e8res, 25\/08\/2017\n\t\t\t\t<\/figcaption><\/figure><figure class='gallery-item'>\n\t\t\t<div class='gallery-icon landscape'>\n\t\t\t\t<a href='https:\/\/www.wallendorff.com\/belogue\/2017\/08\/26\/le-cabaret-vert-2017-jour-2\/turbonegro-le-cabaret-vert-charleville-mezieres-25082017-2\/'><img loading=\"lazy\" decoding=\"async\" width=\"850\" height=\"567\" src=\"https:\/\/www.wallendorff.com\/belogue\/wp-content\/uploads\/2017\/08\/20170826-04.jpg\" class=\"attachment-large size-large\" alt=\"\" aria-describedby=\"gallery-1-35624\" srcset=\"https:\/\/www.wallendorff.com\/belogue\/wp-content\/uploads\/2017\/08\/20170826-04.jpg 850w, https:\/\/www.wallendorff.com\/belogue\/wp-content\/uploads\/2017\/08\/20170826-04-820x547.jpg 820w, https:\/\/www.wallendorff.com\/belogue\/wp-content\/uploads\/2017\/08\/20170826-04-200x133.jpg 200w, https:\/\/www.wallendorff.com\/belogue\/wp-content\/uploads\/2017\/08\/20170826-04-300x200.jpg 300w, https:\/\/www.wallendorff.com\/belogue\/wp-content\/uploads\/2017\/08\/20170826-04-600x400.jpg 600w\" sizes=\"(max-width: 850px) 100vw, 850px\" \/><\/a>\n\t\t\t<\/div>\n\t\t\t\t<figcaption class='wp-caption-text gallery-caption' id='gallery-1-35624'>\n\t\t\t\tTurbonegro @ le Cabaret Vert, Charleville-M\u00e9zi\u00e8res, 25\/08\/2017\n\t\t\t\t<\/figcaption><\/figure><figure class='gallery-item'>\n\t\t\t<div class='gallery-icon landscape'>\n\t\t\t\t<a href='https:\/\/www.wallendorff.com\/belogue\/2017\/08\/26\/le-cabaret-vert-2017-jour-2\/turbonegro-le-cabaret-vert-charleville-mezieres-25082017-3\/'><img loading=\"lazy\" decoding=\"async\" width=\"850\" height=\"567\" src=\"https:\/\/www.wallendorff.com\/belogue\/wp-content\/uploads\/2017\/08\/20170826-05.jpg\" class=\"attachment-large size-large\" alt=\"\" aria-describedby=\"gallery-1-35625\" srcset=\"https:\/\/www.wallendorff.com\/belogue\/wp-content\/uploads\/2017\/08\/20170826-05.jpg 850w, https:\/\/www.wallendorff.com\/belogue\/wp-content\/uploads\/2017\/08\/20170826-05-820x547.jpg 820w, https:\/\/www.wallendorff.com\/belogue\/wp-content\/uploads\/2017\/08\/20170826-05-200x133.jpg 200w, https:\/\/www.wallendorff.com\/belogue\/wp-content\/uploads\/2017\/08\/20170826-05-300x200.jpg 300w, https:\/\/www.wallendorff.com\/belogue\/wp-content\/uploads\/2017\/08\/20170826-05-600x400.jpg 600w\" sizes=\"(max-width: 850px) 100vw, 850px\" \/><\/a>\n\t\t\t<\/div>\n\t\t\t\t<figcaption class='wp-caption-text gallery-caption' id='gallery-1-35625'>\n\t\t\t\tTurbonegro @ le Cabaret Vert, Charleville-M\u00e9zi\u00e8res, 25\/08\/2017\n\t\t\t\t<\/figcaption><\/figure><figure class='gallery-item'>\n\t\t\t<div class='gallery-icon landscape'>\n\t\t\t\t<a href='https:\/\/www.wallendorff.com\/belogue\/2017\/08\/26\/le-cabaret-vert-2017-jour-2\/le-cabaret-vert-charleville-mezieres-25082017-3\/'><img loading=\"lazy\" decoding=\"async\" width=\"850\" height=\"567\" src=\"https:\/\/www.wallendorff.com\/belogue\/wp-content\/uploads\/2017\/08\/20170826-06.jpg\" class=\"attachment-large size-large\" alt=\"\" aria-describedby=\"gallery-1-35626\" srcset=\"https:\/\/www.wallendorff.com\/belogue\/wp-content\/uploads\/2017\/08\/20170826-06.jpg 850w, https:\/\/www.wallendorff.com\/belogue\/wp-content\/uploads\/2017\/08\/20170826-06-820x547.jpg 820w, https:\/\/www.wallendorff.com\/belogue\/wp-content\/uploads\/2017\/08\/20170826-06-200x133.jpg 200w, https:\/\/www.wallendorff.com\/belogue\/wp-content\/uploads\/2017\/08\/20170826-06-300x200.jpg 300w, https:\/\/www.wallendorff.com\/belogue\/wp-content\/uploads\/2017\/08\/20170826-06-600x400.jpg 600w\" sizes=\"(max-width: 850px) 100vw, 850px\" \/><\/a>\n\t\t\t<\/div>\n\t\t\t\t<figcaption class='wp-caption-text gallery-caption' id='gallery-1-35626'>\n\t\t\t\tLe Cabaret Vert, Charleville-M\u00e9zi\u00e8res, 25\/08\/2017\n\t\t\t\t<\/figcaption><\/figure><figure class='gallery-item'>\n\t\t\t<div class='gallery-icon landscape'>\n\t\t\t\t<a href='https:\/\/www.wallendorff.com\/belogue\/2017\/08\/26\/le-cabaret-vert-2017-jour-2\/turbonegro-le-cabaret-vert-charleville-mezieres-25082017-4\/'><img loading=\"lazy\" decoding=\"async\" width=\"850\" height=\"567\" src=\"https:\/\/www.wallendorff.com\/belogue\/wp-content\/uploads\/2017\/08\/20170826-07.jpg\" class=\"attachment-large size-large\" alt=\"\" aria-describedby=\"gallery-1-35627\" srcset=\"https:\/\/www.wallendorff.com\/belogue\/wp-content\/uploads\/2017\/08\/20170826-07.jpg 850w, https:\/\/www.wallendorff.com\/belogue\/wp-content\/uploads\/2017\/08\/20170826-07-820x547.jpg 820w, https:\/\/www.wallendorff.com\/belogue\/wp-content\/uploads\/2017\/08\/20170826-07-200x133.jpg 200w, https:\/\/www.wallendorff.com\/belogue\/wp-content\/uploads\/2017\/08\/20170826-07-300x200.jpg 300w, https:\/\/www.wallendorff.com\/belogue\/wp-content\/uploads\/2017\/08\/20170826-07-600x400.jpg 600w\" sizes=\"(max-width: 850px) 100vw, 850px\" \/><\/a>\n\t\t\t<\/div>\n\t\t\t\t<figcaption class='wp-caption-text gallery-caption' id='gallery-1-35627'>\n\t\t\t\tTurbonegro @ le Cabaret Vert, Charleville-M\u00e9zi\u00e8res, 25\/08\/2017\n\t\t\t\t<\/figcaption><\/figure><figure class='gallery-item'>\n\t\t\t<div class='gallery-icon landscape'>\n\t\t\t\t<a href='https:\/\/www.wallendorff.com\/belogue\/2017\/08\/26\/le-cabaret-vert-2017-jour-2\/le-cabaret-vert-charleville-mezieres-25082017-4\/'><img loading=\"lazy\" decoding=\"async\" width=\"850\" height=\"567\" src=\"https:\/\/www.wallendorff.com\/belogue\/wp-content\/uploads\/2017\/08\/20170826-08.jpg\" class=\"attachment-large size-large\" alt=\"\" aria-describedby=\"gallery-1-35628\" srcset=\"https:\/\/www.wallendorff.com\/belogue\/wp-content\/uploads\/2017\/08\/20170826-08.jpg 850w, https:\/\/www.wallendorff.com\/belogue\/wp-content\/uploads\/2017\/08\/20170826-08-820x547.jpg 820w, https:\/\/www.wallendorff.com\/belogue\/wp-content\/uploads\/2017\/08\/20170826-08-200x133.jpg 200w, https:\/\/www.wallendorff.com\/belogue\/wp-content\/uploads\/2017\/08\/20170826-08-300x200.jpg 300w, https:\/\/www.wallendorff.com\/belogue\/wp-content\/uploads\/2017\/08\/20170826-08-600x400.jpg 600w\" sizes=\"(max-width: 850px) 100vw, 850px\" \/><\/a>\n\t\t\t<\/div>\n\t\t\t\t<figcaption class='wp-caption-text gallery-caption' id='gallery-1-35628'>\n\t\t\t\tLe Cabaret Vert, Charleville-M\u00e9zi\u00e8res, 25\/08\/2017\n\t\t\t\t<\/figcaption><\/figure><figure class='gallery-item'>\n\t\t\t<div class='gallery-icon portrait'>\n\t\t\t\t<a href='https:\/\/www.wallendorff.com\/belogue\/2017\/08\/26\/le-cabaret-vert-2017-jour-2\/turbonegro-le-cabaret-vert-charleville-mezieres-25082017-5\/'><img loading=\"lazy\" decoding=\"async\" width=\"567\" height=\"850\" src=\"https:\/\/www.wallendorff.com\/belogue\/wp-content\/uploads\/2017\/08\/20170826-09.jpg\" class=\"attachment-large size-large\" alt=\"\" aria-describedby=\"gallery-1-35629\" srcset=\"https:\/\/www.wallendorff.com\/belogue\/wp-content\/uploads\/2017\/08\/20170826-09.jpg 567w, https:\/\/www.wallendorff.com\/belogue\/wp-content\/uploads\/2017\/08\/20170826-09-133x200.jpg 133w, https:\/\/www.wallendorff.com\/belogue\/wp-content\/uploads\/2017\/08\/20170826-09-200x300.jpg 200w\" sizes=\"(max-width: 567px) 100vw, 567px\" \/><\/a>\n\t\t\t<\/div>\n\t\t\t\t<figcaption class='wp-caption-text gallery-caption' id='gallery-1-35629'>\n\t\t\t\tTurbonegro @ le Cabaret Vert, Charleville-M\u00e9zi\u00e8res, 25\/08\/2017\n\t\t\t\t<\/figcaption><\/figure><figure class='gallery-item'>\n\t\t\t<div class='gallery-icon landscape'>\n\t\t\t\t<a href='https:\/\/www.wallendorff.com\/belogue\/2017\/08\/26\/le-cabaret-vert-2017-jour-2\/le-cabaret-vert-charleville-mezieres-25082017-5\/'><img loading=\"lazy\" decoding=\"async\" width=\"850\" height=\"567\" src=\"https:\/\/www.wallendorff.com\/belogue\/wp-content\/uploads\/2017\/08\/20170826-10.jpg\" class=\"attachment-large size-large\" alt=\"\" aria-describedby=\"gallery-1-35630\" srcset=\"https:\/\/www.wallendorff.com\/belogue\/wp-content\/uploads\/2017\/08\/20170826-10.jpg 850w, https:\/\/www.wallendorff.com\/belogue\/wp-content\/uploads\/2017\/08\/20170826-10-820x547.jpg 820w, https:\/\/www.wallendorff.com\/belogue\/wp-content\/uploads\/2017\/08\/20170826-10-200x133.jpg 200w, https:\/\/www.wallendorff.com\/belogue\/wp-content\/uploads\/2017\/08\/20170826-10-300x200.jpg 300w, https:\/\/www.wallendorff.com\/belogue\/wp-content\/uploads\/2017\/08\/20170826-10-600x400.jpg 600w\" sizes=\"(max-width: 850px) 100vw, 850px\" \/><\/a>\n\t\t\t<\/div>\n\t\t\t\t<figcaption class='wp-caption-text gallery-caption' id='gallery-1-35630'>\n\t\t\t\tLe Cabaret Vert, Charleville-M\u00e9zi\u00e8res, 25\/08\/2017\n\t\t\t\t<\/figcaption><\/figure><figure class='gallery-item'>\n\t\t\t<div class='gallery-icon landscape'>\n\t\t\t\t<a href='https:\/\/www.wallendorff.com\/belogue\/2017\/08\/26\/le-cabaret-vert-2017-jour-2\/turbonegro-le-cabaret-vert-charleville-mezieres-25082017-6\/'><img loading=\"lazy\" decoding=\"async\" width=\"850\" height=\"567\" src=\"https:\/\/www.wallendorff.com\/belogue\/wp-content\/uploads\/2017\/08\/20170826-11.jpg\" class=\"attachment-large size-large\" alt=\"\" aria-describedby=\"gallery-1-35631\" srcset=\"https:\/\/www.wallendorff.com\/belogue\/wp-content\/uploads\/2017\/08\/20170826-11.jpg 850w, https:\/\/www.wallendorff.com\/belogue\/wp-content\/uploads\/2017\/08\/20170826-11-820x547.jpg 820w, https:\/\/www.wallendorff.com\/belogue\/wp-content\/uploads\/2017\/08\/20170826-11-200x133.jpg 200w, https:\/\/www.wallendorff.com\/belogue\/wp-content\/uploads\/2017\/08\/20170826-11-300x200.jpg 300w, https:\/\/www.wallendorff.com\/belogue\/wp-content\/uploads\/2017\/08\/20170826-11-600x400.jpg 600w\" sizes=\"(max-width: 850px) 100vw, 850px\" \/><\/a>\n\t\t\t<\/div>\n\t\t\t\t<figcaption class='wp-caption-text gallery-caption' id='gallery-1-35631'>\n\t\t\t\tTurbonegro @ le Cabaret Vert, Charleville-M\u00e9zi\u00e8res, 25\/08\/2017\n\t\t\t\t<\/figcaption><\/figure><figure class='gallery-item'>\n\t\t\t<div class='gallery-icon landscape'>\n\t\t\t\t<a href='https:\/\/www.wallendorff.com\/belogue\/2017\/08\/26\/le-cabaret-vert-2017-jour-2\/le-cabaret-vert-charleville-mezieres-25082017-6\/'><img loading=\"lazy\" decoding=\"async\" width=\"850\" height=\"567\" src=\"https:\/\/www.wallendorff.com\/belogue\/wp-content\/uploads\/2017\/08\/20170826-12.jpg\" class=\"attachment-large size-large\" alt=\"\" aria-describedby=\"gallery-1-35632\" srcset=\"https:\/\/www.wallendorff.com\/belogue\/wp-content\/uploads\/2017\/08\/20170826-12.jpg 850w, https:\/\/www.wallendorff.com\/belogue\/wp-content\/uploads\/2017\/08\/20170826-12-820x547.jpg 820w, https:\/\/www.wallendorff.com\/belogue\/wp-content\/uploads\/2017\/08\/20170826-12-200x133.jpg 200w, https:\/\/www.wallendorff.com\/belogue\/wp-content\/uploads\/2017\/08\/20170826-12-300x200.jpg 300w, https:\/\/www.wallendorff.com\/belogue\/wp-content\/uploads\/2017\/08\/20170826-12-600x400.jpg 600w\" sizes=\"(max-width: 850px) 100vw, 850px\" \/><\/a>\n\t\t\t<\/div>\n\t\t\t\t<figcaption class='wp-caption-text gallery-caption' id='gallery-1-35632'>\n\t\t\t\tLe Cabaret Vert, Charleville-M\u00e9zi\u00e8res, 25\/08\/2017\n\t\t\t\t<\/figcaption><\/figure><figure class='gallery-item'>\n\t\t\t<div class='gallery-icon landscape'>\n\t\t\t\t<a href='https:\/\/www.wallendorff.com\/belogue\/2017\/08\/26\/le-cabaret-vert-2017-jour-2\/turbonegro-le-cabaret-vert-charleville-mezieres-25082017-7\/'><img loading=\"lazy\" decoding=\"async\" width=\"850\" height=\"567\" src=\"https:\/\/www.wallendorff.com\/belogue\/wp-content\/uploads\/2017\/08\/20170826-13.jpg\" class=\"attachment-large size-large\" alt=\"\" aria-describedby=\"gallery-1-35633\" srcset=\"https:\/\/www.wallendorff.com\/belogue\/wp-content\/uploads\/2017\/08\/20170826-13.jpg 850w, https:\/\/www.wallendorff.com\/belogue\/wp-content\/uploads\/2017\/08\/20170826-13-820x547.jpg 820w, https:\/\/www.wallendorff.com\/belogue\/wp-content\/uploads\/2017\/08\/20170826-13-200x133.jpg 200w, https:\/\/www.wallendorff.com\/belogue\/wp-content\/uploads\/2017\/08\/20170826-13-300x200.jpg 300w, https:\/\/www.wallendorff.com\/belogue\/wp-content\/uploads\/2017\/08\/20170826-13-600x400.jpg 600w\" sizes=\"(max-width: 850px) 100vw, 850px\" \/><\/a>\n\t\t\t<\/div>\n\t\t\t\t<figcaption class='wp-caption-text gallery-caption' id='gallery-1-35633'>\n\t\t\t\tTurbonegro @ le Cabaret Vert, Charleville-M\u00e9zi\u00e8res, 25\/08\/2017\n\t\t\t\t<\/figcaption><\/figure><figure class='gallery-item'>\n\t\t\t<div class='gallery-icon landscape'>\n\t\t\t\t<a href='https:\/\/www.wallendorff.com\/belogue\/2017\/08\/26\/le-cabaret-vert-2017-jour-2\/le-cabaret-vert-charleville-mezieres-25082017-7\/'><img loading=\"lazy\" decoding=\"async\" width=\"850\" height=\"567\" src=\"https:\/\/www.wallendorff.com\/belogue\/wp-content\/uploads\/2017\/08\/20170826-14.jpg\" class=\"attachment-large size-large\" alt=\"\" aria-describedby=\"gallery-1-35634\" srcset=\"https:\/\/www.wallendorff.com\/belogue\/wp-content\/uploads\/2017\/08\/20170826-14.jpg 850w, https:\/\/www.wallendorff.com\/belogue\/wp-content\/uploads\/2017\/08\/20170826-14-820x547.jpg 820w, https:\/\/www.wallendorff.com\/belogue\/wp-content\/uploads\/2017\/08\/20170826-14-200x133.jpg 200w, https:\/\/www.wallendorff.com\/belogue\/wp-content\/uploads\/2017\/08\/20170826-14-300x200.jpg 300w, https:\/\/www.wallendorff.com\/belogue\/wp-content\/uploads\/2017\/08\/20170826-14-600x400.jpg 600w\" sizes=\"(max-width: 850px) 100vw, 850px\" \/><\/a>\n\t\t\t<\/div>\n\t\t\t\t<figcaption class='wp-caption-text gallery-caption' id='gallery-1-35634'>\n\t\t\t\tLe Cabaret Vert, Charleville-M\u00e9zi\u00e8res, 25\/08\/2017\n\t\t\t\t<\/figcaption><\/figure><figure class='gallery-item'>\n\t\t\t<div class='gallery-icon landscape'>\n\t\t\t\t<a href='https:\/\/www.wallendorff.com\/belogue\/2017\/08\/26\/le-cabaret-vert-2017-jour-2\/le-cabaret-vert-charleville-mezieres-25082017-8\/'><img loading=\"lazy\" decoding=\"async\" width=\"850\" height=\"567\" src=\"https:\/\/www.wallendorff.com\/belogue\/wp-content\/uploads\/2017\/08\/20170826-15.jpg\" class=\"attachment-large size-large\" alt=\"\" aria-describedby=\"gallery-1-35635\" srcset=\"https:\/\/www.wallendorff.com\/belogue\/wp-content\/uploads\/2017\/08\/20170826-15.jpg 850w, https:\/\/www.wallendorff.com\/belogue\/wp-content\/uploads\/2017\/08\/20170826-15-820x547.jpg 820w, https:\/\/www.wallendorff.com\/belogue\/wp-content\/uploads\/2017\/08\/20170826-15-200x133.jpg 200w, https:\/\/www.wallendorff.com\/belogue\/wp-content\/uploads\/2017\/08\/20170826-15-300x200.jpg 300w, https:\/\/www.wallendorff.com\/belogue\/wp-content\/uploads\/2017\/08\/20170826-15-600x400.jpg 600w\" sizes=\"(max-width: 850px) 100vw, 850px\" \/><\/a>\n\t\t\t<\/div>\n\t\t\t\t<figcaption class='wp-caption-text gallery-caption' id='gallery-1-35635'>\n\t\t\t\tLe Cabaret Vert, Charleville-M\u00e9zi\u00e8res, 25\/08\/2017\n\t\t\t\t<\/figcaption><\/figure><figure class='gallery-item'>\n\t\t\t<div class='gallery-icon portrait'>\n\t\t\t\t<a href='https:\/\/www.wallendorff.com\/belogue\/2017\/08\/26\/le-cabaret-vert-2017-jour-2\/le-cabaret-vert-charleville-mezieres-25082017-9\/'><img loading=\"lazy\" decoding=\"async\" width=\"567\" height=\"850\" src=\"https:\/\/www.wallendorff.com\/belogue\/wp-content\/uploads\/2017\/08\/20170826-16.jpg\" class=\"attachment-large size-large\" alt=\"\" aria-describedby=\"gallery-1-35636\" srcset=\"https:\/\/www.wallendorff.com\/belogue\/wp-content\/uploads\/2017\/08\/20170826-16.jpg 567w, https:\/\/www.wallendorff.com\/belogue\/wp-content\/uploads\/2017\/08\/20170826-16-133x200.jpg 133w, https:\/\/www.wallendorff.com\/belogue\/wp-content\/uploads\/2017\/08\/20170826-16-200x300.jpg 200w\" sizes=\"(max-width: 567px) 100vw, 567px\" \/><\/a>\n\t\t\t<\/div>\n\t\t\t\t<figcaption class='wp-caption-text gallery-caption' id='gallery-1-35636'>\n\t\t\t\tLe Cabaret Vert, Charleville-M\u00e9zi\u00e8res, 25\/08\/2017\n\t\t\t\t<\/figcaption><\/figure><figure class='gallery-item'>\n\t\t\t<div class='gallery-icon landscape'>\n\t\t\t\t<a href='https:\/\/www.wallendorff.com\/belogue\/2017\/08\/26\/le-cabaret-vert-2017-jour-2\/le-cabaret-vert-charleville-mezieres-25082017-10\/'><img loading=\"lazy\" decoding=\"async\" width=\"850\" height=\"567\" src=\"https:\/\/www.wallendorff.com\/belogue\/wp-content\/uploads\/2017\/08\/20170826-17.jpg\" class=\"attachment-large size-large\" alt=\"\" aria-describedby=\"gallery-1-35637\" srcset=\"https:\/\/www.wallendorff.com\/belogue\/wp-content\/uploads\/2017\/08\/20170826-17.jpg 850w, https:\/\/www.wallendorff.com\/belogue\/wp-content\/uploads\/2017\/08\/20170826-17-820x547.jpg 820w, https:\/\/www.wallendorff.com\/belogue\/wp-content\/uploads\/2017\/08\/20170826-17-200x133.jpg 200w, https:\/\/www.wallendorff.com\/belogue\/wp-content\/uploads\/2017\/08\/20170826-17-300x200.jpg 300w, https:\/\/www.wallendorff.com\/belogue\/wp-content\/uploads\/2017\/08\/20170826-17-600x400.jpg 600w\" sizes=\"(max-width: 850px) 100vw, 850px\" \/><\/a>\n\t\t\t<\/div>\n\t\t\t\t<figcaption class='wp-caption-text gallery-caption' id='gallery-1-35637'>\n\t\t\t\tLe Cabaret Vert, Charleville-M\u00e9zi\u00e8res, 25\/08\/2017\n\t\t\t\t<\/figcaption><\/figure><figure class='gallery-item'>\n\t\t\t<div class='gallery-icon landscape'>\n\t\t\t\t<a href='https:\/\/www.wallendorff.com\/belogue\/2017\/08\/26\/le-cabaret-vert-2017-jour-2\/le-cabaret-vert-charleville-mezieres-25082017-11\/'><img loading=\"lazy\" decoding=\"async\" width=\"850\" height=\"567\" src=\"https:\/\/www.wallendorff.com\/belogue\/wp-content\/uploads\/2017\/08\/20170826-18.jpg\" class=\"attachment-large size-large\" alt=\"\" aria-describedby=\"gallery-1-35638\" srcset=\"https:\/\/www.wallendorff.com\/belogue\/wp-content\/uploads\/2017\/08\/20170826-18.jpg 850w, https:\/\/www.wallendorff.com\/belogue\/wp-content\/uploads\/2017\/08\/20170826-18-820x547.jpg 820w, https:\/\/www.wallendorff.com\/belogue\/wp-content\/uploads\/2017\/08\/20170826-18-200x133.jpg 200w, https:\/\/www.wallendorff.com\/belogue\/wp-content\/uploads\/2017\/08\/20170826-18-300x200.jpg 300w, https:\/\/www.wallendorff.com\/belogue\/wp-content\/uploads\/2017\/08\/20170826-18-600x400.jpg 600w\" sizes=\"(max-width: 850px) 100vw, 850px\" \/><\/a>\n\t\t\t<\/div>\n\t\t\t\t<figcaption class='wp-caption-text gallery-caption' id='gallery-1-35638'>\n\t\t\t\tLe Cabaret Vert, Charleville-M\u00e9zi\u00e8res, 25\/08\/2017\n\t\t\t\t<\/figcaption><\/figure><figure class='gallery-item'>\n\t\t\t<div class='gallery-icon landscape'>\n\t\t\t\t<a href='https:\/\/www.wallendorff.com\/belogue\/2017\/08\/26\/le-cabaret-vert-2017-jour-2\/the-kills-le-cabaret-vert-charleville-mezieres-25082017\/'><img loading=\"lazy\" decoding=\"async\" width=\"850\" height=\"567\" src=\"https:\/\/www.wallendorff.com\/belogue\/wp-content\/uploads\/2017\/08\/20170826-19.jpg\" class=\"attachment-large size-large\" alt=\"\" aria-describedby=\"gallery-1-35639\" srcset=\"https:\/\/www.wallendorff.com\/belogue\/wp-content\/uploads\/2017\/08\/20170826-19.jpg 850w, https:\/\/www.wallendorff.com\/belogue\/wp-content\/uploads\/2017\/08\/20170826-19-820x547.jpg 820w, https:\/\/www.wallendorff.com\/belogue\/wp-content\/uploads\/2017\/08\/20170826-19-200x133.jpg 200w, https:\/\/www.wallendorff.com\/belogue\/wp-content\/uploads\/2017\/08\/20170826-19-300x200.jpg 300w, https:\/\/www.wallendorff.com\/belogue\/wp-content\/uploads\/2017\/08\/20170826-19-600x400.jpg 600w\" sizes=\"(max-width: 850px) 100vw, 850px\" \/><\/a>\n\t\t\t<\/div>\n\t\t\t\t<figcaption class='wp-caption-text gallery-caption' id='gallery-1-35639'>\n\t\t\t\tThe Kills @ le Cabaret Vert, Charleville-M\u00e9zi\u00e8res, 25\/08\/2017\n\t\t\t\t<\/figcaption><\/figure><figure class='gallery-item'>\n\t\t\t<div class='gallery-icon landscape'>\n\t\t\t\t<a href='https:\/\/www.wallendorff.com\/belogue\/2017\/08\/26\/le-cabaret-vert-2017-jour-2\/the-kills-le-cabaret-vert-charleville-mezieres-25082017-2\/'><img loading=\"lazy\" decoding=\"async\" width=\"850\" height=\"567\" src=\"https:\/\/www.wallendorff.com\/belogue\/wp-content\/uploads\/2017\/08\/20170826-20.jpg\" class=\"attachment-large size-large\" alt=\"\" aria-describedby=\"gallery-1-35640\" srcset=\"https:\/\/www.wallendorff.com\/belogue\/wp-content\/uploads\/2017\/08\/20170826-20.jpg 850w, https:\/\/www.wallendorff.com\/belogue\/wp-content\/uploads\/2017\/08\/20170826-20-820x547.jpg 820w, https:\/\/www.wallendorff.com\/belogue\/wp-content\/uploads\/2017\/08\/20170826-20-200x133.jpg 200w, https:\/\/www.wallendorff.com\/belogue\/wp-content\/uploads\/2017\/08\/20170826-20-300x200.jpg 300w, https:\/\/www.wallendorff.com\/belogue\/wp-content\/uploads\/2017\/08\/20170826-20-600x400.jpg 600w\" sizes=\"(max-width: 850px) 100vw, 850px\" \/><\/a>\n\t\t\t<\/div>\n\t\t\t\t<figcaption class='wp-caption-text gallery-caption' id='gallery-1-35640'>\n\t\t\t\tThe Kills @ le Cabaret Vert, Charleville-M\u00e9zi\u00e8res, 25\/08\/2017\n\t\t\t\t<\/figcaption><\/figure><figure class='gallery-item'>\n\t\t\t<div class='gallery-icon portrait'>\n\t\t\t\t<a href='https:\/\/www.wallendorff.com\/belogue\/2017\/08\/26\/le-cabaret-vert-2017-jour-2\/the-kills-le-cabaret-vert-charleville-mezieres-25082017-3\/'><img loading=\"lazy\" decoding=\"async\" width=\"567\" height=\"850\" src=\"https:\/\/www.wallendorff.com\/belogue\/wp-content\/uploads\/2017\/08\/20170826-21.jpg\" class=\"attachment-large size-large\" alt=\"\" aria-describedby=\"gallery-1-35641\" srcset=\"https:\/\/www.wallendorff.com\/belogue\/wp-content\/uploads\/2017\/08\/20170826-21.jpg 567w, https:\/\/www.wallendorff.com\/belogue\/wp-content\/uploads\/2017\/08\/20170826-21-133x200.jpg 133w, https:\/\/www.wallendorff.com\/belogue\/wp-content\/uploads\/2017\/08\/20170826-21-200x300.jpg 200w\" sizes=\"(max-width: 567px) 100vw, 567px\" \/><\/a>\n\t\t\t<\/div>\n\t\t\t\t<figcaption class='wp-caption-text gallery-caption' id='gallery-1-35641'>\n\t\t\t\tThe Kills @ le Cabaret Vert, Charleville-M\u00e9zi\u00e8res, 25\/08\/2017\n\t\t\t\t<\/figcaption><\/figure><figure class='gallery-item'>\n\t\t\t<div class='gallery-icon landscape'>\n\t\t\t\t<a href='https:\/\/www.wallendorff.com\/belogue\/2017\/08\/26\/le-cabaret-vert-2017-jour-2\/the-kills-le-cabaret-vert-charleville-mezieres-25082017-4\/'><img loading=\"lazy\" decoding=\"async\" width=\"850\" height=\"567\" src=\"https:\/\/www.wallendorff.com\/belogue\/wp-content\/uploads\/2017\/08\/20170826-22.jpg\" class=\"attachment-large size-large\" alt=\"\" aria-describedby=\"gallery-1-35642\" srcset=\"https:\/\/www.wallendorff.com\/belogue\/wp-content\/uploads\/2017\/08\/20170826-22.jpg 850w, https:\/\/www.wallendorff.com\/belogue\/wp-content\/uploads\/2017\/08\/20170826-22-820x547.jpg 820w, https:\/\/www.wallendorff.com\/belogue\/wp-content\/uploads\/2017\/08\/20170826-22-200x133.jpg 200w, https:\/\/www.wallendorff.com\/belogue\/wp-content\/uploads\/2017\/08\/20170826-22-300x200.jpg 300w, https:\/\/www.wallendorff.com\/belogue\/wp-content\/uploads\/2017\/08\/20170826-22-600x400.jpg 600w\" sizes=\"(max-width: 850px) 100vw, 850px\" \/><\/a>\n\t\t\t<\/div>\n\t\t\t\t<figcaption class='wp-caption-text gallery-caption' id='gallery-1-35642'>\n\t\t\t\tThe Kills @ le Cabaret Vert, Charleville-M\u00e9zi\u00e8res, 25\/08\/2017\n\t\t\t\t<\/figcaption><\/figure><figure class='gallery-item'>\n\t\t\t<div class='gallery-icon landscape'>\n\t\t\t\t<a href='https:\/\/www.wallendorff.com\/belogue\/2017\/08\/26\/le-cabaret-vert-2017-jour-2\/the-kills-le-cabaret-vert-charleville-mezieres-25082017-5\/'><img loading=\"lazy\" decoding=\"async\" width=\"850\" height=\"567\" src=\"https:\/\/www.wallendorff.com\/belogue\/wp-content\/uploads\/2017\/08\/20170826-23.jpg\" class=\"attachment-large size-large\" alt=\"\" aria-describedby=\"gallery-1-35643\" srcset=\"https:\/\/www.wallendorff.com\/belogue\/wp-content\/uploads\/2017\/08\/20170826-23.jpg 850w, https:\/\/www.wallendorff.com\/belogue\/wp-content\/uploads\/2017\/08\/20170826-23-820x547.jpg 820w, https:\/\/www.wallendorff.com\/belogue\/wp-content\/uploads\/2017\/08\/20170826-23-200x133.jpg 200w, https:\/\/www.wallendorff.com\/belogue\/wp-content\/uploads\/2017\/08\/20170826-23-300x200.jpg 300w, https:\/\/www.wallendorff.com\/belogue\/wp-content\/uploads\/2017\/08\/20170826-23-600x400.jpg 600w\" sizes=\"(max-width: 850px) 100vw, 850px\" \/><\/a>\n\t\t\t<\/div>\n\t\t\t\t<figcaption class='wp-caption-text gallery-caption' id='gallery-1-35643'>\n\t\t\t\tThe Kills @ le Cabaret Vert, Charleville-M\u00e9zi\u00e8res, 25\/08\/2017\n\t\t\t\t<\/figcaption><\/figure><figure class='gallery-item'>\n\t\t\t<div class='gallery-icon landscape'>\n\t\t\t\t<a href='https:\/\/www.wallendorff.com\/belogue\/2017\/08\/26\/le-cabaret-vert-2017-jour-2\/the-kills-le-cabaret-vert-charleville-mezieres-25082017-6\/'><img loading=\"lazy\" decoding=\"async\" width=\"850\" height=\"567\" src=\"https:\/\/www.wallendorff.com\/belogue\/wp-content\/uploads\/2017\/08\/20170826-24.jpg\" class=\"attachment-large size-large\" alt=\"\" aria-describedby=\"gallery-1-35644\" srcset=\"https:\/\/www.wallendorff.com\/belogue\/wp-content\/uploads\/2017\/08\/20170826-24.jpg 850w, https:\/\/www.wallendorff.com\/belogue\/wp-content\/uploads\/2017\/08\/20170826-24-820x547.jpg 820w, https:\/\/www.wallendorff.com\/belogue\/wp-content\/uploads\/2017\/08\/20170826-24-200x133.jpg 200w, https:\/\/www.wallendorff.com\/belogue\/wp-content\/uploads\/2017\/08\/20170826-24-300x200.jpg 300w, https:\/\/www.wallendorff.com\/belogue\/wp-content\/uploads\/2017\/08\/20170826-24-600x400.jpg 600w\" sizes=\"(max-width: 850px) 100vw, 850px\" \/><\/a>\n\t\t\t<\/div>\n\t\t\t\t<figcaption class='wp-caption-text gallery-caption' id='gallery-1-35644'>\n\t\t\t\tThe Kills @ le Cabaret Vert, Charleville-M\u00e9zi\u00e8res, 25\/08\/2017\n\t\t\t\t<\/figcaption><\/figure><figure class='gallery-item'>\n\t\t\t<div class='gallery-icon landscape'>\n\t\t\t\t<a href='https:\/\/www.wallendorff.com\/belogue\/2017\/08\/26\/le-cabaret-vert-2017-jour-2\/the-kills-le-cabaret-vert-charleville-mezieres-25082017-7\/'><img loading=\"lazy\" decoding=\"async\" width=\"850\" height=\"567\" src=\"https:\/\/www.wallendorff.com\/belogue\/wp-content\/uploads\/2017\/08\/20170826-25.jpg\" class=\"attachment-large size-large\" alt=\"\" aria-describedby=\"gallery-1-35645\" srcset=\"https:\/\/www.wallendorff.com\/belogue\/wp-content\/uploads\/2017\/08\/20170826-25.jpg 850w, https:\/\/www.wallendorff.com\/belogue\/wp-content\/uploads\/2017\/08\/20170826-25-820x547.jpg 820w, https:\/\/www.wallendorff.com\/belogue\/wp-content\/uploads\/2017\/08\/20170826-25-200x133.jpg 200w, https:\/\/www.wallendorff.com\/belogue\/wp-content\/uploads\/2017\/08\/20170826-25-300x200.jpg 300w, https:\/\/www.wallendorff.com\/belogue\/wp-content\/uploads\/2017\/08\/20170826-25-600x400.jpg 600w\" sizes=\"(max-width: 850px) 100vw, 850px\" \/><\/a>\n\t\t\t<\/div>\n\t\t\t\t<figcaption class='wp-caption-text gallery-caption' id='gallery-1-35645'>\n\t\t\t\tThe Kills @ le Cabaret Vert, Charleville-M\u00e9zi\u00e8res, 25\/08\/2017\n\t\t\t\t<\/figcaption><\/figure><figure class='gallery-item'>\n\t\t\t<div class='gallery-icon landscape'>\n\t\t\t\t<a href='https:\/\/www.wallendorff.com\/belogue\/2017\/08\/26\/le-cabaret-vert-2017-jour-2\/le-cabaret-vert-charleville-mezieres-25082017-12\/'><img loading=\"lazy\" decoding=\"async\" width=\"850\" height=\"567\" src=\"https:\/\/www.wallendorff.com\/belogue\/wp-content\/uploads\/2017\/08\/20170826-26.jpg\" class=\"attachment-large size-large\" alt=\"\" aria-describedby=\"gallery-1-35646\" srcset=\"https:\/\/www.wallendorff.com\/belogue\/wp-content\/uploads\/2017\/08\/20170826-26.jpg 850w, https:\/\/www.wallendorff.com\/belogue\/wp-content\/uploads\/2017\/08\/20170826-26-820x547.jpg 820w, https:\/\/www.wallendorff.com\/belogue\/wp-content\/uploads\/2017\/08\/20170826-26-200x133.jpg 200w, https:\/\/www.wallendorff.com\/belogue\/wp-content\/uploads\/2017\/08\/20170826-26-300x200.jpg 300w, https:\/\/www.wallendorff.com\/belogue\/wp-content\/uploads\/2017\/08\/20170826-26-600x400.jpg 600w\" sizes=\"(max-width: 850px) 100vw, 850px\" \/><\/a>\n\t\t\t<\/div>\n\t\t\t\t<figcaption class='wp-caption-text gallery-caption' id='gallery-1-35646'>\n\t\t\t\tLe Cabaret Vert, Charleville-M\u00e9zi\u00e8res, 25\/08\/2017\n\t\t\t\t<\/figcaption><\/figure><figure class='gallery-item'>\n\t\t\t<div class='gallery-icon landscape'>\n\t\t\t\t<a href='https:\/\/www.wallendorff.com\/belogue\/2017\/08\/26\/le-cabaret-vert-2017-jour-2\/the-kills-le-cabaret-vert-charleville-mezieres-25082017-8\/'><img loading=\"lazy\" decoding=\"async\" width=\"850\" height=\"567\" src=\"https:\/\/www.wallendorff.com\/belogue\/wp-content\/uploads\/2017\/08\/20170826-27.jpg\" class=\"attachment-large size-large\" alt=\"\" aria-describedby=\"gallery-1-35647\" srcset=\"https:\/\/www.wallendorff.com\/belogue\/wp-content\/uploads\/2017\/08\/20170826-27.jpg 850w, https:\/\/www.wallendorff.com\/belogue\/wp-content\/uploads\/2017\/08\/20170826-27-820x547.jpg 820w, https:\/\/www.wallendorff.com\/belogue\/wp-content\/uploads\/2017\/08\/20170826-27-200x133.jpg 200w, https:\/\/www.wallendorff.com\/belogue\/wp-content\/uploads\/2017\/08\/20170826-27-300x200.jpg 300w, https:\/\/www.wallendorff.com\/belogue\/wp-content\/uploads\/2017\/08\/20170826-27-600x400.jpg 600w\" sizes=\"(max-width: 850px) 100vw, 850px\" \/><\/a>\n\t\t\t<\/div>\n\t\t\t\t<figcaption class='wp-caption-text gallery-caption' id='gallery-1-35647'>\n\t\t\t\tThe Kills @ le Cabaret Vert, Charleville-M\u00e9zi\u00e8res, 25\/08\/2017\n\t\t\t\t<\/figcaption><\/figure><figure class='gallery-item'>\n\t\t\t<div class='gallery-icon landscape'>\n\t\t\t\t<a href='https:\/\/www.wallendorff.com\/belogue\/2017\/08\/26\/le-cabaret-vert-2017-jour-2\/the-kills-le-cabaret-vert-charleville-mezieres-25082017-9\/'><img loading=\"lazy\" decoding=\"async\" width=\"850\" height=\"567\" src=\"https:\/\/www.wallendorff.com\/belogue\/wp-content\/uploads\/2017\/08\/20170826-28.jpg\" class=\"attachment-large size-large\" alt=\"\" aria-describedby=\"gallery-1-35648\" srcset=\"https:\/\/www.wallendorff.com\/belogue\/wp-content\/uploads\/2017\/08\/20170826-28.jpg 850w, https:\/\/www.wallendorff.com\/belogue\/wp-content\/uploads\/2017\/08\/20170826-28-820x547.jpg 820w, https:\/\/www.wallendorff.com\/belogue\/wp-content\/uploads\/2017\/08\/20170826-28-200x133.jpg 200w, https:\/\/www.wallendorff.com\/belogue\/wp-content\/uploads\/2017\/08\/20170826-28-300x200.jpg 300w, https:\/\/www.wallendorff.com\/belogue\/wp-content\/uploads\/2017\/08\/20170826-28-600x400.jpg 600w\" sizes=\"(max-width: 850px) 100vw, 850px\" \/><\/a>\n\t\t\t<\/div>\n\t\t\t\t<figcaption class='wp-caption-text gallery-caption' id='gallery-1-35648'>\n\t\t\t\tThe Kills @ le Cabaret Vert, Charleville-M\u00e9zi\u00e8res, 25\/08\/2017\n\t\t\t\t<\/figcaption><\/figure><figure class='gallery-item'>\n\t\t\t<div class='gallery-icon landscape'>\n\t\t\t\t<a href='https:\/\/www.wallendorff.com\/belogue\/2017\/08\/26\/le-cabaret-vert-2017-jour-2\/the-kills-le-cabaret-vert-charleville-mezieres-25082017-10\/'><img loading=\"lazy\" decoding=\"async\" width=\"850\" height=\"567\" src=\"https:\/\/www.wallendorff.com\/belogue\/wp-content\/uploads\/2017\/08\/20170826-29.jpg\" class=\"attachment-large size-large\" alt=\"\" aria-describedby=\"gallery-1-35649\" srcset=\"https:\/\/www.wallendorff.com\/belogue\/wp-content\/uploads\/2017\/08\/20170826-29.jpg 850w, https:\/\/www.wallendorff.com\/belogue\/wp-content\/uploads\/2017\/08\/20170826-29-820x547.jpg 820w, https:\/\/www.wallendorff.com\/belogue\/wp-content\/uploads\/2017\/08\/20170826-29-200x133.jpg 200w, https:\/\/www.wallendorff.com\/belogue\/wp-content\/uploads\/2017\/08\/20170826-29-300x200.jpg 300w, https:\/\/www.wallendorff.com\/belogue\/wp-content\/uploads\/2017\/08\/20170826-29-600x400.jpg 600w\" sizes=\"(max-width: 850px) 100vw, 850px\" \/><\/a>\n\t\t\t<\/div>\n\t\t\t\t<figcaption class='wp-caption-text gallery-caption' id='gallery-1-35649'>\n\t\t\t\tThe Kills @ le Cabaret Vert, Charleville-M\u00e9zi\u00e8res, 25\/08\/2017\n\t\t\t\t<\/figcaption><\/figure><figure class='gallery-item'>\n\t\t\t<div class='gallery-icon landscape'>\n\t\t\t\t<a href='https:\/\/www.wallendorff.com\/belogue\/2017\/08\/26\/le-cabaret-vert-2017-jour-2\/the-kills-le-cabaret-vert-charleville-mezieres-25082017-11\/'><img loading=\"lazy\" decoding=\"async\" width=\"850\" height=\"567\" src=\"https:\/\/www.wallendorff.com\/belogue\/wp-content\/uploads\/2017\/08\/20170826-30.jpg\" class=\"attachment-large size-large\" alt=\"\" aria-describedby=\"gallery-1-35650\" srcset=\"https:\/\/www.wallendorff.com\/belogue\/wp-content\/uploads\/2017\/08\/20170826-30.jpg 850w, https:\/\/www.wallendorff.com\/belogue\/wp-content\/uploads\/2017\/08\/20170826-30-820x547.jpg 820w, https:\/\/www.wallendorff.com\/belogue\/wp-content\/uploads\/2017\/08\/20170826-30-200x133.jpg 200w, https:\/\/www.wallendorff.com\/belogue\/wp-content\/uploads\/2017\/08\/20170826-30-300x200.jpg 300w, https:\/\/www.wallendorff.com\/belogue\/wp-content\/uploads\/2017\/08\/20170826-30-600x400.jpg 600w\" sizes=\"(max-width: 850px) 100vw, 850px\" \/><\/a>\n\t\t\t<\/div>\n\t\t\t\t<figcaption class='wp-caption-text gallery-caption' id='gallery-1-35650'>\n\t\t\t\tThe Kills @ le Cabaret Vert, Charleville-M\u00e9zi\u00e8res, 25\/08\/2017\n\t\t\t\t<\/figcaption><\/figure><figure class='gallery-item'>\n\t\t\t<div class='gallery-icon landscape'>\n\t\t\t\t<a href='https:\/\/www.wallendorff.com\/belogue\/2017\/08\/26\/le-cabaret-vert-2017-jour-2\/le-cabaret-vert-charleville-mezieres-25082017-13\/'><img loading=\"lazy\" decoding=\"async\" width=\"850\" height=\"567\" src=\"https:\/\/www.wallendorff.com\/belogue\/wp-content\/uploads\/2017\/08\/20170826-31.jpg\" class=\"attachment-large size-large\" alt=\"\" aria-describedby=\"gallery-1-35651\" srcset=\"https:\/\/www.wallendorff.com\/belogue\/wp-content\/uploads\/2017\/08\/20170826-31.jpg 850w, https:\/\/www.wallendorff.com\/belogue\/wp-content\/uploads\/2017\/08\/20170826-31-820x547.jpg 820w, https:\/\/www.wallendorff.com\/belogue\/wp-content\/uploads\/2017\/08\/20170826-31-200x133.jpg 200w, https:\/\/www.wallendorff.com\/belogue\/wp-content\/uploads\/2017\/08\/20170826-31-300x200.jpg 300w, https:\/\/www.wallendorff.com\/belogue\/wp-content\/uploads\/2017\/08\/20170826-31-600x400.jpg 600w\" sizes=\"(max-width: 850px) 100vw, 850px\" \/><\/a>\n\t\t\t<\/div>\n\t\t\t\t<figcaption class='wp-caption-text gallery-caption' id='gallery-1-35651'>\n\t\t\t\tLe Cabaret Vert, Charleville-M\u00e9zi\u00e8res, 25\/08\/2017\n\t\t\t\t<\/figcaption><\/figure><figure class='gallery-item'>\n\t\t\t<div class='gallery-icon landscape'>\n\t\t\t\t<a href='https:\/\/www.wallendorff.com\/belogue\/2017\/08\/26\/le-cabaret-vert-2017-jour-2\/the-kills-le-cabaret-vert-charleville-mezieres-25082017-12\/'><img loading=\"lazy\" decoding=\"async\" width=\"850\" height=\"567\" src=\"https:\/\/www.wallendorff.com\/belogue\/wp-content\/uploads\/2017\/08\/20170826-32.jpg\" class=\"attachment-large size-large\" alt=\"\" aria-describedby=\"gallery-1-35652\" srcset=\"https:\/\/www.wallendorff.com\/belogue\/wp-content\/uploads\/2017\/08\/20170826-32.jpg 850w, https:\/\/www.wallendorff.com\/belogue\/wp-content\/uploads\/2017\/08\/20170826-32-820x547.jpg 820w, https:\/\/www.wallendorff.com\/belogue\/wp-content\/uploads\/2017\/08\/20170826-32-200x133.jpg 200w, https:\/\/www.wallendorff.com\/belogue\/wp-content\/uploads\/2017\/08\/20170826-32-300x200.jpg 300w, https:\/\/www.wallendorff.com\/belogue\/wp-content\/uploads\/2017\/08\/20170826-32-600x400.jpg 600w\" sizes=\"(max-width: 850px) 100vw, 850px\" \/><\/a>\n\t\t\t<\/div>\n\t\t\t\t<figcaption class='wp-caption-text gallery-caption' id='gallery-1-35652'>\n\t\t\t\tThe Kills @ le Cabaret Vert, Charleville-M\u00e9zi\u00e8res, 25\/08\/2017\n\t\t\t\t<\/figcaption><\/figure><figure class='gallery-item'>\n\t\t\t<div class='gallery-icon landscape'>\n\t\t\t\t<a href='https:\/\/www.wallendorff.com\/belogue\/2017\/08\/26\/le-cabaret-vert-2017-jour-2\/ty-segall-le-cabaret-vert-charleville-mezieres-25082017\/'><img loading=\"lazy\" decoding=\"async\" width=\"850\" height=\"567\" src=\"https:\/\/www.wallendorff.com\/belogue\/wp-content\/uploads\/2017\/08\/20170826-33.jpg\" class=\"attachment-large size-large\" alt=\"\" aria-describedby=\"gallery-1-35653\" srcset=\"https:\/\/www.wallendorff.com\/belogue\/wp-content\/uploads\/2017\/08\/20170826-33.jpg 850w, https:\/\/www.wallendorff.com\/belogue\/wp-content\/uploads\/2017\/08\/20170826-33-820x547.jpg 820w, https:\/\/www.wallendorff.com\/belogue\/wp-content\/uploads\/2017\/08\/20170826-33-200x133.jpg 200w, https:\/\/www.wallendorff.com\/belogue\/wp-content\/uploads\/2017\/08\/20170826-33-300x200.jpg 300w, https:\/\/www.wallendorff.com\/belogue\/wp-content\/uploads\/2017\/08\/20170826-33-600x400.jpg 600w\" sizes=\"(max-width: 850px) 100vw, 850px\" \/><\/a>\n\t\t\t<\/div>\n\t\t\t\t<figcaption class='wp-caption-text gallery-caption' id='gallery-1-35653'>\n\t\t\t\tTy Segall @ le Cabaret Vert, Charleville-M\u00e9zi\u00e8res, 25\/08\/2017\n\t\t\t\t<\/figcaption><\/figure><figure class='gallery-item'>\n\t\t\t<div class='gallery-icon portrait'>\n\t\t\t\t<a href='https:\/\/www.wallendorff.com\/belogue\/2017\/08\/26\/le-cabaret-vert-2017-jour-2\/ty-segall-le-cabaret-vert-charleville-mezieres-25082017-2\/'><img loading=\"lazy\" decoding=\"async\" width=\"567\" height=\"850\" src=\"https:\/\/www.wallendorff.com\/belogue\/wp-content\/uploads\/2017\/08\/20170826-34.jpg\" class=\"attachment-large size-large\" alt=\"\" aria-describedby=\"gallery-1-35654\" srcset=\"https:\/\/www.wallendorff.com\/belogue\/wp-content\/uploads\/2017\/08\/20170826-34.jpg 567w, https:\/\/www.wallendorff.com\/belogue\/wp-content\/uploads\/2017\/08\/20170826-34-133x200.jpg 133w, https:\/\/www.wallendorff.com\/belogue\/wp-content\/uploads\/2017\/08\/20170826-34-200x300.jpg 200w\" sizes=\"(max-width: 567px) 100vw, 567px\" \/><\/a>\n\t\t\t<\/div>\n\t\t\t\t<figcaption class='wp-caption-text gallery-caption' id='gallery-1-35654'>\n\t\t\t\tTy Segall @ le Cabaret Vert, Charleville-M\u00e9zi\u00e8res, 25\/08\/2017\n\t\t\t\t<\/figcaption><\/figure><figure class='gallery-item'>\n\t\t\t<div class='gallery-icon landscape'>\n\t\t\t\t<a href='https:\/\/www.wallendorff.com\/belogue\/2017\/08\/26\/le-cabaret-vert-2017-jour-2\/ty-segall-le-cabaret-vert-charleville-mezieres-25082017-3\/'><img loading=\"lazy\" decoding=\"async\" width=\"850\" height=\"567\" src=\"https:\/\/www.wallendorff.com\/belogue\/wp-content\/uploads\/2017\/08\/20170826-35.jpg\" class=\"attachment-large size-large\" alt=\"\" aria-describedby=\"gallery-1-35655\" srcset=\"https:\/\/www.wallendorff.com\/belogue\/wp-content\/uploads\/2017\/08\/20170826-35.jpg 850w, https:\/\/www.wallendorff.com\/belogue\/wp-content\/uploads\/2017\/08\/20170826-35-820x547.jpg 820w, https:\/\/www.wallendorff.com\/belogue\/wp-content\/uploads\/2017\/08\/20170826-35-200x133.jpg 200w, https:\/\/www.wallendorff.com\/belogue\/wp-content\/uploads\/2017\/08\/20170826-35-300x200.jpg 300w, https:\/\/www.wallendorff.com\/belogue\/wp-content\/uploads\/2017\/08\/20170826-35-600x400.jpg 600w\" sizes=\"(max-width: 850px) 100vw, 850px\" \/><\/a>\n\t\t\t<\/div>\n\t\t\t\t<figcaption class='wp-caption-text gallery-caption' id='gallery-1-35655'>\n\t\t\t\tTy Segall @ le Cabaret Vert, Charleville-M\u00e9zi\u00e8res, 25\/08\/2017\n\t\t\t\t<\/figcaption><\/figure><figure class='gallery-item'>\n\t\t\t<div class='gallery-icon landscape'>\n\t\t\t\t<a href='https:\/\/www.wallendorff.com\/belogue\/2017\/08\/26\/le-cabaret-vert-2017-jour-2\/le-cabaret-vert-charleville-mezieres-25082017-14\/'><img loading=\"lazy\" decoding=\"async\" width=\"850\" height=\"567\" src=\"https:\/\/www.wallendorff.com\/belogue\/wp-content\/uploads\/2017\/08\/20170826-36.jpg\" class=\"attachment-large size-large\" alt=\"\" aria-describedby=\"gallery-1-35656\" srcset=\"https:\/\/www.wallendorff.com\/belogue\/wp-content\/uploads\/2017\/08\/20170826-36.jpg 850w, https:\/\/www.wallendorff.com\/belogue\/wp-content\/uploads\/2017\/08\/20170826-36-820x547.jpg 820w, https:\/\/www.wallendorff.com\/belogue\/wp-content\/uploads\/2017\/08\/20170826-36-200x133.jpg 200w, https:\/\/www.wallendorff.com\/belogue\/wp-content\/uploads\/2017\/08\/20170826-36-300x200.jpg 300w, https:\/\/www.wallendorff.com\/belogue\/wp-content\/uploads\/2017\/08\/20170826-36-600x400.jpg 600w\" sizes=\"(max-width: 850px) 100vw, 850px\" \/><\/a>\n\t\t\t<\/div>\n\t\t\t\t<figcaption class='wp-caption-text gallery-caption' id='gallery-1-35656'>\n\t\t\t\tLe Cabaret Vert, Charleville-M\u00e9zi\u00e8res, 25\/08\/2017\n\t\t\t\t<\/figcaption><\/figure><figure class='gallery-item'>\n\t\t\t<div class='gallery-icon portrait'>\n\t\t\t\t<a href='https:\/\/www.wallendorff.com\/belogue\/2017\/08\/26\/le-cabaret-vert-2017-jour-2\/ty-segall-le-cabaret-vert-charleville-mezieres-25082017-4\/'><img loading=\"lazy\" decoding=\"async\" width=\"567\" height=\"850\" src=\"https:\/\/www.wallendorff.com\/belogue\/wp-content\/uploads\/2017\/08\/20170826-37.jpg\" class=\"attachment-large size-large\" alt=\"\" aria-describedby=\"gallery-1-35657\" srcset=\"https:\/\/www.wallendorff.com\/belogue\/wp-content\/uploads\/2017\/08\/20170826-37.jpg 567w, https:\/\/www.wallendorff.com\/belogue\/wp-content\/uploads\/2017\/08\/20170826-37-133x200.jpg 133w, https:\/\/www.wallendorff.com\/belogue\/wp-content\/uploads\/2017\/08\/20170826-37-200x300.jpg 200w\" sizes=\"(max-width: 567px) 100vw, 567px\" \/><\/a>\n\t\t\t<\/div>\n\t\t\t\t<figcaption class='wp-caption-text gallery-caption' id='gallery-1-35657'>\n\t\t\t\tTy Segall @ le Cabaret Vert, Charleville-M\u00e9zi\u00e8res, 25\/08\/2017\n\t\t\t\t<\/figcaption><\/figure><figure class='gallery-item'>\n\t\t\t<div class='gallery-icon landscape'>\n\t\t\t\t<a href='https:\/\/www.wallendorff.com\/belogue\/2017\/08\/26\/le-cabaret-vert-2017-jour-2\/ty-segall-le-cabaret-vert-charleville-mezieres-25082017-5\/'><img loading=\"lazy\" decoding=\"async\" width=\"850\" height=\"567\" src=\"https:\/\/www.wallendorff.com\/belogue\/wp-content\/uploads\/2017\/08\/20170826-38.jpg\" class=\"attachment-large size-large\" alt=\"\" aria-describedby=\"gallery-1-35658\" srcset=\"https:\/\/www.wallendorff.com\/belogue\/wp-content\/uploads\/2017\/08\/20170826-38.jpg 850w, https:\/\/www.wallendorff.com\/belogue\/wp-content\/uploads\/2017\/08\/20170826-38-820x547.jpg 820w, https:\/\/www.wallendorff.com\/belogue\/wp-content\/uploads\/2017\/08\/20170826-38-200x133.jpg 200w, https:\/\/www.wallendorff.com\/belogue\/wp-content\/uploads\/2017\/08\/20170826-38-300x200.jpg 300w, https:\/\/www.wallendorff.com\/belogue\/wp-content\/uploads\/2017\/08\/20170826-38-600x400.jpg 600w\" sizes=\"(max-width: 850px) 100vw, 850px\" \/><\/a>\n\t\t\t<\/div>\n\t\t\t\t<figcaption class='wp-caption-text gallery-caption' id='gallery-1-35658'>\n\t\t\t\tTy Segall @ le Cabaret Vert, Charleville-M\u00e9zi\u00e8res, 25\/08\/2017\n\t\t\t\t<\/figcaption><\/figure><figure class='gallery-item'>\n\t\t\t<div class='gallery-icon landscape'>\n\t\t\t\t<a href='https:\/\/www.wallendorff.com\/belogue\/2017\/08\/26\/le-cabaret-vert-2017-jour-2\/ty-segall-le-cabaret-vert-charleville-mezieres-25082017-6\/'><img loading=\"lazy\" decoding=\"async\" width=\"850\" height=\"567\" src=\"https:\/\/www.wallendorff.com\/belogue\/wp-content\/uploads\/2017\/08\/20170826-39.jpg\" class=\"attachment-large size-large\" alt=\"\" aria-describedby=\"gallery-1-35659\" srcset=\"https:\/\/www.wallendorff.com\/belogue\/wp-content\/uploads\/2017\/08\/20170826-39.jpg 850w, https:\/\/www.wallendorff.com\/belogue\/wp-content\/uploads\/2017\/08\/20170826-39-820x547.jpg 820w, https:\/\/www.wallendorff.com\/belogue\/wp-content\/uploads\/2017\/08\/20170826-39-200x133.jpg 200w, https:\/\/www.wallendorff.com\/belogue\/wp-content\/uploads\/2017\/08\/20170826-39-300x200.jpg 300w, https:\/\/www.wallendorff.com\/belogue\/wp-content\/uploads\/2017\/08\/20170826-39-600x400.jpg 600w\" sizes=\"(max-width: 850px) 100vw, 850px\" \/><\/a>\n\t\t\t<\/div>\n\t\t\t\t<figcaption class='wp-caption-text gallery-caption' id='gallery-1-35659'>\n\t\t\t\tTy Segall @ le Cabaret Vert, Charleville-M\u00e9zi\u00e8res, 25\/08\/2017\n\t\t\t\t<\/figcaption><\/figure><figure class='gallery-item'>\n\t\t\t<div class='gallery-icon landscape'>\n\t\t\t\t<a href='https:\/\/www.wallendorff.com\/belogue\/2017\/08\/26\/le-cabaret-vert-2017-jour-2\/le-cabaret-vert-charleville-mezieres-25082017-15\/'><img loading=\"lazy\" decoding=\"async\" width=\"850\" height=\"567\" src=\"https:\/\/www.wallendorff.com\/belogue\/wp-content\/uploads\/2017\/08\/20170826-40.jpg\" class=\"attachment-large size-large\" alt=\"\" aria-describedby=\"gallery-1-35660\" srcset=\"https:\/\/www.wallendorff.com\/belogue\/wp-content\/uploads\/2017\/08\/20170826-40.jpg 850w, https:\/\/www.wallendorff.com\/belogue\/wp-content\/uploads\/2017\/08\/20170826-40-820x547.jpg 820w, https:\/\/www.wallendorff.com\/belogue\/wp-content\/uploads\/2017\/08\/20170826-40-200x133.jpg 200w, https:\/\/www.wallendorff.com\/belogue\/wp-content\/uploads\/2017\/08\/20170826-40-300x200.jpg 300w, https:\/\/www.wallendorff.com\/belogue\/wp-content\/uploads\/2017\/08\/20170826-40-600x400.jpg 600w\" sizes=\"(max-width: 850px) 100vw, 850px\" \/><\/a>\n\t\t\t<\/div>\n\t\t\t\t<figcaption class='wp-caption-text gallery-caption' id='gallery-1-35660'>\n\t\t\t\tLe Cabaret Vert, Charleville-M\u00e9zi\u00e8res, 25\/08\/2017\n\t\t\t\t<\/figcaption><\/figure><figure class='gallery-item'>\n\t\t\t<div class='gallery-icon landscape'>\n\t\t\t\t<a href='https:\/\/www.wallendorff.com\/belogue\/2017\/08\/26\/le-cabaret-vert-2017-jour-2\/le-cabaret-vert-charleville-mezieres-25082017-16\/'><img loading=\"lazy\" decoding=\"async\" width=\"850\" height=\"567\" src=\"https:\/\/www.wallendorff.com\/belogue\/wp-content\/uploads\/2017\/08\/20170826-41.jpg\" class=\"attachment-large size-large\" alt=\"\" aria-describedby=\"gallery-1-35661\" srcset=\"https:\/\/www.wallendorff.com\/belogue\/wp-content\/uploads\/2017\/08\/20170826-41.jpg 850w, https:\/\/www.wallendorff.com\/belogue\/wp-content\/uploads\/2017\/08\/20170826-41-820x547.jpg 820w, https:\/\/www.wallendorff.com\/belogue\/wp-content\/uploads\/2017\/08\/20170826-41-200x133.jpg 200w, https:\/\/www.wallendorff.com\/belogue\/wp-content\/uploads\/2017\/08\/20170826-41-300x200.jpg 300w, https:\/\/www.wallendorff.com\/belogue\/wp-content\/uploads\/2017\/08\/20170826-41-600x400.jpg 600w\" sizes=\"(max-width: 850px) 100vw, 850px\" \/><\/a>\n\t\t\t<\/div>\n\t\t\t\t<figcaption class='wp-caption-text gallery-caption' id='gallery-1-35661'>\n\t\t\t\tLe Cabaret Vert, Charleville-M\u00e9zi\u00e8res, 25\/08\/2017\n\t\t\t\t<\/figcaption><\/figure><figure class='gallery-item'>\n\t\t\t<div class='gallery-icon landscape'>\n\t\t\t\t<a href='https:\/\/www.wallendorff.com\/belogue\/2017\/08\/26\/le-cabaret-vert-2017-jour-2\/le-cabaret-vert-charleville-mezieres-25082017-17\/'><img loading=\"lazy\" decoding=\"async\" width=\"850\" height=\"567\" src=\"https:\/\/www.wallendorff.com\/belogue\/wp-content\/uploads\/2017\/08\/20170826-42.jpg\" class=\"attachment-large size-large\" alt=\"\" aria-describedby=\"gallery-1-35662\" srcset=\"https:\/\/www.wallendorff.com\/belogue\/wp-content\/uploads\/2017\/08\/20170826-42.jpg 850w, https:\/\/www.wallendorff.com\/belogue\/wp-content\/uploads\/2017\/08\/20170826-42-820x547.jpg 820w, https:\/\/www.wallendorff.com\/belogue\/wp-content\/uploads\/2017\/08\/20170826-42-200x133.jpg 200w, https:\/\/www.wallendorff.com\/belogue\/wp-content\/uploads\/2017\/08\/20170826-42-300x200.jpg 300w, https:\/\/www.wallendorff.com\/belogue\/wp-content\/uploads\/2017\/08\/20170826-42-600x400.jpg 600w\" sizes=\"(max-width: 850px) 100vw, 850px\" \/><\/a>\n\t\t\t<\/div>\n\t\t\t\t<figcaption class='wp-caption-text gallery-caption' id='gallery-1-35662'>\n\t\t\t\tLe Cabaret Vert, Charleville-M\u00e9zi\u00e8res, 25\/08\/2017\n\t\t\t\t<\/figcaption><\/figure><figure class='gallery-item'>\n\t\t\t<div class='gallery-icon landscape'>\n\t\t\t\t<a href='https:\/\/www.wallendorff.com\/belogue\/2017\/08\/26\/le-cabaret-vert-2017-jour-2\/le-cabaret-vert-charleville-mezieres-25082017-18\/'><img loading=\"lazy\" decoding=\"async\" width=\"850\" height=\"567\" src=\"https:\/\/www.wallendorff.com\/belogue\/wp-content\/uploads\/2017\/08\/20170826-43.jpg\" class=\"attachment-large size-large\" alt=\"\" aria-describedby=\"gallery-1-35663\" srcset=\"https:\/\/www.wallendorff.com\/belogue\/wp-content\/uploads\/2017\/08\/20170826-43.jpg 850w, https:\/\/www.wallendorff.com\/belogue\/wp-content\/uploads\/2017\/08\/20170826-43-820x547.jpg 820w, https:\/\/www.wallendorff.com\/belogue\/wp-content\/uploads\/2017\/08\/20170826-43-200x133.jpg 200w, https:\/\/www.wallendorff.com\/belogue\/wp-content\/uploads\/2017\/08\/20170826-43-300x200.jpg 300w, https:\/\/www.wallendorff.com\/belogue\/wp-content\/uploads\/2017\/08\/20170826-43-600x400.jpg 600w\" sizes=\"(max-width: 850px) 100vw, 850px\" \/><\/a>\n\t\t\t<\/div>\n\t\t\t\t<figcaption class='wp-caption-text gallery-caption' id='gallery-1-35663'>\n\t\t\t\tLe Cabaret Vert, Charleville-M\u00e9zi\u00e8res, 25\/08\/2017\n\t\t\t\t<\/figcaption><\/figure><figure class='gallery-item'>\n\t\t\t<div class='gallery-icon landscape'>\n\t\t\t\t<a href='https:\/\/www.wallendorff.com\/belogue\/2017\/08\/26\/le-cabaret-vert-2017-jour-2\/jain-le-cabaret-vert-charleville-mezieres-25082017\/'><img loading=\"lazy\" decoding=\"async\" width=\"850\" height=\"567\" src=\"https:\/\/www.wallendorff.com\/belogue\/wp-content\/uploads\/2017\/08\/20170826-44.jpg\" class=\"attachment-large size-large\" alt=\"\" aria-describedby=\"gallery-1-35664\" srcset=\"https:\/\/www.wallendorff.com\/belogue\/wp-content\/uploads\/2017\/08\/20170826-44.jpg 850w, https:\/\/www.wallendorff.com\/belogue\/wp-content\/uploads\/2017\/08\/20170826-44-820x547.jpg 820w, https:\/\/www.wallendorff.com\/belogue\/wp-content\/uploads\/2017\/08\/20170826-44-200x133.jpg 200w, https:\/\/www.wallendorff.com\/belogue\/wp-content\/uploads\/2017\/08\/20170826-44-300x200.jpg 300w, https:\/\/www.wallendorff.com\/belogue\/wp-content\/uploads\/2017\/08\/20170826-44-600x400.jpg 600w\" sizes=\"(max-width: 850px) 100vw, 850px\" \/><\/a>\n\t\t\t<\/div>\n\t\t\t\t<figcaption class='wp-caption-text gallery-caption' id='gallery-1-35664'>\n\t\t\t\tJa\u00efn @ le Cabaret Vert, Charleville-M\u00e9zi\u00e8res, 25\/08\/2017\n\t\t\t\t<\/figcaption><\/figure><figure class='gallery-item'>\n\t\t\t<div class='gallery-icon landscape'>\n\t\t\t\t<a href='https:\/\/www.wallendorff.com\/belogue\/2017\/08\/26\/le-cabaret-vert-2017-jour-2\/le-cabaret-vert-charleville-mezieres-25082017-19\/'><img loading=\"lazy\" decoding=\"async\" width=\"850\" height=\"567\" src=\"https:\/\/www.wallendorff.com\/belogue\/wp-content\/uploads\/2017\/08\/20170826-45.jpg\" class=\"attachment-large size-large\" alt=\"\" aria-describedby=\"gallery-1-35665\" srcset=\"https:\/\/www.wallendorff.com\/belogue\/wp-content\/uploads\/2017\/08\/20170826-45.jpg 850w, https:\/\/www.wallendorff.com\/belogue\/wp-content\/uploads\/2017\/08\/20170826-45-820x547.jpg 820w, https:\/\/www.wallendorff.com\/belogue\/wp-content\/uploads\/2017\/08\/20170826-45-200x133.jpg 200w, https:\/\/www.wallendorff.com\/belogue\/wp-content\/uploads\/2017\/08\/20170826-45-300x200.jpg 300w, https:\/\/www.wallendorff.com\/belogue\/wp-content\/uploads\/2017\/08\/20170826-45-600x400.jpg 600w\" sizes=\"(max-width: 850px) 100vw, 850px\" \/><\/a>\n\t\t\t<\/div>\n\t\t\t\t<figcaption class='wp-caption-text gallery-caption' id='gallery-1-35665'>\n\t\t\t\tLe Cabaret Vert, Charleville-M\u00e9zi\u00e8res, 25\/08\/2017\n\t\t\t\t<\/figcaption><\/figure><figure class='gallery-item'>\n\t\t\t<div class='gallery-icon landscape'>\n\t\t\t\t<a href='https:\/\/www.wallendorff.com\/belogue\/2017\/08\/26\/le-cabaret-vert-2017-jour-2\/jain-le-cabaret-vert-charleville-mezieres-25082017-2\/'><img loading=\"lazy\" decoding=\"async\" width=\"850\" height=\"567\" src=\"https:\/\/www.wallendorff.com\/belogue\/wp-content\/uploads\/2017\/08\/20170826-46.jpg\" class=\"attachment-large size-large\" alt=\"\" aria-describedby=\"gallery-1-35666\" srcset=\"https:\/\/www.wallendorff.com\/belogue\/wp-content\/uploads\/2017\/08\/20170826-46.jpg 850w, https:\/\/www.wallendorff.com\/belogue\/wp-content\/uploads\/2017\/08\/20170826-46-820x547.jpg 820w, https:\/\/www.wallendorff.com\/belogue\/wp-content\/uploads\/2017\/08\/20170826-46-200x133.jpg 200w, https:\/\/www.wallendorff.com\/belogue\/wp-content\/uploads\/2017\/08\/20170826-46-300x200.jpg 300w, https:\/\/www.wallendorff.com\/belogue\/wp-content\/uploads\/2017\/08\/20170826-46-600x400.jpg 600w\" sizes=\"(max-width: 850px) 100vw, 850px\" \/><\/a>\n\t\t\t<\/div>\n\t\t\t\t<figcaption class='wp-caption-text gallery-caption' id='gallery-1-35666'>\n\t\t\t\tJa\u00efn @ le Cabaret Vert, Charleville-M\u00e9zi\u00e8res, 25\/08\/2017\n\t\t\t\t<\/figcaption><\/figure><figure class='gallery-item'>\n\t\t\t<div class='gallery-icon landscape'>\n\t\t\t\t<a href='https:\/\/www.wallendorff.com\/belogue\/2017\/08\/26\/le-cabaret-vert-2017-jour-2\/jain-le-cabaret-vert-charleville-mezieres-25082017-3\/'><img loading=\"lazy\" decoding=\"async\" width=\"850\" height=\"567\" src=\"https:\/\/www.wallendorff.com\/belogue\/wp-content\/uploads\/2017\/08\/20170826-47.jpg\" class=\"attachment-large size-large\" alt=\"\" aria-describedby=\"gallery-1-35667\" srcset=\"https:\/\/www.wallendorff.com\/belogue\/wp-content\/uploads\/2017\/08\/20170826-47.jpg 850w, https:\/\/www.wallendorff.com\/belogue\/wp-content\/uploads\/2017\/08\/20170826-47-820x547.jpg 820w, https:\/\/www.wallendorff.com\/belogue\/wp-content\/uploads\/2017\/08\/20170826-47-200x133.jpg 200w, https:\/\/www.wallendorff.com\/belogue\/wp-content\/uploads\/2017\/08\/20170826-47-300x200.jpg 300w, https:\/\/www.wallendorff.com\/belogue\/wp-content\/uploads\/2017\/08\/20170826-47-600x400.jpg 600w\" sizes=\"(max-width: 850px) 100vw, 850px\" \/><\/a>\n\t\t\t<\/div>\n\t\t\t\t<figcaption class='wp-caption-text gallery-caption' id='gallery-1-35667'>\n\t\t\t\tJa\u00efn @ le Cabaret Vert, Charleville-M\u00e9zi\u00e8res, 25\/08\/2017\n\t\t\t\t<\/figcaption><\/figure><figure class='gallery-item'>\n\t\t\t<div class='gallery-icon landscape'>\n\t\t\t\t<a href='https:\/\/www.wallendorff.com\/belogue\/2017\/08\/26\/le-cabaret-vert-2017-jour-2\/le-cabaret-vert-charleville-mezieres-25082017-20\/'><img loading=\"lazy\" decoding=\"async\" width=\"850\" height=\"567\" src=\"https:\/\/www.wallendorff.com\/belogue\/wp-content\/uploads\/2017\/08\/20170826-48.jpg\" class=\"attachment-large size-large\" alt=\"\" aria-describedby=\"gallery-1-35668\" srcset=\"https:\/\/www.wallendorff.com\/belogue\/wp-content\/uploads\/2017\/08\/20170826-48.jpg 850w, https:\/\/www.wallendorff.com\/belogue\/wp-content\/uploads\/2017\/08\/20170826-48-820x547.jpg 820w, https:\/\/www.wallendorff.com\/belogue\/wp-content\/uploads\/2017\/08\/20170826-48-200x133.jpg 200w, https:\/\/www.wallendorff.com\/belogue\/wp-content\/uploads\/2017\/08\/20170826-48-300x200.jpg 300w, https:\/\/www.wallendorff.com\/belogue\/wp-content\/uploads\/2017\/08\/20170826-48-600x400.jpg 600w\" sizes=\"(max-width: 850px) 100vw, 850px\" \/><\/a>\n\t\t\t<\/div>\n\t\t\t\t<figcaption class='wp-caption-text gallery-caption' id='gallery-1-35668'>\n\t\t\t\tLe Cabaret Vert, Charleville-M\u00e9zi\u00e8res, 25\/08\/2017\n\t\t\t\t<\/figcaption><\/figure><figure class='gallery-item'>\n\t\t\t<div class='gallery-icon landscape'>\n\t\t\t\t<a href='https:\/\/www.wallendorff.com\/belogue\/2017\/08\/26\/le-cabaret-vert-2017-jour-2\/jain-le-cabaret-vert-charleville-mezieres-25082017-4\/'><img loading=\"lazy\" decoding=\"async\" width=\"850\" height=\"567\" src=\"https:\/\/www.wallendorff.com\/belogue\/wp-content\/uploads\/2017\/08\/20170826-49.jpg\" class=\"attachment-large size-large\" alt=\"\" aria-describedby=\"gallery-1-35669\" srcset=\"https:\/\/www.wallendorff.com\/belogue\/wp-content\/uploads\/2017\/08\/20170826-49.jpg 850w, https:\/\/www.wallendorff.com\/belogue\/wp-content\/uploads\/2017\/08\/20170826-49-820x547.jpg 820w, https:\/\/www.wallendorff.com\/belogue\/wp-content\/uploads\/2017\/08\/20170826-49-200x133.jpg 200w, https:\/\/www.wallendorff.com\/belogue\/wp-content\/uploads\/2017\/08\/20170826-49-300x200.jpg 300w, https:\/\/www.wallendorff.com\/belogue\/wp-content\/uploads\/2017\/08\/20170826-49-600x400.jpg 600w\" sizes=\"(max-width: 850px) 100vw, 850px\" \/><\/a>\n\t\t\t<\/div>\n\t\t\t\t<figcaption class='wp-caption-text gallery-caption' id='gallery-1-35669'>\n\t\t\t\tJa\u00efn @ le Cabaret Vert, Charleville-M\u00e9zi\u00e8res, 25\/08\/2017\n\t\t\t\t<\/figcaption><\/figure><figure class='gallery-item'>\n\t\t\t<div class='gallery-icon landscape'>\n\t\t\t\t<a href='https:\/\/www.wallendorff.com\/belogue\/2017\/08\/26\/le-cabaret-vert-2017-jour-2\/le-cabaret-vert-charleville-mezieres-25082017-21\/'><img loading=\"lazy\" decoding=\"async\" width=\"850\" height=\"567\" src=\"https:\/\/www.wallendorff.com\/belogue\/wp-content\/uploads\/2017\/08\/20170826-50.jpg\" class=\"attachment-large size-large\" alt=\"\" aria-describedby=\"gallery-1-35670\" srcset=\"https:\/\/www.wallendorff.com\/belogue\/wp-content\/uploads\/2017\/08\/20170826-50.jpg 850w, https:\/\/www.wallendorff.com\/belogue\/wp-content\/uploads\/2017\/08\/20170826-50-820x547.jpg 820w, https:\/\/www.wallendorff.com\/belogue\/wp-content\/uploads\/2017\/08\/20170826-50-200x133.jpg 200w, https:\/\/www.wallendorff.com\/belogue\/wp-content\/uploads\/2017\/08\/20170826-50-300x200.jpg 300w, https:\/\/www.wallendorff.com\/belogue\/wp-content\/uploads\/2017\/08\/20170826-50-600x400.jpg 600w\" sizes=\"(max-width: 850px) 100vw, 850px\" \/><\/a>\n\t\t\t<\/div>\n\t\t\t\t<figcaption class='wp-caption-text gallery-caption' id='gallery-1-35670'>\n\t\t\t\tLe Cabaret Vert, Charleville-M\u00e9zi\u00e8res, 25\/08\/2017\n\t\t\t\t<\/figcaption><\/figure><figure class='gallery-item'>\n\t\t\t<div class='gallery-icon landscape'>\n\t\t\t\t<a href='https:\/\/www.wallendorff.com\/belogue\/2017\/08\/26\/le-cabaret-vert-2017-jour-2\/jain-le-cabaret-vert-charleville-mezieres-25082017-5\/'><img loading=\"lazy\" decoding=\"async\" width=\"850\" height=\"567\" src=\"https:\/\/www.wallendorff.com\/belogue\/wp-content\/uploads\/2017\/08\/20170826-51.jpg\" class=\"attachment-large size-large\" alt=\"\" aria-describedby=\"gallery-1-35671\" srcset=\"https:\/\/www.wallendorff.com\/belogue\/wp-content\/uploads\/2017\/08\/20170826-51.jpg 850w, https:\/\/www.wallendorff.com\/belogue\/wp-content\/uploads\/2017\/08\/20170826-51-820x547.jpg 820w, https:\/\/www.wallendorff.com\/belogue\/wp-content\/uploads\/2017\/08\/20170826-51-200x133.jpg 200w, https:\/\/www.wallendorff.com\/belogue\/wp-content\/uploads\/2017\/08\/20170826-51-300x200.jpg 300w, https:\/\/www.wallendorff.com\/belogue\/wp-content\/uploads\/2017\/08\/20170826-51-600x400.jpg 600w\" sizes=\"(max-width: 850px) 100vw, 850px\" \/><\/a>\n\t\t\t<\/div>\n\t\t\t\t<figcaption class='wp-caption-text gallery-caption' id='gallery-1-35671'>\n\t\t\t\tJa\u00efn @ le Cabaret Vert, Charleville-M\u00e9zi\u00e8res, 25\/08\/2017\n\t\t\t\t<\/figcaption><\/figure><figure class='gallery-item'>\n\t\t\t<div class='gallery-icon landscape'>\n\t\t\t\t<a href='https:\/\/www.wallendorff.com\/belogue\/2017\/08\/26\/le-cabaret-vert-2017-jour-2\/le-cabaret-vert-charleville-mezieres-25082017-22\/'><img loading=\"lazy\" decoding=\"async\" width=\"850\" height=\"567\" src=\"https:\/\/www.wallendorff.com\/belogue\/wp-content\/uploads\/2017\/08\/20170826-52.jpg\" class=\"attachment-large size-large\" alt=\"\" aria-describedby=\"gallery-1-35672\" srcset=\"https:\/\/www.wallendorff.com\/belogue\/wp-content\/uploads\/2017\/08\/20170826-52.jpg 850w, https:\/\/www.wallendorff.com\/belogue\/wp-content\/uploads\/2017\/08\/20170826-52-820x547.jpg 820w, https:\/\/www.wallendorff.com\/belogue\/wp-content\/uploads\/2017\/08\/20170826-52-200x133.jpg 200w, https:\/\/www.wallendorff.com\/belogue\/wp-content\/uploads\/2017\/08\/20170826-52-300x200.jpg 300w, https:\/\/www.wallendorff.com\/belogue\/wp-content\/uploads\/2017\/08\/20170826-52-600x400.jpg 600w\" sizes=\"(max-width: 850px) 100vw, 850px\" \/><\/a>\n\t\t\t<\/div>\n\t\t\t\t<figcaption class='wp-caption-text gallery-caption' id='gallery-1-35672'>\n\t\t\t\tLe Cabaret Vert, Charleville-M\u00e9zi\u00e8res, 25\/08\/2017\n\t\t\t\t<\/figcaption><\/figure><figure class='gallery-item'>\n\t\t\t<div class='gallery-icon landscape'>\n\t\t\t\t<a href='https:\/\/www.wallendorff.com\/belogue\/2017\/08\/26\/le-cabaret-vert-2017-jour-2\/jain-le-cabaret-vert-charleville-mezieres-25082017-6\/'><img loading=\"lazy\" decoding=\"async\" width=\"850\" height=\"567\" src=\"https:\/\/www.wallendorff.com\/belogue\/wp-content\/uploads\/2017\/08\/20170826-53.jpg\" class=\"attachment-large size-large\" alt=\"\" aria-describedby=\"gallery-1-35673\" srcset=\"https:\/\/www.wallendorff.com\/belogue\/wp-content\/uploads\/2017\/08\/20170826-53.jpg 850w, https:\/\/www.wallendorff.com\/belogue\/wp-content\/uploads\/2017\/08\/20170826-53-820x547.jpg 820w, https:\/\/www.wallendorff.com\/belogue\/wp-content\/uploads\/2017\/08\/20170826-53-200x133.jpg 200w, https:\/\/www.wallendorff.com\/belogue\/wp-content\/uploads\/2017\/08\/20170826-53-300x200.jpg 300w, https:\/\/www.wallendorff.com\/belogue\/wp-content\/uploads\/2017\/08\/20170826-53-600x400.jpg 600w\" sizes=\"(max-width: 850px) 100vw, 850px\" \/><\/a>\n\t\t\t<\/div>\n\t\t\t\t<figcaption class='wp-caption-text gallery-caption' id='gallery-1-35673'>\n\t\t\t\tJa\u00efn @ le Cabaret Vert, Charleville-M\u00e9zi\u00e8res, 25\/08\/2017\n\t\t\t\t<\/figcaption><\/figure><figure class='gallery-item'>\n\t\t\t<div class='gallery-icon portrait'>\n\t\t\t\t<a href='https:\/\/www.wallendorff.com\/belogue\/2017\/08\/26\/le-cabaret-vert-2017-jour-2\/jain-le-cabaret-vert-charleville-mezieres-25082017-7\/'><img loading=\"lazy\" decoding=\"async\" width=\"567\" height=\"850\" src=\"https:\/\/www.wallendorff.com\/belogue\/wp-content\/uploads\/2017\/08\/20170826-54.jpg\" class=\"attachment-large size-large\" alt=\"\" aria-describedby=\"gallery-1-35674\" srcset=\"https:\/\/www.wallendorff.com\/belogue\/wp-content\/uploads\/2017\/08\/20170826-54.jpg 567w, https:\/\/www.wallendorff.com\/belogue\/wp-content\/uploads\/2017\/08\/20170826-54-133x200.jpg 133w, https:\/\/www.wallendorff.com\/belogue\/wp-content\/uploads\/2017\/08\/20170826-54-200x300.jpg 200w\" sizes=\"(max-width: 567px) 100vw, 567px\" \/><\/a>\n\t\t\t<\/div>\n\t\t\t\t<figcaption class='wp-caption-text gallery-caption' id='gallery-1-35674'>\n\t\t\t\tJa\u00efn @ le Cabaret Vert, Charleville-M\u00e9zi\u00e8res, 25\/08\/2017\n\t\t\t\t<\/figcaption><\/figure><figure class='gallery-item'>\n\t\t\t<div class='gallery-icon landscape'>\n\t\t\t\t<a href='https:\/\/www.wallendorff.com\/belogue\/2017\/08\/26\/le-cabaret-vert-2017-jour-2\/le-cabaret-vert-charleville-mezieres-25082017-23\/'><img loading=\"lazy\" decoding=\"async\" width=\"850\" height=\"567\" src=\"https:\/\/www.wallendorff.com\/belogue\/wp-content\/uploads\/2017\/08\/20170826-55.jpg\" class=\"attachment-large size-large\" alt=\"\" aria-describedby=\"gallery-1-35675\" srcset=\"https:\/\/www.wallendorff.com\/belogue\/wp-content\/uploads\/2017\/08\/20170826-55.jpg 850w, https:\/\/www.wallendorff.com\/belogue\/wp-content\/uploads\/2017\/08\/20170826-55-820x547.jpg 820w, https:\/\/www.wallendorff.com\/belogue\/wp-content\/uploads\/2017\/08\/20170826-55-200x133.jpg 200w, https:\/\/www.wallendorff.com\/belogue\/wp-content\/uploads\/2017\/08\/20170826-55-300x200.jpg 300w, https:\/\/www.wallendorff.com\/belogue\/wp-content\/uploads\/2017\/08\/20170826-55-600x400.jpg 600w\" sizes=\"(max-width: 850px) 100vw, 850px\" \/><\/a>\n\t\t\t<\/div>\n\t\t\t\t<figcaption class='wp-caption-text gallery-caption' id='gallery-1-35675'>\n\t\t\t\tLe Cabaret Vert, Charleville-M\u00e9zi\u00e8res, 25\/08\/2017\n\t\t\t\t<\/figcaption><\/figure><figure class='gallery-item'>\n\t\t\t<div class='gallery-icon landscape'>\n\t\t\t\t<a href='https:\/\/www.wallendorff.com\/belogue\/2017\/08\/26\/le-cabaret-vert-2017-jour-2\/jain-le-cabaret-vert-charleville-mezieres-25082017-8\/'><img loading=\"lazy\" decoding=\"async\" width=\"850\" height=\"567\" src=\"https:\/\/www.wallendorff.com\/belogue\/wp-content\/uploads\/2017\/08\/20170826-56.jpg\" class=\"attachment-large size-large\" alt=\"\" aria-describedby=\"gallery-1-35676\" srcset=\"https:\/\/www.wallendorff.com\/belogue\/wp-content\/uploads\/2017\/08\/20170826-56.jpg 850w, https:\/\/www.wallendorff.com\/belogue\/wp-content\/uploads\/2017\/08\/20170826-56-820x547.jpg 820w, https:\/\/www.wallendorff.com\/belogue\/wp-content\/uploads\/2017\/08\/20170826-56-200x133.jpg 200w, https:\/\/www.wallendorff.com\/belogue\/wp-content\/uploads\/2017\/08\/20170826-56-300x200.jpg 300w, https:\/\/www.wallendorff.com\/belogue\/wp-content\/uploads\/2017\/08\/20170826-56-600x400.jpg 600w\" sizes=\"(max-width: 850px) 100vw, 850px\" \/><\/a>\n\t\t\t<\/div>\n\t\t\t\t<figcaption class='wp-caption-text gallery-caption' id='gallery-1-35676'>\n\t\t\t\tJa\u00efn @ le Cabaret Vert, Charleville-M\u00e9zi\u00e8res, 25\/08\/2017\n\t\t\t\t<\/figcaption><\/figure><figure class='gallery-item'>\n\t\t\t<div class='gallery-icon landscape'>\n\t\t\t\t<a href='https:\/\/www.wallendorff.com\/belogue\/2017\/08\/26\/le-cabaret-vert-2017-jour-2\/le-cabaret-vert-charleville-mezieres-25082017-24\/'><img loading=\"lazy\" decoding=\"async\" width=\"850\" height=\"567\" src=\"https:\/\/www.wallendorff.com\/belogue\/wp-content\/uploads\/2017\/08\/20170826-57.jpg\" class=\"attachment-large size-large\" alt=\"\" aria-describedby=\"gallery-1-35677\" srcset=\"https:\/\/www.wallendorff.com\/belogue\/wp-content\/uploads\/2017\/08\/20170826-57.jpg 850w, https:\/\/www.wallendorff.com\/belogue\/wp-content\/uploads\/2017\/08\/20170826-57-820x547.jpg 820w, https:\/\/www.wallendorff.com\/belogue\/wp-content\/uploads\/2017\/08\/20170826-57-200x133.jpg 200w, https:\/\/www.wallendorff.com\/belogue\/wp-content\/uploads\/2017\/08\/20170826-57-300x200.jpg 300w, https:\/\/www.wallendorff.com\/belogue\/wp-content\/uploads\/2017\/08\/20170826-57-600x400.jpg 600w\" sizes=\"(max-width: 850px) 100vw, 850px\" \/><\/a>\n\t\t\t<\/div>\n\t\t\t\t<figcaption class='wp-caption-text gallery-caption' id='gallery-1-35677'>\n\t\t\t\tLe Cabaret Vert, Charleville-M\u00e9zi\u00e8res, 25\/08\/2017\n\t\t\t\t<\/figcaption><\/figure><figure class='gallery-item'>\n\t\t\t<div class='gallery-icon landscape'>\n\t\t\t\t<a href='https:\/\/www.wallendorff.com\/belogue\/2017\/08\/26\/le-cabaret-vert-2017-jour-2\/korn-le-cabaret-vert-charleville-mezieres-25082017\/'><img loading=\"lazy\" decoding=\"async\" width=\"850\" height=\"567\" src=\"https:\/\/www.wallendorff.com\/belogue\/wp-content\/uploads\/2017\/08\/20170826-58.jpg\" class=\"attachment-large size-large\" alt=\"\" aria-describedby=\"gallery-1-35678\" srcset=\"https:\/\/www.wallendorff.com\/belogue\/wp-content\/uploads\/2017\/08\/20170826-58.jpg 850w, https:\/\/www.wallendorff.com\/belogue\/wp-content\/uploads\/2017\/08\/20170826-58-820x547.jpg 820w, https:\/\/www.wallendorff.com\/belogue\/wp-content\/uploads\/2017\/08\/20170826-58-200x133.jpg 200w, https:\/\/www.wallendorff.com\/belogue\/wp-content\/uploads\/2017\/08\/20170826-58-300x200.jpg 300w, https:\/\/www.wallendorff.com\/belogue\/wp-content\/uploads\/2017\/08\/20170826-58-600x400.jpg 600w\" sizes=\"(max-width: 850px) 100vw, 850px\" \/><\/a>\n\t\t\t<\/div>\n\t\t\t\t<figcaption class='wp-caption-text gallery-caption' id='gallery-1-35678'>\n\t\t\t\tKorn @ le Cabaret Vert, Charleville-M\u00e9zi\u00e8res, 25\/08\/2017\n\t\t\t\t<\/figcaption><\/figure><figure class='gallery-item'>\n\t\t\t<div class='gallery-icon portrait'>\n\t\t\t\t<a href='https:\/\/www.wallendorff.com\/belogue\/2017\/08\/26\/le-cabaret-vert-2017-jour-2\/korn-le-cabaret-vert-charleville-mezieres-25082017-2\/'><img loading=\"lazy\" decoding=\"async\" width=\"567\" height=\"850\" src=\"https:\/\/www.wallendorff.com\/belogue\/wp-content\/uploads\/2017\/08\/20170826-59.jpg\" class=\"attachment-large size-large\" alt=\"\" aria-describedby=\"gallery-1-35679\" srcset=\"https:\/\/www.wallendorff.com\/belogue\/wp-content\/uploads\/2017\/08\/20170826-59.jpg 567w, https:\/\/www.wallendorff.com\/belogue\/wp-content\/uploads\/2017\/08\/20170826-59-133x200.jpg 133w, https:\/\/www.wallendorff.com\/belogue\/wp-content\/uploads\/2017\/08\/20170826-59-200x300.jpg 200w\" sizes=\"(max-width: 567px) 100vw, 567px\" \/><\/a>\n\t\t\t<\/div>\n\t\t\t\t<figcaption class='wp-caption-text gallery-caption' id='gallery-1-35679'>\n\t\t\t\tKorn @ le Cabaret Vert, Charleville-M\u00e9zi\u00e8res, 25\/08\/2017\n\t\t\t\t<\/figcaption><\/figure><figure class='gallery-item'>\n\t\t\t<div class='gallery-icon landscape'>\n\t\t\t\t<a href='https:\/\/www.wallendorff.com\/belogue\/2017\/08\/26\/le-cabaret-vert-2017-jour-2\/le-cabaret-vert-charleville-mezieres-25082017-25\/'><img loading=\"lazy\" decoding=\"async\" width=\"850\" height=\"567\" src=\"https:\/\/www.wallendorff.com\/belogue\/wp-content\/uploads\/2017\/08\/20170826-60.jpg\" class=\"attachment-large size-large\" alt=\"\" aria-describedby=\"gallery-1-35680\" srcset=\"https:\/\/www.wallendorff.com\/belogue\/wp-content\/uploads\/2017\/08\/20170826-60.jpg 850w, https:\/\/www.wallendorff.com\/belogue\/wp-content\/uploads\/2017\/08\/20170826-60-820x547.jpg 820w, https:\/\/www.wallendorff.com\/belogue\/wp-content\/uploads\/2017\/08\/20170826-60-200x133.jpg 200w, https:\/\/www.wallendorff.com\/belogue\/wp-content\/uploads\/2017\/08\/20170826-60-300x200.jpg 300w, https:\/\/www.wallendorff.com\/belogue\/wp-content\/uploads\/2017\/08\/20170826-60-600x400.jpg 600w\" sizes=\"(max-width: 850px) 100vw, 850px\" \/><\/a>\n\t\t\t<\/div>\n\t\t\t\t<figcaption class='wp-caption-text gallery-caption' id='gallery-1-35680'>\n\t\t\t\tLe Cabaret Vert, Charleville-M\u00e9zi\u00e8res, 25\/08\/2017\n\t\t\t\t<\/figcaption><\/figure><figure class='gallery-item'>\n\t\t\t<div class='gallery-icon landscape'>\n\t\t\t\t<a href='https:\/\/www.wallendorff.com\/belogue\/2017\/08\/26\/le-cabaret-vert-2017-jour-2\/korn-le-cabaret-vert-charleville-mezieres-25082017-3\/'><img loading=\"lazy\" decoding=\"async\" width=\"850\" height=\"567\" src=\"https:\/\/www.wallendorff.com\/belogue\/wp-content\/uploads\/2017\/08\/20170826-61.jpg\" class=\"attachment-large size-large\" alt=\"\" aria-describedby=\"gallery-1-35681\" srcset=\"https:\/\/www.wallendorff.com\/belogue\/wp-content\/uploads\/2017\/08\/20170826-61.jpg 850w, https:\/\/www.wallendorff.com\/belogue\/wp-content\/uploads\/2017\/08\/20170826-61-820x547.jpg 820w, https:\/\/www.wallendorff.com\/belogue\/wp-content\/uploads\/2017\/08\/20170826-61-200x133.jpg 200w, https:\/\/www.wallendorff.com\/belogue\/wp-content\/uploads\/2017\/08\/20170826-61-300x200.jpg 300w, https:\/\/www.wallendorff.com\/belogue\/wp-content\/uploads\/2017\/08\/20170826-61-600x400.jpg 600w\" sizes=\"(max-width: 850px) 100vw, 850px\" \/><\/a>\n\t\t\t<\/div>\n\t\t\t\t<figcaption class='wp-caption-text gallery-caption' id='gallery-1-35681'>\n\t\t\t\tKorn @ le Cabaret Vert, Charleville-M\u00e9zi\u00e8res, 25\/08\/2017\n\t\t\t\t<\/figcaption><\/figure><figure class='gallery-item'>\n\t\t\t<div class='gallery-icon landscape'>\n\t\t\t\t<a href='https:\/\/www.wallendorff.com\/belogue\/2017\/08\/26\/le-cabaret-vert-2017-jour-2\/korn-le-cabaret-vert-charleville-mezieres-25082017-4\/'><img loading=\"lazy\" decoding=\"async\" width=\"850\" height=\"567\" src=\"https:\/\/www.wallendorff.com\/belogue\/wp-content\/uploads\/2017\/08\/20170826-62.jpg\" class=\"attachment-large size-large\" alt=\"\" aria-describedby=\"gallery-1-35682\" srcset=\"https:\/\/www.wallendorff.com\/belogue\/wp-content\/uploads\/2017\/08\/20170826-62.jpg 850w, https:\/\/www.wallendorff.com\/belogue\/wp-content\/uploads\/2017\/08\/20170826-62-820x547.jpg 820w, https:\/\/www.wallendorff.com\/belogue\/wp-content\/uploads\/2017\/08\/20170826-62-200x133.jpg 200w, https:\/\/www.wallendorff.com\/belogue\/wp-content\/uploads\/2017\/08\/20170826-62-300x200.jpg 300w, https:\/\/www.wallendorff.com\/belogue\/wp-content\/uploads\/2017\/08\/20170826-62-600x400.jpg 600w\" sizes=\"(max-width: 850px) 100vw, 850px\" \/><\/a>\n\t\t\t<\/div>\n\t\t\t\t<figcaption class='wp-caption-text gallery-caption' id='gallery-1-35682'>\n\t\t\t\tKorn @ le Cabaret Vert, Charleville-M\u00e9zi\u00e8res, 25\/08\/2017\n\t\t\t\t<\/figcaption><\/figure><figure class='gallery-item'>\n\t\t\t<div class='gallery-icon landscape'>\n\t\t\t\t<a href='https:\/\/www.wallendorff.com\/belogue\/2017\/08\/26\/le-cabaret-vert-2017-jour-2\/korn-le-cabaret-vert-charleville-mezieres-25082017-5\/'><img loading=\"lazy\" decoding=\"async\" width=\"850\" height=\"567\" src=\"https:\/\/www.wallendorff.com\/belogue\/wp-content\/uploads\/2017\/08\/20170826-63.jpg\" class=\"attachment-large size-large\" alt=\"\" aria-describedby=\"gallery-1-35683\" srcset=\"https:\/\/www.wallendorff.com\/belogue\/wp-content\/uploads\/2017\/08\/20170826-63.jpg 850w, https:\/\/www.wallendorff.com\/belogue\/wp-content\/uploads\/2017\/08\/20170826-63-820x547.jpg 820w, https:\/\/www.wallendorff.com\/belogue\/wp-content\/uploads\/2017\/08\/20170826-63-200x133.jpg 200w, https:\/\/www.wallendorff.com\/belogue\/wp-content\/uploads\/2017\/08\/20170826-63-300x200.jpg 300w, https:\/\/www.wallendorff.com\/belogue\/wp-content\/uploads\/2017\/08\/20170826-63-600x400.jpg 600w\" sizes=\"(max-width: 850px) 100vw, 850px\" \/><\/a>\n\t\t\t<\/div>\n\t\t\t\t<figcaption class='wp-caption-text gallery-caption' id='gallery-1-35683'>\n\t\t\t\tKorn @ le Cabaret Vert, Charleville-M\u00e9zi\u00e8res, 25\/08\/2017\n\t\t\t\t<\/figcaption><\/figure><figure class='gallery-item'>\n\t\t\t<div class='gallery-icon landscape'>\n\t\t\t\t<a href='https:\/\/www.wallendorff.com\/belogue\/2017\/08\/26\/le-cabaret-vert-2017-jour-2\/korn-le-cabaret-vert-charleville-mezieres-25082017-6\/'><img loading=\"lazy\" decoding=\"async\" width=\"850\" height=\"567\" src=\"https:\/\/www.wallendorff.com\/belogue\/wp-content\/uploads\/2017\/08\/20170826-64.jpg\" class=\"attachment-large size-large\" alt=\"\" aria-describedby=\"gallery-1-35684\" srcset=\"https:\/\/www.wallendorff.com\/belogue\/wp-content\/uploads\/2017\/08\/20170826-64.jpg 850w, https:\/\/www.wallendorff.com\/belogue\/wp-content\/uploads\/2017\/08\/20170826-64-820x547.jpg 820w, https:\/\/www.wallendorff.com\/belogue\/wp-content\/uploads\/2017\/08\/20170826-64-200x133.jpg 200w, https:\/\/www.wallendorff.com\/belogue\/wp-content\/uploads\/2017\/08\/20170826-64-300x200.jpg 300w, https:\/\/www.wallendorff.com\/belogue\/wp-content\/uploads\/2017\/08\/20170826-64-600x400.jpg 600w\" sizes=\"(max-width: 850px) 100vw, 850px\" \/><\/a>\n\t\t\t<\/div>\n\t\t\t\t<figcaption class='wp-caption-text gallery-caption' id='gallery-1-35684'>\n\t\t\t\tKorn @ le Cabaret Vert, Charleville-M\u00e9zi\u00e8res, 25\/08\/2017\n\t\t\t\t<\/figcaption><\/figure><figure class='gallery-item'>\n\t\t\t<div class='gallery-icon landscape'>\n\t\t\t\t<a href='https:\/\/www.wallendorff.com\/belogue\/2017\/08\/26\/le-cabaret-vert-2017-jour-2\/le-cabaret-vert-charleville-mezieres-25082017-26\/'><img loading=\"lazy\" decoding=\"async\" width=\"850\" height=\"567\" src=\"https:\/\/www.wallendorff.com\/belogue\/wp-content\/uploads\/2017\/08\/20170826-65.jpg\" class=\"attachment-large size-large\" alt=\"\" aria-describedby=\"gallery-1-35685\" srcset=\"https:\/\/www.wallendorff.com\/belogue\/wp-content\/uploads\/2017\/08\/20170826-65.jpg 850w, https:\/\/www.wallendorff.com\/belogue\/wp-content\/uploads\/2017\/08\/20170826-65-820x547.jpg 820w, https:\/\/www.wallendorff.com\/belogue\/wp-content\/uploads\/2017\/08\/20170826-65-200x133.jpg 200w, https:\/\/www.wallendorff.com\/belogue\/wp-content\/uploads\/2017\/08\/20170826-65-300x200.jpg 300w, https:\/\/www.wallendorff.com\/belogue\/wp-content\/uploads\/2017\/08\/20170826-65-600x400.jpg 600w\" sizes=\"(max-width: 850px) 100vw, 850px\" \/><\/a>\n\t\t\t<\/div>\n\t\t\t\t<figcaption class='wp-caption-text gallery-caption' id='gallery-1-35685'>\n\t\t\t\tLe Cabaret Vert, Charleville-M\u00e9zi\u00e8res, 25\/08\/2017\n\t\t\t\t<\/figcaption><\/figure><figure class='gallery-item'>\n\t\t\t<div class='gallery-icon landscape'>\n\t\t\t\t<a href='https:\/\/www.wallendorff.com\/belogue\/2017\/08\/26\/le-cabaret-vert-2017-jour-2\/korn-le-cabaret-vert-charleville-mezieres-25082017-7\/'><img loading=\"lazy\" decoding=\"async\" width=\"850\" height=\"567\" src=\"https:\/\/www.wallendorff.com\/belogue\/wp-content\/uploads\/2017\/08\/20170826-66.jpg\" class=\"attachment-large size-large\" alt=\"\" aria-describedby=\"gallery-1-35686\" srcset=\"https:\/\/www.wallendorff.com\/belogue\/wp-content\/uploads\/2017\/08\/20170826-66.jpg 850w, https:\/\/www.wallendorff.com\/belogue\/wp-content\/uploads\/2017\/08\/20170826-66-820x547.jpg 820w, https:\/\/www.wallendorff.com\/belogue\/wp-content\/uploads\/2017\/08\/20170826-66-200x133.jpg 200w, https:\/\/www.wallendorff.com\/belogue\/wp-content\/uploads\/2017\/08\/20170826-66-300x200.jpg 300w, https:\/\/www.wallendorff.com\/belogue\/wp-content\/uploads\/2017\/08\/20170826-66-600x400.jpg 600w\" sizes=\"(max-width: 850px) 100vw, 850px\" \/><\/a>\n\t\t\t<\/div>\n\t\t\t\t<figcaption class='wp-caption-text gallery-caption' id='gallery-1-35686'>\n\t\t\t\tKorn @ le Cabaret Vert, Charleville-M\u00e9zi\u00e8res, 25\/08\/2017\n\t\t\t\t<\/figcaption><\/figure><figure class='gallery-item'>\n\t\t\t<div class='gallery-icon portrait'>\n\t\t\t\t<a href='https:\/\/www.wallendorff.com\/belogue\/2017\/08\/26\/le-cabaret-vert-2017-jour-2\/korn-le-cabaret-vert-charleville-mezieres-25082017-8\/'><img loading=\"lazy\" decoding=\"async\" width=\"567\" height=\"850\" src=\"https:\/\/www.wallendorff.com\/belogue\/wp-content\/uploads\/2017\/08\/20170826-67.jpg\" class=\"attachment-large size-large\" alt=\"\" aria-describedby=\"gallery-1-35687\" srcset=\"https:\/\/www.wallendorff.com\/belogue\/wp-content\/uploads\/2017\/08\/20170826-67.jpg 567w, https:\/\/www.wallendorff.com\/belogue\/wp-content\/uploads\/2017\/08\/20170826-67-133x200.jpg 133w, https:\/\/www.wallendorff.com\/belogue\/wp-content\/uploads\/2017\/08\/20170826-67-200x300.jpg 200w\" sizes=\"(max-width: 567px) 100vw, 567px\" \/><\/a>\n\t\t\t<\/div>\n\t\t\t\t<figcaption class='wp-caption-text gallery-caption' id='gallery-1-35687'>\n\t\t\t\tKorn @ le Cabaret Vert, Charleville-M\u00e9zi\u00e8res, 25\/08\/2017\n\t\t\t\t<\/figcaption><\/figure><figure class='gallery-item'>\n\t\t\t<div class='gallery-icon landscape'>\n\t\t\t\t<a href='https:\/\/www.wallendorff.com\/belogue\/2017\/08\/26\/le-cabaret-vert-2017-jour-2\/korn-le-cabaret-vert-charleville-mezieres-25082017-9\/'><img loading=\"lazy\" decoding=\"async\" width=\"850\" height=\"567\" src=\"https:\/\/www.wallendorff.com\/belogue\/wp-content\/uploads\/2017\/08\/20170826-68.jpg\" class=\"attachment-large size-large\" alt=\"\" aria-describedby=\"gallery-1-35688\" srcset=\"https:\/\/www.wallendorff.com\/belogue\/wp-content\/uploads\/2017\/08\/20170826-68.jpg 850w, https:\/\/www.wallendorff.com\/belogue\/wp-content\/uploads\/2017\/08\/20170826-68-820x547.jpg 820w, https:\/\/www.wallendorff.com\/belogue\/wp-content\/uploads\/2017\/08\/20170826-68-200x133.jpg 200w, https:\/\/www.wallendorff.com\/belogue\/wp-content\/uploads\/2017\/08\/20170826-68-300x200.jpg 300w, https:\/\/www.wallendorff.com\/belogue\/wp-content\/uploads\/2017\/08\/20170826-68-600x400.jpg 600w\" sizes=\"(max-width: 850px) 100vw, 850px\" \/><\/a>\n\t\t\t<\/div>\n\t\t\t\t<figcaption class='wp-caption-text gallery-caption' id='gallery-1-35688'>\n\t\t\t\tKorn @ le Cabaret Vert, Charleville-M\u00e9zi\u00e8res, 25\/08\/2017\n\t\t\t\t<\/figcaption><\/figure><figure class='gallery-item'>\n\t\t\t<div class='gallery-icon portrait'>\n\t\t\t\t<a href='https:\/\/www.wallendorff.com\/belogue\/2017\/08\/26\/le-cabaret-vert-2017-jour-2\/korn-le-cabaret-vert-charleville-mezieres-25082017-10\/'><img loading=\"lazy\" decoding=\"async\" width=\"567\" height=\"850\" src=\"https:\/\/www.wallendorff.com\/belogue\/wp-content\/uploads\/2017\/08\/20170826-69.jpg\" class=\"attachment-large size-large\" alt=\"\" aria-describedby=\"gallery-1-35689\" srcset=\"https:\/\/www.wallendorff.com\/belogue\/wp-content\/uploads\/2017\/08\/20170826-69.jpg 567w, https:\/\/www.wallendorff.com\/belogue\/wp-content\/uploads\/2017\/08\/20170826-69-133x200.jpg 133w, https:\/\/www.wallendorff.com\/belogue\/wp-content\/uploads\/2017\/08\/20170826-69-200x300.jpg 200w\" sizes=\"(max-width: 567px) 100vw, 567px\" \/><\/a>\n\t\t\t<\/div>\n\t\t\t\t<figcaption class='wp-caption-text gallery-caption' id='gallery-1-35689'>\n\t\t\t\tKorn @ le Cabaret Vert, Charleville-M\u00e9zi\u00e8res, 25\/08\/2017\n\t\t\t\t<\/figcaption><\/figure><figure class='gallery-item'>\n\t\t\t<div class='gallery-icon landscape'>\n\t\t\t\t<a href='https:\/\/www.wallendorff.com\/belogue\/2017\/08\/26\/le-cabaret-vert-2017-jour-2\/le-cabaret-vert-charleville-mezieres-25082017-27\/'><img loading=\"lazy\" decoding=\"async\" width=\"850\" height=\"567\" src=\"https:\/\/www.wallendorff.com\/belogue\/wp-content\/uploads\/2017\/08\/20170826-70.jpg\" class=\"attachment-large size-large\" alt=\"\" aria-describedby=\"gallery-1-35690\" srcset=\"https:\/\/www.wallendorff.com\/belogue\/wp-content\/uploads\/2017\/08\/20170826-70.jpg 850w, https:\/\/www.wallendorff.com\/belogue\/wp-content\/uploads\/2017\/08\/20170826-70-820x547.jpg 820w, https:\/\/www.wallendorff.com\/belogue\/wp-content\/uploads\/2017\/08\/20170826-70-200x133.jpg 200w, https:\/\/www.wallendorff.com\/belogue\/wp-content\/uploads\/2017\/08\/20170826-70-300x200.jpg 300w, https:\/\/www.wallendorff.com\/belogue\/wp-content\/uploads\/2017\/08\/20170826-70-600x400.jpg 600w\" sizes=\"(max-width: 850px) 100vw, 850px\" \/><\/a>\n\t\t\t<\/div>\n\t\t\t\t<figcaption class='wp-caption-text gallery-caption' id='gallery-1-35690'>\n\t\t\t\tLe Cabaret Vert, Charleville-M\u00e9zi\u00e8res, 25\/08\/2017\n\t\t\t\t<\/figcaption><\/figure><figure class='gallery-item'>\n\t\t\t<div class='gallery-icon landscape'>\n\t\t\t\t<a href='https:\/\/www.wallendorff.com\/belogue\/2017\/08\/26\/le-cabaret-vert-2017-jour-2\/korn-le-cabaret-vert-charleville-mezieres-25082017-11\/'><img loading=\"lazy\" decoding=\"async\" width=\"850\" height=\"567\" src=\"https:\/\/www.wallendorff.com\/belogue\/wp-content\/uploads\/2017\/08\/20170826-71.jpg\" class=\"attachment-large size-large\" alt=\"\" aria-describedby=\"gallery-1-35691\" srcset=\"https:\/\/www.wallendorff.com\/belogue\/wp-content\/uploads\/2017\/08\/20170826-71.jpg 850w, https:\/\/www.wallendorff.com\/belogue\/wp-content\/uploads\/2017\/08\/20170826-71-820x547.jpg 820w, https:\/\/www.wallendorff.com\/belogue\/wp-content\/uploads\/2017\/08\/20170826-71-200x133.jpg 200w, https:\/\/www.wallendorff.com\/belogue\/wp-content\/uploads\/2017\/08\/20170826-71-300x200.jpg 300w, https:\/\/www.wallendorff.com\/belogue\/wp-content\/uploads\/2017\/08\/20170826-71-600x400.jpg 600w\" sizes=\"(max-width: 850px) 100vw, 850px\" \/><\/a>\n\t\t\t<\/div>\n\t\t\t\t<figcaption class='wp-caption-text gallery-caption' id='gallery-1-35691'>\n\t\t\t\tKorn @ le Cabaret Vert, Charleville-M\u00e9zi\u00e8res, 25\/08\/2017\n\t\t\t\t<\/figcaption><\/figure><figure class='gallery-item'>\n\t\t\t<div class='gallery-icon landscape'>\n\t\t\t\t<a href='https:\/\/www.wallendorff.com\/belogue\/2017\/08\/26\/le-cabaret-vert-2017-jour-2\/le-cabaret-vert-charleville-mezieres-25082017-28\/'><img loading=\"lazy\" decoding=\"async\" width=\"850\" height=\"567\" src=\"https:\/\/www.wallendorff.com\/belogue\/wp-content\/uploads\/2017\/08\/20170826-72.jpg\" class=\"attachment-large size-large\" alt=\"\" aria-describedby=\"gallery-1-35692\" srcset=\"https:\/\/www.wallendorff.com\/belogue\/wp-content\/uploads\/2017\/08\/20170826-72.jpg 850w, https:\/\/www.wallendorff.com\/belogue\/wp-content\/uploads\/2017\/08\/20170826-72-820x547.jpg 820w, https:\/\/www.wallendorff.com\/belogue\/wp-content\/uploads\/2017\/08\/20170826-72-200x133.jpg 200w, https:\/\/www.wallendorff.com\/belogue\/wp-content\/uploads\/2017\/08\/20170826-72-300x200.jpg 300w, https:\/\/www.wallendorff.com\/belogue\/wp-content\/uploads\/2017\/08\/20170826-72-600x400.jpg 600w\" sizes=\"(max-width: 850px) 100vw, 850px\" \/><\/a>\n\t\t\t<\/div>\n\t\t\t\t<figcaption class='wp-caption-text gallery-caption' id='gallery-1-35692'>\n\t\t\t\tLe Cabaret Vert, Charleville-M\u00e9zi\u00e8res, 25\/08\/2017\n\t\t\t\t<\/figcaption><\/figure><figure class='gallery-item'>\n\t\t\t<div class='gallery-icon landscape'>\n\t\t\t\t<a href='https:\/\/www.wallendorff.com\/belogue\/2017\/08\/26\/le-cabaret-vert-2017-jour-2\/korn-le-cabaret-vert-charleville-mezieres-25082017-12\/'><img loading=\"lazy\" decoding=\"async\" width=\"850\" height=\"567\" src=\"https:\/\/www.wallendorff.com\/belogue\/wp-content\/uploads\/2017\/08\/20170826-73.jpg\" class=\"attachment-large size-large\" alt=\"\" aria-describedby=\"gallery-1-35693\" srcset=\"https:\/\/www.wallendorff.com\/belogue\/wp-content\/uploads\/2017\/08\/20170826-73.jpg 850w, https:\/\/www.wallendorff.com\/belogue\/wp-content\/uploads\/2017\/08\/20170826-73-820x547.jpg 820w, https:\/\/www.wallendorff.com\/belogue\/wp-content\/uploads\/2017\/08\/20170826-73-200x133.jpg 200w, https:\/\/www.wallendorff.com\/belogue\/wp-content\/uploads\/2017\/08\/20170826-73-300x200.jpg 300w, https:\/\/www.wallendorff.com\/belogue\/wp-content\/uploads\/2017\/08\/20170826-73-600x400.jpg 600w\" sizes=\"(max-width: 850px) 100vw, 850px\" \/><\/a>\n\t\t\t<\/div>\n\t\t\t\t<figcaption class='wp-caption-text gallery-caption' id='gallery-1-35693'>\n\t\t\t\tKorn @ le Cabaret Vert, Charleville-M\u00e9zi\u00e8res, 25\/08\/2017\n\t\t\t\t<\/figcaption><\/figure><figure class='gallery-item'>\n\t\t\t<div class='gallery-icon landscape'>\n\t\t\t\t<a href='https:\/\/www.wallendorff.com\/belogue\/2017\/08\/26\/le-cabaret-vert-2017-jour-2\/korn-le-cabaret-vert-charleville-mezieres-25082017-13\/'><img loading=\"lazy\" decoding=\"async\" width=\"850\" height=\"567\" src=\"https:\/\/www.wallendorff.com\/belogue\/wp-content\/uploads\/2017\/08\/20170826-74.jpg\" class=\"attachment-large size-large\" alt=\"\" aria-describedby=\"gallery-1-35694\" srcset=\"https:\/\/www.wallendorff.com\/belogue\/wp-content\/uploads\/2017\/08\/20170826-74.jpg 850w, https:\/\/www.wallendorff.com\/belogue\/wp-content\/uploads\/2017\/08\/20170826-74-820x547.jpg 820w, https:\/\/www.wallendorff.com\/belogue\/wp-content\/uploads\/2017\/08\/20170826-74-200x133.jpg 200w, https:\/\/www.wallendorff.com\/belogue\/wp-content\/uploads\/2017\/08\/20170826-74-300x200.jpg 300w, https:\/\/www.wallendorff.com\/belogue\/wp-content\/uploads\/2017\/08\/20170826-74-600x400.jpg 600w\" sizes=\"(max-width: 850px) 100vw, 850px\" \/><\/a>\n\t\t\t<\/div>\n\t\t\t\t<figcaption class='wp-caption-text gallery-caption' id='gallery-1-35694'>\n\t\t\t\tKorn @ le Cabaret Vert, Charleville-M\u00e9zi\u00e8res, 25\/08\/2017\n\t\t\t\t<\/figcaption><\/figure><figure class='gallery-item'>\n\t\t\t<div class='gallery-icon landscape'>\n\t\t\t\t<a href='https:\/\/www.wallendorff.com\/belogue\/2017\/08\/26\/le-cabaret-vert-2017-jour-2\/korn-le-cabaret-vert-charleville-mezieres-25082017-14\/'><img loading=\"lazy\" decoding=\"async\" width=\"850\" height=\"567\" src=\"https:\/\/www.wallendorff.com\/belogue\/wp-content\/uploads\/2017\/08\/20170826-75.jpg\" class=\"attachment-large size-large\" alt=\"\" aria-describedby=\"gallery-1-35695\" srcset=\"https:\/\/www.wallendorff.com\/belogue\/wp-content\/uploads\/2017\/08\/20170826-75.jpg 850w, https:\/\/www.wallendorff.com\/belogue\/wp-content\/uploads\/2017\/08\/20170826-75-820x547.jpg 820w, https:\/\/www.wallendorff.com\/belogue\/wp-content\/uploads\/2017\/08\/20170826-75-200x133.jpg 200w, https:\/\/www.wallendorff.com\/belogue\/wp-content\/uploads\/2017\/08\/20170826-75-300x200.jpg 300w, https:\/\/www.wallendorff.com\/belogue\/wp-content\/uploads\/2017\/08\/20170826-75-600x400.jpg 600w\" sizes=\"(max-width: 850px) 100vw, 850px\" \/><\/a>\n\t\t\t<\/div>\n\t\t\t\t<figcaption class='wp-caption-text gallery-caption' id='gallery-1-35695'>\n\t\t\t\tKorn @ le Cabaret Vert, Charleville-M\u00e9zi\u00e8res, 25\/08\/2017\n\t\t\t\t<\/figcaption><\/figure>\n\t\t<\/div>\n\n","protected":false},"excerpt":{"rendered":"Le Cabaret Vert, Charleville-M\u00e9zi\u00e8res, 25\/08\/2017 Le Cabaret Vert, Charleville-M\u00e9zi\u00e8res, 25\/08\/2017 Turbonegro @ le Cabaret Vert, Charleville-M\u00e9zi\u00e8res, 25\/08\/2017 Turbonegro @ le Cabaret Vert, Charleville-M\u00e9zi\u00e8res, 25\/08\/2017 Turbonegro @ le Cabaret Vert, Charleville-M\u00e9zi\u00e8res, 25\/08\/2017 Le Cabaret Vert, Charleville-M\u00e9zi\u00e8res, 25\/08\/2017 Turbonegro @ le Cabaret Vert, Charleville-M\u00e9zi\u00e8res, 25\/08\/2017 Le Cabaret Vert, Charleville-M\u00e9zi\u00e8res, 25\/08\/2017 Turbonegro @ le Cabaret Vert, Charleville-M\u00e9zi\u00e8res, 25\/08\/2017&hellip;","protected":false},"author":1,"featured_media":35630,"comment_status":"open","ping_status":"open","sticky":false,"template":"","format":"standard","meta":{"_acf_changed":false,"ngg_post_thumbnail":0,"jetpack_post_was_ever_published":false,"_jetpack_newsletter_access":"","_jetpack_dont_email_post_to_subs":false,"_jetpack_newsletter_tier_id":0,"_jetpack_memberships_contains_paywalled_content":false,"_jetpack_memberships_contains_paid_content":false,"footnotes":"","jetpack_publicize_message":"","jetpack_publicize_feature_enabled":true,"jetpack_social_post_already_shared":true,"jetpack_social_options":{"image_generator_settings":{"template":"highway","default_image_id":0,"font":"","enabled":false},"version":2}},"categories":[7],"tags":[13612,10084,6103,10255,2571,8170,6766,8351,10254,10321,10136,10120,13164,233,14145,14146,10135,8243,14147,10212,14149,7937],"class_list":["post-35620","post","type-post","status-publish","format-standard","has-post-thumbnail","hentry","category-alive","tag-13612","tag-alive","tag-ambiance-2","tag-ardenne","tag-ef-16-35-mm-f28l-ii-usm","tag-ef-24-70-mm-f2-8l-ii-usm","tag-eos-5d-mark-iii","tag-eos-6d","tag-champagne-ardenne","tag-charleville-mezieres","tag-festival","tag-france","tag-jain","tag-korn","tag-le-cabaret-vert","tag-le-cabaret-vert-2017","tag-public","tag-sigma-15-mm-f2-8-ex-dg-diagonal-fish-eye","tag-square-bayard","tag-the-kills","tag-turbonegro","tag-ty-segall"],"acf":[],"geo":{"latitude":49.7627487,"longitude":4.715404,"description":"Charleville-M\u00e9zi\u00e8res, Grand-Est, 08000, FR"},"jetpack_publicize_connections":[],"jetpack_featured_media_url":"https:\/\/www.wallendorff.com\/belogue\/wp-content\/uploads\/2017\/08\/20170826-10.jpg","jetpack_shortlink":"https:\/\/wp.me\/p3b35P-9gw","jetpack_sharing_enabled":true,"jetpack-related-posts":[{"id":13190,"url":"https:\/\/www.wallendorff.com\/belogue\/2011\/08\/31\/the-wombats-le-cabaret-vert-charleville-mezieres-26-aout\/","url_meta":{"origin":35620,"position":0},"title":"The Wombats @ le Cabaret Vert, Charleville-M\u00e9zi\u00e8res, 26 ao\u00fbt.","author":"dpc","date":"31 ao\u00fbt 2011","format":false,"excerpt":"\u00a0The Wombats \u2013 1996 [youtube]http:\/\/www.youtube.com\/watch?v=m3ZwhfIG6cw[\/youtube]","rel":"","context":"Dans &quot;Alive&quot;","block_context":{"text":"Alive","link":"https:\/\/www.wallendorff.com\/belogue\/category\/alive\/"},"img":{"alt_text":"","src":"https:\/\/i0.wp.com\/www.wallendorff.com\/belogue\/wp-content\/uploads\/2015\/04\/201108311.jpg?resize=350%2C200&ssl=1","width":350,"height":200,"srcset":"https:\/\/i0.wp.com\/www.wallendorff.com\/belogue\/wp-content\/uploads\/2015\/04\/201108311.jpg?resize=350%2C200&ssl=1 1x, https:\/\/i0.wp.com\/www.wallendorff.com\/belogue\/wp-content\/uploads\/2015\/04\/201108311.jpg?resize=525%2C300&ssl=1 1.5x, https:\/\/i0.wp.com\/www.wallendorff.com\/belogue\/wp-content\/uploads\/2015\/04\/201108311.jpg?resize=700%2C400&ssl=1 2x"},"classes":[]},{"id":35561,"url":"https:\/\/www.wallendorff.com\/belogue\/2017\/08\/25\/le-cabaret-vert-2017-jour-1\/","url_meta":{"origin":35620,"position":1},"title":"Le Cabaret Vert 2017, jour 1.","author":"dpc","date":"25 ao\u00fbt 2017","format":false,"excerpt":"","rel":"","context":"Dans &quot;Alive&quot;","block_context":{"text":"Alive","link":"https:\/\/www.wallendorff.com\/belogue\/category\/alive\/"},"img":{"alt_text":"","src":"https:\/\/i0.wp.com\/www.wallendorff.com\/belogue\/wp-content\/uploads\/2017\/08\/20170825-39.jpg?resize=350%2C200&ssl=1","width":350,"height":200,"srcset":"https:\/\/i0.wp.com\/www.wallendorff.com\/belogue\/wp-content\/uploads\/2017\/08\/20170825-39.jpg?resize=350%2C200&ssl=1 1x, https:\/\/i0.wp.com\/www.wallendorff.com\/belogue\/wp-content\/uploads\/2017\/08\/20170825-39.jpg?resize=525%2C300&ssl=1 1.5x, https:\/\/i0.wp.com\/www.wallendorff.com\/belogue\/wp-content\/uploads\/2017\/08\/20170825-39.jpg?resize=700%2C400&ssl=1 2x"},"classes":[]},{"id":35698,"url":"https:\/\/www.wallendorff.com\/belogue\/2017\/08\/27\/le-cabaret-vert-2017-jour-3\/","url_meta":{"origin":35620,"position":2},"title":"Le Cabaret Vert 2017, jour 3.","author":"dpc","date":"27 ao\u00fbt 2017","format":false,"excerpt":"","rel":"","context":"Dans &quot;Alive&quot;","block_context":{"text":"Alive","link":"https:\/\/www.wallendorff.com\/belogue\/category\/alive\/"},"img":{"alt_text":"","src":"https:\/\/i0.wp.com\/www.wallendorff.com\/belogue\/wp-content\/uploads\/2017\/08\/20170827-28.jpg?resize=350%2C200&ssl=1","width":350,"height":200,"srcset":"https:\/\/i0.wp.com\/www.wallendorff.com\/belogue\/wp-content\/uploads\/2017\/08\/20170827-28.jpg?resize=350%2C200&ssl=1 1x, https:\/\/i0.wp.com\/www.wallendorff.com\/belogue\/wp-content\/uploads\/2017\/08\/20170827-28.jpg?resize=525%2C300&ssl=1 1.5x, https:\/\/i0.wp.com\/www.wallendorff.com\/belogue\/wp-content\/uploads\/2017\/08\/20170827-28.jpg?resize=700%2C400&ssl=1 2x"},"classes":[]},{"id":35752,"url":"https:\/\/www.wallendorff.com\/belogue\/2017\/08\/28\/le-cabaret-vert-2017-jour-4\/","url_meta":{"origin":35620,"position":3},"title":"Le Cabaret Vert 2017, jour 4.","author":"dpc","date":"28 ao\u00fbt 2017","format":false,"excerpt":"","rel":"","context":"Dans &quot;Alive&quot;","block_context":{"text":"Alive","link":"https:\/\/www.wallendorff.com\/belogue\/category\/alive\/"},"img":{"alt_text":"","src":"https:\/\/i0.wp.com\/www.wallendorff.com\/belogue\/wp-content\/uploads\/2017\/08\/20170828-06.jpg?resize=350%2C200&ssl=1","width":350,"height":200,"srcset":"https:\/\/i0.wp.com\/www.wallendorff.com\/belogue\/wp-content\/uploads\/2017\/08\/20170828-06.jpg?resize=350%2C200&ssl=1 1x, https:\/\/i0.wp.com\/www.wallendorff.com\/belogue\/wp-content\/uploads\/2017\/08\/20170828-06.jpg?resize=525%2C300&ssl=1 1.5x, https:\/\/i0.wp.com\/www.wallendorff.com\/belogue\/wp-content\/uploads\/2017\/08\/20170828-06.jpg?resize=700%2C400&ssl=1 2x"},"classes":[]},{"id":39689,"url":"https:\/\/www.wallendorff.com\/belogue\/2018\/08\/27\/le-cabaret-vert-2018-jour-1\/","url_meta":{"origin":35620,"position":4},"title":"Le Cabaret Vert 2018, jour 2.","author":"dpc","date":"27 ao\u00fbt 2018","format":false,"excerpt":"Les autres jours s(er)ont publi\u00e9s sur ce lien.","rel":"","context":"Dans &quot;Alive&quot;","block_context":{"text":"Alive","link":"https:\/\/www.wallendorff.com\/belogue\/category\/alive\/"},"img":{"alt_text":"","src":"https:\/\/i0.wp.com\/www.wallendorff.com\/belogue\/wp-content\/uploads\/2018\/08\/20180827-44.jpg?resize=350%2C200&ssl=1","width":350,"height":200,"srcset":"https:\/\/i0.wp.com\/www.wallendorff.com\/belogue\/wp-content\/uploads\/2018\/08\/20180827-44.jpg?resize=350%2C200&ssl=1 1x, https:\/\/i0.wp.com\/www.wallendorff.com\/belogue\/wp-content\/uploads\/2018\/08\/20180827-44.jpg?resize=525%2C300&ssl=1 1.5x, https:\/\/i0.wp.com\/www.wallendorff.com\/belogue\/wp-content\/uploads\/2018\/08\/20180827-44.jpg?resize=700%2C400&ssl=1 2x, https:\/\/i0.wp.com\/www.wallendorff.com\/belogue\/wp-content\/uploads\/2018\/08\/20180827-44.jpg?resize=1050%2C600&ssl=1 3x"},"classes":[]},{"id":43562,"url":"https:\/\/www.wallendorff.com\/belogue\/2019\/08\/25\/le-cabaret-vert-2019-charleville-mezieres-jour-2\/","url_meta":{"origin":35620,"position":5},"title":"Le Cabaret Vert 2019, Charleville-M\u00e9zi\u00e8res, jour 2","author":"dpc","date":"25 ao\u00fbt 2019","format":false,"excerpt":"","rel":"","context":"Dans &quot;Alive&quot;","block_context":{"text":"Alive","link":"https:\/\/www.wallendorff.com\/belogue\/category\/alive\/"},"img":{"alt_text":"","src":"https:\/\/i0.wp.com\/www.wallendorff.com\/belogue\/wp-content\/uploads\/2019\/08\/20190825-84.jpg?resize=350%2C200&ssl=1","width":350,"height":200,"srcset":"https:\/\/i0.wp.com\/www.wallendorff.com\/belogue\/wp-content\/uploads\/2019\/08\/20190825-84.jpg?resize=350%2C200&ssl=1 1x, https:\/\/i0.wp.com\/www.wallendorff.com\/belogue\/wp-content\/uploads\/2019\/08\/20190825-84.jpg?resize=525%2C300&ssl=1 1.5x, https:\/\/i0.wp.com\/www.wallendorff.com\/belogue\/wp-content\/uploads\/2019\/08\/20190825-84.jpg?resize=700%2C400&ssl=1 2x, https:\/\/i0.wp.com\/www.wallendorff.com\/belogue\/wp-content\/uploads\/2019\/08\/20190825-84.jpg?resize=1050%2C600&ssl=1 3x"},"classes":[]}],"_links":{"self":[{"href":"https:\/\/www.wallendorff.com\/belogue\/wp-json\/wp\/v2\/posts\/35620","targetHints":{"allow":["GET"]}}],"collection":[{"href":"https:\/\/www.wallendorff.com\/belogue\/wp-json\/wp\/v2\/posts"}],"about":[{"href":"https:\/\/www.wallendorff.com\/belogue\/wp-json\/wp\/v2\/types\/post"}],"author":[{"embeddable":true,"href":"https:\/\/www.wallendorff.com\/belogue\/wp-json\/wp\/v2\/users\/1"}],"replies":[{"embeddable":true,"href":"https:\/\/www.wallendorff.com\/belogue\/wp-json\/wp\/v2\/comments?post=35620"}],"version-history":[{"count":2,"href":"https:\/\/www.wallendorff.com\/belogue\/wp-json\/wp\/v2\/posts\/35620\/revisions"}],"predecessor-version":[{"id":35697,"href":"https:\/\/www.wallendorff.com\/belogue\/wp-json\/wp\/v2\/posts\/35620\/revisions\/35697"}],"wp:featuredmedia":[{"embeddable":true,"href":"https:\/\/www.wallendorff.com\/belogue\/wp-json\/wp\/v2\/media\/35630"}],"wp:attachment":[{"href":"https:\/\/www.wallendorff.com\/belogue\/wp-json\/wp\/v2\/media?parent=35620"}],"wp:term":[{"taxonomy":"category","embeddable":true,"href":"https:\/\/www.wallendorff.com\/belogue\/wp-json\/wp\/v2\/categories?post=35620"},{"taxonomy":"post_tag","embeddable":true,"href":"https:\/\/www.wallendorff.com\/belogue\/wp-json\/wp\/v2\/tags?post=35620"}],"curies":[{"name":"wp","href":"https:\/\/api.w.org\/{rel}","templated":true}]}}