{"id":3557,"date":"2008-11-05T12:05:54","date_gmt":"2008-11-05T10:05:54","guid":{"rendered":"http:\/\/www.po-l.com\/belogue\/?p=3557"},"modified":"2012-07-13T10:55:00","modified_gmt":"2012-07-13T08:55:00","slug":"shooting-people-38","status":"publish","type":"post","link":"https:\/\/www.wallendorff.com\/belogue\/2008\/11\/05\/shooting-people-38\/","title":{"rendered":"Shooting people #38."},"content":{"rendered":"<div id=\"photo\">\n<p><img decoding=\"async\" src=\"https:\/\/www.wallendorff.com\/belogue\/photo\/2008\/11\/20081105.jpg\" \/><br \/>\n   Mus&eacute;e d&rsquo;Orsay, Paris, 6 octobre. <\/p>\n<\/div>\n<div id=\"bandeson\">\n<p><img decoding=\"async\" src=\"https:\/\/www.wallendorff.com\/belogue\/photo\/pochettes\/a\/adams_ryan-love_is_hell.jpg\" align=\"left\" \/> <a href=\"http:\/\/www.davidryanadams.com\/\">Ryan Adams<\/a> &ndash;<em> Wonderwall <\/em> (Oasis cover)<\/p>\n<\/div>\n<p style=\"text-align:right\">Je n&rsquo;aurais jamais pens&eacute; qu&rsquo;un jour je me ferais annoncer le r&eacute;sultat de l&rsquo;&eacute;lection pr&eacute;sidentielle ricaine le matin au r&eacute;veil par un chanteur de Nada Surf bourr&eacute; &agrave; la bi&egrave;re.<\/p>\n<p style=\"text-align:right\">[Je vous aurais bien mis le MP3 qui va avec mais le podcast de Radio France est encore plus long &agrave; la d&eacute;tente que moi, le matin.]<\/p>\n<p>\\Edit: Ah tiens, et puisque je reste un \u00e9ternel nostalgique du Michigan, il faut que je vous poste <a href=\"http:\/\/www.flickr.com\/photos\/gsgeorge\/sets\/72157608672568425\/\">ce lien<\/a>.<\/p>\n","protected":false},"excerpt":{"rendered":"<p>Mus&eacute;e d&rsquo;Orsay, Paris, 6 octobre. Ryan Adams &ndash; Wonderwall (Oasis cover) Je n&rsquo;aurais jamais pens&eacute; qu&rsquo;un jour je me ferais annoncer le r&eacute;sultat de l&rsquo;&eacute;lection pr&eacute;sidentielle ricaine le matin au r&eacute;veil par un chanteur de Nada Surf bourr&eacute; &agrave; la bi&egrave;re. [Je vous aurais bien mis le MP3 qui va avec mais le podcast de&hellip;<\/p>\n","protected":false},"author":1,"featured_media":25286,"comment_status":"open","ping_status":"open","sticky":false,"template":"","format":"standard","meta":{"_acf_changed":false,"ngg_post_thumbnail":0,"jetpack_post_was_ever_published":false,"_jetpack_newsletter_access":"","_jetpack_dont_email_post_to_subs":false,"_jetpack_newsletter_tier_id":0,"_jetpack_memberships_contains_paywalled_content":false,"_jetpack_memberships_contains_paid_content":false,"footnotes":"","jetpack_publicize_message":"","jetpack_publicize_feature_enabled":true,"jetpack_social_post_already_shared":false,"jetpack_social_options":{"image_generator_settings":{"template":"highway","default_image_id":0,"font":"","enabled":false},"version":2}},"categories":[8],"tags":[10235,1438,187,10340,10120,10121,1164,10274,143,10147,408,10098,2575,2576],"class_list":["post-3557","post","type-post","status-publish","format-standard","has-post-thumbnail","hentry","category-portraits","tag-10235","tag-ef-50-mm-f14-usm","tag-eos-1d-mark-ii","tag-fille","tag-france","tag-ile-de-france","tag-musee-dorsay","tag-nada-surf","tag-noir-et-blanc","tag-nuit","tag-oasis","tag-paris","tag-ryan-adams","tag-wonderwall"],"acf":[],"geo":{"latitude":48.8604202,"longitude":2.325093,"description":"Rue de la L\u00e9gion d&apos;Honneur, 75007 Paris, France"},"jetpack_publicize_connections":[],"jetpack_featured_media_url":"https:\/\/www.wallendorff.com\/belogue\/wp-content\/uploads\/2015\/04\/200811051.jpg","jetpack_shortlink":"https:\/\/wp.me\/p3b35P-Vn","jetpack_sharing_enabled":true,"jetpack-related-posts":[{"id":3573,"url":"https:\/\/www.wallendorff.com\/belogue\/2008\/11\/11\/i-tried-to-walk-with-god-with-no-avail\/","url_meta":{"origin":3557,"position":0},"title":"I tried to talk with God to no avail.","author":"dpc","date":"11 novembre 2008","format":false,"excerpt":"Mus\u00e9e d'Orsay, Paris, 8 octobre. Oasis \u2013 Falling Down","rel":"","context":"Dans &quot;DPC&quot;","block_context":{"text":"DPC","link":"https:\/\/www.wallendorff.com\/belogue\/category\/dpc\/"},"img":{"alt_text":"","src":"https:\/\/i0.wp.com\/www.wallendorff.com\/belogue\/photo\/pochettes\/o\/oasis-dig_out_your_soul.jpg?resize=350%2C200","width":350,"height":200},"classes":[]},{"id":303,"url":"https:\/\/www.wallendorff.com\/belogue\/2005\/07\/30\/charpente-savonneuse\/","url_meta":{"origin":3557,"position":1},"title":"Charpente savonneuse.","author":"dpc","date":"30 juillet 2005","format":false,"excerpt":"Mus\u00e9e d'Orsay, Paris, 20 juillet. (merde c'\u00e9tait l'anniversaire de mon cousin) (ah non, c'est en ao\u00fbt, l'anniversaire du cousin. Fausse alerte.) Nous dirons qu'au vu de mon grammage actuel, pas si \u00e9lev\u00e9 que \u00e7a mais all\u00e8grement assaisonn\u00e9 \u00e0 grands coups de fatigue inh\u00e9rente \u00e0 un rallye p\u00e9destre parisien et un\u2026","rel":"","context":"Dans &quot;DPC&quot;","block_context":{"text":"DPC","link":"https:\/\/www.wallendorff.com\/belogue\/category\/dpc\/"},"img":{"alt_text":"","src":"https:\/\/i0.wp.com\/www.wallendorff.com\/belogue\/wp-content\/uploads\/2015\/04\/200507301.jpg?resize=350%2C200&ssl=1","width":350,"height":200},"classes":[]},{"id":3541,"url":"https:\/\/www.wallendorff.com\/belogue\/2008\/10\/31\/blog-notes-octobre-2008\/","url_meta":{"origin":3557,"position":2},"title":"Blog-notes &#8211; octobre 2008","author":"dpc","date":"31 octobre 2008","format":false,"excerpt":"Albums The Delgados \u2013 The Complete BBC Peel Sessions ... Dionysos \u2013 Monsters in Live Sons & Daughters \u2013 This Gift The Datsuns \u2013 Headstunts I'm From Barcelona \u2013 Who Killed Harry Houdini? TV on the Radio \u2013 Dear Science Oasis \u2013 Dig Out Your Soul Cold War Kids \u2013\u2026","rel":"","context":"Dans &quot;Blog-note&quot;","block_context":{"text":"Blog-note","link":"https:\/\/www.wallendorff.com\/belogue\/category\/blog-note\/"},"img":{"alt_text":"","src":"","width":0,"height":0},"classes":[]},{"id":302,"url":"https:\/\/www.wallendorff.com\/belogue\/2005\/08\/01\/temps-passe-et-des-m-ailleurs\/","url_meta":{"origin":3557,"position":3},"title":"Temps passe et des m&rsquo;ailleurs.","author":"dpc","date":"1 ao\u00fbt 2005","format":false,"excerpt":"Mus\u00e9e d'Orsay, Paris, 20 juillet. \u00c0 force de tourner, squatter, voyager, partir, revenir, passer, laisser, [re]trouver, d\u00e9coller et arriver, On finit par se demander o\u00f9 l'on sera le mieux. Ou \u00e0 parfaitement conna\u00eetre la r\u00e9ponse de cette question. Ce qui est, apr\u00e8s ces deux ann\u00e9es d'a\u00e9roports, d'autoroutes et de gares,\u2026","rel":"","context":"Dans &quot;DPC&quot;","block_context":{"text":"DPC","link":"https:\/\/www.wallendorff.com\/belogue\/category\/dpc\/"},"img":{"alt_text":"","src":"https:\/\/i0.wp.com\/www.wallendorff.com\/belogue\/wp-content\/uploads\/2015\/04\/200508011.jpg?resize=350%2C200&ssl=1","width":350,"height":200,"srcset":"https:\/\/i0.wp.com\/www.wallendorff.com\/belogue\/wp-content\/uploads\/2015\/04\/200508011.jpg?resize=350%2C200&ssl=1 1x, https:\/\/i0.wp.com\/www.wallendorff.com\/belogue\/wp-content\/uploads\/2015\/04\/200508011.jpg?resize=525%2C300&ssl=1 1.5x"},"classes":[]},{"id":270,"url":"https:\/\/www.wallendorff.com\/belogue\/2005\/11\/15\/cinq-t-tiennent\/","url_meta":{"origin":3557,"position":4},"title":"Cinq T tiennent&sup1;.","author":"dpc","date":"15 novembre 2005","format":false,"excerpt":"Rue Commines, Paris, 6 novembre. Et vous pouvez compter, y en a 5, des trucs en T. C'est troublant, quand m\u00eame. Genre au moment de prendre la photo, mon inconscient \u00e9tait d\u00e9j\u00e0 conscient du jeu de mots que je trouverais seul 9 jours plus tard pour le titre. Y a\u2026","rel":"","context":"Dans &quot;DPC&quot;","block_context":{"text":"DPC","link":"https:\/\/www.wallendorff.com\/belogue\/category\/dpc\/"},"img":{"alt_text":"","src":"https:\/\/i0.wp.com\/www.wallendorff.com\/belogue\/wp-content\/uploads\/2015\/04\/200511151.jpg?resize=350%2C200&ssl=1","width":350,"height":200},"classes":[]},{"id":85,"url":"https:\/\/www.wallendorff.com\/belogue\/2006\/02\/22\/tien-voile-a-debout-daim\/","url_meta":{"origin":3557,"position":5},"title":"Tien : voile &agrave; debout daim.","author":"dpc","date":"22 f\u00e9vrier 2006","format":false,"excerpt":"Quai d'Orsay, Paris, 26 janvier, 19h27. Vu ce que j'ai caus\u00e9 hier, je dois bien avoir droit \u00e0 4 ou 5 notes sans texte dedans, maintenant, non\u00a0?. \u00a0The Mooney Suzuki \u2013 It's No Easy","rel":"","context":"Dans &quot;DPC&quot;","block_context":{"text":"DPC","link":"https:\/\/www.wallendorff.com\/belogue\/category\/dpc\/"},"img":{"alt_text":"","src":"https:\/\/i0.wp.com\/www.wallendorff.com\/belogue\/wp-content\/uploads\/2015\/04\/200602221.jpg?resize=350%2C200&ssl=1","width":350,"height":200},"classes":[]}],"_links":{"self":[{"href":"https:\/\/www.wallendorff.com\/belogue\/wp-json\/wp\/v2\/posts\/3557","targetHints":{"allow":["GET"]}}],"collection":[{"href":"https:\/\/www.wallendorff.com\/belogue\/wp-json\/wp\/v2\/posts"}],"about":[{"href":"https:\/\/www.wallendorff.com\/belogue\/wp-json\/wp\/v2\/types\/post"}],"author":[{"embeddable":true,"href":"https:\/\/www.wallendorff.com\/belogue\/wp-json\/wp\/v2\/users\/1"}],"replies":[{"embeddable":true,"href":"https:\/\/www.wallendorff.com\/belogue\/wp-json\/wp\/v2\/comments?post=3557"}],"version-history":[{"count":1,"href":"https:\/\/www.wallendorff.com\/belogue\/wp-json\/wp\/v2\/posts\/3557\/revisions"}],"predecessor-version":[{"id":18208,"href":"https:\/\/www.wallendorff.com\/belogue\/wp-json\/wp\/v2\/posts\/3557\/revisions\/18208"}],"wp:featuredmedia":[{"embeddable":true,"href":"https:\/\/www.wallendorff.com\/belogue\/wp-json\/wp\/v2\/media\/25286"}],"wp:attachment":[{"href":"https:\/\/www.wallendorff.com\/belogue\/wp-json\/wp\/v2\/media?parent=3557"}],"wp:term":[{"taxonomy":"category","embeddable":true,"href":"https:\/\/www.wallendorff.com\/belogue\/wp-json\/wp\/v2\/categories?post=3557"},{"taxonomy":"post_tag","embeddable":true,"href":"https:\/\/www.wallendorff.com\/belogue\/wp-json\/wp\/v2\/tags?post=3557"}],"curies":[{"name":"wp","href":"https:\/\/api.w.org\/{rel}","templated":true}]}}