{"id":35561,"date":"2017-08-25T14:27:57","date_gmt":"2017-08-25T12:27:57","guid":{"rendered":"http:\/\/www.wallendorff.com\/belogue\/?p=35561"},"modified":"2018-05-23T08:19:36","modified_gmt":"2018-05-23T06:19:36","slug":"le-cabaret-vert-2017-jour-1","status":"publish","type":"post","link":"https:\/\/www.wallendorff.com\/belogue\/2017\/08\/25\/le-cabaret-vert-2017-jour-1\/","title":{"rendered":"Le Cabaret Vert 2017, jour 1."},"content":{"rendered":"<div id=\"photo\">\n<img decoding=\"async\" src=\"https:\/\/www.wallendorff.com\/belogue\/wp-content\/uploads\/2017\/08\/20170825-39.jpg\">\n<\/div>\n<div id='gallery-1' class='gallery galleryid-35561 gallery-columns-3 gallery-size-medium'><figure class='gallery-item'>\n\t\t\t<div class='gallery-icon landscape'>\n\t\t\t\t<a href='https:\/\/www.wallendorff.com\/belogue\/2017\/08\/25\/le-cabaret-vert-2017-jour-1\/the-noface-le-cabaret-vert-charleville-mezieres-24082017\/'><img fetchpriority=\"high\" decoding=\"async\" width=\"300\" height=\"200\" src=\"https:\/\/www.wallendorff.com\/belogue\/wp-content\/uploads\/2017\/08\/20170825-01-300x200.jpg\" class=\"attachment-medium size-medium\" alt=\"\" aria-describedby=\"gallery-1-35562\" srcset=\"https:\/\/www.wallendorff.com\/belogue\/wp-content\/uploads\/2017\/08\/20170825-01-300x200.jpg 300w, https:\/\/www.wallendorff.com\/belogue\/wp-content\/uploads\/2017\/08\/20170825-01-820x547.jpg 820w, https:\/\/www.wallendorff.com\/belogue\/wp-content\/uploads\/2017\/08\/20170825-01-200x133.jpg 200w, https:\/\/www.wallendorff.com\/belogue\/wp-content\/uploads\/2017\/08\/20170825-01-600x400.jpg 600w, https:\/\/www.wallendorff.com\/belogue\/wp-content\/uploads\/2017\/08\/20170825-01.jpg 850w\" sizes=\"(max-width: 300px) 100vw, 300px\" \/><\/a>\n\t\t\t<\/div>\n\t\t\t\t<figcaption class='wp-caption-text gallery-caption' id='gallery-1-35562'>\n\t\t\t\tThe Noface @ le Cabaret Vert, Charleville-M\u00e9zi\u00e8res, 24\/08\/2017\n\t\t\t\t<\/figcaption><\/figure><figure class='gallery-item'>\n\t\t\t<div class='gallery-icon landscape'>\n\t\t\t\t<a href='https:\/\/www.wallendorff.com\/belogue\/2017\/08\/25\/le-cabaret-vert-2017-jour-1\/the-noface-le-cabaret-vert-charleville-mezieres-24082017-2\/'><img decoding=\"async\" width=\"300\" height=\"200\" src=\"https:\/\/www.wallendorff.com\/belogue\/wp-content\/uploads\/2017\/08\/20170825-02-300x200.jpg\" class=\"attachment-medium size-medium\" alt=\"\" aria-describedby=\"gallery-1-35563\" srcset=\"https:\/\/www.wallendorff.com\/belogue\/wp-content\/uploads\/2017\/08\/20170825-02-300x200.jpg 300w, https:\/\/www.wallendorff.com\/belogue\/wp-content\/uploads\/2017\/08\/20170825-02-820x547.jpg 820w, https:\/\/www.wallendorff.com\/belogue\/wp-content\/uploads\/2017\/08\/20170825-02-200x133.jpg 200w, https:\/\/www.wallendorff.com\/belogue\/wp-content\/uploads\/2017\/08\/20170825-02-600x400.jpg 600w, https:\/\/www.wallendorff.com\/belogue\/wp-content\/uploads\/2017\/08\/20170825-02.jpg 850w\" sizes=\"(max-width: 300px) 100vw, 300px\" \/><\/a>\n\t\t\t<\/div>\n\t\t\t\t<figcaption class='wp-caption-text gallery-caption' id='gallery-1-35563'>\n\t\t\t\tThe Noface @ le Cabaret Vert, Charleville-M\u00e9zi\u00e8res, 24\/08\/2017\n\t\t\t\t<\/figcaption><\/figure><figure class='gallery-item'>\n\t\t\t<div class='gallery-icon landscape'>\n\t\t\t\t<a href='https:\/\/www.wallendorff.com\/belogue\/2017\/08\/25\/le-cabaret-vert-2017-jour-1\/the-noface-le-cabaret-vert-charleville-mezieres-24082017-3\/'><img decoding=\"async\" width=\"300\" height=\"200\" src=\"https:\/\/www.wallendorff.com\/belogue\/wp-content\/uploads\/2017\/08\/20170825-03-300x200.jpg\" class=\"attachment-medium size-medium\" alt=\"\" aria-describedby=\"gallery-1-35564\" srcset=\"https:\/\/www.wallendorff.com\/belogue\/wp-content\/uploads\/2017\/08\/20170825-03-300x200.jpg 300w, https:\/\/www.wallendorff.com\/belogue\/wp-content\/uploads\/2017\/08\/20170825-03-820x547.jpg 820w, https:\/\/www.wallendorff.com\/belogue\/wp-content\/uploads\/2017\/08\/20170825-03-200x133.jpg 200w, https:\/\/www.wallendorff.com\/belogue\/wp-content\/uploads\/2017\/08\/20170825-03-600x400.jpg 600w, https:\/\/www.wallendorff.com\/belogue\/wp-content\/uploads\/2017\/08\/20170825-03.jpg 850w\" sizes=\"(max-width: 300px) 100vw, 300px\" \/><\/a>\n\t\t\t<\/div>\n\t\t\t\t<figcaption class='wp-caption-text gallery-caption' id='gallery-1-35564'>\n\t\t\t\tThe Noface @ le Cabaret Vert, Charleville-M\u00e9zi\u00e8res, 24\/08\/2017\n\t\t\t\t<\/figcaption><\/figure><figure class='gallery-item'>\n\t\t\t<div class='gallery-icon landscape'>\n\t\t\t\t<a href='https:\/\/www.wallendorff.com\/belogue\/2017\/08\/25\/le-cabaret-vert-2017-jour-1\/the-noface-le-cabaret-vert-charleville-mezieres-24082017-4\/'><img loading=\"lazy\" decoding=\"async\" width=\"300\" height=\"200\" src=\"https:\/\/www.wallendorff.com\/belogue\/wp-content\/uploads\/2017\/08\/20170825-04-300x200.jpg\" class=\"attachment-medium size-medium\" alt=\"\" aria-describedby=\"gallery-1-35565\" srcset=\"https:\/\/www.wallendorff.com\/belogue\/wp-content\/uploads\/2017\/08\/20170825-04-300x200.jpg 300w, https:\/\/www.wallendorff.com\/belogue\/wp-content\/uploads\/2017\/08\/20170825-04-820x547.jpg 820w, https:\/\/www.wallendorff.com\/belogue\/wp-content\/uploads\/2017\/08\/20170825-04-200x133.jpg 200w, https:\/\/www.wallendorff.com\/belogue\/wp-content\/uploads\/2017\/08\/20170825-04-600x400.jpg 600w, https:\/\/www.wallendorff.com\/belogue\/wp-content\/uploads\/2017\/08\/20170825-04.jpg 850w\" sizes=\"(max-width: 300px) 100vw, 300px\" \/><\/a>\n\t\t\t<\/div>\n\t\t\t\t<figcaption class='wp-caption-text gallery-caption' id='gallery-1-35565'>\n\t\t\t\tThe Noface @ le Cabaret Vert, Charleville-M\u00e9zi\u00e8res, 24\/08\/2017\n\t\t\t\t<\/figcaption><\/figure><figure class='gallery-item'>\n\t\t\t<div class='gallery-icon landscape'>\n\t\t\t\t<a href='https:\/\/www.wallendorff.com\/belogue\/2017\/08\/25\/le-cabaret-vert-2017-jour-1\/le-cabaret-vert-charleville-mezieres-24082017\/'><img loading=\"lazy\" decoding=\"async\" width=\"300\" height=\"200\" src=\"https:\/\/www.wallendorff.com\/belogue\/wp-content\/uploads\/2017\/08\/20170825-05-300x200.jpg\" class=\"attachment-medium size-medium\" alt=\"\" aria-describedby=\"gallery-1-35566\" srcset=\"https:\/\/www.wallendorff.com\/belogue\/wp-content\/uploads\/2017\/08\/20170825-05-300x200.jpg 300w, https:\/\/www.wallendorff.com\/belogue\/wp-content\/uploads\/2017\/08\/20170825-05-820x547.jpg 820w, https:\/\/www.wallendorff.com\/belogue\/wp-content\/uploads\/2017\/08\/20170825-05-200x133.jpg 200w, https:\/\/www.wallendorff.com\/belogue\/wp-content\/uploads\/2017\/08\/20170825-05-600x400.jpg 600w, https:\/\/www.wallendorff.com\/belogue\/wp-content\/uploads\/2017\/08\/20170825-05.jpg 850w\" sizes=\"(max-width: 300px) 100vw, 300px\" \/><\/a>\n\t\t\t<\/div>\n\t\t\t\t<figcaption class='wp-caption-text gallery-caption' id='gallery-1-35566'>\n\t\t\t\tLe Cabaret Vert, Charleville-M\u00e9zi\u00e8res, 24\/08\/2017\n\t\t\t\t<\/figcaption><\/figure><figure class='gallery-item'>\n\t\t\t<div class='gallery-icon landscape'>\n\t\t\t\t<a href='https:\/\/www.wallendorff.com\/belogue\/2017\/08\/25\/le-cabaret-vert-2017-jour-1\/the-noface-le-cabaret-vert-charleville-mezieres-24082017-5\/'><img loading=\"lazy\" decoding=\"async\" width=\"300\" height=\"200\" src=\"https:\/\/www.wallendorff.com\/belogue\/wp-content\/uploads\/2017\/08\/20170825-06-300x200.jpg\" class=\"attachment-medium size-medium\" alt=\"\" aria-describedby=\"gallery-1-35567\" srcset=\"https:\/\/www.wallendorff.com\/belogue\/wp-content\/uploads\/2017\/08\/20170825-06-300x200.jpg 300w, https:\/\/www.wallendorff.com\/belogue\/wp-content\/uploads\/2017\/08\/20170825-06-820x547.jpg 820w, https:\/\/www.wallendorff.com\/belogue\/wp-content\/uploads\/2017\/08\/20170825-06-200x133.jpg 200w, https:\/\/www.wallendorff.com\/belogue\/wp-content\/uploads\/2017\/08\/20170825-06-600x400.jpg 600w, https:\/\/www.wallendorff.com\/belogue\/wp-content\/uploads\/2017\/08\/20170825-06.jpg 850w\" sizes=\"(max-width: 300px) 100vw, 300px\" \/><\/a>\n\t\t\t<\/div>\n\t\t\t\t<figcaption class='wp-caption-text gallery-caption' id='gallery-1-35567'>\n\t\t\t\tThe Noface @ le Cabaret Vert, Charleville-M\u00e9zi\u00e8res, 24\/08\/2017\n\t\t\t\t<\/figcaption><\/figure><figure class='gallery-item'>\n\t\t\t<div class='gallery-icon landscape'>\n\t\t\t\t<a href='https:\/\/www.wallendorff.com\/belogue\/2017\/08\/25\/le-cabaret-vert-2017-jour-1\/the-noface-le-cabaret-vert-charleville-mezieres-24082017-6\/'><img loading=\"lazy\" decoding=\"async\" width=\"300\" height=\"200\" src=\"https:\/\/www.wallendorff.com\/belogue\/wp-content\/uploads\/2017\/08\/20170825-07-300x200.jpg\" class=\"attachment-medium size-medium\" alt=\"\" aria-describedby=\"gallery-1-35568\" srcset=\"https:\/\/www.wallendorff.com\/belogue\/wp-content\/uploads\/2017\/08\/20170825-07-300x200.jpg 300w, https:\/\/www.wallendorff.com\/belogue\/wp-content\/uploads\/2017\/08\/20170825-07-820x547.jpg 820w, https:\/\/www.wallendorff.com\/belogue\/wp-content\/uploads\/2017\/08\/20170825-07-200x133.jpg 200w, https:\/\/www.wallendorff.com\/belogue\/wp-content\/uploads\/2017\/08\/20170825-07-600x400.jpg 600w, https:\/\/www.wallendorff.com\/belogue\/wp-content\/uploads\/2017\/08\/20170825-07.jpg 850w\" sizes=\"(max-width: 300px) 100vw, 300px\" \/><\/a>\n\t\t\t<\/div>\n\t\t\t\t<figcaption class='wp-caption-text gallery-caption' id='gallery-1-35568'>\n\t\t\t\tThe Noface @ le Cabaret Vert, Charleville-M\u00e9zi\u00e8res, 24\/08\/2017\n\t\t\t\t<\/figcaption><\/figure><figure class='gallery-item'>\n\t\t\t<div class='gallery-icon landscape'>\n\t\t\t\t<a href='https:\/\/www.wallendorff.com\/belogue\/2017\/08\/25\/le-cabaret-vert-2017-jour-1\/the-noface-le-cabaret-vert-charleville-mezieres-24082017-7\/'><img loading=\"lazy\" decoding=\"async\" width=\"300\" height=\"200\" src=\"https:\/\/www.wallendorff.com\/belogue\/wp-content\/uploads\/2017\/08\/20170825-08-300x200.jpg\" class=\"attachment-medium size-medium\" alt=\"\" aria-describedby=\"gallery-1-35569\" srcset=\"https:\/\/www.wallendorff.com\/belogue\/wp-content\/uploads\/2017\/08\/20170825-08-300x200.jpg 300w, https:\/\/www.wallendorff.com\/belogue\/wp-content\/uploads\/2017\/08\/20170825-08-820x547.jpg 820w, https:\/\/www.wallendorff.com\/belogue\/wp-content\/uploads\/2017\/08\/20170825-08-200x133.jpg 200w, https:\/\/www.wallendorff.com\/belogue\/wp-content\/uploads\/2017\/08\/20170825-08-600x400.jpg 600w, https:\/\/www.wallendorff.com\/belogue\/wp-content\/uploads\/2017\/08\/20170825-08.jpg 850w\" sizes=\"(max-width: 300px) 100vw, 300px\" \/><\/a>\n\t\t\t<\/div>\n\t\t\t\t<figcaption class='wp-caption-text gallery-caption' id='gallery-1-35569'>\n\t\t\t\tThe Noface @ le Cabaret Vert, Charleville-M\u00e9zi\u00e8res, 24\/08\/2017\n\t\t\t\t<\/figcaption><\/figure><figure class='gallery-item'>\n\t\t\t<div class='gallery-icon landscape'>\n\t\t\t\t<a href='https:\/\/www.wallendorff.com\/belogue\/2017\/08\/25\/le-cabaret-vert-2017-jour-1\/le-cabaret-vert-charleville-mezieres-24082017-2\/'><img loading=\"lazy\" decoding=\"async\" width=\"300\" height=\"200\" src=\"https:\/\/www.wallendorff.com\/belogue\/wp-content\/uploads\/2017\/08\/20170825-09-300x200.jpg\" class=\"attachment-medium size-medium\" alt=\"\" aria-describedby=\"gallery-1-35570\" srcset=\"https:\/\/www.wallendorff.com\/belogue\/wp-content\/uploads\/2017\/08\/20170825-09-300x200.jpg 300w, https:\/\/www.wallendorff.com\/belogue\/wp-content\/uploads\/2017\/08\/20170825-09-820x547.jpg 820w, https:\/\/www.wallendorff.com\/belogue\/wp-content\/uploads\/2017\/08\/20170825-09-200x133.jpg 200w, https:\/\/www.wallendorff.com\/belogue\/wp-content\/uploads\/2017\/08\/20170825-09-600x400.jpg 600w, https:\/\/www.wallendorff.com\/belogue\/wp-content\/uploads\/2017\/08\/20170825-09.jpg 850w\" sizes=\"(max-width: 300px) 100vw, 300px\" \/><\/a>\n\t\t\t<\/div>\n\t\t\t\t<figcaption class='wp-caption-text gallery-caption' id='gallery-1-35570'>\n\t\t\t\tLe Cabaret Vert, Charleville-M\u00e9zi\u00e8res, 24\/08\/2017\n\t\t\t\t<\/figcaption><\/figure><figure class='gallery-item'>\n\t\t\t<div class='gallery-icon landscape'>\n\t\t\t\t<a href='https:\/\/www.wallendorff.com\/belogue\/2017\/08\/25\/le-cabaret-vert-2017-jour-1\/the-noface-le-cabaret-vert-charleville-mezieres-24082017-8\/'><img loading=\"lazy\" decoding=\"async\" width=\"300\" height=\"200\" src=\"https:\/\/www.wallendorff.com\/belogue\/wp-content\/uploads\/2017\/08\/20170825-10-300x200.jpg\" class=\"attachment-medium size-medium\" alt=\"\" aria-describedby=\"gallery-1-35571\" srcset=\"https:\/\/www.wallendorff.com\/belogue\/wp-content\/uploads\/2017\/08\/20170825-10-300x200.jpg 300w, https:\/\/www.wallendorff.com\/belogue\/wp-content\/uploads\/2017\/08\/20170825-10-820x547.jpg 820w, https:\/\/www.wallendorff.com\/belogue\/wp-content\/uploads\/2017\/08\/20170825-10-200x133.jpg 200w, https:\/\/www.wallendorff.com\/belogue\/wp-content\/uploads\/2017\/08\/20170825-10-600x400.jpg 600w, https:\/\/www.wallendorff.com\/belogue\/wp-content\/uploads\/2017\/08\/20170825-10.jpg 850w\" sizes=\"(max-width: 300px) 100vw, 300px\" \/><\/a>\n\t\t\t<\/div>\n\t\t\t\t<figcaption class='wp-caption-text gallery-caption' id='gallery-1-35571'>\n\t\t\t\tThe Noface @ le Cabaret Vert, Charleville-M\u00e9zi\u00e8res, 24\/08\/2017\n\t\t\t\t<\/figcaption><\/figure><figure class='gallery-item'>\n\t\t\t<div class='gallery-icon landscape'>\n\t\t\t\t<a href='https:\/\/www.wallendorff.com\/belogue\/2017\/08\/25\/le-cabaret-vert-2017-jour-1\/the-noface-le-cabaret-vert-charleville-mezieres-24082017-9\/'><img loading=\"lazy\" decoding=\"async\" width=\"300\" height=\"200\" src=\"https:\/\/www.wallendorff.com\/belogue\/wp-content\/uploads\/2017\/08\/20170825-11-300x200.jpg\" class=\"attachment-medium size-medium\" alt=\"\" aria-describedby=\"gallery-1-35572\" srcset=\"https:\/\/www.wallendorff.com\/belogue\/wp-content\/uploads\/2017\/08\/20170825-11-300x200.jpg 300w, https:\/\/www.wallendorff.com\/belogue\/wp-content\/uploads\/2017\/08\/20170825-11-820x547.jpg 820w, https:\/\/www.wallendorff.com\/belogue\/wp-content\/uploads\/2017\/08\/20170825-11-200x133.jpg 200w, https:\/\/www.wallendorff.com\/belogue\/wp-content\/uploads\/2017\/08\/20170825-11-600x400.jpg 600w, https:\/\/www.wallendorff.com\/belogue\/wp-content\/uploads\/2017\/08\/20170825-11.jpg 850w\" sizes=\"(max-width: 300px) 100vw, 300px\" \/><\/a>\n\t\t\t<\/div>\n\t\t\t\t<figcaption class='wp-caption-text gallery-caption' id='gallery-1-35572'>\n\t\t\t\tThe Noface @ le Cabaret Vert, Charleville-M\u00e9zi\u00e8res, 24\/08\/2017\n\t\t\t\t<\/figcaption><\/figure><figure class='gallery-item'>\n\t\t\t<div class='gallery-icon landscape'>\n\t\t\t\t<a href='https:\/\/www.wallendorff.com\/belogue\/2017\/08\/25\/le-cabaret-vert-2017-jour-1\/the-orwells-le-cabaret-vert-charleville-mezieres-24082017\/'><img loading=\"lazy\" decoding=\"async\" width=\"300\" height=\"200\" src=\"https:\/\/www.wallendorff.com\/belogue\/wp-content\/uploads\/2017\/08\/20170825-12-300x200.jpg\" class=\"attachment-medium size-medium\" alt=\"\" aria-describedby=\"gallery-1-35573\" srcset=\"https:\/\/www.wallendorff.com\/belogue\/wp-content\/uploads\/2017\/08\/20170825-12-300x200.jpg 300w, https:\/\/www.wallendorff.com\/belogue\/wp-content\/uploads\/2017\/08\/20170825-12-820x547.jpg 820w, https:\/\/www.wallendorff.com\/belogue\/wp-content\/uploads\/2017\/08\/20170825-12-200x133.jpg 200w, https:\/\/www.wallendorff.com\/belogue\/wp-content\/uploads\/2017\/08\/20170825-12-600x400.jpg 600w, https:\/\/www.wallendorff.com\/belogue\/wp-content\/uploads\/2017\/08\/20170825-12.jpg 850w\" sizes=\"(max-width: 300px) 100vw, 300px\" \/><\/a>\n\t\t\t<\/div>\n\t\t\t\t<figcaption class='wp-caption-text gallery-caption' id='gallery-1-35573'>\n\t\t\t\tThe Orwells @ le Cabaret Vert, Charleville-M\u00e9zi\u00e8res, 24\/08\/2017\n\t\t\t\t<\/figcaption><\/figure><figure class='gallery-item'>\n\t\t\t<div class='gallery-icon landscape'>\n\t\t\t\t<a href='https:\/\/www.wallendorff.com\/belogue\/2017\/08\/25\/le-cabaret-vert-2017-jour-1\/the-orwells-le-cabaret-vert-charleville-mezieres-24082017-2\/'><img loading=\"lazy\" decoding=\"async\" width=\"300\" height=\"200\" src=\"https:\/\/www.wallendorff.com\/belogue\/wp-content\/uploads\/2017\/08\/20170825-13-300x200.jpg\" class=\"attachment-medium size-medium\" alt=\"\" aria-describedby=\"gallery-1-35574\" srcset=\"https:\/\/www.wallendorff.com\/belogue\/wp-content\/uploads\/2017\/08\/20170825-13-300x200.jpg 300w, https:\/\/www.wallendorff.com\/belogue\/wp-content\/uploads\/2017\/08\/20170825-13-820x547.jpg 820w, https:\/\/www.wallendorff.com\/belogue\/wp-content\/uploads\/2017\/08\/20170825-13-200x133.jpg 200w, https:\/\/www.wallendorff.com\/belogue\/wp-content\/uploads\/2017\/08\/20170825-13-600x400.jpg 600w, https:\/\/www.wallendorff.com\/belogue\/wp-content\/uploads\/2017\/08\/20170825-13.jpg 850w\" sizes=\"(max-width: 300px) 100vw, 300px\" \/><\/a>\n\t\t\t<\/div>\n\t\t\t\t<figcaption class='wp-caption-text gallery-caption' id='gallery-1-35574'>\n\t\t\t\tThe Orwells @ le Cabaret Vert, Charleville-M\u00e9zi\u00e8res, 24\/08\/2017\n\t\t\t\t<\/figcaption><\/figure><figure class='gallery-item'>\n\t\t\t<div class='gallery-icon landscape'>\n\t\t\t\t<a href='https:\/\/www.wallendorff.com\/belogue\/2017\/08\/25\/le-cabaret-vert-2017-jour-1\/the-orwells-le-cabaret-vert-charleville-mezieres-24082017-3\/'><img loading=\"lazy\" decoding=\"async\" width=\"300\" height=\"200\" src=\"https:\/\/www.wallendorff.com\/belogue\/wp-content\/uploads\/2017\/08\/20170825-14-300x200.jpg\" class=\"attachment-medium size-medium\" alt=\"\" aria-describedby=\"gallery-1-35575\" srcset=\"https:\/\/www.wallendorff.com\/belogue\/wp-content\/uploads\/2017\/08\/20170825-14-300x200.jpg 300w, https:\/\/www.wallendorff.com\/belogue\/wp-content\/uploads\/2017\/08\/20170825-14-820x547.jpg 820w, https:\/\/www.wallendorff.com\/belogue\/wp-content\/uploads\/2017\/08\/20170825-14-200x133.jpg 200w, https:\/\/www.wallendorff.com\/belogue\/wp-content\/uploads\/2017\/08\/20170825-14-600x400.jpg 600w, https:\/\/www.wallendorff.com\/belogue\/wp-content\/uploads\/2017\/08\/20170825-14.jpg 850w\" sizes=\"(max-width: 300px) 100vw, 300px\" \/><\/a>\n\t\t\t<\/div>\n\t\t\t\t<figcaption class='wp-caption-text gallery-caption' id='gallery-1-35575'>\n\t\t\t\tThe Orwells @ le Cabaret Vert, Charleville-M\u00e9zi\u00e8res, 24\/08\/2017\n\t\t\t\t<\/figcaption><\/figure><figure class='gallery-item'>\n\t\t\t<div class='gallery-icon landscape'>\n\t\t\t\t<a href='https:\/\/www.wallendorff.com\/belogue\/2017\/08\/25\/le-cabaret-vert-2017-jour-1\/the-orwells-le-cabaret-vert-charleville-mezieres-24082017-4\/'><img loading=\"lazy\" decoding=\"async\" width=\"300\" height=\"200\" src=\"https:\/\/www.wallendorff.com\/belogue\/wp-content\/uploads\/2017\/08\/20170825-15-300x200.jpg\" class=\"attachment-medium size-medium\" alt=\"\" aria-describedby=\"gallery-1-35576\" srcset=\"https:\/\/www.wallendorff.com\/belogue\/wp-content\/uploads\/2017\/08\/20170825-15-300x200.jpg 300w, https:\/\/www.wallendorff.com\/belogue\/wp-content\/uploads\/2017\/08\/20170825-15-820x547.jpg 820w, https:\/\/www.wallendorff.com\/belogue\/wp-content\/uploads\/2017\/08\/20170825-15-200x133.jpg 200w, https:\/\/www.wallendorff.com\/belogue\/wp-content\/uploads\/2017\/08\/20170825-15-600x400.jpg 600w, https:\/\/www.wallendorff.com\/belogue\/wp-content\/uploads\/2017\/08\/20170825-15.jpg 850w\" sizes=\"(max-width: 300px) 100vw, 300px\" \/><\/a>\n\t\t\t<\/div>\n\t\t\t\t<figcaption class='wp-caption-text gallery-caption' id='gallery-1-35576'>\n\t\t\t\tThe Orwells @ le Cabaret Vert, Charleville-M\u00e9zi\u00e8res, 24\/08\/2017\n\t\t\t\t<\/figcaption><\/figure><figure class='gallery-item'>\n\t\t\t<div class='gallery-icon landscape'>\n\t\t\t\t<a href='https:\/\/www.wallendorff.com\/belogue\/2017\/08\/25\/le-cabaret-vert-2017-jour-1\/the-orwells-le-cabaret-vert-charleville-mezieres-24082017-5\/'><img loading=\"lazy\" decoding=\"async\" width=\"300\" height=\"200\" src=\"https:\/\/www.wallendorff.com\/belogue\/wp-content\/uploads\/2017\/08\/20170825-16-300x200.jpg\" class=\"attachment-medium size-medium\" alt=\"\" aria-describedby=\"gallery-1-35577\" srcset=\"https:\/\/www.wallendorff.com\/belogue\/wp-content\/uploads\/2017\/08\/20170825-16-300x200.jpg 300w, https:\/\/www.wallendorff.com\/belogue\/wp-content\/uploads\/2017\/08\/20170825-16-820x547.jpg 820w, https:\/\/www.wallendorff.com\/belogue\/wp-content\/uploads\/2017\/08\/20170825-16-200x133.jpg 200w, https:\/\/www.wallendorff.com\/belogue\/wp-content\/uploads\/2017\/08\/20170825-16-600x400.jpg 600w, https:\/\/www.wallendorff.com\/belogue\/wp-content\/uploads\/2017\/08\/20170825-16.jpg 850w\" sizes=\"(max-width: 300px) 100vw, 300px\" \/><\/a>\n\t\t\t<\/div>\n\t\t\t\t<figcaption class='wp-caption-text gallery-caption' id='gallery-1-35577'>\n\t\t\t\tThe Orwells @ le Cabaret Vert, Charleville-M\u00e9zi\u00e8res, 24\/08\/2017\n\t\t\t\t<\/figcaption><\/figure><figure class='gallery-item'>\n\t\t\t<div class='gallery-icon landscape'>\n\t\t\t\t<a href='https:\/\/www.wallendorff.com\/belogue\/2017\/08\/25\/le-cabaret-vert-2017-jour-1\/le-cabaret-vert-charleville-mezieres-24082017-3\/'><img loading=\"lazy\" decoding=\"async\" width=\"300\" height=\"200\" src=\"https:\/\/www.wallendorff.com\/belogue\/wp-content\/uploads\/2017\/08\/20170825-17-300x200.jpg\" class=\"attachment-medium size-medium\" alt=\"\" aria-describedby=\"gallery-1-35578\" srcset=\"https:\/\/www.wallendorff.com\/belogue\/wp-content\/uploads\/2017\/08\/20170825-17-300x200.jpg 300w, https:\/\/www.wallendorff.com\/belogue\/wp-content\/uploads\/2017\/08\/20170825-17-820x547.jpg 820w, https:\/\/www.wallendorff.com\/belogue\/wp-content\/uploads\/2017\/08\/20170825-17-200x133.jpg 200w, https:\/\/www.wallendorff.com\/belogue\/wp-content\/uploads\/2017\/08\/20170825-17-600x400.jpg 600w, https:\/\/www.wallendorff.com\/belogue\/wp-content\/uploads\/2017\/08\/20170825-17.jpg 850w\" sizes=\"(max-width: 300px) 100vw, 300px\" \/><\/a>\n\t\t\t<\/div>\n\t\t\t\t<figcaption class='wp-caption-text gallery-caption' id='gallery-1-35578'>\n\t\t\t\tLe Cabaret Vert, Charleville-M\u00e9zi\u00e8res, 24\/08\/2017\n\t\t\t\t<\/figcaption><\/figure><figure class='gallery-item'>\n\t\t\t<div class='gallery-icon portrait'>\n\t\t\t\t<a href='https:\/\/www.wallendorff.com\/belogue\/2017\/08\/25\/le-cabaret-vert-2017-jour-1\/the-orwells-le-cabaret-vert-charleville-mezieres-24082017-6\/'><img loading=\"lazy\" decoding=\"async\" width=\"200\" height=\"300\" src=\"https:\/\/www.wallendorff.com\/belogue\/wp-content\/uploads\/2017\/08\/20170825-18-200x300.jpg\" class=\"attachment-medium size-medium\" alt=\"\" aria-describedby=\"gallery-1-35579\" srcset=\"https:\/\/www.wallendorff.com\/belogue\/wp-content\/uploads\/2017\/08\/20170825-18-200x300.jpg 200w, https:\/\/www.wallendorff.com\/belogue\/wp-content\/uploads\/2017\/08\/20170825-18-133x200.jpg 133w, https:\/\/www.wallendorff.com\/belogue\/wp-content\/uploads\/2017\/08\/20170825-18.jpg 567w\" sizes=\"(max-width: 200px) 100vw, 200px\" \/><\/a>\n\t\t\t<\/div>\n\t\t\t\t<figcaption class='wp-caption-text gallery-caption' id='gallery-1-35579'>\n\t\t\t\tThe Orwells @ le Cabaret Vert, Charleville-M\u00e9zi\u00e8res, 24\/08\/2017\n\t\t\t\t<\/figcaption><\/figure><figure class='gallery-item'>\n\t\t\t<div class='gallery-icon landscape'>\n\t\t\t\t<a href='https:\/\/www.wallendorff.com\/belogue\/2017\/08\/25\/le-cabaret-vert-2017-jour-1\/the-orwells-le-cabaret-vert-charleville-mezieres-24082017-7\/'><img loading=\"lazy\" decoding=\"async\" width=\"300\" height=\"200\" src=\"https:\/\/www.wallendorff.com\/belogue\/wp-content\/uploads\/2017\/08\/20170825-19-300x200.jpg\" class=\"attachment-medium size-medium\" alt=\"\" aria-describedby=\"gallery-1-35580\" srcset=\"https:\/\/www.wallendorff.com\/belogue\/wp-content\/uploads\/2017\/08\/20170825-19-300x200.jpg 300w, https:\/\/www.wallendorff.com\/belogue\/wp-content\/uploads\/2017\/08\/20170825-19-820x547.jpg 820w, https:\/\/www.wallendorff.com\/belogue\/wp-content\/uploads\/2017\/08\/20170825-19-200x133.jpg 200w, https:\/\/www.wallendorff.com\/belogue\/wp-content\/uploads\/2017\/08\/20170825-19-600x400.jpg 600w, https:\/\/www.wallendorff.com\/belogue\/wp-content\/uploads\/2017\/08\/20170825-19.jpg 850w\" sizes=\"(max-width: 300px) 100vw, 300px\" \/><\/a>\n\t\t\t<\/div>\n\t\t\t\t<figcaption class='wp-caption-text gallery-caption' id='gallery-1-35580'>\n\t\t\t\tThe Orwells @ le Cabaret Vert, Charleville-M\u00e9zi\u00e8res, 24\/08\/2017\n\t\t\t\t<\/figcaption><\/figure><figure class='gallery-item'>\n\t\t\t<div class='gallery-icon landscape'>\n\t\t\t\t<a href='https:\/\/www.wallendorff.com\/belogue\/2017\/08\/25\/le-cabaret-vert-2017-jour-1\/le-cabaret-vert-charleville-mezieres-24082017-4\/'><img loading=\"lazy\" decoding=\"async\" width=\"300\" height=\"200\" src=\"https:\/\/www.wallendorff.com\/belogue\/wp-content\/uploads\/2017\/08\/20170825-20-300x200.jpg\" class=\"attachment-medium size-medium\" alt=\"\" aria-describedby=\"gallery-1-35581\" srcset=\"https:\/\/www.wallendorff.com\/belogue\/wp-content\/uploads\/2017\/08\/20170825-20-300x200.jpg 300w, https:\/\/www.wallendorff.com\/belogue\/wp-content\/uploads\/2017\/08\/20170825-20-820x547.jpg 820w, https:\/\/www.wallendorff.com\/belogue\/wp-content\/uploads\/2017\/08\/20170825-20-200x133.jpg 200w, https:\/\/www.wallendorff.com\/belogue\/wp-content\/uploads\/2017\/08\/20170825-20-600x400.jpg 600w, https:\/\/www.wallendorff.com\/belogue\/wp-content\/uploads\/2017\/08\/20170825-20.jpg 850w\" sizes=\"(max-width: 300px) 100vw, 300px\" \/><\/a>\n\t\t\t<\/div>\n\t\t\t\t<figcaption class='wp-caption-text gallery-caption' id='gallery-1-35581'>\n\t\t\t\tLe Cabaret Vert, Charleville-M\u00e9zi\u00e8res, 24\/08\/2017\n\t\t\t\t<\/figcaption><\/figure><figure class='gallery-item'>\n\t\t\t<div class='gallery-icon landscape'>\n\t\t\t\t<a href='https:\/\/www.wallendorff.com\/belogue\/2017\/08\/25\/le-cabaret-vert-2017-jour-1\/the-orwells-le-cabaret-vert-charleville-mezieres-24082017-8\/'><img loading=\"lazy\" decoding=\"async\" width=\"300\" height=\"200\" src=\"https:\/\/www.wallendorff.com\/belogue\/wp-content\/uploads\/2017\/08\/20170825-21-300x200.jpg\" class=\"attachment-medium size-medium\" alt=\"\" aria-describedby=\"gallery-1-35582\" srcset=\"https:\/\/www.wallendorff.com\/belogue\/wp-content\/uploads\/2017\/08\/20170825-21-300x200.jpg 300w, https:\/\/www.wallendorff.com\/belogue\/wp-content\/uploads\/2017\/08\/20170825-21-820x547.jpg 820w, https:\/\/www.wallendorff.com\/belogue\/wp-content\/uploads\/2017\/08\/20170825-21-200x133.jpg 200w, https:\/\/www.wallendorff.com\/belogue\/wp-content\/uploads\/2017\/08\/20170825-21-600x400.jpg 600w, https:\/\/www.wallendorff.com\/belogue\/wp-content\/uploads\/2017\/08\/20170825-21.jpg 850w\" sizes=\"(max-width: 300px) 100vw, 300px\" \/><\/a>\n\t\t\t<\/div>\n\t\t\t\t<figcaption class='wp-caption-text gallery-caption' id='gallery-1-35582'>\n\t\t\t\tThe Orwells @ le Cabaret Vert, Charleville-M\u00e9zi\u00e8res, 24\/08\/2017\n\t\t\t\t<\/figcaption><\/figure><figure class='gallery-item'>\n\t\t\t<div class='gallery-icon landscape'>\n\t\t\t\t<a href='https:\/\/www.wallendorff.com\/belogue\/2017\/08\/25\/le-cabaret-vert-2017-jour-1\/the-orwells-le-cabaret-vert-charleville-mezieres-24082017-9\/'><img loading=\"lazy\" decoding=\"async\" width=\"300\" height=\"200\" src=\"https:\/\/www.wallendorff.com\/belogue\/wp-content\/uploads\/2017\/08\/20170825-22-300x200.jpg\" class=\"attachment-medium size-medium\" alt=\"\" aria-describedby=\"gallery-1-35583\" srcset=\"https:\/\/www.wallendorff.com\/belogue\/wp-content\/uploads\/2017\/08\/20170825-22-300x200.jpg 300w, https:\/\/www.wallendorff.com\/belogue\/wp-content\/uploads\/2017\/08\/20170825-22-820x547.jpg 820w, https:\/\/www.wallendorff.com\/belogue\/wp-content\/uploads\/2017\/08\/20170825-22-200x133.jpg 200w, https:\/\/www.wallendorff.com\/belogue\/wp-content\/uploads\/2017\/08\/20170825-22-600x400.jpg 600w, https:\/\/www.wallendorff.com\/belogue\/wp-content\/uploads\/2017\/08\/20170825-22.jpg 850w\" sizes=\"(max-width: 300px) 100vw, 300px\" \/><\/a>\n\t\t\t<\/div>\n\t\t\t\t<figcaption class='wp-caption-text gallery-caption' id='gallery-1-35583'>\n\t\t\t\tThe Orwells @ le Cabaret Vert, Charleville-M\u00e9zi\u00e8res, 24\/08\/2017\n\t\t\t\t<\/figcaption><\/figure><figure class='gallery-item'>\n\t\t\t<div class='gallery-icon landscape'>\n\t\t\t\t<a href='https:\/\/www.wallendorff.com\/belogue\/2017\/08\/25\/le-cabaret-vert-2017-jour-1\/le-cabaret-vert-charleville-mezieres-24082017-5\/'><img loading=\"lazy\" decoding=\"async\" width=\"300\" height=\"200\" src=\"https:\/\/www.wallendorff.com\/belogue\/wp-content\/uploads\/2017\/08\/20170825-23-300x200.jpg\" class=\"attachment-medium size-medium\" alt=\"\" aria-describedby=\"gallery-1-35584\" srcset=\"https:\/\/www.wallendorff.com\/belogue\/wp-content\/uploads\/2017\/08\/20170825-23-300x200.jpg 300w, https:\/\/www.wallendorff.com\/belogue\/wp-content\/uploads\/2017\/08\/20170825-23-820x547.jpg 820w, https:\/\/www.wallendorff.com\/belogue\/wp-content\/uploads\/2017\/08\/20170825-23-200x133.jpg 200w, https:\/\/www.wallendorff.com\/belogue\/wp-content\/uploads\/2017\/08\/20170825-23-600x400.jpg 600w, https:\/\/www.wallendorff.com\/belogue\/wp-content\/uploads\/2017\/08\/20170825-23.jpg 850w\" sizes=\"(max-width: 300px) 100vw, 300px\" \/><\/a>\n\t\t\t<\/div>\n\t\t\t\t<figcaption class='wp-caption-text gallery-caption' id='gallery-1-35584'>\n\t\t\t\tLe Cabaret Vert, Charleville-M\u00e9zi\u00e8res, 24\/08\/2017\n\t\t\t\t<\/figcaption><\/figure><figure class='gallery-item'>\n\t\t\t<div class='gallery-icon landscape'>\n\t\t\t\t<a href='https:\/\/www.wallendorff.com\/belogue\/2017\/08\/25\/le-cabaret-vert-2017-jour-1\/the-orwells-le-cabaret-vert-charleville-mezieres-24082017-10\/'><img loading=\"lazy\" decoding=\"async\" width=\"300\" height=\"200\" src=\"https:\/\/www.wallendorff.com\/belogue\/wp-content\/uploads\/2017\/08\/20170825-24-300x200.jpg\" class=\"attachment-medium size-medium\" alt=\"\" aria-describedby=\"gallery-1-35585\" srcset=\"https:\/\/www.wallendorff.com\/belogue\/wp-content\/uploads\/2017\/08\/20170825-24-300x200.jpg 300w, https:\/\/www.wallendorff.com\/belogue\/wp-content\/uploads\/2017\/08\/20170825-24-820x547.jpg 820w, https:\/\/www.wallendorff.com\/belogue\/wp-content\/uploads\/2017\/08\/20170825-24-200x133.jpg 200w, https:\/\/www.wallendorff.com\/belogue\/wp-content\/uploads\/2017\/08\/20170825-24-600x400.jpg 600w, https:\/\/www.wallendorff.com\/belogue\/wp-content\/uploads\/2017\/08\/20170825-24.jpg 850w\" sizes=\"(max-width: 300px) 100vw, 300px\" \/><\/a>\n\t\t\t<\/div>\n\t\t\t\t<figcaption class='wp-caption-text gallery-caption' id='gallery-1-35585'>\n\t\t\t\tThe Orwells @ le Cabaret Vert, Charleville-M\u00e9zi\u00e8res, 24\/08\/2017\n\t\t\t\t<\/figcaption><\/figure><figure class='gallery-item'>\n\t\t\t<div class='gallery-icon landscape'>\n\t\t\t\t<a href='https:\/\/www.wallendorff.com\/belogue\/2017\/08\/25\/le-cabaret-vert-2017-jour-1\/le-cabaret-vert-charleville-mezieres-24082017-6\/'><img loading=\"lazy\" decoding=\"async\" width=\"300\" height=\"200\" src=\"https:\/\/www.wallendorff.com\/belogue\/wp-content\/uploads\/2017\/08\/20170825-25-300x200.jpg\" class=\"attachment-medium size-medium\" alt=\"\" aria-describedby=\"gallery-1-35586\" srcset=\"https:\/\/www.wallendorff.com\/belogue\/wp-content\/uploads\/2017\/08\/20170825-25-300x200.jpg 300w, https:\/\/www.wallendorff.com\/belogue\/wp-content\/uploads\/2017\/08\/20170825-25-820x547.jpg 820w, https:\/\/www.wallendorff.com\/belogue\/wp-content\/uploads\/2017\/08\/20170825-25-200x133.jpg 200w, https:\/\/www.wallendorff.com\/belogue\/wp-content\/uploads\/2017\/08\/20170825-25-600x400.jpg 600w, https:\/\/www.wallendorff.com\/belogue\/wp-content\/uploads\/2017\/08\/20170825-25.jpg 850w\" sizes=\"(max-width: 300px) 100vw, 300px\" \/><\/a>\n\t\t\t<\/div>\n\t\t\t\t<figcaption class='wp-caption-text gallery-caption' id='gallery-1-35586'>\n\t\t\t\tLe Cabaret Vert, Charleville-M\u00e9zi\u00e8res, 24\/08\/2017\n\t\t\t\t<\/figcaption><\/figure><figure class='gallery-item'>\n\t\t\t<div class='gallery-icon landscape'>\n\t\t\t\t<a href='https:\/\/www.wallendorff.com\/belogue\/2017\/08\/25\/le-cabaret-vert-2017-jour-1\/london-grammar-le-cabaret-vert-charleville-mezieres-24082017\/'><img loading=\"lazy\" decoding=\"async\" width=\"300\" height=\"200\" src=\"https:\/\/www.wallendorff.com\/belogue\/wp-content\/uploads\/2017\/08\/20170825-26-300x200.jpg\" class=\"attachment-medium size-medium\" alt=\"\" aria-describedby=\"gallery-1-35587\" srcset=\"https:\/\/www.wallendorff.com\/belogue\/wp-content\/uploads\/2017\/08\/20170825-26-300x200.jpg 300w, https:\/\/www.wallendorff.com\/belogue\/wp-content\/uploads\/2017\/08\/20170825-26-820x547.jpg 820w, https:\/\/www.wallendorff.com\/belogue\/wp-content\/uploads\/2017\/08\/20170825-26-200x133.jpg 200w, https:\/\/www.wallendorff.com\/belogue\/wp-content\/uploads\/2017\/08\/20170825-26-600x400.jpg 600w, https:\/\/www.wallendorff.com\/belogue\/wp-content\/uploads\/2017\/08\/20170825-26.jpg 850w\" sizes=\"(max-width: 300px) 100vw, 300px\" \/><\/a>\n\t\t\t<\/div>\n\t\t\t\t<figcaption class='wp-caption-text gallery-caption' id='gallery-1-35587'>\n\t\t\t\tLondon Grammar @ le Cabaret Vert, Charleville-M\u00e9zi\u00e8res, 24\/08\/2017\n\t\t\t\t<\/figcaption><\/figure><figure class='gallery-item'>\n\t\t\t<div class='gallery-icon landscape'>\n\t\t\t\t<a href='https:\/\/www.wallendorff.com\/belogue\/2017\/08\/25\/le-cabaret-vert-2017-jour-1\/le-cabaret-vert-charleville-mezieres-24082017-7\/'><img loading=\"lazy\" decoding=\"async\" width=\"300\" height=\"200\" src=\"https:\/\/www.wallendorff.com\/belogue\/wp-content\/uploads\/2017\/08\/20170825-27-300x200.jpg\" class=\"attachment-medium size-medium\" alt=\"\" aria-describedby=\"gallery-1-35588\" srcset=\"https:\/\/www.wallendorff.com\/belogue\/wp-content\/uploads\/2017\/08\/20170825-27-300x200.jpg 300w, https:\/\/www.wallendorff.com\/belogue\/wp-content\/uploads\/2017\/08\/20170825-27-820x547.jpg 820w, https:\/\/www.wallendorff.com\/belogue\/wp-content\/uploads\/2017\/08\/20170825-27-200x133.jpg 200w, https:\/\/www.wallendorff.com\/belogue\/wp-content\/uploads\/2017\/08\/20170825-27-600x400.jpg 600w, https:\/\/www.wallendorff.com\/belogue\/wp-content\/uploads\/2017\/08\/20170825-27.jpg 850w\" sizes=\"(max-width: 300px) 100vw, 300px\" \/><\/a>\n\t\t\t<\/div>\n\t\t\t\t<figcaption class='wp-caption-text gallery-caption' id='gallery-1-35588'>\n\t\t\t\tLe Cabaret Vert, Charleville-M\u00e9zi\u00e8res, 24\/08\/2017\n\t\t\t\t<\/figcaption><\/figure><figure class='gallery-item'>\n\t\t\t<div class='gallery-icon landscape'>\n\t\t\t\t<a href='https:\/\/www.wallendorff.com\/belogue\/2017\/08\/25\/le-cabaret-vert-2017-jour-1\/london-grammar-le-cabaret-vert-charleville-mezieres-24082017-2\/'><img loading=\"lazy\" decoding=\"async\" width=\"300\" height=\"200\" src=\"https:\/\/www.wallendorff.com\/belogue\/wp-content\/uploads\/2017\/08\/20170825-28-300x200.jpg\" class=\"attachment-medium size-medium\" alt=\"\" aria-describedby=\"gallery-1-35589\" srcset=\"https:\/\/www.wallendorff.com\/belogue\/wp-content\/uploads\/2017\/08\/20170825-28-300x200.jpg 300w, https:\/\/www.wallendorff.com\/belogue\/wp-content\/uploads\/2017\/08\/20170825-28-820x547.jpg 820w, https:\/\/www.wallendorff.com\/belogue\/wp-content\/uploads\/2017\/08\/20170825-28-200x133.jpg 200w, https:\/\/www.wallendorff.com\/belogue\/wp-content\/uploads\/2017\/08\/20170825-28-600x400.jpg 600w, https:\/\/www.wallendorff.com\/belogue\/wp-content\/uploads\/2017\/08\/20170825-28.jpg 850w\" sizes=\"(max-width: 300px) 100vw, 300px\" \/><\/a>\n\t\t\t<\/div>\n\t\t\t\t<figcaption class='wp-caption-text gallery-caption' id='gallery-1-35589'>\n\t\t\t\tLondon Grammar @ le Cabaret Vert, Charleville-M\u00e9zi\u00e8res, 24\/08\/2017\n\t\t\t\t<\/figcaption><\/figure><figure class='gallery-item'>\n\t\t\t<div class='gallery-icon landscape'>\n\t\t\t\t<a href='https:\/\/www.wallendorff.com\/belogue\/2017\/08\/25\/le-cabaret-vert-2017-jour-1\/london-grammar-le-cabaret-vert-charleville-mezieres-24082017-3\/'><img loading=\"lazy\" decoding=\"async\" width=\"300\" height=\"200\" src=\"https:\/\/www.wallendorff.com\/belogue\/wp-content\/uploads\/2017\/08\/20170825-29-300x200.jpg\" class=\"attachment-medium size-medium\" alt=\"\" aria-describedby=\"gallery-1-35590\" srcset=\"https:\/\/www.wallendorff.com\/belogue\/wp-content\/uploads\/2017\/08\/20170825-29-300x200.jpg 300w, https:\/\/www.wallendorff.com\/belogue\/wp-content\/uploads\/2017\/08\/20170825-29-820x547.jpg 820w, https:\/\/www.wallendorff.com\/belogue\/wp-content\/uploads\/2017\/08\/20170825-29-200x133.jpg 200w, https:\/\/www.wallendorff.com\/belogue\/wp-content\/uploads\/2017\/08\/20170825-29-600x400.jpg 600w, https:\/\/www.wallendorff.com\/belogue\/wp-content\/uploads\/2017\/08\/20170825-29.jpg 850w\" sizes=\"(max-width: 300px) 100vw, 300px\" \/><\/a>\n\t\t\t<\/div>\n\t\t\t\t<figcaption class='wp-caption-text gallery-caption' id='gallery-1-35590'>\n\t\t\t\tLondon Grammar @ le Cabaret Vert, Charleville-M\u00e9zi\u00e8res, 24\/08\/2017\n\t\t\t\t<\/figcaption><\/figure><figure class='gallery-item'>\n\t\t\t<div class='gallery-icon landscape'>\n\t\t\t\t<a href='https:\/\/www.wallendorff.com\/belogue\/2017\/08\/25\/le-cabaret-vert-2017-jour-1\/london-grammar-le-cabaret-vert-charleville-mezieres-24082017-4\/'><img loading=\"lazy\" decoding=\"async\" width=\"300\" height=\"200\" src=\"https:\/\/www.wallendorff.com\/belogue\/wp-content\/uploads\/2017\/08\/20170825-30-300x200.jpg\" class=\"attachment-medium size-medium\" alt=\"\" aria-describedby=\"gallery-1-35591\" srcset=\"https:\/\/www.wallendorff.com\/belogue\/wp-content\/uploads\/2017\/08\/20170825-30-300x200.jpg 300w, https:\/\/www.wallendorff.com\/belogue\/wp-content\/uploads\/2017\/08\/20170825-30-820x547.jpg 820w, https:\/\/www.wallendorff.com\/belogue\/wp-content\/uploads\/2017\/08\/20170825-30-200x133.jpg 200w, https:\/\/www.wallendorff.com\/belogue\/wp-content\/uploads\/2017\/08\/20170825-30-600x400.jpg 600w, https:\/\/www.wallendorff.com\/belogue\/wp-content\/uploads\/2017\/08\/20170825-30.jpg 850w\" sizes=\"(max-width: 300px) 100vw, 300px\" \/><\/a>\n\t\t\t<\/div>\n\t\t\t\t<figcaption class='wp-caption-text gallery-caption' id='gallery-1-35591'>\n\t\t\t\tLondon Grammar @ le Cabaret Vert, Charleville-M\u00e9zi\u00e8res, 24\/08\/2017\n\t\t\t\t<\/figcaption><\/figure><figure class='gallery-item'>\n\t\t\t<div class='gallery-icon landscape'>\n\t\t\t\t<a href='https:\/\/www.wallendorff.com\/belogue\/2017\/08\/25\/le-cabaret-vert-2017-jour-1\/london-grammar-le-cabaret-vert-charleville-mezieres-24082017-5\/'><img loading=\"lazy\" decoding=\"async\" width=\"300\" height=\"200\" src=\"https:\/\/www.wallendorff.com\/belogue\/wp-content\/uploads\/2017\/08\/20170825-31-300x200.jpg\" class=\"attachment-medium size-medium\" alt=\"\" aria-describedby=\"gallery-1-35592\" srcset=\"https:\/\/www.wallendorff.com\/belogue\/wp-content\/uploads\/2017\/08\/20170825-31-300x200.jpg 300w, https:\/\/www.wallendorff.com\/belogue\/wp-content\/uploads\/2017\/08\/20170825-31-820x547.jpg 820w, https:\/\/www.wallendorff.com\/belogue\/wp-content\/uploads\/2017\/08\/20170825-31-200x133.jpg 200w, https:\/\/www.wallendorff.com\/belogue\/wp-content\/uploads\/2017\/08\/20170825-31-600x400.jpg 600w, https:\/\/www.wallendorff.com\/belogue\/wp-content\/uploads\/2017\/08\/20170825-31.jpg 850w\" sizes=\"(max-width: 300px) 100vw, 300px\" \/><\/a>\n\t\t\t<\/div>\n\t\t\t\t<figcaption class='wp-caption-text gallery-caption' id='gallery-1-35592'>\n\t\t\t\tLondon Grammar @ le Cabaret Vert, Charleville-M\u00e9zi\u00e8res, 24\/08\/2017\n\t\t\t\t<\/figcaption><\/figure><figure class='gallery-item'>\n\t\t\t<div class='gallery-icon landscape'>\n\t\t\t\t<a href='https:\/\/www.wallendorff.com\/belogue\/2017\/08\/25\/le-cabaret-vert-2017-jour-1\/le-cabaret-vert-charleville-mezieres-24082017-8\/'><img loading=\"lazy\" decoding=\"async\" width=\"300\" height=\"200\" src=\"https:\/\/www.wallendorff.com\/belogue\/wp-content\/uploads\/2017\/08\/20170825-32-300x200.jpg\" class=\"attachment-medium size-medium\" alt=\"\" aria-describedby=\"gallery-1-35593\" srcset=\"https:\/\/www.wallendorff.com\/belogue\/wp-content\/uploads\/2017\/08\/20170825-32-300x200.jpg 300w, https:\/\/www.wallendorff.com\/belogue\/wp-content\/uploads\/2017\/08\/20170825-32-820x547.jpg 820w, https:\/\/www.wallendorff.com\/belogue\/wp-content\/uploads\/2017\/08\/20170825-32-200x133.jpg 200w, https:\/\/www.wallendorff.com\/belogue\/wp-content\/uploads\/2017\/08\/20170825-32-600x400.jpg 600w, https:\/\/www.wallendorff.com\/belogue\/wp-content\/uploads\/2017\/08\/20170825-32.jpg 850w\" sizes=\"(max-width: 300px) 100vw, 300px\" \/><\/a>\n\t\t\t<\/div>\n\t\t\t\t<figcaption class='wp-caption-text gallery-caption' id='gallery-1-35593'>\n\t\t\t\tLe Cabaret Vert, Charleville-M\u00e9zi\u00e8res, 24\/08\/2017\n\t\t\t\t<\/figcaption><\/figure><figure class='gallery-item'>\n\t\t\t<div class='gallery-icon landscape'>\n\t\t\t\t<a href='https:\/\/www.wallendorff.com\/belogue\/2017\/08\/25\/le-cabaret-vert-2017-jour-1\/london-grammar-le-cabaret-vert-charleville-mezieres-24082017-6\/'><img loading=\"lazy\" decoding=\"async\" width=\"300\" height=\"200\" src=\"https:\/\/www.wallendorff.com\/belogue\/wp-content\/uploads\/2017\/08\/20170825-33-300x200.jpg\" class=\"attachment-medium size-medium\" alt=\"\" aria-describedby=\"gallery-1-35594\" srcset=\"https:\/\/www.wallendorff.com\/belogue\/wp-content\/uploads\/2017\/08\/20170825-33-300x200.jpg 300w, https:\/\/www.wallendorff.com\/belogue\/wp-content\/uploads\/2017\/08\/20170825-33-820x547.jpg 820w, https:\/\/www.wallendorff.com\/belogue\/wp-content\/uploads\/2017\/08\/20170825-33-200x133.jpg 200w, https:\/\/www.wallendorff.com\/belogue\/wp-content\/uploads\/2017\/08\/20170825-33-600x400.jpg 600w, https:\/\/www.wallendorff.com\/belogue\/wp-content\/uploads\/2017\/08\/20170825-33.jpg 850w\" sizes=\"(max-width: 300px) 100vw, 300px\" \/><\/a>\n\t\t\t<\/div>\n\t\t\t\t<figcaption class='wp-caption-text gallery-caption' id='gallery-1-35594'>\n\t\t\t\tLondon Grammar @ le Cabaret Vert, Charleville-M\u00e9zi\u00e8res, 24\/08\/2017\n\t\t\t\t<\/figcaption><\/figure><figure class='gallery-item'>\n\t\t\t<div class='gallery-icon landscape'>\n\t\t\t\t<a href='https:\/\/www.wallendorff.com\/belogue\/2017\/08\/25\/le-cabaret-vert-2017-jour-1\/le-cabaret-vert-charleville-mezieres-24082017-9\/'><img loading=\"lazy\" decoding=\"async\" width=\"300\" height=\"200\" src=\"https:\/\/www.wallendorff.com\/belogue\/wp-content\/uploads\/2017\/08\/20170825-34-300x200.jpg\" class=\"attachment-medium size-medium\" alt=\"\" aria-describedby=\"gallery-1-35595\" srcset=\"https:\/\/www.wallendorff.com\/belogue\/wp-content\/uploads\/2017\/08\/20170825-34-300x200.jpg 300w, https:\/\/www.wallendorff.com\/belogue\/wp-content\/uploads\/2017\/08\/20170825-34-820x547.jpg 820w, https:\/\/www.wallendorff.com\/belogue\/wp-content\/uploads\/2017\/08\/20170825-34-200x133.jpg 200w, https:\/\/www.wallendorff.com\/belogue\/wp-content\/uploads\/2017\/08\/20170825-34-600x400.jpg 600w, https:\/\/www.wallendorff.com\/belogue\/wp-content\/uploads\/2017\/08\/20170825-34.jpg 850w\" sizes=\"(max-width: 300px) 100vw, 300px\" \/><\/a>\n\t\t\t<\/div>\n\t\t\t\t<figcaption class='wp-caption-text gallery-caption' id='gallery-1-35595'>\n\t\t\t\tLe Cabaret Vert, Charleville-M\u00e9zi\u00e8res, 24\/08\/2017\n\t\t\t\t<\/figcaption><\/figure><figure class='gallery-item'>\n\t\t\t<div class='gallery-icon landscape'>\n\t\t\t\t<a href='https:\/\/www.wallendorff.com\/belogue\/2017\/08\/25\/le-cabaret-vert-2017-jour-1\/london-grammar-le-cabaret-vert-charleville-mezieres-24082017-7\/'><img loading=\"lazy\" decoding=\"async\" width=\"300\" height=\"200\" src=\"https:\/\/www.wallendorff.com\/belogue\/wp-content\/uploads\/2017\/08\/20170825-35-300x200.jpg\" class=\"attachment-medium size-medium\" alt=\"\" aria-describedby=\"gallery-1-35596\" srcset=\"https:\/\/www.wallendorff.com\/belogue\/wp-content\/uploads\/2017\/08\/20170825-35-300x200.jpg 300w, https:\/\/www.wallendorff.com\/belogue\/wp-content\/uploads\/2017\/08\/20170825-35-820x547.jpg 820w, https:\/\/www.wallendorff.com\/belogue\/wp-content\/uploads\/2017\/08\/20170825-35-200x133.jpg 200w, https:\/\/www.wallendorff.com\/belogue\/wp-content\/uploads\/2017\/08\/20170825-35-600x400.jpg 600w, https:\/\/www.wallendorff.com\/belogue\/wp-content\/uploads\/2017\/08\/20170825-35.jpg 850w\" sizes=\"(max-width: 300px) 100vw, 300px\" \/><\/a>\n\t\t\t<\/div>\n\t\t\t\t<figcaption class='wp-caption-text gallery-caption' id='gallery-1-35596'>\n\t\t\t\tLondon Grammar @ le Cabaret Vert, Charleville-M\u00e9zi\u00e8res, 24\/08\/2017\n\t\t\t\t<\/figcaption><\/figure><figure class='gallery-item'>\n\t\t\t<div class='gallery-icon landscape'>\n\t\t\t\t<a href='https:\/\/www.wallendorff.com\/belogue\/2017\/08\/25\/le-cabaret-vert-2017-jour-1\/le-cabaret-vert-charleville-mezieres-24082017-10\/'><img loading=\"lazy\" decoding=\"async\" width=\"300\" height=\"200\" src=\"https:\/\/www.wallendorff.com\/belogue\/wp-content\/uploads\/2017\/08\/20170825-36-300x200.jpg\" class=\"attachment-medium size-medium\" alt=\"\" aria-describedby=\"gallery-1-35597\" srcset=\"https:\/\/www.wallendorff.com\/belogue\/wp-content\/uploads\/2017\/08\/20170825-36-300x200.jpg 300w, https:\/\/www.wallendorff.com\/belogue\/wp-content\/uploads\/2017\/08\/20170825-36-820x547.jpg 820w, https:\/\/www.wallendorff.com\/belogue\/wp-content\/uploads\/2017\/08\/20170825-36-200x133.jpg 200w, https:\/\/www.wallendorff.com\/belogue\/wp-content\/uploads\/2017\/08\/20170825-36-600x400.jpg 600w, https:\/\/www.wallendorff.com\/belogue\/wp-content\/uploads\/2017\/08\/20170825-36.jpg 850w\" sizes=\"(max-width: 300px) 100vw, 300px\" \/><\/a>\n\t\t\t<\/div>\n\t\t\t\t<figcaption class='wp-caption-text gallery-caption' id='gallery-1-35597'>\n\t\t\t\tLe Cabaret Vert, Charleville-M\u00e9zi\u00e8res, 24\/08\/2017\n\t\t\t\t<\/figcaption><\/figure><figure class='gallery-item'>\n\t\t\t<div class='gallery-icon landscape'>\n\t\t\t\t<a href='https:\/\/www.wallendorff.com\/belogue\/2017\/08\/25\/le-cabaret-vert-2017-jour-1\/le-cabaret-vert-charleville-mezieres-24082017-11\/'><img loading=\"lazy\" decoding=\"async\" width=\"300\" height=\"200\" src=\"https:\/\/www.wallendorff.com\/belogue\/wp-content\/uploads\/2017\/08\/20170825-37-300x200.jpg\" class=\"attachment-medium size-medium\" alt=\"\" aria-describedby=\"gallery-1-35598\" srcset=\"https:\/\/www.wallendorff.com\/belogue\/wp-content\/uploads\/2017\/08\/20170825-37-300x200.jpg 300w, https:\/\/www.wallendorff.com\/belogue\/wp-content\/uploads\/2017\/08\/20170825-37-820x547.jpg 820w, https:\/\/www.wallendorff.com\/belogue\/wp-content\/uploads\/2017\/08\/20170825-37-200x133.jpg 200w, https:\/\/www.wallendorff.com\/belogue\/wp-content\/uploads\/2017\/08\/20170825-37-600x400.jpg 600w, https:\/\/www.wallendorff.com\/belogue\/wp-content\/uploads\/2017\/08\/20170825-37.jpg 850w\" sizes=\"(max-width: 300px) 100vw, 300px\" \/><\/a>\n\t\t\t<\/div>\n\t\t\t\t<figcaption class='wp-caption-text gallery-caption' id='gallery-1-35598'>\n\t\t\t\tLe Cabaret Vert, Charleville-M\u00e9zi\u00e8res, 24\/08\/2017\n\t\t\t\t<\/figcaption><\/figure><figure class='gallery-item'>\n\t\t\t<div class='gallery-icon portrait'>\n\t\t\t\t<a href='https:\/\/www.wallendorff.com\/belogue\/2017\/08\/25\/le-cabaret-vert-2017-jour-1\/le-cabaret-vert-charleville-mezieres-24082017-12\/'><img loading=\"lazy\" decoding=\"async\" width=\"200\" height=\"300\" src=\"https:\/\/www.wallendorff.com\/belogue\/wp-content\/uploads\/2017\/08\/20170825-38-200x300.jpg\" class=\"attachment-medium size-medium\" alt=\"\" aria-describedby=\"gallery-1-35599\" srcset=\"https:\/\/www.wallendorff.com\/belogue\/wp-content\/uploads\/2017\/08\/20170825-38-200x300.jpg 200w, https:\/\/www.wallendorff.com\/belogue\/wp-content\/uploads\/2017\/08\/20170825-38-133x200.jpg 133w, https:\/\/www.wallendorff.com\/belogue\/wp-content\/uploads\/2017\/08\/20170825-38.jpg 567w\" sizes=\"(max-width: 200px) 100vw, 200px\" \/><\/a>\n\t\t\t<\/div>\n\t\t\t\t<figcaption class='wp-caption-text gallery-caption' id='gallery-1-35599'>\n\t\t\t\tLe Cabaret Vert, Charleville-M\u00e9zi\u00e8res, 24\/08\/2017\n\t\t\t\t<\/figcaption><\/figure><figure class='gallery-item'>\n\t\t\t<div class='gallery-icon landscape'>\n\t\t\t\t<a href='https:\/\/www.wallendorff.com\/belogue\/2017\/08\/25\/le-cabaret-vert-2017-jour-1\/london-grammar-le-cabaret-vert-charleville-mezieres-24082017-8\/'><img loading=\"lazy\" decoding=\"async\" width=\"300\" height=\"200\" src=\"https:\/\/www.wallendorff.com\/belogue\/wp-content\/uploads\/2017\/08\/20170825-39-300x200.jpg\" class=\"attachment-medium size-medium\" alt=\"\" aria-describedby=\"gallery-1-35600\" srcset=\"https:\/\/www.wallendorff.com\/belogue\/wp-content\/uploads\/2017\/08\/20170825-39-300x200.jpg 300w, https:\/\/www.wallendorff.com\/belogue\/wp-content\/uploads\/2017\/08\/20170825-39-820x547.jpg 820w, https:\/\/www.wallendorff.com\/belogue\/wp-content\/uploads\/2017\/08\/20170825-39-200x133.jpg 200w, https:\/\/www.wallendorff.com\/belogue\/wp-content\/uploads\/2017\/08\/20170825-39-600x400.jpg 600w, https:\/\/www.wallendorff.com\/belogue\/wp-content\/uploads\/2017\/08\/20170825-39.jpg 850w\" sizes=\"(max-width: 300px) 100vw, 300px\" \/><\/a>\n\t\t\t<\/div>\n\t\t\t\t<figcaption class='wp-caption-text gallery-caption' id='gallery-1-35600'>\n\t\t\t\tLondon Grammar @ le Cabaret Vert, Charleville-M\u00e9zi\u00e8res, 24\/08\/2017\n\t\t\t\t<\/figcaption><\/figure><figure class='gallery-item'>\n\t\t\t<div class='gallery-icon landscape'>\n\t\t\t\t<a href='https:\/\/www.wallendorff.com\/belogue\/2017\/08\/25\/le-cabaret-vert-2017-jour-1\/london-grammar-le-cabaret-vert-charleville-mezieres-24082017-9\/'><img loading=\"lazy\" decoding=\"async\" width=\"300\" height=\"200\" src=\"https:\/\/www.wallendorff.com\/belogue\/wp-content\/uploads\/2017\/08\/20170825-40-300x200.jpg\" class=\"attachment-medium size-medium\" alt=\"\" aria-describedby=\"gallery-1-35601\" srcset=\"https:\/\/www.wallendorff.com\/belogue\/wp-content\/uploads\/2017\/08\/20170825-40-300x200.jpg 300w, https:\/\/www.wallendorff.com\/belogue\/wp-content\/uploads\/2017\/08\/20170825-40-820x547.jpg 820w, https:\/\/www.wallendorff.com\/belogue\/wp-content\/uploads\/2017\/08\/20170825-40-200x133.jpg 200w, https:\/\/www.wallendorff.com\/belogue\/wp-content\/uploads\/2017\/08\/20170825-40-600x400.jpg 600w, https:\/\/www.wallendorff.com\/belogue\/wp-content\/uploads\/2017\/08\/20170825-40.jpg 850w\" sizes=\"(max-width: 300px) 100vw, 300px\" \/><\/a>\n\t\t\t<\/div>\n\t\t\t\t<figcaption class='wp-caption-text gallery-caption' id='gallery-1-35601'>\n\t\t\t\tLondon Grammar @ le Cabaret Vert, Charleville-M\u00e9zi\u00e8res, 24\/08\/2017\n\t\t\t\t<\/figcaption><\/figure><figure class='gallery-item'>\n\t\t\t<div class='gallery-icon portrait'>\n\t\t\t\t<a href='https:\/\/www.wallendorff.com\/belogue\/2017\/08\/25\/le-cabaret-vert-2017-jour-1\/cypress-hill-le-cabaret-vert-charleville-mezieres-24082017\/'><img loading=\"lazy\" decoding=\"async\" width=\"200\" height=\"300\" src=\"https:\/\/www.wallendorff.com\/belogue\/wp-content\/uploads\/2017\/08\/20170825-41-200x300.jpg\" class=\"attachment-medium size-medium\" alt=\"\" aria-describedby=\"gallery-1-35602\" srcset=\"https:\/\/www.wallendorff.com\/belogue\/wp-content\/uploads\/2017\/08\/20170825-41-200x300.jpg 200w, https:\/\/www.wallendorff.com\/belogue\/wp-content\/uploads\/2017\/08\/20170825-41-133x200.jpg 133w, https:\/\/www.wallendorff.com\/belogue\/wp-content\/uploads\/2017\/08\/20170825-41.jpg 567w\" sizes=\"(max-width: 200px) 100vw, 200px\" \/><\/a>\n\t\t\t<\/div>\n\t\t\t\t<figcaption class='wp-caption-text gallery-caption' id='gallery-1-35602'>\n\t\t\t\tCypress Hill @ le Cabaret Vert, Charleville-M\u00e9zi\u00e8res, 24\/08\/2017\n\t\t\t\t<\/figcaption><\/figure><figure class='gallery-item'>\n\t\t\t<div class='gallery-icon landscape'>\n\t\t\t\t<a href='https:\/\/www.wallendorff.com\/belogue\/2017\/08\/25\/le-cabaret-vert-2017-jour-1\/le-cabaret-vert-charleville-mezieres-24082017-13\/'><img loading=\"lazy\" decoding=\"async\" width=\"300\" height=\"200\" src=\"https:\/\/www.wallendorff.com\/belogue\/wp-content\/uploads\/2017\/08\/20170825-42-300x200.jpg\" class=\"attachment-medium size-medium\" alt=\"\" aria-describedby=\"gallery-1-35603\" srcset=\"https:\/\/www.wallendorff.com\/belogue\/wp-content\/uploads\/2017\/08\/20170825-42-300x200.jpg 300w, https:\/\/www.wallendorff.com\/belogue\/wp-content\/uploads\/2017\/08\/20170825-42-820x547.jpg 820w, https:\/\/www.wallendorff.com\/belogue\/wp-content\/uploads\/2017\/08\/20170825-42-200x133.jpg 200w, https:\/\/www.wallendorff.com\/belogue\/wp-content\/uploads\/2017\/08\/20170825-42-600x400.jpg 600w, https:\/\/www.wallendorff.com\/belogue\/wp-content\/uploads\/2017\/08\/20170825-42.jpg 850w\" sizes=\"(max-width: 300px) 100vw, 300px\" \/><\/a>\n\t\t\t<\/div>\n\t\t\t\t<figcaption class='wp-caption-text gallery-caption' id='gallery-1-35603'>\n\t\t\t\tLe Cabaret Vert, Charleville-M\u00e9zi\u00e8res, 24\/08\/2017\n\t\t\t\t<\/figcaption><\/figure><figure class='gallery-item'>\n\t\t\t<div class='gallery-icon portrait'>\n\t\t\t\t<a href='https:\/\/www.wallendorff.com\/belogue\/2017\/08\/25\/le-cabaret-vert-2017-jour-1\/cypress-hill-le-cabaret-vert-charleville-mezieres-24082017-2\/'><img loading=\"lazy\" decoding=\"async\" width=\"200\" height=\"300\" src=\"https:\/\/www.wallendorff.com\/belogue\/wp-content\/uploads\/2017\/08\/20170825-43-200x300.jpg\" class=\"attachment-medium size-medium\" alt=\"\" aria-describedby=\"gallery-1-35604\" srcset=\"https:\/\/www.wallendorff.com\/belogue\/wp-content\/uploads\/2017\/08\/20170825-43-200x300.jpg 200w, https:\/\/www.wallendorff.com\/belogue\/wp-content\/uploads\/2017\/08\/20170825-43-133x200.jpg 133w, https:\/\/www.wallendorff.com\/belogue\/wp-content\/uploads\/2017\/08\/20170825-43.jpg 567w\" sizes=\"(max-width: 200px) 100vw, 200px\" \/><\/a>\n\t\t\t<\/div>\n\t\t\t\t<figcaption class='wp-caption-text gallery-caption' id='gallery-1-35604'>\n\t\t\t\tCypress Hill @ le Cabaret Vert, Charleville-M\u00e9zi\u00e8res, 24\/08\/2017\n\t\t\t\t<\/figcaption><\/figure><figure class='gallery-item'>\n\t\t\t<div class='gallery-icon landscape'>\n\t\t\t\t<a href='https:\/\/www.wallendorff.com\/belogue\/2017\/08\/25\/le-cabaret-vert-2017-jour-1\/cypress-hill-le-cabaret-vert-charleville-mezieres-24082017-3\/'><img loading=\"lazy\" decoding=\"async\" width=\"300\" height=\"200\" src=\"https:\/\/www.wallendorff.com\/belogue\/wp-content\/uploads\/2017\/08\/20170825-44-300x200.jpg\" class=\"attachment-medium size-medium\" alt=\"\" aria-describedby=\"gallery-1-35605\" srcset=\"https:\/\/www.wallendorff.com\/belogue\/wp-content\/uploads\/2017\/08\/20170825-44-300x200.jpg 300w, https:\/\/www.wallendorff.com\/belogue\/wp-content\/uploads\/2017\/08\/20170825-44-820x547.jpg 820w, https:\/\/www.wallendorff.com\/belogue\/wp-content\/uploads\/2017\/08\/20170825-44-200x133.jpg 200w, https:\/\/www.wallendorff.com\/belogue\/wp-content\/uploads\/2017\/08\/20170825-44-600x400.jpg 600w, https:\/\/www.wallendorff.com\/belogue\/wp-content\/uploads\/2017\/08\/20170825-44.jpg 850w\" sizes=\"(max-width: 300px) 100vw, 300px\" \/><\/a>\n\t\t\t<\/div>\n\t\t\t\t<figcaption class='wp-caption-text gallery-caption' id='gallery-1-35605'>\n\t\t\t\tCypress Hill @ le Cabaret Vert, Charleville-M\u00e9zi\u00e8res, 24\/08\/2017\n\t\t\t\t<\/figcaption><\/figure><figure class='gallery-item'>\n\t\t\t<div class='gallery-icon landscape'>\n\t\t\t\t<a href='https:\/\/www.wallendorff.com\/belogue\/2017\/08\/25\/le-cabaret-vert-2017-jour-1\/cypress-hill-le-cabaret-vert-charleville-mezieres-24082017-4\/'><img loading=\"lazy\" decoding=\"async\" width=\"300\" height=\"200\" src=\"https:\/\/www.wallendorff.com\/belogue\/wp-content\/uploads\/2017\/08\/20170825-45-300x200.jpg\" class=\"attachment-medium size-medium\" alt=\"\" aria-describedby=\"gallery-1-35606\" srcset=\"https:\/\/www.wallendorff.com\/belogue\/wp-content\/uploads\/2017\/08\/20170825-45-300x200.jpg 300w, https:\/\/www.wallendorff.com\/belogue\/wp-content\/uploads\/2017\/08\/20170825-45-820x547.jpg 820w, https:\/\/www.wallendorff.com\/belogue\/wp-content\/uploads\/2017\/08\/20170825-45-200x133.jpg 200w, https:\/\/www.wallendorff.com\/belogue\/wp-content\/uploads\/2017\/08\/20170825-45-600x400.jpg 600w, https:\/\/www.wallendorff.com\/belogue\/wp-content\/uploads\/2017\/08\/20170825-45.jpg 850w\" sizes=\"(max-width: 300px) 100vw, 300px\" \/><\/a>\n\t\t\t<\/div>\n\t\t\t\t<figcaption class='wp-caption-text gallery-caption' id='gallery-1-35606'>\n\t\t\t\tCypress Hill @ le Cabaret Vert, Charleville-M\u00e9zi\u00e8res, 24\/08\/2017\n\t\t\t\t<\/figcaption><\/figure><figure class='gallery-item'>\n\t\t\t<div class='gallery-icon landscape'>\n\t\t\t\t<a href='https:\/\/www.wallendorff.com\/belogue\/2017\/08\/25\/le-cabaret-vert-2017-jour-1\/cypress-hill-le-cabaret-vert-charleville-mezieres-24082017-5\/'><img loading=\"lazy\" decoding=\"async\" width=\"300\" height=\"200\" src=\"https:\/\/www.wallendorff.com\/belogue\/wp-content\/uploads\/2017\/08\/20170825-46-300x200.jpg\" class=\"attachment-medium size-medium\" alt=\"\" aria-describedby=\"gallery-1-35607\" srcset=\"https:\/\/www.wallendorff.com\/belogue\/wp-content\/uploads\/2017\/08\/20170825-46-300x200.jpg 300w, https:\/\/www.wallendorff.com\/belogue\/wp-content\/uploads\/2017\/08\/20170825-46-820x547.jpg 820w, https:\/\/www.wallendorff.com\/belogue\/wp-content\/uploads\/2017\/08\/20170825-46-200x133.jpg 200w, https:\/\/www.wallendorff.com\/belogue\/wp-content\/uploads\/2017\/08\/20170825-46-600x400.jpg 600w, https:\/\/www.wallendorff.com\/belogue\/wp-content\/uploads\/2017\/08\/20170825-46.jpg 850w\" sizes=\"(max-width: 300px) 100vw, 300px\" \/><\/a>\n\t\t\t<\/div>\n\t\t\t\t<figcaption class='wp-caption-text gallery-caption' id='gallery-1-35607'>\n\t\t\t\tCypress Hill @ le Cabaret Vert, Charleville-M\u00e9zi\u00e8res, 24\/08\/2017\n\t\t\t\t<\/figcaption><\/figure><figure class='gallery-item'>\n\t\t\t<div class='gallery-icon landscape'>\n\t\t\t\t<a href='https:\/\/www.wallendorff.com\/belogue\/2017\/08\/25\/le-cabaret-vert-2017-jour-1\/le-cabaret-vert-charleville-mezieres-24082017-14\/'><img loading=\"lazy\" decoding=\"async\" width=\"300\" height=\"200\" src=\"https:\/\/www.wallendorff.com\/belogue\/wp-content\/uploads\/2017\/08\/20170825-47-300x200.jpg\" class=\"attachment-medium size-medium\" alt=\"\" aria-describedby=\"gallery-1-35608\" srcset=\"https:\/\/www.wallendorff.com\/belogue\/wp-content\/uploads\/2017\/08\/20170825-47-300x200.jpg 300w, https:\/\/www.wallendorff.com\/belogue\/wp-content\/uploads\/2017\/08\/20170825-47-820x547.jpg 820w, https:\/\/www.wallendorff.com\/belogue\/wp-content\/uploads\/2017\/08\/20170825-47-200x133.jpg 200w, https:\/\/www.wallendorff.com\/belogue\/wp-content\/uploads\/2017\/08\/20170825-47-600x400.jpg 600w, https:\/\/www.wallendorff.com\/belogue\/wp-content\/uploads\/2017\/08\/20170825-47.jpg 850w\" sizes=\"(max-width: 300px) 100vw, 300px\" \/><\/a>\n\t\t\t<\/div>\n\t\t\t\t<figcaption class='wp-caption-text gallery-caption' id='gallery-1-35608'>\n\t\t\t\tLe Cabaret Vert, Charleville-M\u00e9zi\u00e8res, 24\/08\/2017\n\t\t\t\t<\/figcaption><\/figure><figure class='gallery-item'>\n\t\t\t<div class='gallery-icon landscape'>\n\t\t\t\t<a href='https:\/\/www.wallendorff.com\/belogue\/2017\/08\/25\/le-cabaret-vert-2017-jour-1\/cypress-hill-le-cabaret-vert-charleville-mezieres-24082017-6\/'><img loading=\"lazy\" decoding=\"async\" width=\"300\" height=\"200\" src=\"https:\/\/www.wallendorff.com\/belogue\/wp-content\/uploads\/2017\/08\/20170825-48-300x200.jpg\" class=\"attachment-medium size-medium\" alt=\"\" aria-describedby=\"gallery-1-35609\" srcset=\"https:\/\/www.wallendorff.com\/belogue\/wp-content\/uploads\/2017\/08\/20170825-48-300x200.jpg 300w, https:\/\/www.wallendorff.com\/belogue\/wp-content\/uploads\/2017\/08\/20170825-48-820x547.jpg 820w, https:\/\/www.wallendorff.com\/belogue\/wp-content\/uploads\/2017\/08\/20170825-48-200x133.jpg 200w, https:\/\/www.wallendorff.com\/belogue\/wp-content\/uploads\/2017\/08\/20170825-48-600x400.jpg 600w, https:\/\/www.wallendorff.com\/belogue\/wp-content\/uploads\/2017\/08\/20170825-48.jpg 850w\" sizes=\"(max-width: 300px) 100vw, 300px\" \/><\/a>\n\t\t\t<\/div>\n\t\t\t\t<figcaption class='wp-caption-text gallery-caption' id='gallery-1-35609'>\n\t\t\t\tCypress Hill @ le Cabaret Vert, Charleville-M\u00e9zi\u00e8res, 24\/08\/2017\n\t\t\t\t<\/figcaption><\/figure><figure class='gallery-item'>\n\t\t\t<div class='gallery-icon landscape'>\n\t\t\t\t<a href='https:\/\/www.wallendorff.com\/belogue\/2017\/08\/25\/le-cabaret-vert-2017-jour-1\/le-cabaret-vert-charleville-mezieres-24082017-15\/'><img loading=\"lazy\" decoding=\"async\" width=\"300\" height=\"200\" src=\"https:\/\/www.wallendorff.com\/belogue\/wp-content\/uploads\/2017\/08\/20170825-49-300x200.jpg\" class=\"attachment-medium size-medium\" alt=\"\" aria-describedby=\"gallery-1-35610\" srcset=\"https:\/\/www.wallendorff.com\/belogue\/wp-content\/uploads\/2017\/08\/20170825-49-300x200.jpg 300w, https:\/\/www.wallendorff.com\/belogue\/wp-content\/uploads\/2017\/08\/20170825-49-820x547.jpg 820w, https:\/\/www.wallendorff.com\/belogue\/wp-content\/uploads\/2017\/08\/20170825-49-200x133.jpg 200w, https:\/\/www.wallendorff.com\/belogue\/wp-content\/uploads\/2017\/08\/20170825-49-600x400.jpg 600w, https:\/\/www.wallendorff.com\/belogue\/wp-content\/uploads\/2017\/08\/20170825-49.jpg 850w\" sizes=\"(max-width: 300px) 100vw, 300px\" \/><\/a>\n\t\t\t<\/div>\n\t\t\t\t<figcaption class='wp-caption-text gallery-caption' id='gallery-1-35610'>\n\t\t\t\tLe Cabaret Vert, Charleville-M\u00e9zi\u00e8res, 24\/08\/2017\n\t\t\t\t<\/figcaption><\/figure><figure class='gallery-item'>\n\t\t\t<div class='gallery-icon landscape'>\n\t\t\t\t<a href='https:\/\/www.wallendorff.com\/belogue\/2017\/08\/25\/le-cabaret-vert-2017-jour-1\/cypress-hill-le-cabaret-vert-charleville-mezieres-24082017-7\/'><img loading=\"lazy\" decoding=\"async\" width=\"300\" height=\"200\" src=\"https:\/\/www.wallendorff.com\/belogue\/wp-content\/uploads\/2017\/08\/20170825-50-300x200.jpg\" class=\"attachment-medium size-medium\" alt=\"\" aria-describedby=\"gallery-1-35611\" srcset=\"https:\/\/www.wallendorff.com\/belogue\/wp-content\/uploads\/2017\/08\/20170825-50-300x200.jpg 300w, https:\/\/www.wallendorff.com\/belogue\/wp-content\/uploads\/2017\/08\/20170825-50-820x547.jpg 820w, https:\/\/www.wallendorff.com\/belogue\/wp-content\/uploads\/2017\/08\/20170825-50-200x133.jpg 200w, https:\/\/www.wallendorff.com\/belogue\/wp-content\/uploads\/2017\/08\/20170825-50-600x400.jpg 600w, https:\/\/www.wallendorff.com\/belogue\/wp-content\/uploads\/2017\/08\/20170825-50.jpg 850w\" sizes=\"(max-width: 300px) 100vw, 300px\" \/><\/a>\n\t\t\t<\/div>\n\t\t\t\t<figcaption class='wp-caption-text gallery-caption' id='gallery-1-35611'>\n\t\t\t\tCypress Hill @ le Cabaret Vert, Charleville-M\u00e9zi\u00e8res, 24\/08\/2017\n\t\t\t\t<\/figcaption><\/figure><figure class='gallery-item'>\n\t\t\t<div class='gallery-icon landscape'>\n\t\t\t\t<a href='https:\/\/www.wallendorff.com\/belogue\/2017\/08\/25\/le-cabaret-vert-2017-jour-1\/le-cabaret-vert-charleville-mezieres-24082017-16\/'><img loading=\"lazy\" decoding=\"async\" width=\"300\" height=\"200\" src=\"https:\/\/www.wallendorff.com\/belogue\/wp-content\/uploads\/2017\/08\/20170825-51-300x200.jpg\" class=\"attachment-medium size-medium\" alt=\"\" aria-describedby=\"gallery-1-35612\" srcset=\"https:\/\/www.wallendorff.com\/belogue\/wp-content\/uploads\/2017\/08\/20170825-51-300x200.jpg 300w, https:\/\/www.wallendorff.com\/belogue\/wp-content\/uploads\/2017\/08\/20170825-51-820x547.jpg 820w, https:\/\/www.wallendorff.com\/belogue\/wp-content\/uploads\/2017\/08\/20170825-51-200x133.jpg 200w, https:\/\/www.wallendorff.com\/belogue\/wp-content\/uploads\/2017\/08\/20170825-51-600x400.jpg 600w, https:\/\/www.wallendorff.com\/belogue\/wp-content\/uploads\/2017\/08\/20170825-51.jpg 850w\" sizes=\"(max-width: 300px) 100vw, 300px\" \/><\/a>\n\t\t\t<\/div>\n\t\t\t\t<figcaption class='wp-caption-text gallery-caption' id='gallery-1-35612'>\n\t\t\t\tLe Cabaret Vert, Charleville-M\u00e9zi\u00e8res, 24\/08\/2017\n\t\t\t\t<\/figcaption><\/figure><figure class='gallery-item'>\n\t\t\t<div class='gallery-icon landscape'>\n\t\t\t\t<a href='https:\/\/www.wallendorff.com\/belogue\/2017\/08\/25\/le-cabaret-vert-2017-jour-1\/le-cabaret-vert-charleville-mezieres-24082017-17\/'><img loading=\"lazy\" decoding=\"async\" width=\"300\" height=\"200\" src=\"https:\/\/www.wallendorff.com\/belogue\/wp-content\/uploads\/2017\/08\/20170825-52-300x200.jpg\" class=\"attachment-medium size-medium\" alt=\"\" aria-describedby=\"gallery-1-35613\" srcset=\"https:\/\/www.wallendorff.com\/belogue\/wp-content\/uploads\/2017\/08\/20170825-52-300x200.jpg 300w, https:\/\/www.wallendorff.com\/belogue\/wp-content\/uploads\/2017\/08\/20170825-52-820x547.jpg 820w, https:\/\/www.wallendorff.com\/belogue\/wp-content\/uploads\/2017\/08\/20170825-52-200x133.jpg 200w, https:\/\/www.wallendorff.com\/belogue\/wp-content\/uploads\/2017\/08\/20170825-52-600x400.jpg 600w, https:\/\/www.wallendorff.com\/belogue\/wp-content\/uploads\/2017\/08\/20170825-52.jpg 850w\" sizes=\"(max-width: 300px) 100vw, 300px\" \/><\/a>\n\t\t\t<\/div>\n\t\t\t\t<figcaption class='wp-caption-text gallery-caption' id='gallery-1-35613'>\n\t\t\t\tLe Cabaret Vert, Charleville-M\u00e9zi\u00e8res, 24\/08\/2017\n\t\t\t\t<\/figcaption><\/figure><figure class='gallery-item'>\n\t\t\t<div class='gallery-icon landscape'>\n\t\t\t\t<a href='https:\/\/www.wallendorff.com\/belogue\/2017\/08\/25\/le-cabaret-vert-2017-jour-1\/cashmere-cat-le-cabaret-vert-charleville-mezieres-24082017\/'><img loading=\"lazy\" decoding=\"async\" width=\"300\" height=\"200\" src=\"https:\/\/www.wallendorff.com\/belogue\/wp-content\/uploads\/2017\/08\/20170825-53-300x200.jpg\" class=\"attachment-medium size-medium\" alt=\"\" aria-describedby=\"gallery-1-35614\" srcset=\"https:\/\/www.wallendorff.com\/belogue\/wp-content\/uploads\/2017\/08\/20170825-53-300x200.jpg 300w, https:\/\/www.wallendorff.com\/belogue\/wp-content\/uploads\/2017\/08\/20170825-53-820x547.jpg 820w, https:\/\/www.wallendorff.com\/belogue\/wp-content\/uploads\/2017\/08\/20170825-53-200x133.jpg 200w, https:\/\/www.wallendorff.com\/belogue\/wp-content\/uploads\/2017\/08\/20170825-53-600x400.jpg 600w, https:\/\/www.wallendorff.com\/belogue\/wp-content\/uploads\/2017\/08\/20170825-53.jpg 850w\" sizes=\"(max-width: 300px) 100vw, 300px\" \/><\/a>\n\t\t\t<\/div>\n\t\t\t\t<figcaption class='wp-caption-text gallery-caption' id='gallery-1-35614'>\n\t\t\t\tCashmere Cat @ le Cabaret Vert, Charleville-M\u00e9zi\u00e8res, 24\/08\/2017\n\t\t\t\t<\/figcaption><\/figure><figure class='gallery-item'>\n\t\t\t<div class='gallery-icon landscape'>\n\t\t\t\t<a href='https:\/\/www.wallendorff.com\/belogue\/2017\/08\/25\/le-cabaret-vert-2017-jour-1\/cashmere-cat-le-cabaret-vert-charleville-mezieres-24082017-2\/'><img loading=\"lazy\" decoding=\"async\" width=\"300\" height=\"200\" src=\"https:\/\/www.wallendorff.com\/belogue\/wp-content\/uploads\/2017\/08\/20170825-54-300x200.jpg\" class=\"attachment-medium size-medium\" alt=\"\" aria-describedby=\"gallery-1-35615\" srcset=\"https:\/\/www.wallendorff.com\/belogue\/wp-content\/uploads\/2017\/08\/20170825-54-300x200.jpg 300w, https:\/\/www.wallendorff.com\/belogue\/wp-content\/uploads\/2017\/08\/20170825-54-820x547.jpg 820w, https:\/\/www.wallendorff.com\/belogue\/wp-content\/uploads\/2017\/08\/20170825-54-200x133.jpg 200w, https:\/\/www.wallendorff.com\/belogue\/wp-content\/uploads\/2017\/08\/20170825-54-600x400.jpg 600w, https:\/\/www.wallendorff.com\/belogue\/wp-content\/uploads\/2017\/08\/20170825-54.jpg 850w\" sizes=\"(max-width: 300px) 100vw, 300px\" \/><\/a>\n\t\t\t<\/div>\n\t\t\t\t<figcaption class='wp-caption-text gallery-caption' id='gallery-1-35615'>\n\t\t\t\tCashmere Cat @ le Cabaret Vert, Charleville-M\u00e9zi\u00e8res, 24\/08\/2017\n\t\t\t\t<\/figcaption><\/figure><figure class='gallery-item'>\n\t\t\t<div class='gallery-icon landscape'>\n\t\t\t\t<a href='https:\/\/www.wallendorff.com\/belogue\/2017\/08\/25\/le-cabaret-vert-2017-jour-1\/le-cabaret-vert-charleville-mezieres-24082017-18\/'><img loading=\"lazy\" decoding=\"async\" width=\"300\" height=\"200\" src=\"https:\/\/www.wallendorff.com\/belogue\/wp-content\/uploads\/2017\/08\/20170825-55-300x200.jpg\" class=\"attachment-medium size-medium\" alt=\"\" aria-describedby=\"gallery-1-35616\" srcset=\"https:\/\/www.wallendorff.com\/belogue\/wp-content\/uploads\/2017\/08\/20170825-55-300x200.jpg 300w, https:\/\/www.wallendorff.com\/belogue\/wp-content\/uploads\/2017\/08\/20170825-55-820x547.jpg 820w, https:\/\/www.wallendorff.com\/belogue\/wp-content\/uploads\/2017\/08\/20170825-55-200x133.jpg 200w, https:\/\/www.wallendorff.com\/belogue\/wp-content\/uploads\/2017\/08\/20170825-55-600x400.jpg 600w, https:\/\/www.wallendorff.com\/belogue\/wp-content\/uploads\/2017\/08\/20170825-55.jpg 850w\" sizes=\"(max-width: 300px) 100vw, 300px\" \/><\/a>\n\t\t\t<\/div>\n\t\t\t\t<figcaption class='wp-caption-text gallery-caption' id='gallery-1-35616'>\n\t\t\t\tLe Cabaret Vert, Charleville-M\u00e9zi\u00e8res, 24\/08\/2017\n\t\t\t\t<\/figcaption><\/figure><figure class='gallery-item'>\n\t\t\t<div class='gallery-icon landscape'>\n\t\t\t\t<a href='https:\/\/www.wallendorff.com\/belogue\/2017\/08\/25\/le-cabaret-vert-2017-jour-1\/le-cabaret-vert-charleville-mezieres-24082017-19\/'><img loading=\"lazy\" decoding=\"async\" width=\"300\" height=\"200\" src=\"https:\/\/www.wallendorff.com\/belogue\/wp-content\/uploads\/2017\/08\/20170825-56-300x200.jpg\" class=\"attachment-medium size-medium\" alt=\"\" aria-describedby=\"gallery-1-35617\" srcset=\"https:\/\/www.wallendorff.com\/belogue\/wp-content\/uploads\/2017\/08\/20170825-56-300x200.jpg 300w, https:\/\/www.wallendorff.com\/belogue\/wp-content\/uploads\/2017\/08\/20170825-56-820x547.jpg 820w, https:\/\/www.wallendorff.com\/belogue\/wp-content\/uploads\/2017\/08\/20170825-56-200x133.jpg 200w, https:\/\/www.wallendorff.com\/belogue\/wp-content\/uploads\/2017\/08\/20170825-56-600x400.jpg 600w, https:\/\/www.wallendorff.com\/belogue\/wp-content\/uploads\/2017\/08\/20170825-56.jpg 850w\" sizes=\"(max-width: 300px) 100vw, 300px\" \/><\/a>\n\t\t\t<\/div>\n\t\t\t\t<figcaption class='wp-caption-text gallery-caption' id='gallery-1-35617'>\n\t\t\t\tLe Cabaret Vert, Charleville-M\u00e9zi\u00e8res, 24\/08\/2017\n\t\t\t\t<\/figcaption><\/figure>\n\t\t<\/div>\n\n","protected":false},"excerpt":{"rendered":"The Noface @ le Cabaret Vert, Charleville-M\u00e9zi\u00e8res, 24\/08\/2017 The Noface @ le Cabaret Vert, Charleville-M\u00e9zi\u00e8res, 24\/08\/2017 The Noface @ le Cabaret Vert, Charleville-M\u00e9zi\u00e8res, 24\/08\/2017 The Noface @ le Cabaret Vert, Charleville-M\u00e9zi\u00e8res, 24\/08\/2017 Le Cabaret Vert, Charleville-M\u00e9zi\u00e8res, 24\/08\/2017 The Noface @ le Cabaret Vert, Charleville-M\u00e9zi\u00e8res, 24\/08\/2017 The Noface @ le Cabaret Vert, Charleville-M\u00e9zi\u00e8res, 24\/08\/2017 The Noface&hellip;","protected":false},"author":1,"featured_media":35600,"comment_status":"open","ping_status":"open","sticky":false,"template":"","format":"standard","meta":{"_acf_changed":false,"ngg_post_thumbnail":0,"jetpack_post_was_ever_published":false,"_jetpack_newsletter_access":"","_jetpack_dont_email_post_to_subs":false,"_jetpack_newsletter_tier_id":0,"_jetpack_memberships_contains_paywalled_content":false,"_jetpack_memberships_contains_paid_content":false,"footnotes":"","jetpack_publicize_message":"","jetpack_publicize_feature_enabled":true,"jetpack_social_post_already_shared":true,"jetpack_social_options":{"image_generator_settings":{"template":"highway","default_image_id":0,"font":"","enabled":false},"version":2}},"categories":[7],"tags":[13612,10084,6103,10255,2571,8170,181,6766,8351,14144,10254,10321,10544,10136,10120,14145,14146,11727,10135,14147,14148,6402],"class_list":["post-35561","post","type-post","status-publish","format-standard","has-post-thumbnail","hentry","category-alive","tag-13612","tag-alive","tag-ambiance-2","tag-ardenne","tag-ef-16-35-mm-f28l-ii-usm","tag-ef-24-70-mm-f2-8l-ii-usm","tag-ef-70-200-mm-f28l-usm","tag-eos-5d-mark-iii","tag-eos-6d","tag-cashmere-cat","tag-champagne-ardenne","tag-charleville-mezieres","tag-cypress-hill","tag-festival","tag-france","tag-le-cabaret-vert","tag-le-cabaret-vert-2017","tag-london-grammar","tag-public","tag-square-bayard","tag-the-noface","tag-the-orwells"],"acf":[],"geo":{"latitude":49.7627487,"longitude":4.715404,"description":"Charleville-M\u00e9zi\u00e8res, Grand-Est, 08000, FR"},"jetpack_publicize_connections":[],"jetpack_featured_media_url":"https:\/\/www.wallendorff.com\/belogue\/wp-content\/uploads\/2017\/08\/20170825-39.jpg","jetpack_shortlink":"https:\/\/wp.me\/p3b35P-9fz","jetpack_sharing_enabled":true,"jetpack-related-posts":[{"id":13190,"url":"https:\/\/www.wallendorff.com\/belogue\/2011\/08\/31\/the-wombats-le-cabaret-vert-charleville-mezieres-26-aout\/","url_meta":{"origin":35561,"position":0},"title":"The Wombats @ le Cabaret Vert, Charleville-M\u00e9zi\u00e8res, 26 ao\u00fbt.","author":"dpc","date":"31 ao\u00fbt 2011","format":false,"excerpt":"\u00a0The Wombats \u2013 1996 [youtube]http:\/\/www.youtube.com\/watch?v=m3ZwhfIG6cw[\/youtube]","rel":"","context":"Dans &quot;Alive&quot;","block_context":{"text":"Alive","link":"https:\/\/www.wallendorff.com\/belogue\/category\/alive\/"},"img":{"alt_text":"","src":"https:\/\/i0.wp.com\/www.wallendorff.com\/belogue\/wp-content\/uploads\/2015\/04\/201108311.jpg?resize=350%2C200&ssl=1","width":350,"height":200,"srcset":"https:\/\/i0.wp.com\/www.wallendorff.com\/belogue\/wp-content\/uploads\/2015\/04\/201108311.jpg?resize=350%2C200&ssl=1 1x, https:\/\/i0.wp.com\/www.wallendorff.com\/belogue\/wp-content\/uploads\/2015\/04\/201108311.jpg?resize=525%2C300&ssl=1 1.5x, https:\/\/i0.wp.com\/www.wallendorff.com\/belogue\/wp-content\/uploads\/2015\/04\/201108311.jpg?resize=700%2C400&ssl=1 2x"},"classes":[]},{"id":35698,"url":"https:\/\/www.wallendorff.com\/belogue\/2017\/08\/27\/le-cabaret-vert-2017-jour-3\/","url_meta":{"origin":35561,"position":1},"title":"Le Cabaret Vert 2017, jour 3.","author":"dpc","date":"27 ao\u00fbt 2017","format":false,"excerpt":"","rel":"","context":"Dans &quot;Alive&quot;","block_context":{"text":"Alive","link":"https:\/\/www.wallendorff.com\/belogue\/category\/alive\/"},"img":{"alt_text":"","src":"https:\/\/i0.wp.com\/www.wallendorff.com\/belogue\/wp-content\/uploads\/2017\/08\/20170827-28.jpg?resize=350%2C200&ssl=1","width":350,"height":200,"srcset":"https:\/\/i0.wp.com\/www.wallendorff.com\/belogue\/wp-content\/uploads\/2017\/08\/20170827-28.jpg?resize=350%2C200&ssl=1 1x, https:\/\/i0.wp.com\/www.wallendorff.com\/belogue\/wp-content\/uploads\/2017\/08\/20170827-28.jpg?resize=525%2C300&ssl=1 1.5x, https:\/\/i0.wp.com\/www.wallendorff.com\/belogue\/wp-content\/uploads\/2017\/08\/20170827-28.jpg?resize=700%2C400&ssl=1 2x"},"classes":[]},{"id":35752,"url":"https:\/\/www.wallendorff.com\/belogue\/2017\/08\/28\/le-cabaret-vert-2017-jour-4\/","url_meta":{"origin":35561,"position":2},"title":"Le Cabaret Vert 2017, jour 4.","author":"dpc","date":"28 ao\u00fbt 2017","format":false,"excerpt":"","rel":"","context":"Dans &quot;Alive&quot;","block_context":{"text":"Alive","link":"https:\/\/www.wallendorff.com\/belogue\/category\/alive\/"},"img":{"alt_text":"","src":"https:\/\/i0.wp.com\/www.wallendorff.com\/belogue\/wp-content\/uploads\/2017\/08\/20170828-06.jpg?resize=350%2C200&ssl=1","width":350,"height":200,"srcset":"https:\/\/i0.wp.com\/www.wallendorff.com\/belogue\/wp-content\/uploads\/2017\/08\/20170828-06.jpg?resize=350%2C200&ssl=1 1x, https:\/\/i0.wp.com\/www.wallendorff.com\/belogue\/wp-content\/uploads\/2017\/08\/20170828-06.jpg?resize=525%2C300&ssl=1 1.5x, https:\/\/i0.wp.com\/www.wallendorff.com\/belogue\/wp-content\/uploads\/2017\/08\/20170828-06.jpg?resize=700%2C400&ssl=1 2x"},"classes":[]},{"id":39689,"url":"https:\/\/www.wallendorff.com\/belogue\/2018\/08\/27\/le-cabaret-vert-2018-jour-1\/","url_meta":{"origin":35561,"position":3},"title":"Le Cabaret Vert 2018, jour 2.","author":"dpc","date":"27 ao\u00fbt 2018","format":false,"excerpt":"Les autres jours s(er)ont publi\u00e9s sur ce lien.","rel":"","context":"Dans &quot;Alive&quot;","block_context":{"text":"Alive","link":"https:\/\/www.wallendorff.com\/belogue\/category\/alive\/"},"img":{"alt_text":"","src":"https:\/\/i0.wp.com\/www.wallendorff.com\/belogue\/wp-content\/uploads\/2018\/08\/20180827-44.jpg?resize=350%2C200&ssl=1","width":350,"height":200,"srcset":"https:\/\/i0.wp.com\/www.wallendorff.com\/belogue\/wp-content\/uploads\/2018\/08\/20180827-44.jpg?resize=350%2C200&ssl=1 1x, https:\/\/i0.wp.com\/www.wallendorff.com\/belogue\/wp-content\/uploads\/2018\/08\/20180827-44.jpg?resize=525%2C300&ssl=1 1.5x, https:\/\/i0.wp.com\/www.wallendorff.com\/belogue\/wp-content\/uploads\/2018\/08\/20180827-44.jpg?resize=700%2C400&ssl=1 2x, https:\/\/i0.wp.com\/www.wallendorff.com\/belogue\/wp-content\/uploads\/2018\/08\/20180827-44.jpg?resize=1050%2C600&ssl=1 3x"},"classes":[]},{"id":35620,"url":"https:\/\/www.wallendorff.com\/belogue\/2017\/08\/26\/le-cabaret-vert-2017-jour-2\/","url_meta":{"origin":35561,"position":4},"title":"Le Cabaret Vert 2017, jour 2.","author":"dpc","date":"26 ao\u00fbt 2017","format":false,"excerpt":"","rel":"","context":"Dans &quot;Alive&quot;","block_context":{"text":"Alive","link":"https:\/\/www.wallendorff.com\/belogue\/category\/alive\/"},"img":{"alt_text":"","src":"https:\/\/i0.wp.com\/www.wallendorff.com\/belogue\/wp-content\/uploads\/2017\/08\/20170826-10.jpg?resize=350%2C200&ssl=1","width":350,"height":200,"srcset":"https:\/\/i0.wp.com\/www.wallendorff.com\/belogue\/wp-content\/uploads\/2017\/08\/20170826-10.jpg?resize=350%2C200&ssl=1 1x, https:\/\/i0.wp.com\/www.wallendorff.com\/belogue\/wp-content\/uploads\/2017\/08\/20170826-10.jpg?resize=525%2C300&ssl=1 1.5x, https:\/\/i0.wp.com\/www.wallendorff.com\/belogue\/wp-content\/uploads\/2017\/08\/20170826-10.jpg?resize=700%2C400&ssl=1 2x"},"classes":[]},{"id":43562,"url":"https:\/\/www.wallendorff.com\/belogue\/2019\/08\/25\/le-cabaret-vert-2019-charleville-mezieres-jour-2\/","url_meta":{"origin":35561,"position":5},"title":"Le Cabaret Vert 2019, Charleville-M\u00e9zi\u00e8res, jour 2","author":"dpc","date":"25 ao\u00fbt 2019","format":false,"excerpt":"","rel":"","context":"Dans &quot;Alive&quot;","block_context":{"text":"Alive","link":"https:\/\/www.wallendorff.com\/belogue\/category\/alive\/"},"img":{"alt_text":"","src":"https:\/\/i0.wp.com\/www.wallendorff.com\/belogue\/wp-content\/uploads\/2019\/08\/20190825-84.jpg?resize=350%2C200&ssl=1","width":350,"height":200,"srcset":"https:\/\/i0.wp.com\/www.wallendorff.com\/belogue\/wp-content\/uploads\/2019\/08\/20190825-84.jpg?resize=350%2C200&ssl=1 1x, https:\/\/i0.wp.com\/www.wallendorff.com\/belogue\/wp-content\/uploads\/2019\/08\/20190825-84.jpg?resize=525%2C300&ssl=1 1.5x, https:\/\/i0.wp.com\/www.wallendorff.com\/belogue\/wp-content\/uploads\/2019\/08\/20190825-84.jpg?resize=700%2C400&ssl=1 2x, https:\/\/i0.wp.com\/www.wallendorff.com\/belogue\/wp-content\/uploads\/2019\/08\/20190825-84.jpg?resize=1050%2C600&ssl=1 3x"},"classes":[]}],"_links":{"self":[{"href":"https:\/\/www.wallendorff.com\/belogue\/wp-json\/wp\/v2\/posts\/35561","targetHints":{"allow":["GET"]}}],"collection":[{"href":"https:\/\/www.wallendorff.com\/belogue\/wp-json\/wp\/v2\/posts"}],"about":[{"href":"https:\/\/www.wallendorff.com\/belogue\/wp-json\/wp\/v2\/types\/post"}],"author":[{"embeddable":true,"href":"https:\/\/www.wallendorff.com\/belogue\/wp-json\/wp\/v2\/users\/1"}],"replies":[{"embeddable":true,"href":"https:\/\/www.wallendorff.com\/belogue\/wp-json\/wp\/v2\/comments?post=35561"}],"version-history":[{"count":2,"href":"https:\/\/www.wallendorff.com\/belogue\/wp-json\/wp\/v2\/posts\/35561\/revisions"}],"predecessor-version":[{"id":35619,"href":"https:\/\/www.wallendorff.com\/belogue\/wp-json\/wp\/v2\/posts\/35561\/revisions\/35619"}],"wp:featuredmedia":[{"embeddable":true,"href":"https:\/\/www.wallendorff.com\/belogue\/wp-json\/wp\/v2\/media\/35600"}],"wp:attachment":[{"href":"https:\/\/www.wallendorff.com\/belogue\/wp-json\/wp\/v2\/media?parent=35561"}],"wp:term":[{"taxonomy":"category","embeddable":true,"href":"https:\/\/www.wallendorff.com\/belogue\/wp-json\/wp\/v2\/categories?post=35561"},{"taxonomy":"post_tag","embeddable":true,"href":"https:\/\/www.wallendorff.com\/belogue\/wp-json\/wp\/v2\/tags?post=35561"}],"curies":[{"name":"wp","href":"https:\/\/api.w.org\/{rel}","templated":true}]}}