{"id":3554,"date":"2008-11-04T13:13:29","date_gmt":"2008-11-04T11:13:29","guid":{"rendered":"http:\/\/www.po-l.com\/belogue\/?p=3554"},"modified":"2012-07-12T16:39:46","modified_gmt":"2012-07-12T14:39:46","slug":"no-age-le-point-ephemere-paris-1er-novembre","status":"publish","type":"post","link":"https:\/\/www.wallendorff.com\/belogue\/2008\/11\/04\/no-age-le-point-ephemere-paris-1er-novembre\/","title":{"rendered":"No Age @ le Point \u00c9ph\u00e9m\u00e8re, Paris, 1<sup>er<\/sup> novembre."},"content":{"rendered":"<div id=\"photo\">\n<p><img decoding=\"async\" src=\"https:\/\/www.wallendorff.com\/belogue\/photo\/2008\/11\/20081104.jpg\" \/><\/p>\n<\/div>\n<div id=\"bandeson\">\n<p><img decoding=\"async\" src=\"https:\/\/www.wallendorff.com\/belogue\/photo\/pochettes\/m\/mooney_suzuki_the-cbgb.jpg\" align=\"left\" \/> <a href=\"http:\/\/themooneysuzuki.com\/\">The Mooney Suzuki<\/a> &ndash;<em> Half of my Heart<\/em> (live)<\/p>\n<\/div>\nngg_shortcode_0_placeholder\n","protected":false},"excerpt":{"rendered":"<p>The Mooney Suzuki &ndash; Half of my Heart (live) ngg_shortcode_1_placeholder<\/p>\n","protected":false},"author":1,"featured_media":25285,"comment_status":"open","ping_status":"open","sticky":false,"template":"","format":"standard","meta":{"_acf_changed":false,"ngg_post_thumbnail":0,"jetpack_post_was_ever_published":false,"_jetpack_newsletter_access":"","_jetpack_dont_email_post_to_subs":false,"_jetpack_newsletter_tier_id":0,"_jetpack_memberships_contains_paywalled_content":false,"_jetpack_memberships_contains_paid_content":false,"footnotes":"","jetpack_publicize_message":"","jetpack_publicize_feature_enabled":true,"jetpack_social_post_already_shared":false,"jetpack_social_options":{"image_generator_settings":{"template":"highway","default_image_id":0,"font":"","enabled":false},"version":2}},"categories":[7],"tags":[203,10267,10084,187,2574,10121,10302,2420,10098,198],"class_list":["post-3554","post","type-post","status-publish","format-standard","has-post-thumbnail","hentry","category-alive","tag-203","tag-10267","tag-alive","tag-eos-1d-mark-ii","tag-half-of-my-heart","tag-ile-de-france","tag-le-point-ephemere","tag-no-age","tag-paris","tag-the-mooney-suzuki"],"acf":[],"geo":{"latitude":48.8815308,"longitude":2.3685622,"description":"Quai de Valmy, 75010 Paris, France"},"jetpack_publicize_connections":[],"jetpack_featured_media_url":"https:\/\/www.wallendorff.com\/belogue\/wp-content\/uploads\/2015\/04\/200811041.jpg","jetpack_shortlink":"https:\/\/wp.me\/p3b35P-Vk","jetpack_sharing_enabled":true,"jetpack-related-posts":[{"id":4316,"url":"https:\/\/www.wallendorff.com\/belogue\/2009\/06\/21\/championnat-de-france-dair-guitar-2009-la-maroquinerie-paris\/","url_meta":{"origin":3554,"position":0},"title":"Championnat de France d&rsquo;Air Guitar 2009 @ la Maroquinerie, Paris.","author":"dpc","date":"21 juin 2009","format":false,"excerpt":"\u00a0 The Mooney Suzuki \u2013 Primitive Condition Et on f\u00e9licite chaudement Gunther Love et ses sauts p\u00e9rilleux de la mort, champions de France 2009.","rel":"","context":"Dans &quot;Alive&quot;","block_context":{"text":"Alive","link":"https:\/\/www.wallendorff.com\/belogue\/category\/alive\/"},"img":{"alt_text":"","src":"https:\/\/i0.wp.com\/www.wallendorff.com\/belogue\/wp-content\/uploads\/2015\/04\/200906211.jpg?resize=350%2C200&ssl=1","width":350,"height":200,"srcset":"https:\/\/i0.wp.com\/www.wallendorff.com\/belogue\/wp-content\/uploads\/2015\/04\/200906211.jpg?resize=350%2C200&ssl=1 1x, https:\/\/i0.wp.com\/www.wallendorff.com\/belogue\/wp-content\/uploads\/2015\/04\/200906211.jpg?resize=525%2C300&ssl=1 1.5x, https:\/\/i0.wp.com\/www.wallendorff.com\/belogue\/wp-content\/uploads\/2015\/04\/200906211.jpg?resize=700%2C400&ssl=1 2x"},"classes":[]},{"id":1104,"url":"https:\/\/www.wallendorff.com\/belogue\/2007\/12\/09\/previously-unreleased-75\/","url_meta":{"origin":3554,"position":1},"title":"Previously unreleased #75\u00b9.","author":"dpc","date":"9 d\u00e9cembre 2007","format":false,"excerpt":"I'm From Barcelona, le Z\u00e9nith, Paris, 12 novembre. \u00a0The Mooney Suzuki \u2013 Electric Sweat _____ 1 Tradition chouette from chez Juyette.","rel":"","context":"Dans &quot;Previously unreleased&quot;","block_context":{"text":"Previously unreleased","link":"https:\/\/www.wallendorff.com\/belogue\/category\/previously-unreleased\/"},"img":{"alt_text":"","src":"https:\/\/i0.wp.com\/www.wallendorff.com\/belogue\/wp-content\/uploads\/2015\/04\/200712091.jpg?resize=350%2C200&ssl=1","width":350,"height":200},"classes":[]},{"id":166,"url":"https:\/\/www.wallendorff.com\/belogue\/2006\/06\/05\/rue-meurt-court\/","url_meta":{"origin":3554,"position":2},"title":"Rue meurt, court.","author":"dpc","date":"5 juin 2006","format":false,"excerpt":"Rue Merc\u0153ur, Paris, 26 mai. Et happy Monday, hein. \u00a0The Mooney Suzuki \u2013 I Woke Up This Morning","rel":"","context":"Dans &quot;DPC&quot;","block_context":{"text":"DPC","link":"https:\/\/www.wallendorff.com\/belogue\/category\/dpc\/"},"img":{"alt_text":"","src":"https:\/\/i0.wp.com\/www.wallendorff.com\/belogue\/wp-content\/uploads\/2015\/04\/200606051.jpg?resize=350%2C200&ssl=1","width":350,"height":200},"classes":[]},{"id":1394,"url":"https:\/\/www.wallendorff.com\/belogue\/2008\/04\/27\/joie-2\/","url_meta":{"origin":3554,"position":3},"title":"Joie.","author":"dpc","date":"27 avril 2008","format":false,"excerpt":"Paris, 26 avril. Et de conclure cette Semaine Internationale du Classement Musical et son atelier-d\u00e9bat par l'acquisition de ces merveilles fort utiles. \u00a0The Mooney Suzuki \u2013 Sweet Susannah (Ghetto Recorders)","rel":"","context":"Dans &quot;DPC&quot;","block_context":{"text":"DPC","link":"https:\/\/www.wallendorff.com\/belogue\/category\/dpc\/"},"img":{"alt_text":"","src":"https:\/\/i0.wp.com\/www.wallendorff.com\/belogue\/wp-content\/uploads\/2015\/04\/200804271.jpg?resize=350%2C200&ssl=1","width":350,"height":200},"classes":[]},{"id":85,"url":"https:\/\/www.wallendorff.com\/belogue\/2006\/02\/22\/tien-voile-a-debout-daim\/","url_meta":{"origin":3554,"position":4},"title":"Tien : voile &agrave; debout daim.","author":"dpc","date":"22 f\u00e9vrier 2006","format":false,"excerpt":"Quai d'Orsay, Paris, 26 janvier, 19h27. Vu ce que j'ai caus\u00e9 hier, je dois bien avoir droit \u00e0 4 ou 5 notes sans texte dedans, maintenant, non\u00a0?. \u00a0The Mooney Suzuki \u2013 It's No Easy","rel":"","context":"Dans &quot;DPC&quot;","block_context":{"text":"DPC","link":"https:\/\/www.wallendorff.com\/belogue\/category\/dpc\/"},"img":{"alt_text":"","src":"https:\/\/i0.wp.com\/www.wallendorff.com\/belogue\/wp-content\/uploads\/2015\/04\/200602221.jpg?resize=350%2C200&ssl=1","width":350,"height":200},"classes":[]},{"id":32365,"url":"https:\/\/www.wallendorff.com\/belogue\/2016\/09\/30\/moi-je-le-point-ephemere-paris\/","url_meta":{"origin":3554,"position":5},"title":"Moi Je @ le Point \u00c9ph\u00e9m\u00e8re, Paris.","author":"dpc","date":"30 septembre 2016","format":false,"excerpt":"","rel":"","context":"Dans &quot;Alive&quot;","block_context":{"text":"Alive","link":"https:\/\/www.wallendorff.com\/belogue\/category\/alive\/"},"img":{"alt_text":"","src":"https:\/\/i0.wp.com\/www.wallendorff.com\/belogue\/wp-content\/uploads\/2016\/10\/20160930-05.jpg?resize=350%2C200&ssl=1","width":350,"height":200,"srcset":"https:\/\/i0.wp.com\/www.wallendorff.com\/belogue\/wp-content\/uploads\/2016\/10\/20160930-05.jpg?resize=350%2C200&ssl=1 1x, https:\/\/i0.wp.com\/www.wallendorff.com\/belogue\/wp-content\/uploads\/2016\/10\/20160930-05.jpg?resize=525%2C300&ssl=1 1.5x, https:\/\/i0.wp.com\/www.wallendorff.com\/belogue\/wp-content\/uploads\/2016\/10\/20160930-05.jpg?resize=700%2C400&ssl=1 2x"},"classes":[]}],"_links":{"self":[{"href":"https:\/\/www.wallendorff.com\/belogue\/wp-json\/wp\/v2\/posts\/3554","targetHints":{"allow":["GET"]}}],"collection":[{"href":"https:\/\/www.wallendorff.com\/belogue\/wp-json\/wp\/v2\/posts"}],"about":[{"href":"https:\/\/www.wallendorff.com\/belogue\/wp-json\/wp\/v2\/types\/post"}],"author":[{"embeddable":true,"href":"https:\/\/www.wallendorff.com\/belogue\/wp-json\/wp\/v2\/users\/1"}],"replies":[{"embeddable":true,"href":"https:\/\/www.wallendorff.com\/belogue\/wp-json\/wp\/v2\/comments?post=3554"}],"version-history":[{"count":3,"href":"https:\/\/www.wallendorff.com\/belogue\/wp-json\/wp\/v2\/posts\/3554\/revisions"}],"predecessor-version":[{"id":18197,"href":"https:\/\/www.wallendorff.com\/belogue\/wp-json\/wp\/v2\/posts\/3554\/revisions\/18197"}],"wp:featuredmedia":[{"embeddable":true,"href":"https:\/\/www.wallendorff.com\/belogue\/wp-json\/wp\/v2\/media\/25285"}],"wp:attachment":[{"href":"https:\/\/www.wallendorff.com\/belogue\/wp-json\/wp\/v2\/media?parent=3554"}],"wp:term":[{"taxonomy":"category","embeddable":true,"href":"https:\/\/www.wallendorff.com\/belogue\/wp-json\/wp\/v2\/categories?post=3554"},{"taxonomy":"post_tag","embeddable":true,"href":"https:\/\/www.wallendorff.com\/belogue\/wp-json\/wp\/v2\/tags?post=3554"}],"curies":[{"name":"wp","href":"https:\/\/api.w.org\/{rel}","templated":true}]}}