{"id":3543,"date":"2008-11-01T14:04:21","date_gmt":"2008-11-01T12:04:21","guid":{"rendered":"http:\/\/www.po-l.com\/belogue\/?p=3543"},"modified":"2012-04-04T15:13:16","modified_gmt":"2012-04-04T13:13:16","slug":"im-from-barcelona-le-bataclan-paris","status":"publish","type":"post","link":"https:\/\/www.wallendorff.com\/belogue\/2008\/11\/01\/im-from-barcelona-le-bataclan-paris\/","title":{"rendered":"I&rsquo;m From Barcelona @ le Bataclan, Paris."},"content":{"rendered":"<div id=\"photo\">\n<p><img decoding=\"async\" src=\"https:\/\/www.wallendorff.com\/belogue\/photo\/2008\/11\/20081101.jpg\" \/>\n<\/p>\n<\/div>\n<div id=\"bandeson\">\n<p><img decoding=\"async\" src=\"https:\/\/www.wallendorff.com\/belogue\/photo\/pochettes\/i\/im_from_barcelona-who_killed_harry_houdini.jpg\" align=\"left\" \/>&nbsp;<a href=\"http:\/\/www.imfrombarcelona.com\/\">I&rsquo;m From Barcelona<\/a> &ndash; <em>Paper Planes<\/em><\/p>\n<\/div>\n<p>Forc&eacute;ment, j&rsquo;attendais d&rsquo;eux une soir&eacute;e au moins aussi dingue que mon Halloween 2004 (<a href=\"https:\/\/www.wallendorff.com\/belogue\/2004\/11\/01\/ben-kweller-st-andrew-s-hall-detroit\/\">l&agrave;<\/a> et <a href=\"https:\/\/www.wallendorff.com\/belogue\/2005\/03\/28\/posting-pumpkins\/\">l&agrave;<\/a> aussi), mais personne ne se pointa d&eacute;guis&eacute; sur sc&egrave;ne. Faut dire aussi qu&rsquo;avec un tel budget confettis et ballons et 29 personnes &agrave; trimbaler en tourn&eacute;e, on doit r&eacute;duire le budget costumes. Pour le reste I&rsquo;m From Barcelona, tout contents de pour une fois vraiment venir de Barcelone &#8213;&nbsp;c&rsquo;&eacute;tait la date pr&eacute;c&eacute;dente&nbsp;&#8213;, fout le m&ecirc;me bordel qu&rsquo;au Z&eacute;nith de Bloc Party l&rsquo;ann&eacute;e derni&egrave;re, mais en plus vaste puisque cette fois-ci on leur a laiss&eacute; toute la place. Le Bataclan se laisse entra&icirc;ner sans h&eacute;siter, le set est une heure et demi de joyeuse kermesse o&ugrave; les morceaux insouciants du premier album se marient &eacute;trangement bien avec ceux plus graves du second. La salle finit en vaste champs de bataille arros&eacute; de ballon, I&rsquo;m From Barcelona se casse sur un <em>Barcelona Love You <\/em>&agrave; l&rsquo;atmosph&egrave;re toute Bisounours, revient avec <em>Treehouse<\/em>, <em>Jenny <\/em>et une version &eacute;tir&eacute;e de <em>Rufus <\/em>en rappel, termin&eacute;e &agrave; deux pendant que le reste du groupe resurgit au milieu de la salle (Arcade Fire &agrave; l&rsquo;Olympia sta&yuml;le) et renouvelle le concept de Concert &agrave; emporter en emportant carr&eacute;ment le concert jusque sur le trottoir du boulevard Voltaire, au pied de son tour bus. Nickel, l&eacute;ger mais musicalement incontestable, le concert promettait et il a tenu. Ce matin j&rsquo;en ai retrouv&eacute; des confettis dans mon t-shirt. Bon signe. <\/p>\n","protected":false},"excerpt":{"rendered":"<p>&nbsp;I&rsquo;m From Barcelona &ndash; Paper Planes Forc&eacute;ment, j&rsquo;attendais d&rsquo;eux une soir&eacute;e au moins aussi dingue que mon Halloween 2004 (l&agrave; et l&agrave; aussi), mais personne ne se pointa d&eacute;guis&eacute; sur sc&egrave;ne. Faut dire aussi qu&rsquo;avec un tel budget confettis et ballons et 29 personnes &agrave; trimbaler en tourn&eacute;e, on doit r&eacute;duire le budget costumes. Pour&hellip;<\/p>\n","protected":false},"author":1,"featured_media":25282,"comment_status":"open","ping_status":"open","sticky":false,"template":"","format":"standard","meta":{"_acf_changed":false,"ngg_post_thumbnail":0,"jetpack_post_was_ever_published":false,"_jetpack_newsletter_access":"","_jetpack_dont_email_post_to_subs":false,"_jetpack_newsletter_tier_id":0,"_jetpack_memberships_contains_paywalled_content":false,"_jetpack_memberships_contains_paid_content":false,"footnotes":"","jetpack_publicize_message":"","jetpack_publicize_feature_enabled":true,"jetpack_social_post_already_shared":false,"jetpack_social_options":{"image_generator_settings":{"template":"highway","default_image_id":0,"font":"","enabled":false},"version":2}},"categories":[7],"tags":[203,10183,10084,2571,187,10120,10431,10121,10332,2572,10098,4809],"class_list":["post-3543","post","type-post","status-publish","format-standard","has-post-thumbnail","hentry","category-alive","tag-203","tag-10183","tag-alive","tag-ef-16-35-mm-f28l-ii-usm","tag-eos-1d-mark-ii","tag-france","tag-im-from-barcelona","tag-ile-de-france","tag-le-bataclan","tag-paper-planes","tag-paris","tag-who-killed-harry-houdini"],"acf":[],"geo":{"latitude":48.8629417,"longitude":2.370445,"description":"1-15 Passage Saint-Pierre Amelot, 75011 Paris, France"},"jetpack_publicize_connections":[],"jetpack_featured_media_url":"https:\/\/www.wallendorff.com\/belogue\/wp-content\/uploads\/2015\/04\/200811011.jpg","jetpack_shortlink":"https:\/\/wp.me\/p3b35P-V9","jetpack_sharing_enabled":true,"jetpack-related-posts":[{"id":130445,"url":"https:\/\/www.wallendorff.com\/belogue\/2024\/08\/31\/flogging-molly-le-bataclan-paris-27-aout-2024\/","url_meta":{"origin":3543,"position":0},"title":"Flogging Molly @ le Bataclan, Paris, 27 ao\u00fbt 2024.","author":"dpc","date":"31 ao\u00fbt 2024","format":false,"excerpt":"Drunken Lullabies | The Hand of John L. Sullivan | Swagger | (Try) Keep the Man Down | Whistles the Wind | Life in a Tenement Square | A Song of Liberty | Tobacco Island | The Croppy Boy '98 | Float | Saints & Sinners | Rebels of the\u2026","rel":"","context":"Dans &quot;Alive&quot;","block_context":{"text":"Alive","link":"https:\/\/www.wallendorff.com\/belogue\/category\/alive\/"},"img":{"alt_text":"","src":"https:\/\/i0.wp.com\/www.wallendorff.com\/belogue\/wp-content\/uploads\/2024\/08\/20240830-26.jpg?resize=350%2C200&ssl=1","width":350,"height":200,"srcset":"https:\/\/i0.wp.com\/www.wallendorff.com\/belogue\/wp-content\/uploads\/2024\/08\/20240830-26.jpg?resize=350%2C200&ssl=1 1x, https:\/\/i0.wp.com\/www.wallendorff.com\/belogue\/wp-content\/uploads\/2024\/08\/20240830-26.jpg?resize=525%2C300&ssl=1 1.5x, https:\/\/i0.wp.com\/www.wallendorff.com\/belogue\/wp-content\/uploads\/2024\/08\/20240830-26.jpg?resize=700%2C400&ssl=1 2x, https:\/\/i0.wp.com\/www.wallendorff.com\/belogue\/wp-content\/uploads\/2024\/08\/20240830-26.jpg?resize=1050%2C600&ssl=1 3x"},"classes":[]},{"id":3551,"url":"https:\/\/www.wallendorff.com\/belogue\/2008\/11\/03\/im-from-barcelona-le-bataclan-paris-31-octobre\/","url_meta":{"origin":3543,"position":1},"title":"I&rsquo;m From Barcelona @ le Bataclan, Paris, 31 octobre.","author":"dpc","date":"3 novembre 2008","format":false,"excerpt":"Buckcherry \u2013 Dirty Mind [Gallery=12]","rel":"","context":"Dans &quot;Alive&quot;","block_context":{"text":"Alive","link":"https:\/\/www.wallendorff.com\/belogue\/category\/alive\/"},"img":{"alt_text":"","src":"https:\/\/i0.wp.com\/www.wallendorff.com\/belogue\/wp-content\/uploads\/2015\/04\/200811031.jpg?resize=350%2C200&ssl=1","width":350,"height":200,"srcset":"https:\/\/i0.wp.com\/www.wallendorff.com\/belogue\/wp-content\/uploads\/2015\/04\/200811031.jpg?resize=350%2C200&ssl=1 1x, https:\/\/i0.wp.com\/www.wallendorff.com\/belogue\/wp-content\/uploads\/2015\/04\/200811031.jpg?resize=525%2C300&ssl=1 1.5x, https:\/\/i0.wp.com\/www.wallendorff.com\/belogue\/wp-content\/uploads\/2015\/04\/200811031.jpg?resize=700%2C400&ssl=1 2x"},"classes":[]},{"id":134068,"url":"https:\/\/www.wallendorff.com\/belogue\/2025\/10\/16\/the-cat-empire-le-bataclan-paris-14-octobre-2025\/","url_meta":{"origin":3543,"position":2},"title":"The Cat Empire @ le Bataclan, Paris, 14 octobre 2025.","author":"dpc","date":"16 octobre 2025","format":false,"excerpt":"The Cat Empire @ le Bataclan, Paris, 14\/10\/2025 The Cat Empire @ le Bataclan, Paris, 14\/10\/2025 The Cat Empire @ le Bataclan, Paris, 14\/10\/2025 The Cat Empire @ le Bataclan, Paris, 14\/10\/2025 The Cat Empire @ le Bataclan, Paris, 14\/10\/2025 The Cat Empire @ le Bataclan, Paris, 14\/10\/2025 The Cat\u2026","rel":"","context":"Dans &quot;Alive&quot;","block_context":{"text":"Alive","link":"https:\/\/www.wallendorff.com\/belogue\/category\/alive\/"},"img":{"alt_text":"","src":"https:\/\/i0.wp.com\/www.wallendorff.com\/belogue\/wp-content\/uploads\/2025\/10\/20251016-12.jpg?resize=350%2C200&ssl=1","width":350,"height":200,"srcset":"https:\/\/i0.wp.com\/www.wallendorff.com\/belogue\/wp-content\/uploads\/2025\/10\/20251016-12.jpg?resize=350%2C200&ssl=1 1x, https:\/\/i0.wp.com\/www.wallendorff.com\/belogue\/wp-content\/uploads\/2025\/10\/20251016-12.jpg?resize=525%2C300&ssl=1 1.5x, https:\/\/i0.wp.com\/www.wallendorff.com\/belogue\/wp-content\/uploads\/2025\/10\/20251016-12.jpg?resize=700%2C400&ssl=1 2x, https:\/\/i0.wp.com\/www.wallendorff.com\/belogue\/wp-content\/uploads\/2025\/10\/20251016-12.jpg?resize=1050%2C600&ssl=1 3x"},"classes":[]},{"id":3721,"url":"https:\/\/www.wallendorff.com\/belogue\/2008\/12\/28\/2008en-3\/","url_meta":{"origin":3543,"position":3},"title":"2008 en&#8230; #3.","author":"dpc","date":"28 d\u00e9cembre 2008","format":false,"excerpt":"La Maroquinerie, Paris, 28 mai. pr\u00e9sentent 2008 en 10 soir\u00e9es qui tachent grave je te dis pas Je crois en avoir parl\u00e9 comme il fallait d\u00e8s le lendemain du concert. Ce 27 mai, la meute de damn\u00e9s de Flogging Molly a pris la Maroquinerie, l'a retourn\u00e9e et l'a secou\u00e9e sans\u2026","rel":"","context":"Dans &quot;DPC&quot;","block_context":{"text":"DPC","link":"https:\/\/www.wallendorff.com\/belogue\/category\/dpc\/"},"img":{"alt_text":"","src":"https:\/\/i0.wp.com\/www.wallendorff.com\/belogue\/wp-content\/uploads\/2015\/04\/200812281.jpg?resize=350%2C200&ssl=1","width":350,"height":200},"classes":[]},{"id":9772,"url":"https:\/\/www.wallendorff.com\/belogue\/2010\/11\/10\/the-black-keys-the-walkmen-le-bataclan-paris\/","url_meta":{"origin":3543,"position":4},"title":"The Black Keys + The Walkmen @ le Bataclan, Paris.","author":"dpc","date":"10 novembre 2010","format":false,"excerpt":"Thickfreakness | Girl Is on My Mind | 10\u00a0am Automatic | The Breaks | Stack Shot Billy | Busted | Act Nice and Gentle (The Kinks) | Everlasting Light | Next Girl | Chop and Change | Howlin' for You | She's Long Gone | Ten-Cent Pistol || I'll Be\u2026","rel":"","context":"Dans &quot;Alive&quot;","block_context":{"text":"Alive","link":"https:\/\/www.wallendorff.com\/belogue\/category\/alive\/"},"img":{"alt_text":"","src":"https:\/\/i0.wp.com\/www.wallendorff.com\/belogue\/wp-content\/uploads\/2015\/04\/201011101.jpg?resize=350%2C200&ssl=1","width":350,"height":200,"srcset":"https:\/\/i0.wp.com\/www.wallendorff.com\/belogue\/wp-content\/uploads\/2015\/04\/201011101.jpg?resize=350%2C200&ssl=1 1x, https:\/\/i0.wp.com\/www.wallendorff.com\/belogue\/wp-content\/uploads\/2015\/04\/201011101.jpg?resize=525%2C300&ssl=1 1.5x, https:\/\/i0.wp.com\/www.wallendorff.com\/belogue\/wp-content\/uploads\/2015\/04\/201011101.jpg?resize=700%2C400&ssl=1 2x"},"classes":[]},{"id":12546,"url":"https:\/\/www.wallendorff.com\/belogue\/2011\/04\/07\/the-kills-s-c-u-m-le-bataclan-paris\/","url_meta":{"origin":3543,"position":5},"title":"The Kills + S.C.U.M @ le Bataclan, Paris.","author":"dpc","date":"7 avril 2011","format":false,"excerpt":"No Wow | Future Starts Slow | Heart Is a Beating Drum | Kissy Kissy | U.R.A. Fever | DNA | Satellite | Tape Song | Baby Says | You Don't Own the Road | Sour Cherry || The Last Goodbye | Pots and Pans | Fried My Little Brains\u2026","rel":"","context":"Dans &quot;Alive&quot;","block_context":{"text":"Alive","link":"https:\/\/www.wallendorff.com\/belogue\/category\/alive\/"},"img":{"alt_text":"","src":"https:\/\/i0.wp.com\/www.wallendorff.com\/belogue\/wp-content\/uploads\/2015\/04\/201104071.jpg?resize=350%2C200&ssl=1","width":350,"height":200,"srcset":"https:\/\/i0.wp.com\/www.wallendorff.com\/belogue\/wp-content\/uploads\/2015\/04\/201104071.jpg?resize=350%2C200&ssl=1 1x, https:\/\/i0.wp.com\/www.wallendorff.com\/belogue\/wp-content\/uploads\/2015\/04\/201104071.jpg?resize=525%2C300&ssl=1 1.5x, https:\/\/i0.wp.com\/www.wallendorff.com\/belogue\/wp-content\/uploads\/2015\/04\/201104071.jpg?resize=700%2C400&ssl=1 2x"},"classes":[]}],"_links":{"self":[{"href":"https:\/\/www.wallendorff.com\/belogue\/wp-json\/wp\/v2\/posts\/3543","targetHints":{"allow":["GET"]}}],"collection":[{"href":"https:\/\/www.wallendorff.com\/belogue\/wp-json\/wp\/v2\/posts"}],"about":[{"href":"https:\/\/www.wallendorff.com\/belogue\/wp-json\/wp\/v2\/types\/post"}],"author":[{"embeddable":true,"href":"https:\/\/www.wallendorff.com\/belogue\/wp-json\/wp\/v2\/users\/1"}],"replies":[{"embeddable":true,"href":"https:\/\/www.wallendorff.com\/belogue\/wp-json\/wp\/v2\/comments?post=3543"}],"version-history":[{"count":3,"href":"https:\/\/www.wallendorff.com\/belogue\/wp-json\/wp\/v2\/posts\/3543\/revisions"}],"predecessor-version":[{"id":10702,"href":"https:\/\/www.wallendorff.com\/belogue\/wp-json\/wp\/v2\/posts\/3543\/revisions\/10702"}],"wp:featuredmedia":[{"embeddable":true,"href":"https:\/\/www.wallendorff.com\/belogue\/wp-json\/wp\/v2\/media\/25282"}],"wp:attachment":[{"href":"https:\/\/www.wallendorff.com\/belogue\/wp-json\/wp\/v2\/media?parent=3543"}],"wp:term":[{"taxonomy":"category","embeddable":true,"href":"https:\/\/www.wallendorff.com\/belogue\/wp-json\/wp\/v2\/categories?post=3543"},{"taxonomy":"post_tag","embeddable":true,"href":"https:\/\/www.wallendorff.com\/belogue\/wp-json\/wp\/v2\/tags?post=3543"}],"curies":[{"name":"wp","href":"https:\/\/api.w.org\/{rel}","templated":true}]}}