{"id":353,"date":"2005-06-05T01:37:28","date_gmt":"2005-06-05T01:37:28","guid":{"rendered":"http:\/\/www.po-l.com\/wordpress\/?p=353"},"modified":"2012-04-30T12:45:29","modified_gmt":"2012-04-30T10:45:29","slug":"monsieur-l-ascenceur-bonsoir","status":"publish","type":"post","link":"https:\/\/www.wallendorff.com\/belogue\/2005\/06\/05\/monsieur-l-ascenceur-bonsoir\/","title":{"rendered":"Monsieur l&rsquo;ascenseur, bonsoir."},"content":{"rendered":"\n<div id=\"photo\">\n<p><img decoding=\"async\" src=\"http:\/\/www.po-L.com\/belogue\/photo\/2005\/06\/20050605.jpg\" \/><br \/>\n          Impasse St-Jean, Metz, 27 mai.<\/p>\n<\/p><\/div>\n<p><strong><a href=\"http:\/\/www.20six.fr\/clic\/nextEntries\/nfgs7she3vxr\">Courtoisie<\/a><\/strong> n.f. (de <em>cour<\/em> et <em>toit<\/em>) Concept consistant &agrave; entrer dans une cour, lever le nez b&ecirc;tement en faisant quelques pas en tournant sur soi-m&ecirc;me, pour finalement prendre en photo des bouts de toits.<\/p>\n<p style=\"text-align:right\">[Le Secret Machines parce qu&rsquo;&agrave; chaque fois que je l&rsquo;entends,&nbsp;il me fait d&eacute;coller. Ce truc-l&agrave;, il est encore mieux que le LSD]<\/p>\n<p style=\"text-align:right\"><em>&quot;We communicate by semaphore,<br \/>\n        No language we&rsquo;ve got flags on our own.&quot;<\/em><\/p>\n<div id=\"bandeson\">\n<p><img decoding=\"async\" src=\"https:\/\/www.wallendorff.com\/belogue\/photo\/pochettes\/s\/secret_machines-now_here_is_nowhere.jpg\" align=\"left\" \/>&nbsp;<a href=\"http:\/\/www.thesecretmachines.com\/\">Secret Machines<\/a> &ndash; <em>The Road Leads Where It&rsquo;s Led<\/em><\/p>\n<\/div>\n","protected":false},"excerpt":{"rendered":"<p>Impasse St-Jean, Metz, 27 mai. Courtoisie n.f. (de cour et toit) Concept consistant &agrave; entrer dans une cour, lever le nez b&ecirc;tement en faisant quelques pas en tournant sur soi-m&ecirc;me, pour finalement prendre en photo des bouts de toits. [Le Secret Machines parce qu&rsquo;&agrave; chaque fois que je l&rsquo;entends,&nbsp;il me fait d&eacute;coller. Ce truc-l&agrave;, il&hellip;<\/p>\n","protected":false},"author":1,"featured_media":24293,"comment_status":"open","ping_status":"open","sticky":false,"template":"","format":"standard","meta":{"_acf_changed":false,"ngg_post_thumbnail":0,"jetpack_post_was_ever_published":false,"_jetpack_newsletter_access":"","_jetpack_dont_email_post_to_subs":false,"_jetpack_newsletter_tier_id":0,"_jetpack_memberships_contains_paywalled_content":false,"_jetpack_memberships_contains_paid_content":false,"footnotes":"","jetpack_publicize_message":"","jetpack_publicize_feature_enabled":true,"jetpack_social_post_already_shared":false,"jetpack_social_options":{"image_generator_settings":{"template":"highway","default_image_id":0,"font":"","enabled":false},"version":2}},"categories":[3],"tags":[737,155,132,10144,10246,10500,10120,1053,10175,10173,10174,587,1054],"class_list":["post-353","post","type-post","status-publish","format-standard","has-post-thumbnail","hentry","category-dpc","tag-bleu","tag-ef-s-18-55-mm-f35-56-ii","tag-eos-20d","tag-ciel","tag-contre-jour","tag-contre-plongee","tag-france","tag-impasse-saint-jean","tag-lorraine","tag-metz","tag-moselle","tag-secret-machines","tag-the-road-leads-where-its-led"],"acf":[],"geo":{"latitude":49.1194191,"longitude":6.1714921,"description":null},"jetpack_publicize_connections":[],"jetpack_featured_media_url":"https:\/\/www.wallendorff.com\/belogue\/wp-content\/uploads\/2015\/04\/200506051.jpg","jetpack_shortlink":"https:\/\/wp.me\/p3b35P-5H","jetpack_sharing_enabled":true,"jetpack-related-posts":[{"id":6,"url":"https:\/\/www.wallendorff.com\/belogue\/2006\/02\/01\/un-qu-on-tourne-a-bleu\/","url_meta":{"origin":353,"position":0},"title":"Un qu&rsquo;on tourne a bleu.","author":"dpc","date":"1 f\u00e9vrier 2006","format":false,"excerpt":"Impasse Saint-Jean, Metz, 15 janvier, 14h12. \u00c7a marche, l\u00e0, ou bien\u00a0? \u00a0Isobel Campbell & Mark Lanegan \u2013 It's Hard to Kill a Bad Thing","rel":"","context":"Dans &quot;DPC&quot;","block_context":{"text":"DPC","link":"https:\/\/www.wallendorff.com\/belogue\/category\/dpc\/"},"img":{"alt_text":"","src":"https:\/\/i0.wp.com\/www.wallendorff.com\/belogue\/wp-content\/uploads\/2015\/04\/200602011.jpg?resize=350%2C200&ssl=1","width":350,"height":200},"classes":[]},{"id":13381,"url":"https:\/\/www.wallendorff.com\/belogue\/2011\/10\/13\/vers-linfamie-et-odieux-la\/","url_meta":{"origin":353,"position":1},"title":"Vers l&rsquo;infamie [et odieux l\u00e0].","author":"dpc","date":"13 octobre 2011","format":false,"excerpt":"Impasse de Casteggio, Paris, 13 ao\u00fbt. The Vaccines \u2013 All in White[youtube]http:\/\/www.youtube.com\/watch?v=wbacaG7Zxiw[\/youtube]","rel":"","context":"Dans &quot;DPC&quot;","block_context":{"text":"DPC","link":"https:\/\/www.wallendorff.com\/belogue\/category\/dpc\/"},"img":{"alt_text":"","src":"https:\/\/i0.wp.com\/www.wallendorff.com\/belogue\/wp-content\/uploads\/2015\/04\/201110131.jpg?resize=350%2C200&ssl=1","width":350,"height":200},"classes":[]},{"id":433,"url":"https:\/\/www.wallendorff.com\/belogue\/2005\/03\/22\/allee-a-teutons\/","url_meta":{"origin":353,"position":2},"title":"All&eacute;e &agrave; Teutons.","author":"dpc","date":"22 mars 2005","format":false,"excerpt":"Porte des Allemands, Metz, 19 mars. \u00a0Secret Machines \u2013 First Wave Intact","rel":"","context":"Dans &quot;DPC&quot;","block_context":{"text":"DPC","link":"https:\/\/www.wallendorff.com\/belogue\/category\/dpc\/"},"img":{"alt_text":"","src":"https:\/\/i0.wp.com\/www.wallendorff.com\/belogue\/wp-content\/uploads\/2015\/04\/20050322-011.jpg?resize=350%2C200&ssl=1","width":350,"height":200},"classes":[]},{"id":282,"url":"https:\/\/www.wallendorff.com\/belogue\/2005\/11\/01\/hurle-uber-lu\/","url_meta":{"origin":353,"position":3},"title":"Hurle &uuml;ber-Lu&reg;&sup1;.","author":"dpc","date":"1 novembre 2005","format":false,"excerpt":"Cour du Commerce Saint-Andr\u00e9, Paris, 8 octobre. \"You are chains When you're chained With a chain\" [\u00c0 m\u00e9diter. Profond\u00e9ment.] \u00a0Secret Machines \u2013 You Are Chains [\"If you hadn't come here when you did I might still believe I was never in chains\"] _____ 1 C'est toujours pareil: tu cherches pendant\u2026","rel":"","context":"Dans &quot;DPC&quot;","block_context":{"text":"DPC","link":"https:\/\/www.wallendorff.com\/belogue\/category\/dpc\/"},"img":{"alt_text":"","src":"https:\/\/i0.wp.com\/www.wallendorff.com\/belogue\/wp-content\/uploads\/2015\/04\/200511011.jpg?resize=350%2C200&ssl=1","width":350,"height":200,"srcset":"https:\/\/i0.wp.com\/www.wallendorff.com\/belogue\/wp-content\/uploads\/2015\/04\/200511011.jpg?resize=350%2C200&ssl=1 1x, https:\/\/i0.wp.com\/www.wallendorff.com\/belogue\/wp-content\/uploads\/2015\/04\/200511011.jpg?resize=525%2C300&ssl=1 1.5x, https:\/\/i0.wp.com\/www.wallendorff.com\/belogue\/wp-content\/uploads\/2015\/04\/200511011.jpg?resize=700%2C400&ssl=1 2x"},"classes":[]},{"id":6419,"url":"https:\/\/www.wallendorff.com\/belogue\/2010\/02\/01\/ces-lieux-longs-de-clefs-ont-patres\/","url_meta":{"origin":353,"position":4},"title":"Ces lieux longs de clefs ont p\u00e2tres.","author":"dpc","date":"1 f\u00e9vrier 2010","format":false,"excerpt":"Mus\u00e9es de la Cour d'Or, Metz, 28 d\u00e9cembre 2009. \u00a0I'm from Barcelona \u2013 Silence (David Ljung) N'oubliez pas que ce truc-l\u00e0 continue jusqu'au 22 f\u00e9vrier, hein.","rel":"","context":"Dans &quot;DPC&quot;","block_context":{"text":"DPC","link":"https:\/\/www.wallendorff.com\/belogue\/category\/dpc\/"},"img":{"alt_text":"","src":"https:\/\/i0.wp.com\/www.wallendorff.com\/belogue\/wp-content\/uploads\/2015\/04\/201002011.jpg?resize=350%2C200&ssl=1","width":350,"height":200},"classes":[]},{"id":374,"url":"https:\/\/www.wallendorff.com\/belogue\/2005\/05\/14\/et-coin-et-coin-petite-pate-a-pain\/","url_meta":{"origin":353,"position":5},"title":"Et coin, et coin, petite p\u00e2te \u00e0 pain.","author":"dpc","date":"14 mai 2005","format":false,"excerpt":"Cour Carr\u00e9e, Paris, 3 mai. Messages personnels\u00a0: Either\u00a0: Il y a des coins-coins Cour Carr\u00e9e. Mais ils ne sortent que le soir, entre 18h22 et 18h31. C'est pour\u00a0cette raison\u00a0que tu ne les as jusque-l\u00e0 pas vu. J'ai pour ma part jou\u00e9 de chance. Cracotte\u00a0: Je sais que ce ne sont\u2026","rel":"","context":"Dans &quot;DPC&quot;","block_context":{"text":"DPC","link":"https:\/\/www.wallendorff.com\/belogue\/category\/dpc\/"},"img":{"alt_text":"","src":"https:\/\/i0.wp.com\/www.wallendorff.com\/belogue\/wp-content\/uploads\/2015\/04\/200505141.jpg?resize=350%2C200&ssl=1","width":350,"height":200},"classes":[]}],"_links":{"self":[{"href":"https:\/\/www.wallendorff.com\/belogue\/wp-json\/wp\/v2\/posts\/353","targetHints":{"allow":["GET"]}}],"collection":[{"href":"https:\/\/www.wallendorff.com\/belogue\/wp-json\/wp\/v2\/posts"}],"about":[{"href":"https:\/\/www.wallendorff.com\/belogue\/wp-json\/wp\/v2\/types\/post"}],"author":[{"embeddable":true,"href":"https:\/\/www.wallendorff.com\/belogue\/wp-json\/wp\/v2\/users\/1"}],"replies":[{"embeddable":true,"href":"https:\/\/www.wallendorff.com\/belogue\/wp-json\/wp\/v2\/comments?post=353"}],"version-history":[{"count":1,"href":"https:\/\/www.wallendorff.com\/belogue\/wp-json\/wp\/v2\/posts\/353\/revisions"}],"predecessor-version":[{"id":17096,"href":"https:\/\/www.wallendorff.com\/belogue\/wp-json\/wp\/v2\/posts\/353\/revisions\/17096"}],"wp:featuredmedia":[{"embeddable":true,"href":"https:\/\/www.wallendorff.com\/belogue\/wp-json\/wp\/v2\/media\/24293"}],"wp:attachment":[{"href":"https:\/\/www.wallendorff.com\/belogue\/wp-json\/wp\/v2\/media?parent=353"}],"wp:term":[{"taxonomy":"category","embeddable":true,"href":"https:\/\/www.wallendorff.com\/belogue\/wp-json\/wp\/v2\/categories?post=353"},{"taxonomy":"post_tag","embeddable":true,"href":"https:\/\/www.wallendorff.com\/belogue\/wp-json\/wp\/v2\/tags?post=353"}],"curies":[{"name":"wp","href":"https:\/\/api.w.org\/{rel}","templated":true}]}}