{"id":35268,"date":"2017-08-18T10:42:11","date_gmt":"2017-08-18T08:42:11","guid":{"rendered":"http:\/\/www.wallendorff.com\/belogue\/?p=35268"},"modified":"2017-08-18T10:43:49","modified_gmt":"2017-08-18T08:43:49","slug":"bleu","status":"publish","type":"post","link":"https:\/\/www.wallendorff.com\/belogue\/2017\/08\/18\/bleu\/","title":{"rendered":"Bleu."},"content":{"rendered":"\n<div id=\"photo\">\n<p><img decoding=\"async\" src=\"https:\/\/www.wallendorff.com\/belogue\/wp-content\/uploads\/2017\/08\/20170818.jpg\"><br \/>\nVol AF 1239, 21 mai.<\/p>\n<\/div>\n<p style=\"text-align: right\">Avant, quand on croisait un avion en vol, on trouvait qu&rsquo;il passait tr&egrave;s tr&egrave;s pr&egrave;s et on se demandait d&rsquo;o&ugrave; il pouvait venir et o&ugrave; il pouvait aller comme &ccedil;a.<\/p>\n<p style=\"text-align: right\">Aujourd&rsquo;hui, on a <a href=\"https:\/\/www.flightradar24.com\/\">Flight Radar 24<\/a> et on sait qu&rsquo;il s&rsquo;agissait d&rsquo;un Boeing 767 assurant le vol British Airways n<sup>o<\/sup> 663 entre Larnaca et Londres pass&eacute; &agrave; 2&nbsp;025 pieds au-dessus de nous &ndash;&nbsp;un chiffre tout &agrave; fait normal&nbsp;&ndash; &agrave; la vertical de Kommen, en Rh&eacute;nanie-Palatinat.<\/p>\n<p style=\"text-align: right\">C&rsquo;est bon &agrave; savoir, mais &ccedil;a casse peut-&ecirc;tre un peu la magie du truc.<\/p>\n<div id=\"bandeson\">\n<p><img decoding=\"async\" src=\"https:\/\/www.wallendorff.com\/belogue\/photo\/pochettes\/a\/avidan_asaf-different_pulses.jpg\" align=\"left\" \/><a style=\"font-weight:normal\" id=\"lienmp3\" href=\"http:\/\/www.youtube.com\/watch?v=i_EepunXAPo\"><em>613<\/em><\/a><br \/>\n<a href=\"http:\/\/www.asafavidanmusic.com\/\">Asaf Avidan<\/a><\/p>\n<\/div>\n","protected":false},"excerpt":{"rendered":"<p>Vol AF 1239, 21 mai. Avant, quand on croisait un avion en vol, on trouvait qu&rsquo;il passait tr&egrave;s tr&egrave;s pr&egrave;s et on se demandait d&rsquo;o&ugrave; il pouvait venir et o&ugrave; il pouvait aller comme &ccedil;a. Aujourd&rsquo;hui, on a Flight Radar 24 et on sait qu&rsquo;il s&rsquo;agissait d&rsquo;un Boeing 767 assurant le vol British Airways no&hellip;<\/p>\n","protected":false},"author":1,"featured_media":35269,"comment_status":"open","ping_status":"open","sticky":false,"template":"","format":"standard","meta":{"_acf_changed":false,"ngg_post_thumbnail":0,"jetpack_post_was_ever_published":false,"_jetpack_newsletter_access":"","_jetpack_dont_email_post_to_subs":false,"_jetpack_newsletter_tier_id":0,"_jetpack_memberships_contains_paywalled_content":false,"_jetpack_memberships_contains_paid_content":false,"footnotes":"","jetpack_publicize_message":"","jetpack_publicize_feature_enabled":true,"jetpack_social_post_already_shared":true,"jetpack_social_options":{"image_generator_settings":{"template":"highway","default_image_id":0,"font":"","enabled":false},"version":2}},"categories":[3],"tags":[7930,11910,10953,11246,10176,737,8170,8351,10144,10326,14069,14070],"class_list":["post-35268","post","type-post","status-publish","format-standard","has-post-thumbnail","hentry","category-dpc","tag-7930","tag-aile","tag-allemagne","tag-asaf-avidan","tag-avion","tag-bleu","tag-ef-24-70-mm-f2-8l-ii-usm","tag-eos-6d","tag-ciel","tag-crepuscule","tag-kommen","tag-rhenanie-palatinat"],"acf":[],"geo":{"latitude":49.8788033,"longitude":7.130127,"description":"Kommen, Rheinland-Pfalz, 54472, DE"},"jetpack_publicize_connections":[],"jetpack_featured_media_url":"https:\/\/www.wallendorff.com\/belogue\/wp-content\/uploads\/2017\/08\/20170818.jpg","jetpack_shortlink":"https:\/\/wp.me\/s3b35P-bleu","jetpack_sharing_enabled":true,"jetpack-related-posts":[{"id":135273,"url":"https:\/\/www.wallendorff.com\/belogue\/2026\/02\/12\/siege-28a-2\/","url_meta":{"origin":35268,"position":0},"title":"Si\u00e8ge 28A.","author":"dpc","date":"12 f\u00e9vrier 2026","format":false,"excerpt":"","rel":"","context":"Dans &quot;DPC&quot;","block_context":{"text":"DPC","link":"https:\/\/www.wallendorff.com\/belogue\/category\/dpc\/"},"img":{"alt_text":"","src":"https:\/\/i0.wp.com\/www.wallendorff.com\/belogue\/wp-content\/uploads\/2026\/02\/20260212-02.jpg?resize=350%2C200&ssl=1","width":350,"height":200,"srcset":"https:\/\/i0.wp.com\/www.wallendorff.com\/belogue\/wp-content\/uploads\/2026\/02\/20260212-02.jpg?resize=350%2C200&ssl=1 1x, https:\/\/i0.wp.com\/www.wallendorff.com\/belogue\/wp-content\/uploads\/2026\/02\/20260212-02.jpg?resize=525%2C300&ssl=1 1.5x, https:\/\/i0.wp.com\/www.wallendorff.com\/belogue\/wp-content\/uploads\/2026\/02\/20260212-02.jpg?resize=700%2C400&ssl=1 2x, https:\/\/i0.wp.com\/www.wallendorff.com\/belogue\/wp-content\/uploads\/2026\/02\/20260212-02.jpg?resize=1050%2C600&ssl=1 3x"},"classes":[]},{"id":42225,"url":"https:\/\/www.wallendorff.com\/belogue\/2019\/06\/30\/juin-2019\/","url_meta":{"origin":35268,"position":1},"title":"Juin 2019.","author":"dpc","date":"30 juin 2019","format":false,"excerpt":"Un th\u00e9 glac\u00e9, un train, un au-revoir, un clocher, un train, un mariage, une montagne, une colonne, un orage, un parking, un chat pr\u00e9nomm\u00e9 Potiron, un bar, des travaux, une ruelle, une porte, des mamies, un m\u00e9tro, un avion, un rayon de soleil vu d'en haut, une grosse grosse poule,\u2026","rel":"","context":"Dans &quot;Blog-note&quot;","block_context":{"text":"Blog-note","link":"https:\/\/www.wallendorff.com\/belogue\/category\/blog-note\/"},"img":{"alt_text":"","src":"https:\/\/i0.wp.com\/www.wallendorff.com\/belogue\/wp-content\/uploads\/2019\/07\/20190704-09.jpg?resize=350%2C200&ssl=1","width":350,"height":200,"srcset":"https:\/\/i0.wp.com\/www.wallendorff.com\/belogue\/wp-content\/uploads\/2019\/07\/20190704-09.jpg?resize=350%2C200&ssl=1 1x, https:\/\/i0.wp.com\/www.wallendorff.com\/belogue\/wp-content\/uploads\/2019\/07\/20190704-09.jpg?resize=525%2C300&ssl=1 1.5x, https:\/\/i0.wp.com\/www.wallendorff.com\/belogue\/wp-content\/uploads\/2019\/07\/20190704-09.jpg?resize=700%2C400&ssl=1 2x, https:\/\/i0.wp.com\/www.wallendorff.com\/belogue\/wp-content\/uploads\/2019\/07\/20190704-09.jpg?resize=1050%2C600&ssl=1 3x"},"classes":[]},{"id":288,"url":"https:\/\/www.wallendorff.com\/belogue\/2005\/08\/18\/laissez-un-message-apres-le-bip\/","url_meta":{"origin":35268,"position":2},"title":"Laissez un message apr&egrave;s le bip.","author":"dpc","date":"18 ao\u00fbt 2005","format":false,"excerpt":"Onhaye, 14 ao\u00fbt. [Je reconnais qu'il est super-bal\u00e8ze de se poser l\u00e0.] D'accord, je triche. Normalement, une note, \u00e7a se pose pas en avance. Mais le fait est que je n'aurai pas acc\u00e8s au tuyau avant de partir demain matin, et que je voulais finir sur une belle note, avec\u2026","rel":"","context":"Dans &quot;DPC&quot;","block_context":{"text":"DPC","link":"https:\/\/www.wallendorff.com\/belogue\/category\/dpc\/"},"img":{"alt_text":"","src":"https:\/\/i0.wp.com\/www.wallendorff.com\/belogue\/wp-content\/uploads\/2015\/04\/200508181.jpg?resize=350%2C200&ssl=1","width":350,"height":200},"classes":[]},{"id":7160,"url":"https:\/\/www.wallendorff.com\/belogue\/2010\/03\/11\/quhisse-heure-sans-bleu-casse-amble\/","url_meta":{"origin":35268,"position":3},"title":"Qu&rsquo;hisse heure sans bleu, casse amble.","author":"dpc","date":"11 mars 2010","format":false,"excerpt":"Station Grands Boulevards, Paris, 7 f\u00e9vrier. J'\u00e9tais parti pour mettre une photo de b\u00e9b\u00e9 trop choupi en train de faire des poutoux \u00e0 un chaton tout mignon qu'a m\u00eame pas encore ouvert les yeux tellement qu'il est trop beau mais vient un moment o\u00f9 il faut arr\u00eater les conneries et\u2026","rel":"","context":"Dans &quot;DPC&quot;","block_context":{"text":"DPC","link":"https:\/\/www.wallendorff.com\/belogue\/category\/dpc\/"},"img":{"alt_text":"","src":"https:\/\/i0.wp.com\/www.wallendorff.com\/belogue\/wp-content\/uploads\/2015\/04\/201003111.jpg?resize=350%2C200&ssl=1","width":350,"height":200},"classes":[]},{"id":35248,"url":"https:\/\/www.wallendorff.com\/belogue\/2017\/08\/04\/into-the-wide-104\/","url_meta":{"origin":35268,"position":4},"title":"Into the wide #104.","author":"dpc","date":"4 ao\u00fbt 2017","format":false,"excerpt":"Pont Hohenzollern, Cologne, 13 mai. Green Light Lorde","rel":"","context":"Dans &quot;Into the wide&quot;","block_context":{"text":"Into the wide","link":"https:\/\/www.wallendorff.com\/belogue\/category\/into-the-wide\/"},"img":{"alt_text":"","src":"https:\/\/i0.wp.com\/www.wallendorff.com\/belogue\/wp-content\/uploads\/2017\/08\/20170804.jpg?resize=350%2C200&ssl=1","width":350,"height":200,"srcset":"https:\/\/i0.wp.com\/www.wallendorff.com\/belogue\/wp-content\/uploads\/2017\/08\/20170804.jpg?resize=350%2C200&ssl=1 1x, https:\/\/i0.wp.com\/www.wallendorff.com\/belogue\/wp-content\/uploads\/2017\/08\/20170804.jpg?resize=525%2C300&ssl=1 1.5x, https:\/\/i0.wp.com\/www.wallendorff.com\/belogue\/wp-content\/uploads\/2017\/08\/20170804.jpg?resize=700%2C400&ssl=1 2x"},"classes":[]},{"id":30748,"url":"https:\/\/www.wallendorff.com\/belogue\/2016\/04\/19\/dehors-de-or\/","url_meta":{"origin":35268,"position":5},"title":"Dehors [de or].","author":"dpc","date":"19 avril 2016","format":false,"excerpt":"Arriv\u00e9e \u00e0 Vienne, vol AF1238, 12 f\u00e9vrier. Je choisis rarement en guise de bande-son le morceau que j'\u00e9coutais au moment de prendre la photo du jour. Celui-ci convenait tellement qu'il s'est impos\u00e9 de lui-m\u00eame. A Song for the Lovers Richard Ashcroft","rel":"","context":"Dans &quot;DPC&quot;","block_context":{"text":"DPC","link":"https:\/\/www.wallendorff.com\/belogue\/category\/dpc\/"},"img":{"alt_text":"","src":"https:\/\/i0.wp.com\/www.wallendorff.com\/belogue\/wp-content\/uploads\/2016\/04\/20160419.jpg?resize=350%2C200&ssl=1","width":350,"height":200,"srcset":"https:\/\/i0.wp.com\/www.wallendorff.com\/belogue\/wp-content\/uploads\/2016\/04\/20160419.jpg?resize=350%2C200&ssl=1 1x, https:\/\/i0.wp.com\/www.wallendorff.com\/belogue\/wp-content\/uploads\/2016\/04\/20160419.jpg?resize=525%2C300&ssl=1 1.5x, https:\/\/i0.wp.com\/www.wallendorff.com\/belogue\/wp-content\/uploads\/2016\/04\/20160419.jpg?resize=700%2C400&ssl=1 2x"},"classes":[]}],"_links":{"self":[{"href":"https:\/\/www.wallendorff.com\/belogue\/wp-json\/wp\/v2\/posts\/35268","targetHints":{"allow":["GET"]}}],"collection":[{"href":"https:\/\/www.wallendorff.com\/belogue\/wp-json\/wp\/v2\/posts"}],"about":[{"href":"https:\/\/www.wallendorff.com\/belogue\/wp-json\/wp\/v2\/types\/post"}],"author":[{"embeddable":true,"href":"https:\/\/www.wallendorff.com\/belogue\/wp-json\/wp\/v2\/users\/1"}],"replies":[{"embeddable":true,"href":"https:\/\/www.wallendorff.com\/belogue\/wp-json\/wp\/v2\/comments?post=35268"}],"version-history":[{"count":5,"href":"https:\/\/www.wallendorff.com\/belogue\/wp-json\/wp\/v2\/posts\/35268\/revisions"}],"predecessor-version":[{"id":35274,"href":"https:\/\/www.wallendorff.com\/belogue\/wp-json\/wp\/v2\/posts\/35268\/revisions\/35274"}],"wp:featuredmedia":[{"embeddable":true,"href":"https:\/\/www.wallendorff.com\/belogue\/wp-json\/wp\/v2\/media\/35269"}],"wp:attachment":[{"href":"https:\/\/www.wallendorff.com\/belogue\/wp-json\/wp\/v2\/media?parent=35268"}],"wp:term":[{"taxonomy":"category","embeddable":true,"href":"https:\/\/www.wallendorff.com\/belogue\/wp-json\/wp\/v2\/categories?post=35268"},{"taxonomy":"post_tag","embeddable":true,"href":"https:\/\/www.wallendorff.com\/belogue\/wp-json\/wp\/v2\/tags?post=35268"}],"curies":[{"name":"wp","href":"https:\/\/api.w.org\/{rel}","templated":true}]}}