{"id":35263,"date":"2017-08-14T13:55:36","date_gmt":"2017-08-14T11:55:36","guid":{"rendered":"http:\/\/www.wallendorff.com\/belogue\/?p=35263"},"modified":"2017-12-25T20:26:59","modified_gmt":"2017-12-25T18:26:59","slug":"35263","status":"publish","type":"post","link":"https:\/\/www.wallendorff.com\/belogue\/2017\/08\/14\/35263\/","title":{"rendered":"Into the wide #105."},"content":{"rendered":"<div id=\"photo\">\n<p><img decoding=\"async\" src=\"https:\/\/www.wallendorff.com\/belogue\/wp-content\/uploads\/2017\/08\/20170814.jpg\"><br \/>Maria-Theresien-Platz, Vienne, 20 mai.<\/p>\n<\/div>\n<div id=\"bandeson\">\n<p><img decoding=\"async\" src=\"https:\/\/www.wallendorff.com\/belogue\/photo\/pochettes\/a\/auerbach_dan-waiting_on_a_song.jpg\" align=\"left\"><a id=\"lienmp3\" style=\"font-weight: normal;\" href=\"http:\/\/www.youtube.com\/watch?v=pDoufWQns1c\"><em>Waiting on a Song<\/em><\/a><br \/><a href=\"#\">Dan Auerbach<\/a><\/p>\n<\/div>\n","protected":false},"excerpt":{"rendered":"<p>Maria-Theresien-Platz, Vienne, 20 mai. Waiting on a SongDan Auerbach<\/p>\n","protected":false},"author":1,"featured_media":35264,"comment_status":"open","ping_status":"open","sticky":false,"template":"","format":"standard","meta":{"_acf_changed":false,"ngg_post_thumbnail":0,"jetpack_post_was_ever_published":false,"_jetpack_newsletter_access":"","_jetpack_dont_email_post_to_subs":false,"_jetpack_newsletter_tier_id":0,"_jetpack_memberships_contains_paywalled_content":false,"_jetpack_memberships_contains_paid_content":false,"footnotes":"","jetpack_publicize_message":"","jetpack_publicize_feature_enabled":true,"jetpack_social_post_already_shared":true,"jetpack_social_options":{"image_generator_settings":{"template":"highway","default_image_id":0,"font":"","enabled":false},"version":2}},"categories":[7356],"tags":[12059,8170,8351,10326,10511,8901,9490,14066,14067,11323,10592,12060,14068,14397],"class_list":["post-35263","post","type-post","status-publish","format-standard","has-post-thumbnail","hentry","category-into-the-wide","tag-autriche","tag-ef-24-70-mm-f2-8l-ii-usm","tag-eos-6d","tag-crepuscule","tag-dan-auerbach","tag-innere-stadt","tag-maria-theresien-platz","tag-musee-dhistoire-de-lart-de-vienne","tag-musee-dhistoire-naturelle-de-vienne","tag-panoramique","tag-pose-longue","tag-vienne","tag-waiting-on-a-song","tag-waiting-on-a-song-album"],"acf":[],"geo":{"latitude":48.2046928,"longitude":16.361721,"description":"Wien, Innere Stadt, Wien, 1010, AT"},"jetpack_publicize_connections":[],"jetpack_featured_media_url":"https:\/\/www.wallendorff.com\/belogue\/wp-content\/uploads\/2017\/08\/20170814.jpg","jetpack_shortlink":"https:\/\/wp.me\/s3b35P-35263","jetpack_sharing_enabled":true,"jetpack-related-posts":[{"id":38199,"url":"https:\/\/www.wallendorff.com\/belogue\/2018\/05\/21\/contre-plongee-no-1-403\/","url_meta":{"origin":35263,"position":0},"title":"Contre-plong\u00e9e no 1&nbsp;403.","author":"dpc","date":"21 mai 2018","format":false,"excerpt":"Mus\u00e9um d'histoire naturelle, Vienne, 17 mars. Everybody Wants to Be Famous Superorganism","rel":"","context":"Dans &quot;DPC&quot;","block_context":{"text":"DPC","link":"https:\/\/www.wallendorff.com\/belogue\/category\/dpc\/"},"img":{"alt_text":"","src":"https:\/\/i0.wp.com\/www.wallendorff.com\/belogue\/wp-content\/uploads\/2018\/05\/20180521.jpg?resize=350%2C200&ssl=1","width":350,"height":200,"srcset":"https:\/\/i0.wp.com\/www.wallendorff.com\/belogue\/wp-content\/uploads\/2018\/05\/20180521.jpg?resize=350%2C200&ssl=1 1x, https:\/\/i0.wp.com\/www.wallendorff.com\/belogue\/wp-content\/uploads\/2018\/05\/20180521.jpg?resize=525%2C300&ssl=1 1.5x, https:\/\/i0.wp.com\/www.wallendorff.com\/belogue\/wp-content\/uploads\/2018\/05\/20180521.jpg?resize=700%2C400&ssl=1 2x"},"classes":[]},{"id":38158,"url":"https:\/\/www.wallendorff.com\/belogue\/2018\/05\/16\/a-bout-cimes-belent\/","url_meta":{"origin":35263,"position":1},"title":"\u00c0 bout, cimes b\u00ealent.","author":"dpc","date":"16 mai 2018","format":false,"excerpt":"Mus\u00e9um d'histoire naturelle, Vienne, 17 mars. I Won't Come Back J.C. Sat\u00e0n","rel":"","context":"Dans &quot;DPC&quot;","block_context":{"text":"DPC","link":"https:\/\/www.wallendorff.com\/belogue\/category\/dpc\/"},"img":{"alt_text":"Mus\u00e9um d'histoire naturelle, Vienne, 17 mars.","src":"https:\/\/i0.wp.com\/www.wallendorff.com\/belogue\/wp-content\/uploads\/2018\/05\/20180516.jpg?resize=350%2C200&ssl=1","width":350,"height":200,"srcset":"https:\/\/i0.wp.com\/www.wallendorff.com\/belogue\/wp-content\/uploads\/2018\/05\/20180516.jpg?resize=350%2C200&ssl=1 1x, https:\/\/i0.wp.com\/www.wallendorff.com\/belogue\/wp-content\/uploads\/2018\/05\/20180516.jpg?resize=525%2C300&ssl=1 1.5x, https:\/\/i0.wp.com\/www.wallendorff.com\/belogue\/wp-content\/uploads\/2018\/05\/20180516.jpg?resize=700%2C400&ssl=1 2x"},"classes":[]},{"id":23929,"url":"https:\/\/www.wallendorff.com\/belogue\/2015\/03\/31\/into-the-wide-43\/","url_meta":{"origin":35263,"position":2},"title":"Into the wide #43.","author":"dpc","date":"31 mars 2015","format":false,"excerpt":"Maria-Theresien-Platz, Vienne, 21 f\u00e9vrier. En plus grand sur 500px, si jamais. Carolina Low The Decemberists","rel":"","context":"Dans &quot;Into the wide&quot;","block_context":{"text":"Into the wide","link":"https:\/\/www.wallendorff.com\/belogue\/category\/into-the-wide\/"},"img":{"alt_text":"","src":"https:\/\/i0.wp.com\/www.wallendorff.com\/belogue\/wp-content\/uploads\/2015\/04\/201503311.jpg?resize=350%2C200&ssl=1","width":350,"height":200,"srcset":"https:\/\/i0.wp.com\/www.wallendorff.com\/belogue\/wp-content\/uploads\/2015\/04\/201503311.jpg?resize=350%2C200&ssl=1 1x, https:\/\/i0.wp.com\/www.wallendorff.com\/belogue\/wp-content\/uploads\/2015\/04\/201503311.jpg?resize=525%2C300&ssl=1 1.5x, https:\/\/i0.wp.com\/www.wallendorff.com\/belogue\/wp-content\/uploads\/2015\/04\/201503311.jpg?resize=700%2C400&ssl=1 2x, https:\/\/i0.wp.com\/www.wallendorff.com\/belogue\/wp-content\/uploads\/2015\/04\/201503311.jpg?resize=1050%2C600&ssl=1 3x"},"classes":[]},{"id":49685,"url":"https:\/\/www.wallendorff.com\/belogue\/2021\/09\/29\/servus-wien-4\/","url_meta":{"origin":35263,"position":3},"title":"Servus Wien.","author":"dpc","date":"29 septembre 2021","format":false,"excerpt":"","rel":"","context":"Dans &quot;DPC&quot;","block_context":{"text":"DPC","link":"https:\/\/www.wallendorff.com\/belogue\/category\/dpc\/"},"img":{"alt_text":"","src":"https:\/\/i0.wp.com\/www.wallendorff.com\/belogue\/wp-content\/uploads\/2021\/09\/20210930-31.jpg?resize=350%2C200&ssl=1","width":350,"height":200,"srcset":"https:\/\/i0.wp.com\/www.wallendorff.com\/belogue\/wp-content\/uploads\/2021\/09\/20210930-31.jpg?resize=350%2C200&ssl=1 1x, https:\/\/i0.wp.com\/www.wallendorff.com\/belogue\/wp-content\/uploads\/2021\/09\/20210930-31.jpg?resize=525%2C300&ssl=1 1.5x, https:\/\/i0.wp.com\/www.wallendorff.com\/belogue\/wp-content\/uploads\/2021\/09\/20210930-31.jpg?resize=700%2C400&ssl=1 2x, https:\/\/i0.wp.com\/www.wallendorff.com\/belogue\/wp-content\/uploads\/2021\/09\/20210930-31.jpg?resize=1050%2C600&ssl=1 3x"},"classes":[]},{"id":30818,"url":"https:\/\/www.wallendorff.com\/belogue\/2016\/04\/27\/spiegel-spiegel\/","url_meta":{"origin":35263,"position":4},"title":"Spiegel Spiegel.","author":"dpc","date":"27 avril 2016","format":false,"excerpt":"He\u00dfgasse et Maria-Theresien-Stra\u00dfe, Vienne, 13 f\u00e9vrier. The Delete DMA's","rel":"","context":"Dans &quot;DPC&quot;","block_context":{"text":"DPC","link":"https:\/\/www.wallendorff.com\/belogue\/category\/dpc\/"},"img":{"alt_text":"","src":"https:\/\/i0.wp.com\/www.wallendorff.com\/belogue\/wp-content\/uploads\/2016\/04\/20160427.jpg?resize=350%2C200&ssl=1","width":350,"height":200,"srcset":"https:\/\/i0.wp.com\/www.wallendorff.com\/belogue\/wp-content\/uploads\/2016\/04\/20160427.jpg?resize=350%2C200&ssl=1 1x, https:\/\/i0.wp.com\/www.wallendorff.com\/belogue\/wp-content\/uploads\/2016\/04\/20160427.jpg?resize=525%2C300&ssl=1 1.5x"},"classes":[]},{"id":63880,"url":"https:\/\/www.wallendorff.com\/belogue\/2023\/02\/04\/frohe-weihnachten-wien-i\/","url_meta":{"origin":35263,"position":5},"title":"Frohe Weihnachten Wien [I].","author":"dpc","date":"4 f\u00e9vrier 2023","format":false,"excerpt":"","rel":"","context":"Dans &quot;DPC&quot;","block_context":{"text":"DPC","link":"https:\/\/www.wallendorff.com\/belogue\/category\/dpc\/"},"img":{"alt_text":"","src":"https:\/\/i0.wp.com\/www.wallendorff.com\/belogue\/wp-content\/uploads\/2023\/02\/20230204-20.jpg?resize=350%2C200&ssl=1","width":350,"height":200,"srcset":"https:\/\/i0.wp.com\/www.wallendorff.com\/belogue\/wp-content\/uploads\/2023\/02\/20230204-20.jpg?resize=350%2C200&ssl=1 1x, https:\/\/i0.wp.com\/www.wallendorff.com\/belogue\/wp-content\/uploads\/2023\/02\/20230204-20.jpg?resize=525%2C300&ssl=1 1.5x, https:\/\/i0.wp.com\/www.wallendorff.com\/belogue\/wp-content\/uploads\/2023\/02\/20230204-20.jpg?resize=700%2C400&ssl=1 2x, https:\/\/i0.wp.com\/www.wallendorff.com\/belogue\/wp-content\/uploads\/2023\/02\/20230204-20.jpg?resize=1050%2C600&ssl=1 3x"},"classes":[]}],"_links":{"self":[{"href":"https:\/\/www.wallendorff.com\/belogue\/wp-json\/wp\/v2\/posts\/35263","targetHints":{"allow":["GET"]}}],"collection":[{"href":"https:\/\/www.wallendorff.com\/belogue\/wp-json\/wp\/v2\/posts"}],"about":[{"href":"https:\/\/www.wallendorff.com\/belogue\/wp-json\/wp\/v2\/types\/post"}],"author":[{"embeddable":true,"href":"https:\/\/www.wallendorff.com\/belogue\/wp-json\/wp\/v2\/users\/1"}],"replies":[{"embeddable":true,"href":"https:\/\/www.wallendorff.com\/belogue\/wp-json\/wp\/v2\/comments?post=35263"}],"version-history":[{"count":3,"href":"https:\/\/www.wallendorff.com\/belogue\/wp-json\/wp\/v2\/posts\/35263\/revisions"}],"predecessor-version":[{"id":35267,"href":"https:\/\/www.wallendorff.com\/belogue\/wp-json\/wp\/v2\/posts\/35263\/revisions\/35267"}],"wp:featuredmedia":[{"embeddable":true,"href":"https:\/\/www.wallendorff.com\/belogue\/wp-json\/wp\/v2\/media\/35264"}],"wp:attachment":[{"href":"https:\/\/www.wallendorff.com\/belogue\/wp-json\/wp\/v2\/media?parent=35263"}],"wp:term":[{"taxonomy":"category","embeddable":true,"href":"https:\/\/www.wallendorff.com\/belogue\/wp-json\/wp\/v2\/categories?post=35263"},{"taxonomy":"post_tag","embeddable":true,"href":"https:\/\/www.wallendorff.com\/belogue\/wp-json\/wp\/v2\/tags?post=35263"}],"curies":[{"name":"wp","href":"https:\/\/api.w.org\/{rel}","templated":true}]}}