{"id":35253,"date":"2017-08-07T10:40:50","date_gmt":"2017-08-07T08:40:50","guid":{"rendered":"http:\/\/www.wallendorff.com\/belogue\/?p=35253"},"modified":"2017-12-25T20:45:57","modified_gmt":"2017-12-25T18:45:57","slug":"transept-de-le-matin","status":"publish","type":"post","link":"https:\/\/www.wallendorff.com\/belogue\/2017\/08\/07\/transept-de-le-matin\/","title":{"rendered":"Transept de le matin."},"content":{"rendered":"\n<div id=\"photo\">\n<p><img decoding=\"async\" src=\"https:\/\/www.wallendorff.com\/belogue\/wp-content\/uploads\/2017\/08\/20170807.jpg\"><br \/>\nHaute \u00e9glise cath\u00e9drale Saint-Pierre, Cologne, 14 mai.<\/p>\n<\/p><\/div>\n<div id=\"bandeson\">\n<p><img decoding=\"async\" src=\"https:\/\/www.wallendorff.com\/belogue\/photo\/pochettes\/k\/kasabian-for_crying_out_loud.jpg\" align=\"left\" \/><a style=\"font-weight:normal\" id=\"lienmp3\" href=\"http:\/\/www.youtube.com\/watch?v=wQzT8DGhDUo\"><em>Put Your Life on It<\/em><\/a><br \/>\n<a href=\"http:\/\/www.kasabian.co.uk\">Kasabian<\/a><\/p>\n<\/div>\n","protected":false},"excerpt":{"rendered":"<p>Haute \u00e9glise cath\u00e9drale Saint-Pierre, Cologne, 14 mai. Put Your Life on It Kasabian<\/p>\n","protected":false},"author":1,"featured_media":35254,"comment_status":"open","ping_status":"open","sticky":false,"template":"","format":"standard","meta":{"_acf_changed":false,"ngg_post_thumbnail":0,"jetpack_post_was_ever_published":false,"_jetpack_newsletter_access":"","_jetpack_dont_email_post_to_subs":false,"_jetpack_newsletter_tier_id":0,"_jetpack_memberships_contains_paywalled_content":false,"_jetpack_memberships_contains_paid_content":false,"footnotes":"","jetpack_publicize_message":"","jetpack_publicize_feature_enabled":true,"jetpack_social_post_already_shared":true,"jetpack_social_options":{"image_generator_settings":{"template":"highway","default_image_id":0,"font":"","enabled":false},"version":2}},"categories":[3],"tags":[10953,8351,10743,13822,10500,7559,13829,10238,14403,13848,10241,7052,14063,13896,8243,11364,10261],"class_list":["post-35253","post","type-post","status-publish","format-standard","has-post-thumbnail","hentry","category-dpc","tag-allemagne","tag-eos-6d","tag-cathedrale","tag-cologne","tag-contre-plongee","tag-croisee-du-transept","tag-district-de-cologne","tag-eglise","tag-for-crying-out-loud","tag-haute-eglise-cathedrale-saint-pierre","tag-kasabian","tag-nef","tag-put-your-life-on-it","tag-rhenanie-du-nord-westphalie","tag-sigma-15-mm-f2-8-ex-dg-diagonal-fish-eye","tag-transept","tag-voute"],"acf":[],"geo":{"latitude":50.9413757,"longitude":6.957972,"description":"K\u00f6ln, Nordrhein-Westfalen, 50667, DE"},"jetpack_publicize_connections":[],"jetpack_featured_media_url":"https:\/\/www.wallendorff.com\/belogue\/wp-content\/uploads\/2017\/08\/20170807.jpg","jetpack_shortlink":"https:\/\/wp.me\/p3b35P-9aB","jetpack_sharing_enabled":true,"jetpack-related-posts":[{"id":124132,"url":"https:\/\/www.wallendorff.com\/belogue\/2023\/03\/30\/into-the-wide-273\/","url_meta":{"origin":35253,"position":0},"title":"Into the wide #273.","author":"dpc","date":"30 mars 2023","format":false,"excerpt":"","rel":"","context":"Dans &quot;Into the wide&quot;","block_context":{"text":"Into the wide","link":"https:\/\/www.wallendorff.com\/belogue\/category\/into-the-wide\/"},"img":{"alt_text":"","src":"https:\/\/i0.wp.com\/www.wallendorff.com\/belogue\/wp-content\/uploads\/2023\/03\/20230330-01.jpg?resize=350%2C200&ssl=1","width":350,"height":200,"srcset":"https:\/\/i0.wp.com\/www.wallendorff.com\/belogue\/wp-content\/uploads\/2023\/03\/20230330-01.jpg?resize=350%2C200&ssl=1 1x, https:\/\/i0.wp.com\/www.wallendorff.com\/belogue\/wp-content\/uploads\/2023\/03\/20230330-01.jpg?resize=525%2C300&ssl=1 1.5x, https:\/\/i0.wp.com\/www.wallendorff.com\/belogue\/wp-content\/uploads\/2023\/03\/20230330-01.jpg?resize=700%2C400&ssl=1 2x, https:\/\/i0.wp.com\/www.wallendorff.com\/belogue\/wp-content\/uploads\/2023\/03\/20230330-01.jpg?resize=1050%2C600&ssl=1 3x"},"classes":[]},{"id":126959,"url":"https:\/\/www.wallendorff.com\/belogue\/2023\/12\/23\/servus-wien-8\/","url_meta":{"origin":35253,"position":1},"title":"Servus Wien.","author":"dpc","date":"23 d\u00e9cembre 2023","format":false,"excerpt":"","rel":"","context":"Dans &quot;DPC&quot;","block_context":{"text":"DPC","link":"https:\/\/www.wallendorff.com\/belogue\/category\/dpc\/"},"img":{"alt_text":"","src":"https:\/\/i0.wp.com\/www.wallendorff.com\/belogue\/wp-content\/uploads\/2023\/12\/20231223-26.jpg?resize=350%2C200&ssl=1","width":350,"height":200,"srcset":"https:\/\/i0.wp.com\/www.wallendorff.com\/belogue\/wp-content\/uploads\/2023\/12\/20231223-26.jpg?resize=350%2C200&ssl=1 1x, https:\/\/i0.wp.com\/www.wallendorff.com\/belogue\/wp-content\/uploads\/2023\/12\/20231223-26.jpg?resize=525%2C300&ssl=1 1.5x, https:\/\/i0.wp.com\/www.wallendorff.com\/belogue\/wp-content\/uploads\/2023\/12\/20231223-26.jpg?resize=700%2C400&ssl=1 2x, https:\/\/i0.wp.com\/www.wallendorff.com\/belogue\/wp-content\/uploads\/2023\/12\/20231223-26.jpg?resize=1050%2C600&ssl=1 3x"},"classes":[]},{"id":35256,"url":"https:\/\/www.wallendorff.com\/belogue\/2017\/08\/09\/abside-a-cette-ile-sallient-six-cliques\/","url_meta":{"origin":35253,"position":2},"title":"Abside. \u00c0 cette \u00eele s&rsquo;allient six cliques.","author":"dpc","date":"9 ao\u00fbt 2017","format":false,"excerpt":"Haute \u00e9glise cath\u00e9drale Saint-Pierre, Cologne, 14 mai. Infinite_Content Arcade Fire","rel":"","context":"Dans &quot;DPC&quot;","block_context":{"text":"DPC","link":"https:\/\/www.wallendorff.com\/belogue\/category\/dpc\/"},"img":{"alt_text":"","src":"https:\/\/i0.wp.com\/www.wallendorff.com\/belogue\/wp-content\/uploads\/2017\/08\/20170809.jpg?resize=350%2C200&ssl=1","width":350,"height":200,"srcset":"https:\/\/i0.wp.com\/www.wallendorff.com\/belogue\/wp-content\/uploads\/2017\/08\/20170809.jpg?resize=350%2C200&ssl=1 1x, https:\/\/i0.wp.com\/www.wallendorff.com\/belogue\/wp-content\/uploads\/2017\/08\/20170809.jpg?resize=525%2C300&ssl=1 1.5x"},"classes":[]},{"id":128059,"url":"https:\/\/www.wallendorff.com\/belogue\/2024\/05\/21\/into-the-wide-287\/","url_meta":{"origin":35253,"position":3},"title":"Into the wide #287.","author":"dpc","date":"21 mai 2024","format":false,"excerpt":"Basilique Saint-Georges-Majeur, Venise, 20 f\u00e9vrier 2023.","rel":"","context":"Dans &quot;Into the wide&quot;","block_context":{"text":"Into the wide","link":"https:\/\/www.wallendorff.com\/belogue\/category\/into-the-wide\/"},"img":{"alt_text":"","src":"https:\/\/i0.wp.com\/www.wallendorff.com\/belogue\/wp-content\/uploads\/2024\/05\/20240521.jpg?resize=350%2C200&ssl=1","width":350,"height":200,"srcset":"https:\/\/i0.wp.com\/www.wallendorff.com\/belogue\/wp-content\/uploads\/2024\/05\/20240521.jpg?resize=350%2C200&ssl=1 1x, https:\/\/i0.wp.com\/www.wallendorff.com\/belogue\/wp-content\/uploads\/2024\/05\/20240521.jpg?resize=525%2C300&ssl=1 1.5x, https:\/\/i0.wp.com\/www.wallendorff.com\/belogue\/wp-content\/uploads\/2024\/05\/20240521.jpg?resize=700%2C400&ssl=1 2x, https:\/\/i0.wp.com\/www.wallendorff.com\/belogue\/wp-content\/uploads\/2024\/05\/20240521.jpg?resize=1050%2C600&ssl=1 3x"},"classes":[]},{"id":130968,"url":"https:\/\/www.wallendorff.com\/belogue\/2024\/10\/28\/ola-porto-iii\/","url_meta":{"origin":35253,"position":4},"title":"Ol\u00e1 Porto [III]","author":"dpc","date":"28 octobre 2024","format":false,"excerpt":"Porto, 8-9 juin 2024.","rel":"","context":"Dans &quot;DPC&quot;","block_context":{"text":"DPC","link":"https:\/\/www.wallendorff.com\/belogue\/category\/dpc\/"},"img":{"alt_text":"","src":"https:\/\/i0.wp.com\/www.wallendorff.com\/belogue\/wp-content\/uploads\/2024\/10\/20241028-14.jpg?resize=350%2C200&ssl=1","width":350,"height":200,"srcset":"https:\/\/i0.wp.com\/www.wallendorff.com\/belogue\/wp-content\/uploads\/2024\/10\/20241028-14.jpg?resize=350%2C200&ssl=1 1x, https:\/\/i0.wp.com\/www.wallendorff.com\/belogue\/wp-content\/uploads\/2024\/10\/20241028-14.jpg?resize=525%2C300&ssl=1 1.5x, https:\/\/i0.wp.com\/www.wallendorff.com\/belogue\/wp-content\/uploads\/2024\/10\/20241028-14.jpg?resize=700%2C400&ssl=1 2x, https:\/\/i0.wp.com\/www.wallendorff.com\/belogue\/wp-content\/uploads\/2024\/10\/20241028-14.jpg?resize=1050%2C600&ssl=1 3x"},"classes":[]},{"id":35248,"url":"https:\/\/www.wallendorff.com\/belogue\/2017\/08\/04\/into-the-wide-104\/","url_meta":{"origin":35253,"position":5},"title":"Into the wide #104.","author":"dpc","date":"4 ao\u00fbt 2017","format":false,"excerpt":"Pont Hohenzollern, Cologne, 13 mai. Green Light Lorde","rel":"","context":"Dans &quot;Into the wide&quot;","block_context":{"text":"Into the wide","link":"https:\/\/www.wallendorff.com\/belogue\/category\/into-the-wide\/"},"img":{"alt_text":"","src":"https:\/\/i0.wp.com\/www.wallendorff.com\/belogue\/wp-content\/uploads\/2017\/08\/20170804.jpg?resize=350%2C200&ssl=1","width":350,"height":200,"srcset":"https:\/\/i0.wp.com\/www.wallendorff.com\/belogue\/wp-content\/uploads\/2017\/08\/20170804.jpg?resize=350%2C200&ssl=1 1x, https:\/\/i0.wp.com\/www.wallendorff.com\/belogue\/wp-content\/uploads\/2017\/08\/20170804.jpg?resize=525%2C300&ssl=1 1.5x, https:\/\/i0.wp.com\/www.wallendorff.com\/belogue\/wp-content\/uploads\/2017\/08\/20170804.jpg?resize=700%2C400&ssl=1 2x"},"classes":[]}],"_links":{"self":[{"href":"https:\/\/www.wallendorff.com\/belogue\/wp-json\/wp\/v2\/posts\/35253","targetHints":{"allow":["GET"]}}],"collection":[{"href":"https:\/\/www.wallendorff.com\/belogue\/wp-json\/wp\/v2\/posts"}],"about":[{"href":"https:\/\/www.wallendorff.com\/belogue\/wp-json\/wp\/v2\/types\/post"}],"author":[{"embeddable":true,"href":"https:\/\/www.wallendorff.com\/belogue\/wp-json\/wp\/v2\/users\/1"}],"replies":[{"embeddable":true,"href":"https:\/\/www.wallendorff.com\/belogue\/wp-json\/wp\/v2\/comments?post=35253"}],"version-history":[{"count":1,"href":"https:\/\/www.wallendorff.com\/belogue\/wp-json\/wp\/v2\/posts\/35253\/revisions"}],"predecessor-version":[{"id":35255,"href":"https:\/\/www.wallendorff.com\/belogue\/wp-json\/wp\/v2\/posts\/35253\/revisions\/35255"}],"wp:featuredmedia":[{"embeddable":true,"href":"https:\/\/www.wallendorff.com\/belogue\/wp-json\/wp\/v2\/media\/35254"}],"wp:attachment":[{"href":"https:\/\/www.wallendorff.com\/belogue\/wp-json\/wp\/v2\/media?parent=35253"}],"wp:term":[{"taxonomy":"category","embeddable":true,"href":"https:\/\/www.wallendorff.com\/belogue\/wp-json\/wp\/v2\/categories?post=35253"},{"taxonomy":"post_tag","embeddable":true,"href":"https:\/\/www.wallendorff.com\/belogue\/wp-json\/wp\/v2\/tags?post=35253"}],"curies":[{"name":"wp","href":"https:\/\/api.w.org\/{rel}","templated":true}]}}