{"id":3520,"date":"2008-10-27T13:08:49","date_gmt":"2008-10-27T11:08:49","guid":{"rendered":"http:\/\/www.po-l.com\/belogue\/?p=3520"},"modified":"2012-07-05T09:46:42","modified_gmt":"2012-07-05T07:46:42","slug":"prendre-de-la-haute-heure","status":"publish","type":"post","link":"https:\/\/www.wallendorff.com\/belogue\/2008\/10\/27\/prendre-de-la-haute-heure\/","title":{"rendered":"Prendre de l\u00e0 haute heure."},"content":{"rendered":"<div id=\"photo\">\n<p><img decoding=\"async\" src=\"https:\/\/www.wallendorff.com\/belogue\/photo\/2008\/10\/20081027.jpg\" \/><br \/>\nGare de Lyon, Paris, 4 octobre.<\/p>\n<\/div>\n<div id=\"bandeson\">\n<p><img decoding=\"async\" src=\"https:\/\/www.wallendorff.com\/belogue\/photo\/pochettes\/i\/interpol-our_love_to_admire.jpg\" align=\"left\" \/> <a href=\"http:\/\/www.interpolnyc.com\">Interpol<\/a> &ndash;<em> The Lighthouse<\/em><\/p>\n<\/div>\n<p style=\"text-align:right\">C&rsquo;est ach&rsquo;te bien <a href=\"http:\/\/www.lemouv.fr\">les radios de djeunzes qui aiment le rock et roll<\/a>, mais alors quand elles te r&eacute;veillent le lundi matin en te souhaitant de bonnes vacances de la Toussaint, tout de suite, c&rsquo;est beaucoup moins marrant.<\/p>\n","protected":false},"excerpt":{"rendered":"<p>Gare de Lyon, Paris, 4 octobre. Interpol &ndash; The Lighthouse C&rsquo;est ach&rsquo;te bien les radios de djeunzes qui aiment le rock et roll, mais alors quand elles te r&eacute;veillent le lundi matin en te souhaitant de bonnes vacances de la Toussaint, tout de suite, c&rsquo;est beaucoup moins marrant.<\/p>\n","protected":false},"author":1,"featured_media":25278,"comment_status":"open","ping_status":"open","sticky":false,"template":"","format":"standard","meta":{"_acf_changed":false,"ngg_post_thumbnail":0,"jetpack_post_was_ever_published":false,"_jetpack_newsletter_access":"","_jetpack_dont_email_post_to_subs":false,"_jetpack_newsletter_tier_id":0,"_jetpack_memberships_contains_paywalled_content":false,"_jetpack_memberships_contains_paid_content":false,"footnotes":"","jetpack_publicize_message":"","jetpack_publicize_feature_enabled":true,"jetpack_social_post_already_shared":false,"jetpack_social_options":{"image_generator_settings":{"template":"highway","default_image_id":0,"font":"","enabled":false},"version":2}},"categories":[3],"tags":[10271,142,132,10120,10247,10439,10309,10121,10111,143,10147,2161,10098,2162],"class_list":["post-3520","post","type-post","status-publish","format-standard","has-post-thumbnail","hentry","category-dpc","tag-10271","tag-ef-s-10-22-mm-f35-45-usm","tag-eos-20d","tag-france","tag-gare","tag-gare-de-lyon","tag-horloge","tag-ile-de-france","tag-interpol","tag-noir-et-blanc","tag-nuit","tag-our-love-to-admire","tag-paris","tag-the-lighthouse"],"acf":[],"geo":{"latitude":48.8442535,"longitude":2.3760269,"description":null},"jetpack_publicize_connections":[],"jetpack_featured_media_url":"https:\/\/www.wallendorff.com\/belogue\/wp-content\/uploads\/2015\/04\/200810272.jpg","jetpack_shortlink":"https:\/\/wp.me\/p3b35P-UM","jetpack_sharing_enabled":true,"jetpack-related-posts":[{"id":3517,"url":"https:\/\/www.wallendorff.com\/belogue\/2008\/10\/24\/au-train-on-emporte-le-vin\/","url_meta":{"origin":3520,"position":0},"title":"Au train on emporte le vin.","author":"dpc","date":"24 octobre 2008","format":false,"excerpt":"Gare de Lyon, Paris, 4 octobre. Oasis \u2013 Half the World Away [Plus j'\u00e9coute Noel Gallagher chanter, plus je pense que Liam ne sert \u00e0 rien d'autre que d'assurer le cha\u00eenon manquant entre l'homme et le chimpanz\u00e9.]","rel":"","context":"Dans &quot;DPC&quot;","block_context":{"text":"DPC","link":"https:\/\/www.wallendorff.com\/belogue\/category\/dpc\/"},"img":{"alt_text":"","src":"https:\/\/i0.wp.com\/www.wallendorff.com\/belogue\/wp-content\/uploads\/2015\/04\/200810241.jpg?resize=350%2C200&ssl=1","width":350,"height":200,"srcset":"https:\/\/i0.wp.com\/www.wallendorff.com\/belogue\/wp-content\/uploads\/2015\/04\/200810241.jpg?resize=350%2C200&ssl=1 1x, https:\/\/i0.wp.com\/www.wallendorff.com\/belogue\/wp-content\/uploads\/2015\/04\/200810241.jpg?resize=525%2C300&ssl=1 1.5x, https:\/\/i0.wp.com\/www.wallendorff.com\/belogue\/wp-content\/uploads\/2015\/04\/200810241.jpg?resize=700%2C400&ssl=1 2x"},"classes":[]},{"id":938,"url":"https:\/\/www.wallendorff.com\/belogue\/2007\/04\/22\/never-say-never\/","url_meta":{"origin":3520,"position":1},"title":"Never, say never.","author":"dpc","date":"22 avril 2007","format":false,"excerpt":"Gare de Lyon, Paris, 10 avril. From the grave to the skies. \u00a0 Have a nice week. Love each other. Life's too short. Und jetzt, nach Texas. \u00a0Arcade Fire \u2013 Intervention","rel":"","context":"Dans &quot;DPC&quot;","block_context":{"text":"DPC","link":"https:\/\/www.wallendorff.com\/belogue\/category\/dpc\/"},"img":{"alt_text":"","src":"https:\/\/i0.wp.com\/www.wallendorff.com\/belogue\/wp-content\/uploads\/2015\/04\/200704221.jpg?resize=350%2C200&ssl=1","width":350,"height":200,"srcset":"https:\/\/i0.wp.com\/www.wallendorff.com\/belogue\/wp-content\/uploads\/2015\/04\/200704221.jpg?resize=350%2C200&ssl=1 1x, https:\/\/i0.wp.com\/www.wallendorff.com\/belogue\/wp-content\/uploads\/2015\/04\/200704221.jpg?resize=525%2C300&ssl=1 1.5x"},"classes":[]},{"id":3522,"url":"https:\/\/www.wallendorff.com\/belogue\/2008\/10\/28\/a-la-clef-refond-aine\/","url_meta":{"origin":3520,"position":2},"title":"\u00c0 la clef refond aine.","author":"dpc","date":"28 octobre 2008","format":false,"excerpt":"Gare de Lyon, Paris, 4 octobre. The Kills \u2013 Getting Down Je suis tr\u00e8s horloges en ce moment, moi.","rel":"","context":"Dans &quot;DPC&quot;","block_context":{"text":"DPC","link":"https:\/\/www.wallendorff.com\/belogue\/category\/dpc\/"},"img":{"alt_text":"","src":"https:\/\/i0.wp.com\/www.wallendorff.com\/belogue\/wp-content\/uploads\/2015\/04\/200810281.jpg?resize=350%2C200&ssl=1","width":350,"height":200},"classes":[]},{"id":125762,"url":"https:\/\/www.wallendorff.com\/belogue\/2023\/07\/31\/juillet-2023\/","url_meta":{"origin":3520,"position":3},"title":"Juillet 2023.","author":"dpc","date":"31 juillet 2023","format":false,"excerpt":"Un festival, un train, un concert, un avion, une terrasse, un anniversaire, une piscine, un mariage, un avion, une montagne, un ch\u00e2teau mou, un ap\u00e9ro, un zoo en bois, un ch\u00e2teau dur, une expo, un train, un avion, un concert, un avion, un tour-bus, un bureau, un Cosmo, une sieste,\u2026","rel":"","context":"Dans &quot;Blog-note&quot;","block_context":{"text":"Blog-note","link":"https:\/\/www.wallendorff.com\/belogue\/category\/blog-note\/"},"img":{"alt_text":"","src":"https:\/\/i0.wp.com\/www.wallendorff.com\/belogue\/wp-content\/uploads\/2023\/08\/20230821-16.jpg?resize=350%2C200&ssl=1","width":350,"height":200,"srcset":"https:\/\/i0.wp.com\/www.wallendorff.com\/belogue\/wp-content\/uploads\/2023\/08\/20230821-16.jpg?resize=350%2C200&ssl=1 1x, https:\/\/i0.wp.com\/www.wallendorff.com\/belogue\/wp-content\/uploads\/2023\/08\/20230821-16.jpg?resize=525%2C300&ssl=1 1.5x, https:\/\/i0.wp.com\/www.wallendorff.com\/belogue\/wp-content\/uploads\/2023\/08\/20230821-16.jpg?resize=700%2C400&ssl=1 2x, https:\/\/i0.wp.com\/www.wallendorff.com\/belogue\/wp-content\/uploads\/2023\/08\/20230821-16.jpg?resize=1050%2C600&ssl=1 3x"},"classes":[]},{"id":125178,"url":"https:\/\/www.wallendorff.com\/belogue\/2023\/07\/08\/interpol-jenny-beth-festival-days-off-philharmonie-de-paris-5-juillet-2023\/","url_meta":{"origin":3520,"position":4},"title":"Interpol + Jehnny Beth @ festival Days Off, Philharmonie de Paris, 5 juillet 2023.","author":"dpc","date":"8 juillet 2023","format":false,"excerpt":"Next Exit | Evil | Narc | Take You on a Cruise | Slow Hands | Not Even Jail | Public Pervert | C'mere | Length of Love | A Time to Be So Small || Lights | Obstacle 1 | My Desire | Toni | Pioneer to the Falls\u2026","rel":"","context":"Dans &quot;Alive&quot;","block_context":{"text":"Alive","link":"https:\/\/www.wallendorff.com\/belogue\/category\/alive\/"},"img":{"alt_text":"","src":"https:\/\/i0.wp.com\/www.wallendorff.com\/belogue\/wp-content\/uploads\/2023\/07\/20230708-10.jpg?resize=350%2C200&ssl=1","width":350,"height":200,"srcset":"https:\/\/i0.wp.com\/www.wallendorff.com\/belogue\/wp-content\/uploads\/2023\/07\/20230708-10.jpg?resize=350%2C200&ssl=1 1x, https:\/\/i0.wp.com\/www.wallendorff.com\/belogue\/wp-content\/uploads\/2023\/07\/20230708-10.jpg?resize=525%2C300&ssl=1 1.5x, https:\/\/i0.wp.com\/www.wallendorff.com\/belogue\/wp-content\/uploads\/2023\/07\/20230708-10.jpg?resize=700%2C400&ssl=1 2x, https:\/\/i0.wp.com\/www.wallendorff.com\/belogue\/wp-content\/uploads\/2023\/07\/20230708-10.jpg?resize=1050%2C600&ssl=1 3x"},"classes":[]},{"id":259,"url":"https:\/\/www.wallendorff.com\/belogue\/2005\/11\/27\/mes-nils-mon-temps\/","url_meta":{"origin":3520,"position":5},"title":"Mes Nils, mon temps.","author":"dpc","date":"27 novembre 2005","format":false,"excerpt":"Wandering in Gare de l'Est, Paris, 21 novembre, 20h45. La note de 15h58, Le bus de 16h42, Le vase de 17h12, La queue de 17h33, Le b\u00e9ret de 18h15, Les gens de 18h29, Le caf\u00e9 de 18h52, L'air con de 19h06, Le m\u00e9tro de 19h24, Le C'mere de 19h37, Le\u2026","rel":"","context":"Dans &quot;DPC&quot;","block_context":{"text":"DPC","link":"https:\/\/www.wallendorff.com\/belogue\/category\/dpc\/"},"img":{"alt_text":"","src":"https:\/\/i0.wp.com\/www.wallendorff.com\/belogue\/wp-content\/uploads\/2015\/04\/200511271.jpg?resize=350%2C200&ssl=1","width":350,"height":200,"srcset":"https:\/\/i0.wp.com\/www.wallendorff.com\/belogue\/wp-content\/uploads\/2015\/04\/200511271.jpg?resize=350%2C200&ssl=1 1x, https:\/\/i0.wp.com\/www.wallendorff.com\/belogue\/wp-content\/uploads\/2015\/04\/200511271.jpg?resize=525%2C300&ssl=1 1.5x, https:\/\/i0.wp.com\/www.wallendorff.com\/belogue\/wp-content\/uploads\/2015\/04\/200511271.jpg?resize=700%2C400&ssl=1 2x"},"classes":[]}],"_links":{"self":[{"href":"https:\/\/www.wallendorff.com\/belogue\/wp-json\/wp\/v2\/posts\/3520","targetHints":{"allow":["GET"]}}],"collection":[{"href":"https:\/\/www.wallendorff.com\/belogue\/wp-json\/wp\/v2\/posts"}],"about":[{"href":"https:\/\/www.wallendorff.com\/belogue\/wp-json\/wp\/v2\/types\/post"}],"author":[{"embeddable":true,"href":"https:\/\/www.wallendorff.com\/belogue\/wp-json\/wp\/v2\/users\/1"}],"replies":[{"embeddable":true,"href":"https:\/\/www.wallendorff.com\/belogue\/wp-json\/wp\/v2\/comments?post=3520"}],"version-history":[{"count":1,"href":"https:\/\/www.wallendorff.com\/belogue\/wp-json\/wp\/v2\/posts\/3520\/revisions"}],"predecessor-version":[{"id":18077,"href":"https:\/\/www.wallendorff.com\/belogue\/wp-json\/wp\/v2\/posts\/3520\/revisions\/18077"}],"wp:featuredmedia":[{"embeddable":true,"href":"https:\/\/www.wallendorff.com\/belogue\/wp-json\/wp\/v2\/media\/25278"}],"wp:attachment":[{"href":"https:\/\/www.wallendorff.com\/belogue\/wp-json\/wp\/v2\/media?parent=3520"}],"wp:term":[{"taxonomy":"category","embeddable":true,"href":"https:\/\/www.wallendorff.com\/belogue\/wp-json\/wp\/v2\/categories?post=3520"},{"taxonomy":"post_tag","embeddable":true,"href":"https:\/\/www.wallendorff.com\/belogue\/wp-json\/wp\/v2\/tags?post=3520"}],"curies":[{"name":"wp","href":"https:\/\/api.w.org\/{rel}","templated":true}]}}