{"id":351,"date":"2005-06-07T00:29:11","date_gmt":"2005-06-07T00:29:11","guid":{"rendered":"http:\/\/www.po-l.com\/wordpress\/?p=351"},"modified":"2012-04-30T12:47:59","modified_gmt":"2012-04-30T10:47:59","slug":"ce-vert-severe-cerbere-se-verse-ses-verres-savere-de-vair","status":"publish","type":"post","link":"https:\/\/www.wallendorff.com\/belogue\/2005\/06\/07\/ce-vert-severe-cerbere-se-verse-ses-verres-savere-de-vair\/","title":{"rendered":"Ce vert s&eacute;v&egrave;re Cerb&egrave;re se verse ses verres, s&rsquo;av&egrave;re de vair&sup1;."},"content":{"rendered":"<div id=\"photo\">\n<p><img decoding=\"async\" src=\"http:\/\/www.po-L.com\/belogue\/photo\/2005\/06\/20050607.jpg\" \/><br \/>\n      Forum des Halles, Paris, 19 mai.<\/p>\n<\/p><\/div>\n<p style=\"text-align:right\"><em>\u201cI&rsquo;m having trouble just finding my soul in this town<br \/>\n    But I&rsquo;ll keep on trying I keep on trying.\u201d<\/em><\/p>\n<p>_____<\/p>\n<div id=\"bas_note\">\n<p><sup>1<\/sup> Titre tr&egrave;s bien choisi pour une photo &agrave; dominante bleue.<\/p>\n<\/p><\/div>\n<div id=\"bandeson\">\n<p><img decoding=\"async\" src=\"https:\/\/www.wallendorff.com\/belogue\/photo\/pochettes\/o\/oasis-dont_believe_the_truth.jpg\" align=\"left\" \/>&nbsp;<a href=\"http:\/\/www.oasininet.com\/\">Oasis<\/a> &ndash; <em>Part of the Queue<\/em><\/p>\n<\/div>\n","protected":false},"excerpt":{"rendered":"<p>Forum des Halles, Paris, 19 mai. \u201cI&rsquo;m having trouble just finding my soul in this town But I&rsquo;ll keep on trying I keep on trying.\u201d _____ 1 Titre tr&egrave;s bien choisi pour une photo &agrave; dominante bleue. &nbsp;Oasis &ndash; Part of the Queue<\/p>\n","protected":false},"author":1,"featured_media":24291,"comment_status":"open","ping_status":"open","sticky":false,"template":"","format":"standard","meta":{"_acf_changed":false,"ngg_post_thumbnail":0,"jetpack_post_was_ever_published":false,"_jetpack_newsletter_access":"","_jetpack_dont_email_post_to_subs":false,"_jetpack_newsletter_tier_id":0,"_jetpack_memberships_contains_paywalled_content":false,"_jetpack_memberships_contains_paid_content":false,"footnotes":"","jetpack_publicize_message":"","jetpack_publicize_feature_enabled":true,"jetpack_social_post_already_shared":false,"jetpack_social_options":{"image_generator_settings":{"template":"highway","default_image_id":0,"font":"","enabled":false},"version":2}},"categories":[3],"tags":[10182,737,157,132,10144,10210,1056,10120,10121,408,10098,1057,10638],"class_list":["post-351","post","type-post","status-publish","format-standard","has-post-thumbnail","hentry","category-dpc","tag-10182","tag-bleu","tag-ef-50-mm-f18-ii","tag-eos-20d","tag-ciel","tag-escalier","tag-forum-des-halles","tag-france","tag-ile-de-france","tag-oasis","tag-paris","tag-part-of-the-queue","tag-rampe"],"acf":[],"geo":{"latitude":48.86203,"longitude":2.3467102,"description":"Souterrain de la Boucle Saint-Eustache, 75001 Paris, France"},"jetpack_publicize_connections":[],"jetpack_featured_media_url":"https:\/\/www.wallendorff.com\/belogue\/wp-content\/uploads\/2015\/04\/200506071.jpg","jetpack_shortlink":"https:\/\/wp.me\/p3b35P-5F","jetpack_sharing_enabled":true,"jetpack-related-posts":[{"id":131402,"url":"https:\/\/www.wallendorff.com\/belogue\/2024\/12\/25\/shalalalala-14\/","url_meta":{"origin":351,"position":0},"title":"[Shalalalala.]","author":"dpc","date":"25 d\u00e9cembre 2024","format":false,"excerpt":"Forum des Halles, Paris, 11 d\u00e9cembre 2024. En vous le souhaitant bon. All I Want for Christmas Yeah Yeah Yeahs","rel":"","context":"Dans &quot;DPC&quot;","block_context":{"text":"DPC","link":"https:\/\/www.wallendorff.com\/belogue\/category\/dpc\/"},"img":{"alt_text":"","src":"https:\/\/i0.wp.com\/www.wallendorff.com\/belogue\/wp-content\/uploads\/2024\/12\/20241225.jpg?resize=350%2C200&ssl=1","width":350,"height":200,"srcset":"https:\/\/i0.wp.com\/www.wallendorff.com\/belogue\/wp-content\/uploads\/2024\/12\/20241225.jpg?resize=350%2C200&ssl=1 1x, https:\/\/i0.wp.com\/www.wallendorff.com\/belogue\/wp-content\/uploads\/2024\/12\/20241225.jpg?resize=525%2C300&ssl=1 1.5x, https:\/\/i0.wp.com\/www.wallendorff.com\/belogue\/wp-content\/uploads\/2024\/12\/20241225.jpg?resize=700%2C400&ssl=1 2x"},"classes":[]},{"id":71,"url":"https:\/\/www.wallendorff.com\/belogue\/2005\/09\/08\/an-vaut-le-mois\/","url_meta":{"origin":351,"position":1},"title":"An vaut le mois.","author":"dpc","date":"8 septembre 2005","format":false,"excerpt":"Forum des halles, Paris, 7 septembre. \u201cNever want to come down Never want to put my feet back down on the ground\u201d \u00a0Depeche Mode \u2013 Never Let Me Down Again (Split mix)","rel":"","context":"Dans &quot;DPC&quot;","block_context":{"text":"DPC","link":"https:\/\/www.wallendorff.com\/belogue\/category\/dpc\/"},"img":{"alt_text":"","src":"https:\/\/i0.wp.com\/www.wallendorff.com\/belogue\/wp-content\/uploads\/2015\/04\/200509081.jpg?resize=350%2C200&ssl=1","width":350,"height":200},"classes":[]},{"id":13446,"url":"https:\/\/www.wallendorff.com\/belogue\/2011\/10\/18\/the-rambling-wheels-le-sentier-des-halles-paris-12-octobre\/","url_meta":{"origin":351,"position":2},"title":"The Rambling Wheels @ le Sentier des Halles, Paris, 12 octobre.","author":"dpc","date":"18 octobre 2011","format":false,"excerpt":"On \u00e9tait peut-\u00eatre que 18, mais waw, quoi. The Rambling Wheels [CH] \u2013 Love Is Twisted and Strange [youtube]http:\/\/www.youtube.com\/watch?v=AiChGCKHF4E[\/youtube]","rel":"","context":"Dans &quot;Alive&quot;","block_context":{"text":"Alive","link":"https:\/\/www.wallendorff.com\/belogue\/category\/alive\/"},"img":{"alt_text":"","src":"https:\/\/i0.wp.com\/www.wallendorff.com\/belogue\/wp-content\/uploads\/2015\/04\/201110181.jpg?resize=350%2C200&ssl=1","width":350,"height":200,"srcset":"https:\/\/i0.wp.com\/www.wallendorff.com\/belogue\/wp-content\/uploads\/2015\/04\/201110181.jpg?resize=350%2C200&ssl=1 1x, https:\/\/i0.wp.com\/www.wallendorff.com\/belogue\/wp-content\/uploads\/2015\/04\/201110181.jpg?resize=525%2C300&ssl=1 1.5x, https:\/\/i0.wp.com\/www.wallendorff.com\/belogue\/wp-content\/uploads\/2015\/04\/201110181.jpg?resize=700%2C400&ssl=1 2x"},"classes":[]},{"id":3853,"url":"https:\/\/www.wallendorff.com\/belogue\/2009\/01\/30\/et-des-livraie-nous-dumes-halles\/","url_meta":{"origin":351,"position":3},"title":"Et d\u00e8s l&rsquo;ivraie nous d\u00fbmes halles.","author":"dpc","date":"30 janvier 2009","format":false,"excerpt":"Galerie V\u00e9ro-Dodat, Paris, 4 janvier. \u00a0CSS \u2013 Jager Yoga Yeah yeah yeah.","rel":"","context":"Dans &quot;DPC&quot;","block_context":{"text":"DPC","link":"https:\/\/www.wallendorff.com\/belogue\/category\/dpc\/"},"img":{"alt_text":"","src":"https:\/\/i0.wp.com\/www.wallendorff.com\/belogue\/wp-content\/uploads\/2015\/04\/200901301.jpg?resize=350%2C200&ssl=1","width":350,"height":200},"classes":[]},{"id":338,"url":"https:\/\/www.wallendorff.com\/belogue\/2005\/06\/21\/un-seul-hetre-vous-ment-que-haie-toute-est-de-peupliers\/","url_meta":{"origin":351,"position":4},"title":"[Un seul h&ecirc;tre vous ment que] haie toute est de peupliers&sup1;.","author":"dpc","date":"21 juin 2005","format":false,"excerpt":"Forum des Halles, Paris, 10 juin. J'aime pas\u00a0l'\u00e9t\u00e9. Non, pire: Je ne le cautionne pas2. \"And at the end of the day, all you can do is pray. Without hope, you might as well be blind.\" \u00a0Flogging Molly \u2013 Tomorrow Comes a Day Too Soon _____ 1 - \"H\u00eatre\" et\u2026","rel":"","context":"Dans &quot;DPC&quot;","block_context":{"text":"DPC","link":"https:\/\/www.wallendorff.com\/belogue\/category\/dpc\/"},"img":{"alt_text":"","src":"https:\/\/i0.wp.com\/www.wallendorff.com\/belogue\/wp-content\/uploads\/2015\/04\/200506211.jpg?resize=350%2C200&ssl=1","width":350,"height":200},"classes":[]},{"id":128077,"url":"https:\/\/www.wallendorff.com\/belogue\/2024\/04\/30\/avril-2024\/","url_meta":{"origin":351,"position":5},"title":"Avril 2024.","author":"dpc","date":"30 avril 2024","format":false,"excerpt":"Une \u00e9glise, un train, une fondue, une fen\u00eatre, une plage, un blockhaus, un ap\u00e9ro, un train, une plage, une terrasse, une maison, une jet\u00e9e, un phare, une c\u00f4te, un rocher, une tour, un r\u00e9cif, une urne, une halle, des toits, une grille, une vitrine en cours, une gare, un train,\u2026","rel":"","context":"Dans &quot;Blog-note&quot;","block_context":{"text":"Blog-note","link":"https:\/\/www.wallendorff.com\/belogue\/category\/blog-note\/"},"img":{"alt_text":"","src":"https:\/\/i0.wp.com\/www.wallendorff.com\/belogue\/wp-content\/uploads\/2024\/05\/20240523-70.jpg?resize=350%2C200&ssl=1","width":350,"height":200,"srcset":"https:\/\/i0.wp.com\/www.wallendorff.com\/belogue\/wp-content\/uploads\/2024\/05\/20240523-70.jpg?resize=350%2C200&ssl=1 1x, https:\/\/i0.wp.com\/www.wallendorff.com\/belogue\/wp-content\/uploads\/2024\/05\/20240523-70.jpg?resize=525%2C300&ssl=1 1.5x, https:\/\/i0.wp.com\/www.wallendorff.com\/belogue\/wp-content\/uploads\/2024\/05\/20240523-70.jpg?resize=700%2C400&ssl=1 2x, https:\/\/i0.wp.com\/www.wallendorff.com\/belogue\/wp-content\/uploads\/2024\/05\/20240523-70.jpg?resize=1050%2C600&ssl=1 3x"},"classes":[]}],"_links":{"self":[{"href":"https:\/\/www.wallendorff.com\/belogue\/wp-json\/wp\/v2\/posts\/351","targetHints":{"allow":["GET"]}}],"collection":[{"href":"https:\/\/www.wallendorff.com\/belogue\/wp-json\/wp\/v2\/posts"}],"about":[{"href":"https:\/\/www.wallendorff.com\/belogue\/wp-json\/wp\/v2\/types\/post"}],"author":[{"embeddable":true,"href":"https:\/\/www.wallendorff.com\/belogue\/wp-json\/wp\/v2\/users\/1"}],"replies":[{"embeddable":true,"href":"https:\/\/www.wallendorff.com\/belogue\/wp-json\/wp\/v2\/comments?post=351"}],"version-history":[{"count":1,"href":"https:\/\/www.wallendorff.com\/belogue\/wp-json\/wp\/v2\/posts\/351\/revisions"}],"predecessor-version":[{"id":17098,"href":"https:\/\/www.wallendorff.com\/belogue\/wp-json\/wp\/v2\/posts\/351\/revisions\/17098"}],"wp:featuredmedia":[{"embeddable":true,"href":"https:\/\/www.wallendorff.com\/belogue\/wp-json\/wp\/v2\/media\/24291"}],"wp:attachment":[{"href":"https:\/\/www.wallendorff.com\/belogue\/wp-json\/wp\/v2\/media?parent=351"}],"wp:term":[{"taxonomy":"category","embeddable":true,"href":"https:\/\/www.wallendorff.com\/belogue\/wp-json\/wp\/v2\/categories?post=351"},{"taxonomy":"post_tag","embeddable":true,"href":"https:\/\/www.wallendorff.com\/belogue\/wp-json\/wp\/v2\/tags?post=351"}],"curies":[{"name":"wp","href":"https:\/\/api.w.org\/{rel}","templated":true}]}}