{"id":3509,"date":"2008-10-21T12:30:36","date_gmt":"2008-10-21T10:30:36","guid":{"rendered":"http:\/\/www.po-l.com\/belogue\/?p=3509"},"modified":"2013-11-15T11:27:23","modified_gmt":"2013-11-15T09:27:23","slug":"mademoiselle-k-lolympia-paris","status":"publish","type":"post","link":"https:\/\/www.wallendorff.com\/belogue\/2008\/10\/21\/mademoiselle-k-lolympia-paris\/","title":{"rendered":"Mademoiselle K @ l&rsquo;Olympia, Paris."},"content":{"rendered":"<div id=\"photo\">\n<p><img decoding=\"async\" src=\"https:\/\/www.wallendorff.com\/belogue\/photo\/2008\/10\/20081021.jpg\" \/><\/p>\n<\/div>\n<p class=\"petit\">Punaise celle-l&agrave; est moins bien que la <a href=\"https:\/\/www.wallendorff.com\/belogue\/2007\/06\/14\/mademoiselle-k-le-trabendo-paris\/\">premi&egrave;re<\/a> et la <a href=\"https:\/\/www.wallendorff.com\/belogue\/2008\/04\/29\/mademoiselle-k-la-cigale-paris-2\/\">deuxi&egrave;me<\/a>, je sens que je perds la main.<\/p>\n<p>&Ccedil;a restera comme une grande soir&eacute;e d&rsquo;innovation. D&rsquo;abord gr&acirc;ce &agrave; la camelote post-sovi&eacute;tique de Juyette (<a href=\"http:\/\/julietterobert.com\/blog\/?p=927\">sic<\/a>) qui inventa le panoramique de concert en tranches, mais aussi gr&acirc;ce au management de Mademoiselle K qui tenta une exp&eacute;rience de fosse photo rotative et r&eacute;volutionnaire<sup>1<\/sup> permettant de peupler le devant de sc&egrave;ne de mani&egrave;re parcimonieuse, rythm&eacute;e et int&eacute;grale suivant une th&eacute;orie que je vous aurais bien expos&eacute;e dans un fichier Excel si l&rsquo;id&eacute;e de refaire une note &agrave; sch&eacute;ma manuscrit &#8213;&nbsp;<a href=\"https:\/\/www.wallendorff.com\/belogue\/2004\/08\/24\/les-aventures-desopilantes-de-au-boulot-2\/\">les<\/a> <a href=\"https:\/\/www.wallendorff.com\/belogue\/2004\/08\/27\/la-case-de-l-oncle-robert\/\">plus<\/a> <a href=\"https:\/\/www.wallendorff.com\/belogue\/2004\/07\/23\/a-la-decouverte-du-michigan-lointain\/\">fameuses<\/a> commencent &agrave; dater&nbsp;&#8213; ne m&rsquo;avait subitement pris comme une envie de choucroute&nbsp;:<\/p>\n<div id=\"photo2\">\n<p><img decoding=\"async\" src=\"https:\/\/www.wallendorff.com\/belogue\/photo\/2008\/10\/20081021-01.jpg\" \/><br \/>\n  <em>Figure 1&nbsp;: placement strat&eacute;gique initial des diff&eacute;rents acteurs de la soir&eacute;e.<\/em>  <\/p>\n<\/div>\n<p>Les neuf photographes sont donc partag&eacute;s en trois groupes de trois et on fait tourner ces trois groupes &#8213;&nbsp;respectivement A, B et C&nbsp;&#8213; dans la fosse durant tout le concert &agrave; raison de quatre minutes par groupe dans la fosse, sous le chronom&egrave;tre impartial et l&rsquo;&oelig;il exigeant de ma&icirc;tre M&eacute;nard, huissier de justice &agrave; Paris XVI, ainsi que les bras muscl&eacute;s de deux agents de s&eacute;curit&eacute;s pr&ecirc;ts &agrave; en d&eacute;coudre pour faire respecter la loi artistico-temporelle du lieu, suivant le sch&eacute;ma suivant&nbsp;:<\/p>\n<div id=\"photo2\">\n<p><img decoding=\"async\" src=\"https:\/\/www.wallendorff.com\/belogue\/photo\/2008\/10\/20081021-02.jpg\" \/><br \/>\n  <em>Figure 2&nbsp;: cycle de rotation photographique pr&eacute;vu durant le concert.<\/em>  <\/p>\n<\/div>\n<p>Bon, vu que ma&icirc;tre M&eacute;nard est coinc&eacute; dans les embouteillages et que les agents de s&eacute;curit&eacute;s sont sympas, on d&eacute;cide tous d&rsquo;un commun accord de tourner tous les deux morceaux, ce qui simplifie bien les choses, parce que sortir au beau milieu d&rsquo;un solo risque de perturber le groupe et g&acirc;cher sa f&ecirc;te donc ruiner la soir&eacute;e, avouez que les photographes comme les agents de s&eacute;curit&eacute; font quand m&ecirc;me preuve d&rsquo;un admirable respect pour le travail de l&rsquo;artiste. Apr&egrave;s simplification, on obtient donc le programme suivant&nbsp;:<\/p>\n<div id=\"photo2\">\n<p><img decoding=\"async\" src=\"https:\/\/www.wallendorff.com\/belogue\/photo\/2008\/10\/20081021-03.jpg\" \/><br \/>\n  <em>Figure 3&nbsp;: cycle de rotation harmonieux imagin&eacute; par l&rsquo;association fertile de photographes et d&rsquo;agents de s&eacute;curit&eacute; faisant tous preuve de bon sens.<\/em> <\/p>\n<\/div>\n<p>Ce qui est beau, propre, bien embouch&eacute; et parfait pour que rien ne soit loup&eacute; durant la soir&eacute;e. Tout va parfaitement s&rsquo;op&eacute;rer durant le concert, du moins au d&eacute;but, comme le relate l&rsquo;exp&eacute;rience pratique ci-dessous&nbsp;:  <\/p>\n<div id=\"photo2\">\n<p><img decoding=\"async\" src=\"https:\/\/www.wallendorff.com\/belogue\/photo\/2008\/10\/20081021-04.jpg\" \/><br \/>\n  <em>Figure 4&nbsp;: R&eacute;sultat de l&rsquo;insertion de l&rsquo;&eacute;l&eacute;ment humain dans la m&eacute;canique bien huil&eacute;e de la logique &eacute;l&eacute;mentaire th&eacute;orique.<\/em><\/p>\n<\/div>\n<p>Nous pouvons retenir de l&rsquo;exp&eacute;rience que&nbsp;:<\/p>\n<ul>\n<li>Le syst&egrave;me de rotation c&rsquo;est tr&egrave;s chouette, &ccedil;a laisse de la place dans la fosse sans que personne ne se marche dessus ni ne bouche la vue du premier rang et tout le monde en sort tellement heureux qu&rsquo;on se croirait dans un &eacute;pisode des Bisounours.<\/li>\n<li>L&rsquo;&eacute;parpillement des diff&eacute;rents groupes de photographes m&rsquo;invite &agrave; sugg&eacute;rer aux artistes qui aimeraient repomper le concept &#8213;&nbsp;je les y enjoins&nbsp;&#8213; de v&ecirc;tir leurs &eacute;quipes photographiques de dossards &agrave; lettres &#8213;&nbsp;ou &agrave; animaux, ce qui ajoute un c&ocirc;t&eacute; scout &agrave; l&rsquo;affaire&nbsp;&#8213;  qu&rsquo;ils peuvent se repasser &agrave; loisir quand ils vont et viennent au bar, dans les gradins ou au stand de <em>marchandise<\/em>, ce qui simplifie l&rsquo;acc&egrave;s &agrave; la fosse.<\/li>\n<li>Laisser toutes les &eacute;quipes envahir la fosse pour le final est &eacute;galement une bonne id&eacute;e, puisque &ccedil;a limite les jalousies inter-groupes et que si l&rsquo;on a opt&eacute; pour les dossard &agrave; animaux, cela donne &agrave; la fin du concert une ambiance de fin de camp scout o&ugrave; se m&eacute;langent les totems de toutes les escouades d&eacute;cid&eacute;ment bon enfant.<\/li>\n<\/ul>\n<p>Ah, et sinon le show fut &eacute;videmment bon, Mademoiselle K est un groupe qui progresse constamment et remet sans cesse en question ses compos, m&ecirc;me au bout de 10 fois c&rsquo;est toujours un bonheur de les voir sur sc&egrave;ne. <\/p>\n<p style=\"text-align:right\">Et &agrave; part &ccedil;a, rien. <\/p>\n<p>_____<\/p>\n<div id=\"bas_note\">\n<p><sup>1<\/sup> Durant la pr&eacute;histoire, les photographes pouvaient chouter durant l&rsquo;int&eacute;gralit&eacute; des concerts. Depuis les Stones dans les ann&eacute;es 70 &#8213;&nbsp;la l&eacute;gende veut que &ccedil;a vienne des Stones dans les ann&eacute;es 70&nbsp;&#8213; les photographes n&rsquo;ont plus droit qu&rsquo;aux trois premiers morceaux, ce qui craint pour chouter des rappels.<\/p>\n<\/div>\n","protected":false},"excerpt":{"rendered":"<p>Punaise celle-l&agrave; est moins bien que la premi&egrave;re et la deuxi&egrave;me, je sens que je perds la main. &Ccedil;a restera comme une grande soir&eacute;e d&rsquo;innovation. D&rsquo;abord gr&acirc;ce &agrave; la camelote post-sovi&eacute;tique de Juyette (sic) qui inventa le panoramique de concert en tranches, mais aussi gr&acirc;ce au management de Mademoiselle K qui tenta une exp&eacute;rience de&hellip;<\/p>\n","protected":false},"author":1,"featured_media":25274,"comment_status":"open","ping_status":"open","sticky":false,"template":"","format":"standard","meta":{"_acf_changed":false,"ngg_post_thumbnail":0,"jetpack_post_was_ever_published":false,"_jetpack_newsletter_access":"","_jetpack_dont_email_post_to_subs":false,"_jetpack_newsletter_tier_id":0,"_jetpack_memberships_contains_paywalled_content":false,"_jetpack_memberships_contains_paid_content":false,"footnotes":"","jetpack_publicize_message":"","jetpack_publicize_feature_enabled":true,"jetpack_social_post_already_shared":false,"jetpack_social_options":{"image_generator_settings":{"template":"highway","default_image_id":0,"font":"","enabled":false},"version":2}},"categories":[7],"tags":[203,10223,10084,187,10125,10120,10121,10434,10138,10098,173],"class_list":["post-3509","post","type-post","status-publish","format-standard","has-post-thumbnail","hentry","category-alive","tag-203","tag-10223","tag-alive","tag-eos-1d-mark-ii","tag-dessin","tag-france","tag-ile-de-france","tag-lolympia","tag-mademoiselle-k","tag-paris","tag-sigma-28-70-mm-f28-dg-ex"],"acf":[],"geo":{"latitude":48.8703232,"longitude":2.3282957,"description":"2-16 Rue de Caumartin, 75009 Paris, France"},"jetpack_publicize_connections":[],"jetpack_featured_media_url":"https:\/\/www.wallendorff.com\/belogue\/wp-content\/uploads\/2015\/04\/200810211.jpg","jetpack_shortlink":"https:\/\/wp.me\/p3b35P-UB","jetpack_sharing_enabled":true,"jetpack-related-posts":[{"id":23003,"url":"https:\/\/www.wallendorff.com\/belogue\/2014\/06\/20\/dix-ans-de-concerts-12\/","url_meta":{"origin":3509,"position":0},"title":"Dix ans de concerts [1\/2].","author":"dpc","date":"20 juin 2014","format":false,"excerpt":"Pas la peine de faire une redite, apr\u00e8s la compile des 500 concerts et celle des 10 ans de passes photos. Depuis 2012, disons que je retiens la fois o\u00f9 je me suis fait maudire par un Italien, Matthias Malzieu qui me tombe sur le nez \u00e0 Rock en Seine,\u2026","rel":"","context":"Dans &quot;DPC&quot;","block_context":{"text":"DPC","link":"https:\/\/www.wallendorff.com\/belogue\/category\/dpc\/"},"img":{"alt_text":"","src":"https:\/\/i0.wp.com\/www.wallendorff.com\/belogue\/wp-content\/uploads\/2015\/04\/20110520-391.jpg?resize=350%2C200&ssl=1","width":350,"height":200,"srcset":"https:\/\/i0.wp.com\/www.wallendorff.com\/belogue\/wp-content\/uploads\/2015\/04\/20110520-391.jpg?resize=350%2C200&ssl=1 1x, https:\/\/i0.wp.com\/www.wallendorff.com\/belogue\/wp-content\/uploads\/2015\/04\/20110520-391.jpg?resize=525%2C300&ssl=1 1.5x, https:\/\/i0.wp.com\/www.wallendorff.com\/belogue\/wp-content\/uploads\/2015\/04\/20110520-391.jpg?resize=700%2C400&ssl=1 2x"},"classes":[]},{"id":127632,"url":"https:\/\/www.wallendorff.com\/belogue\/2024\/03\/27\/pixies-lolympia-paris-26-mars-2024\/","url_meta":{"origin":3509,"position":1},"title":"Pixies @ l&rsquo;Olympia, Paris, 26 mars 2024.","author":"dpc","date":"27 mars 2024","format":false,"excerpt":"Pixies @ l\u2019Olympia, Paris, 26\/03\/2024 Pixies @ l\u2019Olympia, Paris, 26\/03\/2024 Pixies @ l\u2019Olympia, Paris, 26\/03\/2024 Pixies @ l\u2019Olympia, Paris, 26\/03\/2024 Pixies @ l\u2019Olympia, Paris, 26\/03\/2024 Pixies @ l\u2019Olympia, Paris, 26\/03\/2024 Pixies @ l\u2019Olympia, Paris, 26\/03\/2024 Pixies @ l\u2019Olympia, Paris, 26\/03\/2024 Pixies @ l\u2019Olympia, Paris, 26\/03\/2024 Pixies @ l\u2019Olympia, Paris, 26\/03\/2024\u2026","rel":"","context":"Dans &quot;Alive&quot;","block_context":{"text":"Alive","link":"https:\/\/www.wallendorff.com\/belogue\/category\/alive\/"},"img":{"alt_text":"","src":"https:\/\/i0.wp.com\/www.wallendorff.com\/belogue\/wp-content\/uploads\/2024\/03\/20240327-22.jpg?resize=350%2C200&ssl=1","width":350,"height":200,"srcset":"https:\/\/i0.wp.com\/www.wallendorff.com\/belogue\/wp-content\/uploads\/2024\/03\/20240327-22.jpg?resize=350%2C200&ssl=1 1x, https:\/\/i0.wp.com\/www.wallendorff.com\/belogue\/wp-content\/uploads\/2024\/03\/20240327-22.jpg?resize=525%2C300&ssl=1 1.5x, https:\/\/i0.wp.com\/www.wallendorff.com\/belogue\/wp-content\/uploads\/2024\/03\/20240327-22.jpg?resize=700%2C400&ssl=1 2x, https:\/\/i0.wp.com\/www.wallendorff.com\/belogue\/wp-content\/uploads\/2024\/03\/20240327-22.jpg?resize=1050%2C600&ssl=1 3x"},"classes":[]},{"id":130484,"url":"https:\/\/www.wallendorff.com\/belogue\/2024\/09\/03\/bleachers-lolympia-paris-2-septembre-2024\/","url_meta":{"origin":3509,"position":2},"title":"Bleachers @ l&rsquo;Olympia, Paris, 2 septembre 2024","author":"dpc","date":"3 septembre 2024","format":false,"excerpt":"Bleachers @ l\u2019OLympia, Paris, 02\/09\/2024 Bleachers @ l\u2019OLympia, Paris, 02\/09\/2024 Bleachers @ l\u2019OLympia, Paris, 02\/09\/2024 Bleachers @ l\u2019OLympia, Paris, 02\/09\/2024 Bleachers @ l\u2019OLympia, Paris, 02\/09\/2024 Bleachers @ l\u2019OLympia, Paris, 02\/09\/2024 Bleachers @ l\u2019OLympia, Paris, 02\/09\/2024 Bleachers @ l\u2019OLympia, Paris, 02\/09\/2024 Bleachers @ l\u2019OLympia, Paris, 02\/09\/2024 Bleachers @ l\u2019OLympia, Paris, 02\/09\/2024\u2026","rel":"","context":"Dans &quot;Alive&quot;","block_context":{"text":"Alive","link":"https:\/\/www.wallendorff.com\/belogue\/category\/alive\/"},"img":{"alt_text":"","src":"https:\/\/i0.wp.com\/www.wallendorff.com\/belogue\/wp-content\/uploads\/2024\/09\/20240903-21.jpg?resize=350%2C200&ssl=1","width":350,"height":200,"srcset":"https:\/\/i0.wp.com\/www.wallendorff.com\/belogue\/wp-content\/uploads\/2024\/09\/20240903-21.jpg?resize=350%2C200&ssl=1 1x, https:\/\/i0.wp.com\/www.wallendorff.com\/belogue\/wp-content\/uploads\/2024\/09\/20240903-21.jpg?resize=525%2C300&ssl=1 1.5x, https:\/\/i0.wp.com\/www.wallendorff.com\/belogue\/wp-content\/uploads\/2024\/09\/20240903-21.jpg?resize=700%2C400&ssl=1 2x, https:\/\/i0.wp.com\/www.wallendorff.com\/belogue\/wp-content\/uploads\/2024\/09\/20240903-21.jpg?resize=1050%2C600&ssl=1 3x"},"classes":[]},{"id":131821,"url":"https:\/\/www.wallendorff.com\/belogue\/2025\/03\/06\/sam-fender-lolympia-paris-4-mars-2025\/","url_meta":{"origin":3509,"position":3},"title":"Sam Fender @ l&rsquo;Olympia, Paris, 4 mars 2025.","author":"dpc","date":"6 mars 2025","format":false,"excerpt":"Sam Fender @ l\u2019Olympia, Paris, 04\/03\/2025 Sam Fender @ l\u2019Olympia, Paris, 04\/03\/2025 Sam Fender @ l\u2019Olympia, Paris, 04\/03\/2025 Sam Fender @ l\u2019Olympia, Paris, 04\/03\/2025 Sam Fender @ l\u2019Olympia, Paris, 04\/03\/2025 Sam Fender @ l\u2019Olympia, Paris, 04\/03\/2025 Sam Fender @ l\u2019Olympia, Paris, 04\/03\/2025 Sam Fender @ l\u2019Olympia, Paris, 04\/03\/2025 Sam Fender\u2026","rel":"","context":"Dans &quot;Alive&quot;","block_context":{"text":"Alive","link":"https:\/\/www.wallendorff.com\/belogue\/category\/alive\/"},"img":{"alt_text":"","src":"https:\/\/i0.wp.com\/www.wallendorff.com\/belogue\/wp-content\/uploads\/2025\/03\/20250306-01.jpg?resize=350%2C200&ssl=1","width":350,"height":200,"srcset":"https:\/\/i0.wp.com\/www.wallendorff.com\/belogue\/wp-content\/uploads\/2025\/03\/20250306-01.jpg?resize=350%2C200&ssl=1 1x, https:\/\/i0.wp.com\/www.wallendorff.com\/belogue\/wp-content\/uploads\/2025\/03\/20250306-01.jpg?resize=525%2C300&ssl=1 1.5x, https:\/\/i0.wp.com\/www.wallendorff.com\/belogue\/wp-content\/uploads\/2025\/03\/20250306-01.jpg?resize=700%2C400&ssl=1 2x, https:\/\/i0.wp.com\/www.wallendorff.com\/belogue\/wp-content\/uploads\/2025\/03\/20250306-01.jpg?resize=1050%2C600&ssl=1 3x"},"classes":[]},{"id":131679,"url":"https:\/\/www.wallendorff.com\/belogue\/2025\/02\/04\/snow-patrol-lolympia-paris-30-janvier-2025\/","url_meta":{"origin":3509,"position":4},"title":"Snow Patrol @ l&rsquo;Olympia, Paris, 30 janvier 2025.","author":"dpc","date":"4 f\u00e9vrier 2025","format":false,"excerpt":"Snow Patrol @ l\u2019Olympia, Paris, 30\/01\/2025 Snow Patrol @ l\u2019Olympia, Paris, 30\/01\/2025 Snow Patrol @ l\u2019Olympia, Paris, 30\/01\/2025 Snow Patrol @ l\u2019Olympia, Paris, 30\/01\/2025 Snow Patrol @ l\u2019Olympia, Paris, 30\/01\/2025 Snow Patrol @ l\u2019Olympia, Paris, 30\/01\/2025 Snow Patrol @ l\u2019Olympia, Paris, 30\/01\/2025 Snow Patrol @ l\u2019Olympia, Paris, 30\/01\/2025 Snow Patrol\u2026","rel":"","context":"Dans &quot;Alive&quot;","block_context":{"text":"Alive","link":"https:\/\/www.wallendorff.com\/belogue\/category\/alive\/"},"img":{"alt_text":"","src":"https:\/\/i0.wp.com\/www.wallendorff.com\/belogue\/wp-content\/uploads\/2025\/02\/20250204-13.jpg?resize=350%2C200&ssl=1","width":350,"height":200,"srcset":"https:\/\/i0.wp.com\/www.wallendorff.com\/belogue\/wp-content\/uploads\/2025\/02\/20250204-13.jpg?resize=350%2C200&ssl=1 1x, https:\/\/i0.wp.com\/www.wallendorff.com\/belogue\/wp-content\/uploads\/2025\/02\/20250204-13.jpg?resize=525%2C300&ssl=1 1.5x, https:\/\/i0.wp.com\/www.wallendorff.com\/belogue\/wp-content\/uploads\/2025\/02\/20250204-13.jpg?resize=700%2C400&ssl=1 2x, https:\/\/i0.wp.com\/www.wallendorff.com\/belogue\/wp-content\/uploads\/2025\/02\/20250204-13.jpg?resize=1050%2C600&ssl=1 3x"},"classes":[]},{"id":3511,"url":"https:\/\/www.wallendorff.com\/belogue\/2008\/10\/22\/mademoiselle-k-lolympia-paris-20-octobre\/","url_meta":{"origin":3509,"position":5},"title":"Mademoiselle K @ l&rsquo;Olympia, Paris, 20 octobre.","author":"dpc","date":"22 octobre 2008","format":false,"excerpt":"Operator Please \u2013 Just a Song About Ping Pong","rel":"","context":"Dans &quot;Alive&quot;","block_context":{"text":"Alive","link":"https:\/\/www.wallendorff.com\/belogue\/category\/alive\/"},"img":{"alt_text":"","src":"https:\/\/i0.wp.com\/www.wallendorff.com\/belogue\/wp-content\/uploads\/2015\/04\/200810221.jpg?resize=350%2C200&ssl=1","width":350,"height":200,"srcset":"https:\/\/i0.wp.com\/www.wallendorff.com\/belogue\/wp-content\/uploads\/2015\/04\/200810221.jpg?resize=350%2C200&ssl=1 1x, https:\/\/i0.wp.com\/www.wallendorff.com\/belogue\/wp-content\/uploads\/2015\/04\/200810221.jpg?resize=525%2C300&ssl=1 1.5x, https:\/\/i0.wp.com\/www.wallendorff.com\/belogue\/wp-content\/uploads\/2015\/04\/200810221.jpg?resize=700%2C400&ssl=1 2x"},"classes":[]}],"_links":{"self":[{"href":"https:\/\/www.wallendorff.com\/belogue\/wp-json\/wp\/v2\/posts\/3509","targetHints":{"allow":["GET"]}}],"collection":[{"href":"https:\/\/www.wallendorff.com\/belogue\/wp-json\/wp\/v2\/posts"}],"about":[{"href":"https:\/\/www.wallendorff.com\/belogue\/wp-json\/wp\/v2\/types\/post"}],"author":[{"embeddable":true,"href":"https:\/\/www.wallendorff.com\/belogue\/wp-json\/wp\/v2\/users\/1"}],"replies":[{"embeddable":true,"href":"https:\/\/www.wallendorff.com\/belogue\/wp-json\/wp\/v2\/comments?post=3509"}],"version-history":[{"count":4,"href":"https:\/\/www.wallendorff.com\/belogue\/wp-json\/wp\/v2\/posts\/3509\/revisions"}],"predecessor-version":[{"id":13896,"href":"https:\/\/www.wallendorff.com\/belogue\/wp-json\/wp\/v2\/posts\/3509\/revisions\/13896"}],"wp:featuredmedia":[{"embeddable":true,"href":"https:\/\/www.wallendorff.com\/belogue\/wp-json\/wp\/v2\/media\/25274"}],"wp:attachment":[{"href":"https:\/\/www.wallendorff.com\/belogue\/wp-json\/wp\/v2\/media?parent=3509"}],"wp:term":[{"taxonomy":"category","embeddable":true,"href":"https:\/\/www.wallendorff.com\/belogue\/wp-json\/wp\/v2\/categories?post=3509"},{"taxonomy":"post_tag","embeddable":true,"href":"https:\/\/www.wallendorff.com\/belogue\/wp-json\/wp\/v2\/tags?post=3509"}],"curies":[{"name":"wp","href":"https:\/\/api.w.org\/{rel}","templated":true}]}}