{"id":35005,"date":"2017-07-29T14:16:24","date_gmt":"2017-07-29T12:16:24","guid":{"rendered":"http:\/\/www.wallendorff.com\/belogue\/?p=35005"},"modified":"2017-07-30T12:31:15","modified_gmt":"2017-07-30T10:31:15","slug":"paleo-festival-2017-jour-5","status":"publish","type":"post","link":"https:\/\/www.wallendorff.com\/belogue\/2017\/07\/29\/paleo-festival-2017-jour-5\/","title":{"rendered":"Pal\u00e9o Festival 2017, jour 5."},"content":{"rendered":"<div id=\"photo\">\n<p><img decoding=\"async\" src=\"https:\/\/www.wallendorff.com\/belogue\/wp-content\/uploads\/2017\/07\/20170729-36.jpg\"><\/div>\n<p style=\"text-align:right\">L&rsquo;ensemble des photos du festival est disponible sur <a href=\"https:\/\/www.wallendorff.com\/belogue\/tag\/paleo-festival-2017\/\">ce lien<\/a>.<\/p>\n<div id='gallery-1' class='gallery galleryid-35005 gallery-columns-3 gallery-size-thumbnail'><figure class='gallery-item'>\n\t\t\t<div class='gallery-icon landscape'>\n\t\t\t\t<a href='https:\/\/www.wallendorff.com\/belogue\/2017\/07\/29\/paleo-festival-2017-jour-5\/paleo-festival-nyon-22072017\/'><img decoding=\"async\" width=\"128\" height=\"85\" src=\"https:\/\/www.wallendorff.com\/belogue\/wp-content\/uploads\/2017\/07\/20170729-01-200x133.jpg\" class=\"attachment-thumbnail size-thumbnail\" alt=\"\" aria-describedby=\"gallery-1-35010\" srcset=\"https:\/\/www.wallendorff.com\/belogue\/wp-content\/uploads\/2017\/07\/20170729-01-200x133.jpg 200w, https:\/\/www.wallendorff.com\/belogue\/wp-content\/uploads\/2017\/07\/20170729-01-820x547.jpg 820w, https:\/\/www.wallendorff.com\/belogue\/wp-content\/uploads\/2017\/07\/20170729-01-300x200.jpg 300w, https:\/\/www.wallendorff.com\/belogue\/wp-content\/uploads\/2017\/07\/20170729-01-600x400.jpg 600w, https:\/\/www.wallendorff.com\/belogue\/wp-content\/uploads\/2017\/07\/20170729-01.jpg 850w\" sizes=\"(max-width: 128px) 100vw, 128px\" \/><\/a>\n\t\t\t<\/div>\n\t\t\t\t<figcaption class='wp-caption-text gallery-caption' id='gallery-1-35010'>\n\t\t\t\tPal\u00e9o Festival, Nyon, 22\/07\/2017\n\t\t\t\t<\/figcaption><\/figure><figure class='gallery-item'>\n\t\t\t<div class='gallery-icon landscape'>\n\t\t\t\t<a href='https:\/\/www.wallendorff.com\/belogue\/2017\/07\/29\/paleo-festival-2017-jour-5\/paleo-festival-nyon-22072017-2\/'><img decoding=\"async\" width=\"128\" height=\"85\" src=\"https:\/\/www.wallendorff.com\/belogue\/wp-content\/uploads\/2017\/07\/20170729-02-200x133.jpg\" class=\"attachment-thumbnail size-thumbnail\" alt=\"\" aria-describedby=\"gallery-1-35011\" srcset=\"https:\/\/www.wallendorff.com\/belogue\/wp-content\/uploads\/2017\/07\/20170729-02-200x133.jpg 200w, https:\/\/www.wallendorff.com\/belogue\/wp-content\/uploads\/2017\/07\/20170729-02-820x547.jpg 820w, https:\/\/www.wallendorff.com\/belogue\/wp-content\/uploads\/2017\/07\/20170729-02-300x200.jpg 300w, https:\/\/www.wallendorff.com\/belogue\/wp-content\/uploads\/2017\/07\/20170729-02-600x400.jpg 600w, https:\/\/www.wallendorff.com\/belogue\/wp-content\/uploads\/2017\/07\/20170729-02.jpg 850w\" sizes=\"(max-width: 128px) 100vw, 128px\" \/><\/a>\n\t\t\t<\/div>\n\t\t\t\t<figcaption class='wp-caption-text gallery-caption' id='gallery-1-35011'>\n\t\t\t\tPal\u00e9o Festival, Nyon, 22\/07\/2017\n\t\t\t\t<\/figcaption><\/figure><figure class='gallery-item'>\n\t\t\t<div class='gallery-icon landscape'>\n\t\t\t\t<a href='https:\/\/www.wallendorff.com\/belogue\/2017\/07\/29\/paleo-festival-2017-jour-5\/paleo-festival-nyon-22072017-3\/'><img decoding=\"async\" width=\"128\" height=\"85\" src=\"https:\/\/www.wallendorff.com\/belogue\/wp-content\/uploads\/2017\/07\/20170729-03-200x133.jpg\" class=\"attachment-thumbnail size-thumbnail\" alt=\"\" aria-describedby=\"gallery-1-35012\" srcset=\"https:\/\/www.wallendorff.com\/belogue\/wp-content\/uploads\/2017\/07\/20170729-03-200x133.jpg 200w, https:\/\/www.wallendorff.com\/belogue\/wp-content\/uploads\/2017\/07\/20170729-03-820x547.jpg 820w, https:\/\/www.wallendorff.com\/belogue\/wp-content\/uploads\/2017\/07\/20170729-03-300x200.jpg 300w, https:\/\/www.wallendorff.com\/belogue\/wp-content\/uploads\/2017\/07\/20170729-03-600x400.jpg 600w, https:\/\/www.wallendorff.com\/belogue\/wp-content\/uploads\/2017\/07\/20170729-03.jpg 850w\" sizes=\"(max-width: 128px) 100vw, 128px\" \/><\/a>\n\t\t\t<\/div>\n\t\t\t\t<figcaption class='wp-caption-text gallery-caption' id='gallery-1-35012'>\n\t\t\t\tPal\u00e9o Festival, Nyon, 22\/07\/2017\n\t\t\t\t<\/figcaption><\/figure><figure class='gallery-item'>\n\t\t\t<div class='gallery-icon landscape'>\n\t\t\t\t<a href='https:\/\/www.wallendorff.com\/belogue\/2017\/07\/29\/paleo-festival-2017-jour-5\/paleo-festival-nyon-22072017-4\/'><img loading=\"lazy\" decoding=\"async\" width=\"128\" height=\"85\" src=\"https:\/\/www.wallendorff.com\/belogue\/wp-content\/uploads\/2017\/07\/20170729-04-200x133.jpg\" class=\"attachment-thumbnail size-thumbnail\" alt=\"\" aria-describedby=\"gallery-1-35013\" srcset=\"https:\/\/www.wallendorff.com\/belogue\/wp-content\/uploads\/2017\/07\/20170729-04-200x133.jpg 200w, https:\/\/www.wallendorff.com\/belogue\/wp-content\/uploads\/2017\/07\/20170729-04-820x547.jpg 820w, https:\/\/www.wallendorff.com\/belogue\/wp-content\/uploads\/2017\/07\/20170729-04-300x200.jpg 300w, https:\/\/www.wallendorff.com\/belogue\/wp-content\/uploads\/2017\/07\/20170729-04-600x400.jpg 600w, https:\/\/www.wallendorff.com\/belogue\/wp-content\/uploads\/2017\/07\/20170729-04.jpg 850w\" sizes=\"(max-width: 128px) 100vw, 128px\" \/><\/a>\n\t\t\t<\/div>\n\t\t\t\t<figcaption class='wp-caption-text gallery-caption' id='gallery-1-35013'>\n\t\t\t\tPal\u00e9o Festival, Nyon, 22\/07\/2017\n\t\t\t\t<\/figcaption><\/figure><figure class='gallery-item'>\n\t\t\t<div class='gallery-icon landscape'>\n\t\t\t\t<a href='https:\/\/www.wallendorff.com\/belogue\/2017\/07\/29\/paleo-festival-2017-jour-5\/paleo-festival-nyon-22072017-5\/'><img loading=\"lazy\" decoding=\"async\" width=\"128\" height=\"85\" src=\"https:\/\/www.wallendorff.com\/belogue\/wp-content\/uploads\/2017\/07\/20170729-05-200x133.jpg\" class=\"attachment-thumbnail size-thumbnail\" alt=\"\" aria-describedby=\"gallery-1-35014\" srcset=\"https:\/\/www.wallendorff.com\/belogue\/wp-content\/uploads\/2017\/07\/20170729-05-200x133.jpg 200w, https:\/\/www.wallendorff.com\/belogue\/wp-content\/uploads\/2017\/07\/20170729-05-820x547.jpg 820w, https:\/\/www.wallendorff.com\/belogue\/wp-content\/uploads\/2017\/07\/20170729-05-300x200.jpg 300w, https:\/\/www.wallendorff.com\/belogue\/wp-content\/uploads\/2017\/07\/20170729-05-600x400.jpg 600w, https:\/\/www.wallendorff.com\/belogue\/wp-content\/uploads\/2017\/07\/20170729-05.jpg 850w\" sizes=\"(max-width: 128px) 100vw, 128px\" \/><\/a>\n\t\t\t<\/div>\n\t\t\t\t<figcaption class='wp-caption-text gallery-caption' id='gallery-1-35014'>\n\t\t\t\tPal\u00e9o Festival, Nyon, 22\/07\/2017\n\t\t\t\t<\/figcaption><\/figure><figure class='gallery-item'>\n\t\t\t<div class='gallery-icon landscape'>\n\t\t\t\t<a href='https:\/\/www.wallendorff.com\/belogue\/2017\/07\/29\/paleo-festival-2017-jour-5\/paleo-festival-nyon-22072017-6\/'><img loading=\"lazy\" decoding=\"async\" width=\"128\" height=\"85\" src=\"https:\/\/www.wallendorff.com\/belogue\/wp-content\/uploads\/2017\/07\/20170729-06-200x133.jpg\" class=\"attachment-thumbnail size-thumbnail\" alt=\"\" aria-describedby=\"gallery-1-35015\" srcset=\"https:\/\/www.wallendorff.com\/belogue\/wp-content\/uploads\/2017\/07\/20170729-06-200x133.jpg 200w, https:\/\/www.wallendorff.com\/belogue\/wp-content\/uploads\/2017\/07\/20170729-06-820x547.jpg 820w, https:\/\/www.wallendorff.com\/belogue\/wp-content\/uploads\/2017\/07\/20170729-06-300x200.jpg 300w, https:\/\/www.wallendorff.com\/belogue\/wp-content\/uploads\/2017\/07\/20170729-06-600x400.jpg 600w, https:\/\/www.wallendorff.com\/belogue\/wp-content\/uploads\/2017\/07\/20170729-06.jpg 850w\" sizes=\"(max-width: 128px) 100vw, 128px\" \/><\/a>\n\t\t\t<\/div>\n\t\t\t\t<figcaption class='wp-caption-text gallery-caption' id='gallery-1-35015'>\n\t\t\t\tPal\u00e9o Festival, Nyon, 22\/07\/2017\n\t\t\t\t<\/figcaption><\/figure><figure class='gallery-item'>\n\t\t\t<div class='gallery-icon landscape'>\n\t\t\t\t<a href='https:\/\/www.wallendorff.com\/belogue\/2017\/07\/29\/paleo-festival-2017-jour-5\/paleo-festival-nyon-22072017-7\/'><img loading=\"lazy\" decoding=\"async\" width=\"128\" height=\"85\" src=\"https:\/\/www.wallendorff.com\/belogue\/wp-content\/uploads\/2017\/07\/20170729-07-200x133.jpg\" class=\"attachment-thumbnail size-thumbnail\" alt=\"\" aria-describedby=\"gallery-1-35016\" srcset=\"https:\/\/www.wallendorff.com\/belogue\/wp-content\/uploads\/2017\/07\/20170729-07-200x133.jpg 200w, https:\/\/www.wallendorff.com\/belogue\/wp-content\/uploads\/2017\/07\/20170729-07-820x547.jpg 820w, https:\/\/www.wallendorff.com\/belogue\/wp-content\/uploads\/2017\/07\/20170729-07-300x200.jpg 300w, https:\/\/www.wallendorff.com\/belogue\/wp-content\/uploads\/2017\/07\/20170729-07-600x400.jpg 600w, https:\/\/www.wallendorff.com\/belogue\/wp-content\/uploads\/2017\/07\/20170729-07.jpg 850w\" sizes=\"(max-width: 128px) 100vw, 128px\" \/><\/a>\n\t\t\t<\/div>\n\t\t\t\t<figcaption class='wp-caption-text gallery-caption' id='gallery-1-35016'>\n\t\t\t\tPal\u00e9o Festival, Nyon, 22\/07\/2017\n\t\t\t\t<\/figcaption><\/figure><figure class='gallery-item'>\n\t\t\t<div class='gallery-icon landscape'>\n\t\t\t\t<a href='https:\/\/www.wallendorff.com\/belogue\/2017\/07\/29\/paleo-festival-2017-jour-5\/paleo-festival-nyon-22072017-8\/'><img loading=\"lazy\" decoding=\"async\" width=\"128\" height=\"85\" src=\"https:\/\/www.wallendorff.com\/belogue\/wp-content\/uploads\/2017\/07\/20170729-08-200x133.jpg\" class=\"attachment-thumbnail size-thumbnail\" alt=\"\" aria-describedby=\"gallery-1-35017\" srcset=\"https:\/\/www.wallendorff.com\/belogue\/wp-content\/uploads\/2017\/07\/20170729-08-200x133.jpg 200w, https:\/\/www.wallendorff.com\/belogue\/wp-content\/uploads\/2017\/07\/20170729-08-820x547.jpg 820w, https:\/\/www.wallendorff.com\/belogue\/wp-content\/uploads\/2017\/07\/20170729-08-300x200.jpg 300w, https:\/\/www.wallendorff.com\/belogue\/wp-content\/uploads\/2017\/07\/20170729-08-600x400.jpg 600w, https:\/\/www.wallendorff.com\/belogue\/wp-content\/uploads\/2017\/07\/20170729-08.jpg 850w\" sizes=\"(max-width: 128px) 100vw, 128px\" \/><\/a>\n\t\t\t<\/div>\n\t\t\t\t<figcaption class='wp-caption-text gallery-caption' id='gallery-1-35017'>\n\t\t\t\tPal\u00e9o Festival, Nyon, 22\/07\/2017\n\t\t\t\t<\/figcaption><\/figure><figure class='gallery-item'>\n\t\t\t<div class='gallery-icon landscape'>\n\t\t\t\t<a href='https:\/\/www.wallendorff.com\/belogue\/2017\/07\/29\/paleo-festival-2017-jour-5\/broken-back-paleo-festival-nyon-22072017\/'><img loading=\"lazy\" decoding=\"async\" width=\"128\" height=\"85\" src=\"https:\/\/www.wallendorff.com\/belogue\/wp-content\/uploads\/2017\/07\/20170729-09-200x133.jpg\" class=\"attachment-thumbnail size-thumbnail\" alt=\"\" aria-describedby=\"gallery-1-35018\" srcset=\"https:\/\/www.wallendorff.com\/belogue\/wp-content\/uploads\/2017\/07\/20170729-09-200x133.jpg 200w, https:\/\/www.wallendorff.com\/belogue\/wp-content\/uploads\/2017\/07\/20170729-09-820x547.jpg 820w, https:\/\/www.wallendorff.com\/belogue\/wp-content\/uploads\/2017\/07\/20170729-09-300x200.jpg 300w, https:\/\/www.wallendorff.com\/belogue\/wp-content\/uploads\/2017\/07\/20170729-09-600x400.jpg 600w, https:\/\/www.wallendorff.com\/belogue\/wp-content\/uploads\/2017\/07\/20170729-09.jpg 850w\" sizes=\"(max-width: 128px) 100vw, 128px\" \/><\/a>\n\t\t\t<\/div>\n\t\t\t\t<figcaption class='wp-caption-text gallery-caption' id='gallery-1-35018'>\n\t\t\t\tBroken Back @ Pal\u00e9o Festival, Nyon, 22\/07\/2017\n\t\t\t\t<\/figcaption><\/figure><figure class='gallery-item'>\n\t\t\t<div class='gallery-icon landscape'>\n\t\t\t\t<a href='https:\/\/www.wallendorff.com\/belogue\/2017\/07\/29\/paleo-festival-2017-jour-5\/broken-back-paleo-festival-nyon-22072017-2\/'><img loading=\"lazy\" decoding=\"async\" width=\"128\" height=\"85\" src=\"https:\/\/www.wallendorff.com\/belogue\/wp-content\/uploads\/2017\/07\/20170729-10-200x133.jpg\" class=\"attachment-thumbnail size-thumbnail\" alt=\"\" aria-describedby=\"gallery-1-35019\" srcset=\"https:\/\/www.wallendorff.com\/belogue\/wp-content\/uploads\/2017\/07\/20170729-10-200x133.jpg 200w, https:\/\/www.wallendorff.com\/belogue\/wp-content\/uploads\/2017\/07\/20170729-10-820x547.jpg 820w, https:\/\/www.wallendorff.com\/belogue\/wp-content\/uploads\/2017\/07\/20170729-10-300x200.jpg 300w, https:\/\/www.wallendorff.com\/belogue\/wp-content\/uploads\/2017\/07\/20170729-10-600x400.jpg 600w, https:\/\/www.wallendorff.com\/belogue\/wp-content\/uploads\/2017\/07\/20170729-10.jpg 850w\" sizes=\"(max-width: 128px) 100vw, 128px\" \/><\/a>\n\t\t\t<\/div>\n\t\t\t\t<figcaption class='wp-caption-text gallery-caption' id='gallery-1-35019'>\n\t\t\t\tBroken Back @ Pal\u00e9o Festival, Nyon, 22\/07\/2017\n\t\t\t\t<\/figcaption><\/figure><figure class='gallery-item'>\n\t\t\t<div class='gallery-icon landscape'>\n\t\t\t\t<a href='https:\/\/www.wallendorff.com\/belogue\/2017\/07\/29\/paleo-festival-2017-jour-5\/broken-back-paleo-festival-nyon-22072017-3\/'><img loading=\"lazy\" decoding=\"async\" width=\"128\" height=\"85\" src=\"https:\/\/www.wallendorff.com\/belogue\/wp-content\/uploads\/2017\/07\/20170729-11-200x133.jpg\" class=\"attachment-thumbnail size-thumbnail\" alt=\"\" aria-describedby=\"gallery-1-35020\" srcset=\"https:\/\/www.wallendorff.com\/belogue\/wp-content\/uploads\/2017\/07\/20170729-11-200x133.jpg 200w, https:\/\/www.wallendorff.com\/belogue\/wp-content\/uploads\/2017\/07\/20170729-11-820x547.jpg 820w, https:\/\/www.wallendorff.com\/belogue\/wp-content\/uploads\/2017\/07\/20170729-11-300x200.jpg 300w, https:\/\/www.wallendorff.com\/belogue\/wp-content\/uploads\/2017\/07\/20170729-11-600x400.jpg 600w, https:\/\/www.wallendorff.com\/belogue\/wp-content\/uploads\/2017\/07\/20170729-11.jpg 850w\" sizes=\"(max-width: 128px) 100vw, 128px\" \/><\/a>\n\t\t\t<\/div>\n\t\t\t\t<figcaption class='wp-caption-text gallery-caption' id='gallery-1-35020'>\n\t\t\t\tBroken Back @ Pal\u00e9o Festival, Nyon, 22\/07\/2017\n\t\t\t\t<\/figcaption><\/figure><figure class='gallery-item'>\n\t\t\t<div class='gallery-icon landscape'>\n\t\t\t\t<a href='https:\/\/www.wallendorff.com\/belogue\/2017\/07\/29\/paleo-festival-2017-jour-5\/broken-back-paleo-festival-nyon-22072017-4\/'><img loading=\"lazy\" decoding=\"async\" width=\"128\" height=\"85\" src=\"https:\/\/www.wallendorff.com\/belogue\/wp-content\/uploads\/2017\/07\/20170729-12-200x133.jpg\" class=\"attachment-thumbnail size-thumbnail\" alt=\"\" aria-describedby=\"gallery-1-35021\" srcset=\"https:\/\/www.wallendorff.com\/belogue\/wp-content\/uploads\/2017\/07\/20170729-12-200x133.jpg 200w, https:\/\/www.wallendorff.com\/belogue\/wp-content\/uploads\/2017\/07\/20170729-12-820x547.jpg 820w, https:\/\/www.wallendorff.com\/belogue\/wp-content\/uploads\/2017\/07\/20170729-12-300x200.jpg 300w, https:\/\/www.wallendorff.com\/belogue\/wp-content\/uploads\/2017\/07\/20170729-12-600x400.jpg 600w, https:\/\/www.wallendorff.com\/belogue\/wp-content\/uploads\/2017\/07\/20170729-12.jpg 850w\" sizes=\"(max-width: 128px) 100vw, 128px\" \/><\/a>\n\t\t\t<\/div>\n\t\t\t\t<figcaption class='wp-caption-text gallery-caption' id='gallery-1-35021'>\n\t\t\t\tBroken Back @ Pal\u00e9o Festival, Nyon, 22\/07\/2017\n\t\t\t\t<\/figcaption><\/figure><figure class='gallery-item'>\n\t\t\t<div class='gallery-icon landscape'>\n\t\t\t\t<a href='https:\/\/www.wallendorff.com\/belogue\/2017\/07\/29\/paleo-festival-2017-jour-5\/broken-back-paleo-festival-nyon-22072017-5\/'><img loading=\"lazy\" decoding=\"async\" width=\"128\" height=\"85\" src=\"https:\/\/www.wallendorff.com\/belogue\/wp-content\/uploads\/2017\/07\/20170729-13-200x133.jpg\" class=\"attachment-thumbnail size-thumbnail\" alt=\"\" aria-describedby=\"gallery-1-35022\" srcset=\"https:\/\/www.wallendorff.com\/belogue\/wp-content\/uploads\/2017\/07\/20170729-13-200x133.jpg 200w, https:\/\/www.wallendorff.com\/belogue\/wp-content\/uploads\/2017\/07\/20170729-13-820x547.jpg 820w, https:\/\/www.wallendorff.com\/belogue\/wp-content\/uploads\/2017\/07\/20170729-13-300x200.jpg 300w, https:\/\/www.wallendorff.com\/belogue\/wp-content\/uploads\/2017\/07\/20170729-13-600x400.jpg 600w, https:\/\/www.wallendorff.com\/belogue\/wp-content\/uploads\/2017\/07\/20170729-13.jpg 850w\" sizes=\"(max-width: 128px) 100vw, 128px\" \/><\/a>\n\t\t\t<\/div>\n\t\t\t\t<figcaption class='wp-caption-text gallery-caption' id='gallery-1-35022'>\n\t\t\t\tBroken Back @ Pal\u00e9o Festival, Nyon, 22\/07\/2017\n\t\t\t\t<\/figcaption><\/figure><figure class='gallery-item'>\n\t\t\t<div class='gallery-icon landscape'>\n\t\t\t\t<a href='https:\/\/www.wallendorff.com\/belogue\/2017\/07\/29\/paleo-festival-2017-jour-5\/broken-back-paleo-festival-nyon-22072017-6\/'><img loading=\"lazy\" decoding=\"async\" width=\"128\" height=\"85\" src=\"https:\/\/www.wallendorff.com\/belogue\/wp-content\/uploads\/2017\/07\/20170729-14-200x133.jpg\" class=\"attachment-thumbnail size-thumbnail\" alt=\"\" aria-describedby=\"gallery-1-35023\" srcset=\"https:\/\/www.wallendorff.com\/belogue\/wp-content\/uploads\/2017\/07\/20170729-14-200x133.jpg 200w, https:\/\/www.wallendorff.com\/belogue\/wp-content\/uploads\/2017\/07\/20170729-14-820x547.jpg 820w, https:\/\/www.wallendorff.com\/belogue\/wp-content\/uploads\/2017\/07\/20170729-14-300x200.jpg 300w, https:\/\/www.wallendorff.com\/belogue\/wp-content\/uploads\/2017\/07\/20170729-14-600x400.jpg 600w, https:\/\/www.wallendorff.com\/belogue\/wp-content\/uploads\/2017\/07\/20170729-14.jpg 850w\" sizes=\"(max-width: 128px) 100vw, 128px\" \/><\/a>\n\t\t\t<\/div>\n\t\t\t\t<figcaption class='wp-caption-text gallery-caption' id='gallery-1-35023'>\n\t\t\t\tBroken Back @ Pal\u00e9o Festival, Nyon, 22\/07\/2017\n\t\t\t\t<\/figcaption><\/figure><figure class='gallery-item'>\n\t\t\t<div class='gallery-icon landscape'>\n\t\t\t\t<a href='https:\/\/www.wallendorff.com\/belogue\/2017\/07\/29\/paleo-festival-2017-jour-5\/broken-back-paleo-festival-nyon-22072017-7\/'><img loading=\"lazy\" decoding=\"async\" width=\"128\" height=\"85\" src=\"https:\/\/www.wallendorff.com\/belogue\/wp-content\/uploads\/2017\/07\/20170729-15-200x133.jpg\" class=\"attachment-thumbnail size-thumbnail\" alt=\"\" aria-describedby=\"gallery-1-35024\" srcset=\"https:\/\/www.wallendorff.com\/belogue\/wp-content\/uploads\/2017\/07\/20170729-15-200x133.jpg 200w, https:\/\/www.wallendorff.com\/belogue\/wp-content\/uploads\/2017\/07\/20170729-15-820x547.jpg 820w, https:\/\/www.wallendorff.com\/belogue\/wp-content\/uploads\/2017\/07\/20170729-15-300x200.jpg 300w, https:\/\/www.wallendorff.com\/belogue\/wp-content\/uploads\/2017\/07\/20170729-15-600x400.jpg 600w, https:\/\/www.wallendorff.com\/belogue\/wp-content\/uploads\/2017\/07\/20170729-15.jpg 850w\" sizes=\"(max-width: 128px) 100vw, 128px\" \/><\/a>\n\t\t\t<\/div>\n\t\t\t\t<figcaption class='wp-caption-text gallery-caption' id='gallery-1-35024'>\n\t\t\t\tBroken Back @ Pal\u00e9o Festival, Nyon, 22\/07\/2017\n\t\t\t\t<\/figcaption><\/figure><figure class='gallery-item'>\n\t\t\t<div class='gallery-icon landscape'>\n\t\t\t\t<a href='https:\/\/www.wallendorff.com\/belogue\/2017\/07\/29\/paleo-festival-2017-jour-5\/broken-back-paleo-festival-nyon-22072017-8\/'><img loading=\"lazy\" decoding=\"async\" width=\"128\" height=\"85\" src=\"https:\/\/www.wallendorff.com\/belogue\/wp-content\/uploads\/2017\/07\/20170729-16-200x133.jpg\" class=\"attachment-thumbnail size-thumbnail\" alt=\"\" aria-describedby=\"gallery-1-35025\" srcset=\"https:\/\/www.wallendorff.com\/belogue\/wp-content\/uploads\/2017\/07\/20170729-16-200x133.jpg 200w, https:\/\/www.wallendorff.com\/belogue\/wp-content\/uploads\/2017\/07\/20170729-16-820x547.jpg 820w, https:\/\/www.wallendorff.com\/belogue\/wp-content\/uploads\/2017\/07\/20170729-16-300x200.jpg 300w, https:\/\/www.wallendorff.com\/belogue\/wp-content\/uploads\/2017\/07\/20170729-16-600x400.jpg 600w, https:\/\/www.wallendorff.com\/belogue\/wp-content\/uploads\/2017\/07\/20170729-16.jpg 850w\" sizes=\"(max-width: 128px) 100vw, 128px\" \/><\/a>\n\t\t\t<\/div>\n\t\t\t\t<figcaption class='wp-caption-text gallery-caption' id='gallery-1-35025'>\n\t\t\t\tBroken Back @ Pal\u00e9o Festival, Nyon, 22\/07\/2017\n\t\t\t\t<\/figcaption><\/figure><figure class='gallery-item'>\n\t\t\t<div class='gallery-icon landscape'>\n\t\t\t\t<a href='https:\/\/www.wallendorff.com\/belogue\/2017\/07\/29\/paleo-festival-2017-jour-5\/paleo-festival-nyon-22072017-9\/'><img loading=\"lazy\" decoding=\"async\" width=\"128\" height=\"85\" src=\"https:\/\/www.wallendorff.com\/belogue\/wp-content\/uploads\/2017\/07\/20170729-17-200x133.jpg\" class=\"attachment-thumbnail size-thumbnail\" alt=\"\" aria-describedby=\"gallery-1-35026\" srcset=\"https:\/\/www.wallendorff.com\/belogue\/wp-content\/uploads\/2017\/07\/20170729-17-200x133.jpg 200w, https:\/\/www.wallendorff.com\/belogue\/wp-content\/uploads\/2017\/07\/20170729-17-820x547.jpg 820w, https:\/\/www.wallendorff.com\/belogue\/wp-content\/uploads\/2017\/07\/20170729-17-300x200.jpg 300w, https:\/\/www.wallendorff.com\/belogue\/wp-content\/uploads\/2017\/07\/20170729-17-600x400.jpg 600w, https:\/\/www.wallendorff.com\/belogue\/wp-content\/uploads\/2017\/07\/20170729-17.jpg 850w\" sizes=\"(max-width: 128px) 100vw, 128px\" \/><\/a>\n\t\t\t<\/div>\n\t\t\t\t<figcaption class='wp-caption-text gallery-caption' id='gallery-1-35026'>\n\t\t\t\tPal\u00e9o Festival, Nyon, 22\/07\/2017\n\t\t\t\t<\/figcaption><\/figure><figure class='gallery-item'>\n\t\t\t<div class='gallery-icon landscape'>\n\t\t\t\t<a href='https:\/\/www.wallendorff.com\/belogue\/2017\/07\/29\/paleo-festival-2017-jour-5\/broken-back-paleo-festival-nyon-22072017-9\/'><img loading=\"lazy\" decoding=\"async\" width=\"128\" height=\"85\" src=\"https:\/\/www.wallendorff.com\/belogue\/wp-content\/uploads\/2017\/07\/20170729-18-200x133.jpg\" class=\"attachment-thumbnail size-thumbnail\" alt=\"\" aria-describedby=\"gallery-1-35027\" srcset=\"https:\/\/www.wallendorff.com\/belogue\/wp-content\/uploads\/2017\/07\/20170729-18-200x133.jpg 200w, https:\/\/www.wallendorff.com\/belogue\/wp-content\/uploads\/2017\/07\/20170729-18-820x547.jpg 820w, https:\/\/www.wallendorff.com\/belogue\/wp-content\/uploads\/2017\/07\/20170729-18-300x200.jpg 300w, https:\/\/www.wallendorff.com\/belogue\/wp-content\/uploads\/2017\/07\/20170729-18-600x400.jpg 600w, https:\/\/www.wallendorff.com\/belogue\/wp-content\/uploads\/2017\/07\/20170729-18.jpg 850w\" sizes=\"(max-width: 128px) 100vw, 128px\" \/><\/a>\n\t\t\t<\/div>\n\t\t\t\t<figcaption class='wp-caption-text gallery-caption' id='gallery-1-35027'>\n\t\t\t\tBroken Back @ Pal\u00e9o Festival, Nyon, 22\/07\/2017\n\t\t\t\t<\/figcaption><\/figure><figure class='gallery-item'>\n\t\t\t<div class='gallery-icon landscape'>\n\t\t\t\t<a href='https:\/\/www.wallendorff.com\/belogue\/2017\/07\/29\/paleo-festival-2017-jour-5\/broken-back-paleo-festival-nyon-22072017-10\/'><img loading=\"lazy\" decoding=\"async\" width=\"128\" height=\"85\" src=\"https:\/\/www.wallendorff.com\/belogue\/wp-content\/uploads\/2017\/07\/20170729-19-200x133.jpg\" class=\"attachment-thumbnail size-thumbnail\" alt=\"\" aria-describedby=\"gallery-1-35028\" srcset=\"https:\/\/www.wallendorff.com\/belogue\/wp-content\/uploads\/2017\/07\/20170729-19-200x133.jpg 200w, https:\/\/www.wallendorff.com\/belogue\/wp-content\/uploads\/2017\/07\/20170729-19-820x547.jpg 820w, https:\/\/www.wallendorff.com\/belogue\/wp-content\/uploads\/2017\/07\/20170729-19-300x200.jpg 300w, https:\/\/www.wallendorff.com\/belogue\/wp-content\/uploads\/2017\/07\/20170729-19-600x400.jpg 600w, https:\/\/www.wallendorff.com\/belogue\/wp-content\/uploads\/2017\/07\/20170729-19.jpg 850w\" sizes=\"(max-width: 128px) 100vw, 128px\" \/><\/a>\n\t\t\t<\/div>\n\t\t\t\t<figcaption class='wp-caption-text gallery-caption' id='gallery-1-35028'>\n\t\t\t\tBroken Back @ Pal\u00e9o Festival, Nyon, 22\/07\/2017\n\t\t\t\t<\/figcaption><\/figure><figure class='gallery-item'>\n\t\t\t<div class='gallery-icon landscape'>\n\t\t\t\t<a href='https:\/\/www.wallendorff.com\/belogue\/2017\/07\/29\/paleo-festival-2017-jour-5\/broken-back-paleo-festival-nyon-22072017-11\/'><img loading=\"lazy\" decoding=\"async\" width=\"128\" height=\"85\" src=\"https:\/\/www.wallendorff.com\/belogue\/wp-content\/uploads\/2017\/07\/20170729-20-200x133.jpg\" class=\"attachment-thumbnail size-thumbnail\" alt=\"\" aria-describedby=\"gallery-1-35029\" srcset=\"https:\/\/www.wallendorff.com\/belogue\/wp-content\/uploads\/2017\/07\/20170729-20-200x133.jpg 200w, https:\/\/www.wallendorff.com\/belogue\/wp-content\/uploads\/2017\/07\/20170729-20-820x547.jpg 820w, https:\/\/www.wallendorff.com\/belogue\/wp-content\/uploads\/2017\/07\/20170729-20-300x200.jpg 300w, https:\/\/www.wallendorff.com\/belogue\/wp-content\/uploads\/2017\/07\/20170729-20-600x400.jpg 600w, https:\/\/www.wallendorff.com\/belogue\/wp-content\/uploads\/2017\/07\/20170729-20.jpg 850w\" sizes=\"(max-width: 128px) 100vw, 128px\" \/><\/a>\n\t\t\t<\/div>\n\t\t\t\t<figcaption class='wp-caption-text gallery-caption' id='gallery-1-35029'>\n\t\t\t\tBroken Back @ Pal\u00e9o Festival, Nyon, 22\/07\/2017\n\t\t\t\t<\/figcaption><\/figure><figure class='gallery-item'>\n\t\t\t<div class='gallery-icon landscape'>\n\t\t\t\t<a href='https:\/\/www.wallendorff.com\/belogue\/2017\/07\/29\/paleo-festival-2017-jour-5\/paleo-festival-nyon-22072017-10\/'><img loading=\"lazy\" decoding=\"async\" width=\"128\" height=\"85\" src=\"https:\/\/www.wallendorff.com\/belogue\/wp-content\/uploads\/2017\/07\/20170729-21-200x133.jpg\" class=\"attachment-thumbnail size-thumbnail\" alt=\"\" aria-describedby=\"gallery-1-35030\" srcset=\"https:\/\/www.wallendorff.com\/belogue\/wp-content\/uploads\/2017\/07\/20170729-21-200x133.jpg 200w, https:\/\/www.wallendorff.com\/belogue\/wp-content\/uploads\/2017\/07\/20170729-21-820x547.jpg 820w, https:\/\/www.wallendorff.com\/belogue\/wp-content\/uploads\/2017\/07\/20170729-21-300x200.jpg 300w, https:\/\/www.wallendorff.com\/belogue\/wp-content\/uploads\/2017\/07\/20170729-21-600x400.jpg 600w, https:\/\/www.wallendorff.com\/belogue\/wp-content\/uploads\/2017\/07\/20170729-21.jpg 850w\" sizes=\"(max-width: 128px) 100vw, 128px\" \/><\/a>\n\t\t\t<\/div>\n\t\t\t\t<figcaption class='wp-caption-text gallery-caption' id='gallery-1-35030'>\n\t\t\t\tPal\u00e9o Festival, Nyon, 22\/07\/2017\n\t\t\t\t<\/figcaption><\/figure><figure class='gallery-item'>\n\t\t\t<div class='gallery-icon landscape'>\n\t\t\t\t<a href='https:\/\/www.wallendorff.com\/belogue\/2017\/07\/29\/paleo-festival-2017-jour-5\/broken-back-paleo-festival-nyon-22072017-12\/'><img loading=\"lazy\" decoding=\"async\" width=\"128\" height=\"85\" src=\"https:\/\/www.wallendorff.com\/belogue\/wp-content\/uploads\/2017\/07\/20170729-22-200x133.jpg\" class=\"attachment-thumbnail size-thumbnail\" alt=\"\" aria-describedby=\"gallery-1-35031\" srcset=\"https:\/\/www.wallendorff.com\/belogue\/wp-content\/uploads\/2017\/07\/20170729-22-200x133.jpg 200w, https:\/\/www.wallendorff.com\/belogue\/wp-content\/uploads\/2017\/07\/20170729-22-820x547.jpg 820w, https:\/\/www.wallendorff.com\/belogue\/wp-content\/uploads\/2017\/07\/20170729-22-300x200.jpg 300w, https:\/\/www.wallendorff.com\/belogue\/wp-content\/uploads\/2017\/07\/20170729-22-600x400.jpg 600w, https:\/\/www.wallendorff.com\/belogue\/wp-content\/uploads\/2017\/07\/20170729-22.jpg 850w\" sizes=\"(max-width: 128px) 100vw, 128px\" \/><\/a>\n\t\t\t<\/div>\n\t\t\t\t<figcaption class='wp-caption-text gallery-caption' id='gallery-1-35031'>\n\t\t\t\tBroken Back @ Pal\u00e9o Festival, Nyon, 22\/07\/2017\n\t\t\t\t<\/figcaption><\/figure><figure class='gallery-item'>\n\t\t\t<div class='gallery-icon landscape'>\n\t\t\t\t<a href='https:\/\/www.wallendorff.com\/belogue\/2017\/07\/29\/paleo-festival-2017-jour-5\/broken-back-paleo-festival-nyon-22072017-13\/'><img loading=\"lazy\" decoding=\"async\" width=\"128\" height=\"85\" src=\"https:\/\/www.wallendorff.com\/belogue\/wp-content\/uploads\/2017\/07\/20170729-23-200x133.jpg\" class=\"attachment-thumbnail size-thumbnail\" alt=\"\" aria-describedby=\"gallery-1-35032\" srcset=\"https:\/\/www.wallendorff.com\/belogue\/wp-content\/uploads\/2017\/07\/20170729-23-200x133.jpg 200w, https:\/\/www.wallendorff.com\/belogue\/wp-content\/uploads\/2017\/07\/20170729-23-820x547.jpg 820w, https:\/\/www.wallendorff.com\/belogue\/wp-content\/uploads\/2017\/07\/20170729-23-300x200.jpg 300w, https:\/\/www.wallendorff.com\/belogue\/wp-content\/uploads\/2017\/07\/20170729-23-600x400.jpg 600w, https:\/\/www.wallendorff.com\/belogue\/wp-content\/uploads\/2017\/07\/20170729-23.jpg 850w\" sizes=\"(max-width: 128px) 100vw, 128px\" \/><\/a>\n\t\t\t<\/div>\n\t\t\t\t<figcaption class='wp-caption-text gallery-caption' id='gallery-1-35032'>\n\t\t\t\tBroken Back @ Pal\u00e9o Festival, Nyon, 22\/07\/2017\n\t\t\t\t<\/figcaption><\/figure><figure class='gallery-item'>\n\t\t\t<div class='gallery-icon landscape'>\n\t\t\t\t<a href='https:\/\/www.wallendorff.com\/belogue\/2017\/07\/29\/paleo-festival-2017-jour-5\/paleo-festival-nyon-22072017-11\/'><img loading=\"lazy\" decoding=\"async\" width=\"128\" height=\"85\" src=\"https:\/\/www.wallendorff.com\/belogue\/wp-content\/uploads\/2017\/07\/20170729-24-200x133.jpg\" class=\"attachment-thumbnail size-thumbnail\" alt=\"\" aria-describedby=\"gallery-1-35033\" srcset=\"https:\/\/www.wallendorff.com\/belogue\/wp-content\/uploads\/2017\/07\/20170729-24-200x133.jpg 200w, https:\/\/www.wallendorff.com\/belogue\/wp-content\/uploads\/2017\/07\/20170729-24-820x547.jpg 820w, https:\/\/www.wallendorff.com\/belogue\/wp-content\/uploads\/2017\/07\/20170729-24-300x200.jpg 300w, https:\/\/www.wallendorff.com\/belogue\/wp-content\/uploads\/2017\/07\/20170729-24-600x400.jpg 600w, https:\/\/www.wallendorff.com\/belogue\/wp-content\/uploads\/2017\/07\/20170729-24.jpg 850w\" sizes=\"(max-width: 128px) 100vw, 128px\" \/><\/a>\n\t\t\t<\/div>\n\t\t\t\t<figcaption class='wp-caption-text gallery-caption' id='gallery-1-35033'>\n\t\t\t\tPal\u00e9o Festival, Nyon, 22\/07\/2017\n\t\t\t\t<\/figcaption><\/figure><figure class='gallery-item'>\n\t\t\t<div class='gallery-icon landscape'>\n\t\t\t\t<a href='https:\/\/www.wallendorff.com\/belogue\/2017\/07\/29\/paleo-festival-2017-jour-5\/broken-back-paleo-festival-nyon-22072017-14\/'><img loading=\"lazy\" decoding=\"async\" width=\"128\" height=\"85\" src=\"https:\/\/www.wallendorff.com\/belogue\/wp-content\/uploads\/2017\/07\/20170729-25-200x133.jpg\" class=\"attachment-thumbnail size-thumbnail\" alt=\"\" aria-describedby=\"gallery-1-35034\" srcset=\"https:\/\/www.wallendorff.com\/belogue\/wp-content\/uploads\/2017\/07\/20170729-25-200x133.jpg 200w, https:\/\/www.wallendorff.com\/belogue\/wp-content\/uploads\/2017\/07\/20170729-25-820x547.jpg 820w, https:\/\/www.wallendorff.com\/belogue\/wp-content\/uploads\/2017\/07\/20170729-25-300x200.jpg 300w, https:\/\/www.wallendorff.com\/belogue\/wp-content\/uploads\/2017\/07\/20170729-25-600x400.jpg 600w, https:\/\/www.wallendorff.com\/belogue\/wp-content\/uploads\/2017\/07\/20170729-25.jpg 850w\" sizes=\"(max-width: 128px) 100vw, 128px\" \/><\/a>\n\t\t\t<\/div>\n\t\t\t\t<figcaption class='wp-caption-text gallery-caption' id='gallery-1-35034'>\n\t\t\t\tBroken Back @ Pal\u00e9o Festival, Nyon, 22\/07\/2017\n\t\t\t\t<\/figcaption><\/figure><figure class='gallery-item'>\n\t\t\t<div class='gallery-icon landscape'>\n\t\t\t\t<a href='https:\/\/www.wallendorff.com\/belogue\/2017\/07\/29\/paleo-festival-2017-jour-5\/paleo-festival-nyon-22072017-12\/'><img loading=\"lazy\" decoding=\"async\" width=\"128\" height=\"85\" src=\"https:\/\/www.wallendorff.com\/belogue\/wp-content\/uploads\/2017\/07\/20170729-26-200x133.jpg\" class=\"attachment-thumbnail size-thumbnail\" alt=\"\" aria-describedby=\"gallery-1-35035\" srcset=\"https:\/\/www.wallendorff.com\/belogue\/wp-content\/uploads\/2017\/07\/20170729-26-200x133.jpg 200w, https:\/\/www.wallendorff.com\/belogue\/wp-content\/uploads\/2017\/07\/20170729-26-820x547.jpg 820w, https:\/\/www.wallendorff.com\/belogue\/wp-content\/uploads\/2017\/07\/20170729-26-300x200.jpg 300w, https:\/\/www.wallendorff.com\/belogue\/wp-content\/uploads\/2017\/07\/20170729-26-600x400.jpg 600w, https:\/\/www.wallendorff.com\/belogue\/wp-content\/uploads\/2017\/07\/20170729-26.jpg 850w\" sizes=\"(max-width: 128px) 100vw, 128px\" \/><\/a>\n\t\t\t<\/div>\n\t\t\t\t<figcaption class='wp-caption-text gallery-caption' id='gallery-1-35035'>\n\t\t\t\tPal\u00e9o Festival, Nyon, 22\/07\/2017\n\t\t\t\t<\/figcaption><\/figure><figure class='gallery-item'>\n\t\t\t<div class='gallery-icon landscape'>\n\t\t\t\t<a href='https:\/\/www.wallendorff.com\/belogue\/2017\/07\/29\/paleo-festival-2017-jour-5\/broken-back-paleo-festival-nyon-22072017-15\/'><img loading=\"lazy\" decoding=\"async\" width=\"128\" height=\"85\" src=\"https:\/\/www.wallendorff.com\/belogue\/wp-content\/uploads\/2017\/07\/20170729-27-200x133.jpg\" class=\"attachment-thumbnail size-thumbnail\" alt=\"\" aria-describedby=\"gallery-1-35036\" srcset=\"https:\/\/www.wallendorff.com\/belogue\/wp-content\/uploads\/2017\/07\/20170729-27-200x133.jpg 200w, https:\/\/www.wallendorff.com\/belogue\/wp-content\/uploads\/2017\/07\/20170729-27-820x547.jpg 820w, https:\/\/www.wallendorff.com\/belogue\/wp-content\/uploads\/2017\/07\/20170729-27-300x200.jpg 300w, https:\/\/www.wallendorff.com\/belogue\/wp-content\/uploads\/2017\/07\/20170729-27-600x400.jpg 600w, https:\/\/www.wallendorff.com\/belogue\/wp-content\/uploads\/2017\/07\/20170729-27.jpg 850w\" sizes=\"(max-width: 128px) 100vw, 128px\" \/><\/a>\n\t\t\t<\/div>\n\t\t\t\t<figcaption class='wp-caption-text gallery-caption' id='gallery-1-35036'>\n\t\t\t\tBroken Back @ Pal\u00e9o Festival, Nyon, 22\/07\/2017\n\t\t\t\t<\/figcaption><\/figure><figure class='gallery-item'>\n\t\t\t<div class='gallery-icon landscape'>\n\t\t\t\t<a href='https:\/\/www.wallendorff.com\/belogue\/2017\/07\/29\/paleo-festival-2017-jour-5\/paleo-festival-nyon-22072017-13\/'><img loading=\"lazy\" decoding=\"async\" width=\"128\" height=\"54\" src=\"https:\/\/www.wallendorff.com\/belogue\/wp-content\/uploads\/2017\/07\/20170729-28-200x85.jpg\" class=\"attachment-thumbnail size-thumbnail\" alt=\"\" aria-describedby=\"gallery-1-35037\" srcset=\"https:\/\/www.wallendorff.com\/belogue\/wp-content\/uploads\/2017\/07\/20170729-28-200x85.jpg 200w, https:\/\/www.wallendorff.com\/belogue\/wp-content\/uploads\/2017\/07\/20170729-28-820x349.jpg 820w, https:\/\/www.wallendorff.com\/belogue\/wp-content\/uploads\/2017\/07\/20170729-28-300x128.jpg 300w, https:\/\/www.wallendorff.com\/belogue\/wp-content\/uploads\/2017\/07\/20170729-28-600x256.jpg 600w, https:\/\/www.wallendorff.com\/belogue\/wp-content\/uploads\/2017\/07\/20170729-28.jpg 850w\" sizes=\"(max-width: 128px) 100vw, 128px\" \/><\/a>\n\t\t\t<\/div>\n\t\t\t\t<figcaption class='wp-caption-text gallery-caption' id='gallery-1-35037'>\n\t\t\t\tPal\u00e9o Festival, Nyon, 22\/07\/2017\n\t\t\t\t<\/figcaption><\/figure><figure class='gallery-item'>\n\t\t\t<div class='gallery-icon portrait'>\n\t\t\t\t<a href='https:\/\/www.wallendorff.com\/belogue\/2017\/07\/29\/paleo-festival-2017-jour-5\/paleo-festival-nyon-22072017-14\/'><img loading=\"lazy\" decoding=\"async\" width=\"64\" height=\"96\" src=\"https:\/\/www.wallendorff.com\/belogue\/wp-content\/uploads\/2017\/07\/20170729-29-133x200.jpg\" class=\"attachment-thumbnail size-thumbnail\" alt=\"\" aria-describedby=\"gallery-1-35038\" srcset=\"https:\/\/www.wallendorff.com\/belogue\/wp-content\/uploads\/2017\/07\/20170729-29-133x200.jpg 133w, https:\/\/www.wallendorff.com\/belogue\/wp-content\/uploads\/2017\/07\/20170729-29-200x300.jpg 200w, https:\/\/www.wallendorff.com\/belogue\/wp-content\/uploads\/2017\/07\/20170729-29.jpg 567w\" sizes=\"(max-width: 64px) 100vw, 64px\" \/><\/a>\n\t\t\t<\/div>\n\t\t\t\t<figcaption class='wp-caption-text gallery-caption' id='gallery-1-35038'>\n\t\t\t\tPal\u00e9o Festival, Nyon, 22\/07\/2017\n\t\t\t\t<\/figcaption><\/figure><figure class='gallery-item'>\n\t\t\t<div class='gallery-icon landscape'>\n\t\t\t\t<a href='https:\/\/www.wallendorff.com\/belogue\/2017\/07\/29\/paleo-festival-2017-jour-5\/mat-bastard-paleo-festival-nyon-22072017\/'><img loading=\"lazy\" decoding=\"async\" width=\"128\" height=\"85\" src=\"https:\/\/www.wallendorff.com\/belogue\/wp-content\/uploads\/2017\/07\/20170729-30-200x133.jpg\" class=\"attachment-thumbnail size-thumbnail\" alt=\"\" aria-describedby=\"gallery-1-35039\" srcset=\"https:\/\/www.wallendorff.com\/belogue\/wp-content\/uploads\/2017\/07\/20170729-30-200x133.jpg 200w, https:\/\/www.wallendorff.com\/belogue\/wp-content\/uploads\/2017\/07\/20170729-30-820x547.jpg 820w, https:\/\/www.wallendorff.com\/belogue\/wp-content\/uploads\/2017\/07\/20170729-30-300x200.jpg 300w, https:\/\/www.wallendorff.com\/belogue\/wp-content\/uploads\/2017\/07\/20170729-30-600x400.jpg 600w, https:\/\/www.wallendorff.com\/belogue\/wp-content\/uploads\/2017\/07\/20170729-30.jpg 850w\" sizes=\"(max-width: 128px) 100vw, 128px\" \/><\/a>\n\t\t\t<\/div>\n\t\t\t\t<figcaption class='wp-caption-text gallery-caption' id='gallery-1-35039'>\n\t\t\t\tMat Bastard @ Pal\u00e9o Festival, Nyon, 22\/07\/2017\n\t\t\t\t<\/figcaption><\/figure><figure class='gallery-item'>\n\t\t\t<div class='gallery-icon landscape'>\n\t\t\t\t<a href='https:\/\/www.wallendorff.com\/belogue\/2017\/07\/29\/paleo-festival-2017-jour-5\/mat-bastard-paleo-festival-nyon-22072017-2\/'><img loading=\"lazy\" decoding=\"async\" width=\"128\" height=\"85\" src=\"https:\/\/www.wallendorff.com\/belogue\/wp-content\/uploads\/2017\/07\/20170729-31-200x133.jpg\" class=\"attachment-thumbnail size-thumbnail\" alt=\"\" aria-describedby=\"gallery-1-35040\" srcset=\"https:\/\/www.wallendorff.com\/belogue\/wp-content\/uploads\/2017\/07\/20170729-31-200x133.jpg 200w, https:\/\/www.wallendorff.com\/belogue\/wp-content\/uploads\/2017\/07\/20170729-31-820x547.jpg 820w, https:\/\/www.wallendorff.com\/belogue\/wp-content\/uploads\/2017\/07\/20170729-31-300x200.jpg 300w, https:\/\/www.wallendorff.com\/belogue\/wp-content\/uploads\/2017\/07\/20170729-31-600x400.jpg 600w, https:\/\/www.wallendorff.com\/belogue\/wp-content\/uploads\/2017\/07\/20170729-31.jpg 850w\" sizes=\"(max-width: 128px) 100vw, 128px\" \/><\/a>\n\t\t\t<\/div>\n\t\t\t\t<figcaption class='wp-caption-text gallery-caption' id='gallery-1-35040'>\n\t\t\t\tMat Bastard @ Pal\u00e9o Festival, Nyon, 22\/07\/2017\n\t\t\t\t<\/figcaption><\/figure><figure class='gallery-item'>\n\t\t\t<div class='gallery-icon portrait'>\n\t\t\t\t<a href='https:\/\/www.wallendorff.com\/belogue\/2017\/07\/29\/paleo-festival-2017-jour-5\/mat-bastard-paleo-festival-nyon-22072017-3\/'><img loading=\"lazy\" decoding=\"async\" width=\"64\" height=\"96\" src=\"https:\/\/www.wallendorff.com\/belogue\/wp-content\/uploads\/2017\/07\/20170729-32-133x200.jpg\" class=\"attachment-thumbnail size-thumbnail\" alt=\"\" aria-describedby=\"gallery-1-35041\" srcset=\"https:\/\/www.wallendorff.com\/belogue\/wp-content\/uploads\/2017\/07\/20170729-32-133x200.jpg 133w, https:\/\/www.wallendorff.com\/belogue\/wp-content\/uploads\/2017\/07\/20170729-32-200x300.jpg 200w, https:\/\/www.wallendorff.com\/belogue\/wp-content\/uploads\/2017\/07\/20170729-32.jpg 567w\" sizes=\"(max-width: 64px) 100vw, 64px\" \/><\/a>\n\t\t\t<\/div>\n\t\t\t\t<figcaption class='wp-caption-text gallery-caption' id='gallery-1-35041'>\n\t\t\t\tMat Bastard @ Pal\u00e9o Festival, Nyon, 22\/07\/2017\n\t\t\t\t<\/figcaption><\/figure><figure class='gallery-item'>\n\t\t\t<div class='gallery-icon landscape'>\n\t\t\t\t<a href='https:\/\/www.wallendorff.com\/belogue\/2017\/07\/29\/paleo-festival-2017-jour-5\/mat-bastard-paleo-festival-nyon-22072017-4\/'><img loading=\"lazy\" decoding=\"async\" width=\"128\" height=\"85\" src=\"https:\/\/www.wallendorff.com\/belogue\/wp-content\/uploads\/2017\/07\/20170729-33-200x133.jpg\" class=\"attachment-thumbnail size-thumbnail\" alt=\"\" aria-describedby=\"gallery-1-35042\" srcset=\"https:\/\/www.wallendorff.com\/belogue\/wp-content\/uploads\/2017\/07\/20170729-33-200x133.jpg 200w, https:\/\/www.wallendorff.com\/belogue\/wp-content\/uploads\/2017\/07\/20170729-33-820x547.jpg 820w, https:\/\/www.wallendorff.com\/belogue\/wp-content\/uploads\/2017\/07\/20170729-33-300x200.jpg 300w, https:\/\/www.wallendorff.com\/belogue\/wp-content\/uploads\/2017\/07\/20170729-33-600x400.jpg 600w, https:\/\/www.wallendorff.com\/belogue\/wp-content\/uploads\/2017\/07\/20170729-33.jpg 850w\" sizes=\"(max-width: 128px) 100vw, 128px\" \/><\/a>\n\t\t\t<\/div>\n\t\t\t\t<figcaption class='wp-caption-text gallery-caption' id='gallery-1-35042'>\n\t\t\t\tMat Bastard @ Pal\u00e9o Festival, Nyon, 22\/07\/2017\n\t\t\t\t<\/figcaption><\/figure><figure class='gallery-item'>\n\t\t\t<div class='gallery-icon landscape'>\n\t\t\t\t<a href='https:\/\/www.wallendorff.com\/belogue\/2017\/07\/29\/paleo-festival-2017-jour-5\/mat-bastard-paleo-festival-nyon-22072017-5\/'><img loading=\"lazy\" decoding=\"async\" width=\"128\" height=\"85\" src=\"https:\/\/www.wallendorff.com\/belogue\/wp-content\/uploads\/2017\/07\/20170729-34-200x133.jpg\" class=\"attachment-thumbnail size-thumbnail\" alt=\"\" aria-describedby=\"gallery-1-35043\" srcset=\"https:\/\/www.wallendorff.com\/belogue\/wp-content\/uploads\/2017\/07\/20170729-34-200x133.jpg 200w, https:\/\/www.wallendorff.com\/belogue\/wp-content\/uploads\/2017\/07\/20170729-34-820x547.jpg 820w, https:\/\/www.wallendorff.com\/belogue\/wp-content\/uploads\/2017\/07\/20170729-34-300x200.jpg 300w, https:\/\/www.wallendorff.com\/belogue\/wp-content\/uploads\/2017\/07\/20170729-34-600x400.jpg 600w, https:\/\/www.wallendorff.com\/belogue\/wp-content\/uploads\/2017\/07\/20170729-34.jpg 850w\" sizes=\"(max-width: 128px) 100vw, 128px\" \/><\/a>\n\t\t\t<\/div>\n\t\t\t\t<figcaption class='wp-caption-text gallery-caption' id='gallery-1-35043'>\n\t\t\t\tMat Bastard @ Pal\u00e9o Festival, Nyon, 22\/07\/2017\n\t\t\t\t<\/figcaption><\/figure><figure class='gallery-item'>\n\t\t\t<div class='gallery-icon landscape'>\n\t\t\t\t<a href='https:\/\/www.wallendorff.com\/belogue\/2017\/07\/29\/paleo-festival-2017-jour-5\/mat-bastard-paleo-festival-nyon-22072017-6\/'><img loading=\"lazy\" decoding=\"async\" width=\"128\" height=\"85\" src=\"https:\/\/www.wallendorff.com\/belogue\/wp-content\/uploads\/2017\/07\/20170729-35-200x133.jpg\" class=\"attachment-thumbnail size-thumbnail\" alt=\"\" aria-describedby=\"gallery-1-35044\" srcset=\"https:\/\/www.wallendorff.com\/belogue\/wp-content\/uploads\/2017\/07\/20170729-35-200x133.jpg 200w, https:\/\/www.wallendorff.com\/belogue\/wp-content\/uploads\/2017\/07\/20170729-35-820x547.jpg 820w, https:\/\/www.wallendorff.com\/belogue\/wp-content\/uploads\/2017\/07\/20170729-35-300x200.jpg 300w, https:\/\/www.wallendorff.com\/belogue\/wp-content\/uploads\/2017\/07\/20170729-35-600x400.jpg 600w, https:\/\/www.wallendorff.com\/belogue\/wp-content\/uploads\/2017\/07\/20170729-35.jpg 850w\" sizes=\"(max-width: 128px) 100vw, 128px\" \/><\/a>\n\t\t\t<\/div>\n\t\t\t\t<figcaption class='wp-caption-text gallery-caption' id='gallery-1-35044'>\n\t\t\t\tMat Bastard @ Pal\u00e9o Festival, Nyon, 22\/07\/2017\n\t\t\t\t<\/figcaption><\/figure><figure class='gallery-item'>\n\t\t\t<div class='gallery-icon landscape'>\n\t\t\t\t<a href='https:\/\/www.wallendorff.com\/belogue\/2017\/07\/29\/paleo-festival-2017-jour-5\/paleo-festival-nyon-22072017-15\/'><img loading=\"lazy\" decoding=\"async\" width=\"128\" height=\"85\" src=\"https:\/\/www.wallendorff.com\/belogue\/wp-content\/uploads\/2017\/07\/20170729-36-200x133.jpg\" class=\"attachment-thumbnail size-thumbnail\" alt=\"\" aria-describedby=\"gallery-1-35045\" srcset=\"https:\/\/www.wallendorff.com\/belogue\/wp-content\/uploads\/2017\/07\/20170729-36-200x133.jpg 200w, https:\/\/www.wallendorff.com\/belogue\/wp-content\/uploads\/2017\/07\/20170729-36-820x547.jpg 820w, https:\/\/www.wallendorff.com\/belogue\/wp-content\/uploads\/2017\/07\/20170729-36-300x200.jpg 300w, https:\/\/www.wallendorff.com\/belogue\/wp-content\/uploads\/2017\/07\/20170729-36-600x400.jpg 600w, https:\/\/www.wallendorff.com\/belogue\/wp-content\/uploads\/2017\/07\/20170729-36.jpg 850w\" sizes=\"(max-width: 128px) 100vw, 128px\" \/><\/a>\n\t\t\t<\/div>\n\t\t\t\t<figcaption class='wp-caption-text gallery-caption' id='gallery-1-35045'>\n\t\t\t\tPal\u00e9o Festival, Nyon, 22\/07\/2017\n\t\t\t\t<\/figcaption><\/figure><figure class='gallery-item'>\n\t\t\t<div class='gallery-icon landscape'>\n\t\t\t\t<a href='https:\/\/www.wallendorff.com\/belogue\/2017\/07\/29\/paleo-festival-2017-jour-5\/mat-bastard-paleo-festival-nyon-22072017-7\/'><img loading=\"lazy\" decoding=\"async\" width=\"128\" height=\"85\" src=\"https:\/\/www.wallendorff.com\/belogue\/wp-content\/uploads\/2017\/07\/20170729-37-200x133.jpg\" class=\"attachment-thumbnail size-thumbnail\" alt=\"\" aria-describedby=\"gallery-1-35046\" srcset=\"https:\/\/www.wallendorff.com\/belogue\/wp-content\/uploads\/2017\/07\/20170729-37-200x133.jpg 200w, https:\/\/www.wallendorff.com\/belogue\/wp-content\/uploads\/2017\/07\/20170729-37-820x547.jpg 820w, https:\/\/www.wallendorff.com\/belogue\/wp-content\/uploads\/2017\/07\/20170729-37-300x200.jpg 300w, https:\/\/www.wallendorff.com\/belogue\/wp-content\/uploads\/2017\/07\/20170729-37-600x400.jpg 600w, https:\/\/www.wallendorff.com\/belogue\/wp-content\/uploads\/2017\/07\/20170729-37.jpg 850w\" sizes=\"(max-width: 128px) 100vw, 128px\" \/><\/a>\n\t\t\t<\/div>\n\t\t\t\t<figcaption class='wp-caption-text gallery-caption' id='gallery-1-35046'>\n\t\t\t\tMat Bastard @ Pal\u00e9o Festival, Nyon, 22\/07\/2017\n\t\t\t\t<\/figcaption><\/figure><figure class='gallery-item'>\n\t\t\t<div class='gallery-icon landscape'>\n\t\t\t\t<a href='https:\/\/www.wallendorff.com\/belogue\/2017\/07\/29\/paleo-festival-2017-jour-5\/paleo-festival-nyon-22072017-16\/'><img loading=\"lazy\" decoding=\"async\" width=\"128\" height=\"85\" src=\"https:\/\/www.wallendorff.com\/belogue\/wp-content\/uploads\/2017\/07\/20170729-38-200x133.jpg\" class=\"attachment-thumbnail size-thumbnail\" alt=\"\" aria-describedby=\"gallery-1-35047\" srcset=\"https:\/\/www.wallendorff.com\/belogue\/wp-content\/uploads\/2017\/07\/20170729-38-200x133.jpg 200w, https:\/\/www.wallendorff.com\/belogue\/wp-content\/uploads\/2017\/07\/20170729-38-820x547.jpg 820w, https:\/\/www.wallendorff.com\/belogue\/wp-content\/uploads\/2017\/07\/20170729-38-300x200.jpg 300w, https:\/\/www.wallendorff.com\/belogue\/wp-content\/uploads\/2017\/07\/20170729-38-600x400.jpg 600w, https:\/\/www.wallendorff.com\/belogue\/wp-content\/uploads\/2017\/07\/20170729-38.jpg 850w\" sizes=\"(max-width: 128px) 100vw, 128px\" \/><\/a>\n\t\t\t<\/div>\n\t\t\t\t<figcaption class='wp-caption-text gallery-caption' id='gallery-1-35047'>\n\t\t\t\tPal\u00e9o Festival, Nyon, 22\/07\/2017\n\t\t\t\t<\/figcaption><\/figure><figure class='gallery-item'>\n\t\t\t<div class='gallery-icon landscape'>\n\t\t\t\t<a href='https:\/\/www.wallendorff.com\/belogue\/2017\/07\/29\/paleo-festival-2017-jour-5\/paleo-festival-nyon-22072017-17\/'><img loading=\"lazy\" decoding=\"async\" width=\"128\" height=\"85\" src=\"https:\/\/www.wallendorff.com\/belogue\/wp-content\/uploads\/2017\/07\/20170729-39-200x133.jpg\" class=\"attachment-thumbnail size-thumbnail\" alt=\"\" aria-describedby=\"gallery-1-35048\" srcset=\"https:\/\/www.wallendorff.com\/belogue\/wp-content\/uploads\/2017\/07\/20170729-39-200x133.jpg 200w, https:\/\/www.wallendorff.com\/belogue\/wp-content\/uploads\/2017\/07\/20170729-39-820x547.jpg 820w, https:\/\/www.wallendorff.com\/belogue\/wp-content\/uploads\/2017\/07\/20170729-39-300x200.jpg 300w, https:\/\/www.wallendorff.com\/belogue\/wp-content\/uploads\/2017\/07\/20170729-39-600x400.jpg 600w, https:\/\/www.wallendorff.com\/belogue\/wp-content\/uploads\/2017\/07\/20170729-39.jpg 850w\" sizes=\"(max-width: 128px) 100vw, 128px\" \/><\/a>\n\t\t\t<\/div>\n\t\t\t\t<figcaption class='wp-caption-text gallery-caption' id='gallery-1-35048'>\n\t\t\t\tPal\u00e9o Festival, Nyon, 22\/07\/2017\n\t\t\t\t<\/figcaption><\/figure><figure class='gallery-item'>\n\t\t\t<div class='gallery-icon landscape'>\n\t\t\t\t<a href='https:\/\/www.wallendorff.com\/belogue\/2017\/07\/29\/paleo-festival-2017-jour-5\/mat-bastard-paleo-festival-nyon-22072017-8\/'><img loading=\"lazy\" decoding=\"async\" width=\"128\" height=\"85\" src=\"https:\/\/www.wallendorff.com\/belogue\/wp-content\/uploads\/2017\/07\/20170729-40-200x133.jpg\" class=\"attachment-thumbnail size-thumbnail\" alt=\"\" aria-describedby=\"gallery-1-35049\" srcset=\"https:\/\/www.wallendorff.com\/belogue\/wp-content\/uploads\/2017\/07\/20170729-40-200x133.jpg 200w, https:\/\/www.wallendorff.com\/belogue\/wp-content\/uploads\/2017\/07\/20170729-40-820x547.jpg 820w, https:\/\/www.wallendorff.com\/belogue\/wp-content\/uploads\/2017\/07\/20170729-40-300x200.jpg 300w, https:\/\/www.wallendorff.com\/belogue\/wp-content\/uploads\/2017\/07\/20170729-40-600x400.jpg 600w, https:\/\/www.wallendorff.com\/belogue\/wp-content\/uploads\/2017\/07\/20170729-40.jpg 850w\" sizes=\"(max-width: 128px) 100vw, 128px\" \/><\/a>\n\t\t\t<\/div>\n\t\t\t\t<figcaption class='wp-caption-text gallery-caption' id='gallery-1-35049'>\n\t\t\t\tMat Bastard @ Pal\u00e9o Festival, Nyon, 22\/07\/2017\n\t\t\t\t<\/figcaption><\/figure><figure class='gallery-item'>\n\t\t\t<div class='gallery-icon landscape'>\n\t\t\t\t<a href='https:\/\/www.wallendorff.com\/belogue\/2017\/07\/29\/paleo-festival-2017-jour-5\/mat-bastard-paleo-festival-nyon-22072017-9\/'><img loading=\"lazy\" decoding=\"async\" width=\"128\" height=\"85\" src=\"https:\/\/www.wallendorff.com\/belogue\/wp-content\/uploads\/2017\/07\/20170729-41-200x133.jpg\" class=\"attachment-thumbnail size-thumbnail\" alt=\"\" aria-describedby=\"gallery-1-35050\" srcset=\"https:\/\/www.wallendorff.com\/belogue\/wp-content\/uploads\/2017\/07\/20170729-41-200x133.jpg 200w, https:\/\/www.wallendorff.com\/belogue\/wp-content\/uploads\/2017\/07\/20170729-41-820x547.jpg 820w, https:\/\/www.wallendorff.com\/belogue\/wp-content\/uploads\/2017\/07\/20170729-41-300x200.jpg 300w, https:\/\/www.wallendorff.com\/belogue\/wp-content\/uploads\/2017\/07\/20170729-41-600x400.jpg 600w, https:\/\/www.wallendorff.com\/belogue\/wp-content\/uploads\/2017\/07\/20170729-41.jpg 850w\" sizes=\"(max-width: 128px) 100vw, 128px\" \/><\/a>\n\t\t\t<\/div>\n\t\t\t\t<figcaption class='wp-caption-text gallery-caption' id='gallery-1-35050'>\n\t\t\t\tMat Bastard @ Pal\u00e9o Festival, Nyon, 22\/07\/2017\n\t\t\t\t<\/figcaption><\/figure><figure class='gallery-item'>\n\t\t\t<div class='gallery-icon portrait'>\n\t\t\t\t<a href='https:\/\/www.wallendorff.com\/belogue\/2017\/07\/29\/paleo-festival-2017-jour-5\/paleo-festival-nyon-22072017-18\/'><img loading=\"lazy\" decoding=\"async\" width=\"64\" height=\"96\" src=\"https:\/\/www.wallendorff.com\/belogue\/wp-content\/uploads\/2017\/07\/20170729-42-133x200.jpg\" class=\"attachment-thumbnail size-thumbnail\" alt=\"\" aria-describedby=\"gallery-1-35051\" srcset=\"https:\/\/www.wallendorff.com\/belogue\/wp-content\/uploads\/2017\/07\/20170729-42-133x200.jpg 133w, https:\/\/www.wallendorff.com\/belogue\/wp-content\/uploads\/2017\/07\/20170729-42-200x300.jpg 200w, https:\/\/www.wallendorff.com\/belogue\/wp-content\/uploads\/2017\/07\/20170729-42.jpg 567w\" sizes=\"(max-width: 64px) 100vw, 64px\" \/><\/a>\n\t\t\t<\/div>\n\t\t\t\t<figcaption class='wp-caption-text gallery-caption' id='gallery-1-35051'>\n\t\t\t\tPal\u00e9o Festival, Nyon, 22\/07\/2017\n\t\t\t\t<\/figcaption><\/figure><figure class='gallery-item'>\n\t\t\t<div class='gallery-icon landscape'>\n\t\t\t\t<a href='https:\/\/www.wallendorff.com\/belogue\/2017\/07\/29\/paleo-festival-2017-jour-5\/mat-bastard-paleo-festival-nyon-22072017-10\/'><img loading=\"lazy\" decoding=\"async\" width=\"128\" height=\"85\" src=\"https:\/\/www.wallendorff.com\/belogue\/wp-content\/uploads\/2017\/07\/20170729-43-200x133.jpg\" class=\"attachment-thumbnail size-thumbnail\" alt=\"\" aria-describedby=\"gallery-1-35052\" srcset=\"https:\/\/www.wallendorff.com\/belogue\/wp-content\/uploads\/2017\/07\/20170729-43-200x133.jpg 200w, https:\/\/www.wallendorff.com\/belogue\/wp-content\/uploads\/2017\/07\/20170729-43-820x547.jpg 820w, https:\/\/www.wallendorff.com\/belogue\/wp-content\/uploads\/2017\/07\/20170729-43-300x200.jpg 300w, https:\/\/www.wallendorff.com\/belogue\/wp-content\/uploads\/2017\/07\/20170729-43-600x400.jpg 600w, https:\/\/www.wallendorff.com\/belogue\/wp-content\/uploads\/2017\/07\/20170729-43.jpg 850w\" sizes=\"(max-width: 128px) 100vw, 128px\" \/><\/a>\n\t\t\t<\/div>\n\t\t\t\t<figcaption class='wp-caption-text gallery-caption' id='gallery-1-35052'>\n\t\t\t\tMat Bastard @ Pal\u00e9o Festival, Nyon, 22\/07\/2017\n\t\t\t\t<\/figcaption><\/figure><figure class='gallery-item'>\n\t\t\t<div class='gallery-icon landscape'>\n\t\t\t\t<a href='https:\/\/www.wallendorff.com\/belogue\/2017\/07\/29\/paleo-festival-2017-jour-5\/paleo-festival-nyon-22072017-19\/'><img loading=\"lazy\" decoding=\"async\" width=\"128\" height=\"85\" src=\"https:\/\/www.wallendorff.com\/belogue\/wp-content\/uploads\/2017\/07\/20170729-44-200x133.jpg\" class=\"attachment-thumbnail size-thumbnail\" alt=\"\" aria-describedby=\"gallery-1-35053\" srcset=\"https:\/\/www.wallendorff.com\/belogue\/wp-content\/uploads\/2017\/07\/20170729-44-200x133.jpg 200w, https:\/\/www.wallendorff.com\/belogue\/wp-content\/uploads\/2017\/07\/20170729-44-820x547.jpg 820w, https:\/\/www.wallendorff.com\/belogue\/wp-content\/uploads\/2017\/07\/20170729-44-300x200.jpg 300w, https:\/\/www.wallendorff.com\/belogue\/wp-content\/uploads\/2017\/07\/20170729-44-600x400.jpg 600w, https:\/\/www.wallendorff.com\/belogue\/wp-content\/uploads\/2017\/07\/20170729-44.jpg 850w\" sizes=\"(max-width: 128px) 100vw, 128px\" \/><\/a>\n\t\t\t<\/div>\n\t\t\t\t<figcaption class='wp-caption-text gallery-caption' id='gallery-1-35053'>\n\t\t\t\tPal\u00e9o Festival, Nyon, 22\/07\/2017\n\t\t\t\t<\/figcaption><\/figure><figure class='gallery-item'>\n\t\t\t<div class='gallery-icon landscape'>\n\t\t\t\t<a href='https:\/\/www.wallendorff.com\/belogue\/2017\/07\/29\/paleo-festival-2017-jour-5\/paleo-festival-nyon-22072017-20\/'><img loading=\"lazy\" decoding=\"async\" width=\"128\" height=\"85\" src=\"https:\/\/www.wallendorff.com\/belogue\/wp-content\/uploads\/2017\/07\/20170729-45-200x133.jpg\" class=\"attachment-thumbnail size-thumbnail\" alt=\"\" aria-describedby=\"gallery-1-35054\" srcset=\"https:\/\/www.wallendorff.com\/belogue\/wp-content\/uploads\/2017\/07\/20170729-45-200x133.jpg 200w, https:\/\/www.wallendorff.com\/belogue\/wp-content\/uploads\/2017\/07\/20170729-45-820x547.jpg 820w, https:\/\/www.wallendorff.com\/belogue\/wp-content\/uploads\/2017\/07\/20170729-45-300x200.jpg 300w, https:\/\/www.wallendorff.com\/belogue\/wp-content\/uploads\/2017\/07\/20170729-45-600x400.jpg 600w, https:\/\/www.wallendorff.com\/belogue\/wp-content\/uploads\/2017\/07\/20170729-45.jpg 850w\" sizes=\"(max-width: 128px) 100vw, 128px\" \/><\/a>\n\t\t\t<\/div>\n\t\t\t\t<figcaption class='wp-caption-text gallery-caption' id='gallery-1-35054'>\n\t\t\t\tPal\u00e9o Festival, Nyon, 22\/07\/2017\n\t\t\t\t<\/figcaption><\/figure><figure class='gallery-item'>\n\t\t\t<div class='gallery-icon portrait'>\n\t\t\t\t<a href='https:\/\/www.wallendorff.com\/belogue\/2017\/07\/29\/paleo-festival-2017-jour-5\/mat-bastard-paleo-festival-nyon-22072017-11\/'><img loading=\"lazy\" decoding=\"async\" width=\"64\" height=\"96\" src=\"https:\/\/www.wallendorff.com\/belogue\/wp-content\/uploads\/2017\/07\/20170729-46-133x200.jpg\" class=\"attachment-thumbnail size-thumbnail\" alt=\"\" aria-describedby=\"gallery-1-35055\" srcset=\"https:\/\/www.wallendorff.com\/belogue\/wp-content\/uploads\/2017\/07\/20170729-46-133x200.jpg 133w, https:\/\/www.wallendorff.com\/belogue\/wp-content\/uploads\/2017\/07\/20170729-46-200x300.jpg 200w, https:\/\/www.wallendorff.com\/belogue\/wp-content\/uploads\/2017\/07\/20170729-46.jpg 567w\" sizes=\"(max-width: 64px) 100vw, 64px\" \/><\/a>\n\t\t\t<\/div>\n\t\t\t\t<figcaption class='wp-caption-text gallery-caption' id='gallery-1-35055'>\n\t\t\t\tMat Bastard @ Pal\u00e9o Festival, Nyon, 22\/07\/2017\n\t\t\t\t<\/figcaption><\/figure><figure class='gallery-item'>\n\t\t\t<div class='gallery-icon landscape'>\n\t\t\t\t<a href='https:\/\/www.wallendorff.com\/belogue\/2017\/07\/29\/paleo-festival-2017-jour-5\/mat-bastard-paleo-festival-nyon-22072017-12\/'><img loading=\"lazy\" decoding=\"async\" width=\"128\" height=\"85\" src=\"https:\/\/www.wallendorff.com\/belogue\/wp-content\/uploads\/2017\/07\/20170729-47-200x133.jpg\" class=\"attachment-thumbnail size-thumbnail\" alt=\"\" aria-describedby=\"gallery-1-35056\" srcset=\"https:\/\/www.wallendorff.com\/belogue\/wp-content\/uploads\/2017\/07\/20170729-47-200x133.jpg 200w, https:\/\/www.wallendorff.com\/belogue\/wp-content\/uploads\/2017\/07\/20170729-47-820x547.jpg 820w, https:\/\/www.wallendorff.com\/belogue\/wp-content\/uploads\/2017\/07\/20170729-47-300x200.jpg 300w, https:\/\/www.wallendorff.com\/belogue\/wp-content\/uploads\/2017\/07\/20170729-47-600x400.jpg 600w, https:\/\/www.wallendorff.com\/belogue\/wp-content\/uploads\/2017\/07\/20170729-47.jpg 850w\" sizes=\"(max-width: 128px) 100vw, 128px\" \/><\/a>\n\t\t\t<\/div>\n\t\t\t\t<figcaption class='wp-caption-text gallery-caption' id='gallery-1-35056'>\n\t\t\t\tMat Bastard @ Pal\u00e9o Festival, Nyon, 22\/07\/2017\n\t\t\t\t<\/figcaption><\/figure><figure class='gallery-item'>\n\t\t\t<div class='gallery-icon landscape'>\n\t\t\t\t<a href='https:\/\/www.wallendorff.com\/belogue\/2017\/07\/29\/paleo-festival-2017-jour-5\/mat-bastard-paleo-festival-nyon-22072017-13\/'><img loading=\"lazy\" decoding=\"async\" width=\"128\" height=\"85\" src=\"https:\/\/www.wallendorff.com\/belogue\/wp-content\/uploads\/2017\/07\/20170729-48-200x133.jpg\" class=\"attachment-thumbnail size-thumbnail\" alt=\"\" aria-describedby=\"gallery-1-35057\" srcset=\"https:\/\/www.wallendorff.com\/belogue\/wp-content\/uploads\/2017\/07\/20170729-48-200x133.jpg 200w, https:\/\/www.wallendorff.com\/belogue\/wp-content\/uploads\/2017\/07\/20170729-48-820x547.jpg 820w, https:\/\/www.wallendorff.com\/belogue\/wp-content\/uploads\/2017\/07\/20170729-48-300x200.jpg 300w, https:\/\/www.wallendorff.com\/belogue\/wp-content\/uploads\/2017\/07\/20170729-48-600x400.jpg 600w, https:\/\/www.wallendorff.com\/belogue\/wp-content\/uploads\/2017\/07\/20170729-48.jpg 850w\" sizes=\"(max-width: 128px) 100vw, 128px\" \/><\/a>\n\t\t\t<\/div>\n\t\t\t\t<figcaption class='wp-caption-text gallery-caption' id='gallery-1-35057'>\n\t\t\t\tMat Bastard @ Pal\u00e9o Festival, Nyon, 22\/07\/2017\n\t\t\t\t<\/figcaption><\/figure><figure class='gallery-item'>\n\t\t\t<div class='gallery-icon landscape'>\n\t\t\t\t<a href='https:\/\/www.wallendorff.com\/belogue\/2017\/07\/29\/paleo-festival-2017-jour-5\/paleo-festival-nyon-22072017-21\/'><img loading=\"lazy\" decoding=\"async\" width=\"128\" height=\"85\" src=\"https:\/\/www.wallendorff.com\/belogue\/wp-content\/uploads\/2017\/07\/20170729-49-200x133.jpg\" class=\"attachment-thumbnail size-thumbnail\" alt=\"\" aria-describedby=\"gallery-1-35058\" srcset=\"https:\/\/www.wallendorff.com\/belogue\/wp-content\/uploads\/2017\/07\/20170729-49-200x133.jpg 200w, https:\/\/www.wallendorff.com\/belogue\/wp-content\/uploads\/2017\/07\/20170729-49-820x547.jpg 820w, https:\/\/www.wallendorff.com\/belogue\/wp-content\/uploads\/2017\/07\/20170729-49-300x200.jpg 300w, https:\/\/www.wallendorff.com\/belogue\/wp-content\/uploads\/2017\/07\/20170729-49-600x400.jpg 600w, https:\/\/www.wallendorff.com\/belogue\/wp-content\/uploads\/2017\/07\/20170729-49.jpg 850w\" sizes=\"(max-width: 128px) 100vw, 128px\" \/><\/a>\n\t\t\t<\/div>\n\t\t\t\t<figcaption class='wp-caption-text gallery-caption' id='gallery-1-35058'>\n\t\t\t\tPal\u00e9o Festival, Nyon, 22\/07\/2017\n\t\t\t\t<\/figcaption><\/figure><figure class='gallery-item'>\n\t\t\t<div class='gallery-icon landscape'>\n\t\t\t\t<a href='https:\/\/www.wallendorff.com\/belogue\/2017\/07\/29\/paleo-festival-2017-jour-5\/mat-bastard-paleo-festival-nyon-22072017-14\/'><img loading=\"lazy\" decoding=\"async\" width=\"128\" height=\"85\" src=\"https:\/\/www.wallendorff.com\/belogue\/wp-content\/uploads\/2017\/07\/20170729-50-200x133.jpg\" class=\"attachment-thumbnail size-thumbnail\" alt=\"\" aria-describedby=\"gallery-1-35059\" srcset=\"https:\/\/www.wallendorff.com\/belogue\/wp-content\/uploads\/2017\/07\/20170729-50-200x133.jpg 200w, https:\/\/www.wallendorff.com\/belogue\/wp-content\/uploads\/2017\/07\/20170729-50-820x547.jpg 820w, https:\/\/www.wallendorff.com\/belogue\/wp-content\/uploads\/2017\/07\/20170729-50-300x200.jpg 300w, https:\/\/www.wallendorff.com\/belogue\/wp-content\/uploads\/2017\/07\/20170729-50-600x400.jpg 600w, https:\/\/www.wallendorff.com\/belogue\/wp-content\/uploads\/2017\/07\/20170729-50.jpg 850w\" sizes=\"(max-width: 128px) 100vw, 128px\" \/><\/a>\n\t\t\t<\/div>\n\t\t\t\t<figcaption class='wp-caption-text gallery-caption' id='gallery-1-35059'>\n\t\t\t\tMat Bastard @ Pal\u00e9o Festival, Nyon, 22\/07\/2017\n\t\t\t\t<\/figcaption><\/figure><figure class='gallery-item'>\n\t\t\t<div class='gallery-icon landscape'>\n\t\t\t\t<a href='https:\/\/www.wallendorff.com\/belogue\/2017\/07\/29\/paleo-festival-2017-jour-5\/paleo-festival-nyon-22072017-22\/'><img loading=\"lazy\" decoding=\"async\" width=\"128\" height=\"85\" src=\"https:\/\/www.wallendorff.com\/belogue\/wp-content\/uploads\/2017\/07\/20170729-51-200x133.jpg\" class=\"attachment-thumbnail size-thumbnail\" alt=\"\" aria-describedby=\"gallery-1-35060\" srcset=\"https:\/\/www.wallendorff.com\/belogue\/wp-content\/uploads\/2017\/07\/20170729-51-200x133.jpg 200w, https:\/\/www.wallendorff.com\/belogue\/wp-content\/uploads\/2017\/07\/20170729-51-820x547.jpg 820w, https:\/\/www.wallendorff.com\/belogue\/wp-content\/uploads\/2017\/07\/20170729-51-300x200.jpg 300w, https:\/\/www.wallendorff.com\/belogue\/wp-content\/uploads\/2017\/07\/20170729-51-600x400.jpg 600w, https:\/\/www.wallendorff.com\/belogue\/wp-content\/uploads\/2017\/07\/20170729-51.jpg 850w\" sizes=\"(max-width: 128px) 100vw, 128px\" \/><\/a>\n\t\t\t<\/div>\n\t\t\t\t<figcaption class='wp-caption-text gallery-caption' id='gallery-1-35060'>\n\t\t\t\tPal\u00e9o Festival, Nyon, 22\/07\/2017\n\t\t\t\t<\/figcaption><\/figure><figure class='gallery-item'>\n\t\t\t<div class='gallery-icon landscape'>\n\t\t\t\t<a href='https:\/\/www.wallendorff.com\/belogue\/2017\/07\/29\/paleo-festival-2017-jour-5\/christophe-mae-paleo-festival-nyon-22072017\/'><img loading=\"lazy\" decoding=\"async\" width=\"128\" height=\"85\" src=\"https:\/\/www.wallendorff.com\/belogue\/wp-content\/uploads\/2017\/07\/20170729-52-200x133.jpg\" class=\"attachment-thumbnail size-thumbnail\" alt=\"\" aria-describedby=\"gallery-1-35061\" srcset=\"https:\/\/www.wallendorff.com\/belogue\/wp-content\/uploads\/2017\/07\/20170729-52-200x133.jpg 200w, https:\/\/www.wallendorff.com\/belogue\/wp-content\/uploads\/2017\/07\/20170729-52-820x547.jpg 820w, https:\/\/www.wallendorff.com\/belogue\/wp-content\/uploads\/2017\/07\/20170729-52-300x200.jpg 300w, https:\/\/www.wallendorff.com\/belogue\/wp-content\/uploads\/2017\/07\/20170729-52-600x400.jpg 600w, https:\/\/www.wallendorff.com\/belogue\/wp-content\/uploads\/2017\/07\/20170729-52.jpg 850w\" sizes=\"(max-width: 128px) 100vw, 128px\" \/><\/a>\n\t\t\t<\/div>\n\t\t\t\t<figcaption class='wp-caption-text gallery-caption' id='gallery-1-35061'>\n\t\t\t\tChristophe Ma\u00e9 @ Pal\u00e9o Festival, Nyon, 22\/07\/2017\n\t\t\t\t<\/figcaption><\/figure><figure class='gallery-item'>\n\t\t\t<div class='gallery-icon landscape'>\n\t\t\t\t<a href='https:\/\/www.wallendorff.com\/belogue\/2017\/07\/29\/paleo-festival-2017-jour-5\/christophe-mae-paleo-festival-nyon-22072017-2\/'><img loading=\"lazy\" decoding=\"async\" width=\"128\" height=\"85\" src=\"https:\/\/www.wallendorff.com\/belogue\/wp-content\/uploads\/2017\/07\/20170729-53-200x133.jpg\" class=\"attachment-thumbnail size-thumbnail\" alt=\"\" aria-describedby=\"gallery-1-35062\" srcset=\"https:\/\/www.wallendorff.com\/belogue\/wp-content\/uploads\/2017\/07\/20170729-53-200x133.jpg 200w, https:\/\/www.wallendorff.com\/belogue\/wp-content\/uploads\/2017\/07\/20170729-53-820x547.jpg 820w, https:\/\/www.wallendorff.com\/belogue\/wp-content\/uploads\/2017\/07\/20170729-53-300x200.jpg 300w, https:\/\/www.wallendorff.com\/belogue\/wp-content\/uploads\/2017\/07\/20170729-53-600x400.jpg 600w, https:\/\/www.wallendorff.com\/belogue\/wp-content\/uploads\/2017\/07\/20170729-53.jpg 850w\" sizes=\"(max-width: 128px) 100vw, 128px\" \/><\/a>\n\t\t\t<\/div>\n\t\t\t\t<figcaption class='wp-caption-text gallery-caption' id='gallery-1-35062'>\n\t\t\t\tChristophe Ma\u00e9 @ Pal\u00e9o Festival, Nyon, 22\/07\/2017\n\t\t\t\t<\/figcaption><\/figure><figure class='gallery-item'>\n\t\t\t<div class='gallery-icon landscape'>\n\t\t\t\t<a href='https:\/\/www.wallendorff.com\/belogue\/2017\/07\/29\/paleo-festival-2017-jour-5\/christophe-mae-paleo-festival-nyon-22072017-3\/'><img loading=\"lazy\" decoding=\"async\" width=\"128\" height=\"85\" src=\"https:\/\/www.wallendorff.com\/belogue\/wp-content\/uploads\/2017\/07\/20170729-54-200x133.jpg\" class=\"attachment-thumbnail size-thumbnail\" alt=\"\" aria-describedby=\"gallery-1-35063\" srcset=\"https:\/\/www.wallendorff.com\/belogue\/wp-content\/uploads\/2017\/07\/20170729-54-200x133.jpg 200w, https:\/\/www.wallendorff.com\/belogue\/wp-content\/uploads\/2017\/07\/20170729-54-820x547.jpg 820w, https:\/\/www.wallendorff.com\/belogue\/wp-content\/uploads\/2017\/07\/20170729-54-300x200.jpg 300w, https:\/\/www.wallendorff.com\/belogue\/wp-content\/uploads\/2017\/07\/20170729-54-600x400.jpg 600w, https:\/\/www.wallendorff.com\/belogue\/wp-content\/uploads\/2017\/07\/20170729-54.jpg 850w\" sizes=\"(max-width: 128px) 100vw, 128px\" \/><\/a>\n\t\t\t<\/div>\n\t\t\t\t<figcaption class='wp-caption-text gallery-caption' id='gallery-1-35063'>\n\t\t\t\tChristophe Ma\u00e9 @ Pal\u00e9o Festival, Nyon, 22\/07\/2017\n\t\t\t\t<\/figcaption><\/figure><figure class='gallery-item'>\n\t\t\t<div class='gallery-icon landscape'>\n\t\t\t\t<a href='https:\/\/www.wallendorff.com\/belogue\/2017\/07\/29\/paleo-festival-2017-jour-5\/paleo-festival-nyon-22072017-23\/'><img loading=\"lazy\" decoding=\"async\" width=\"128\" height=\"85\" src=\"https:\/\/www.wallendorff.com\/belogue\/wp-content\/uploads\/2017\/07\/20170729-55-200x133.jpg\" class=\"attachment-thumbnail size-thumbnail\" alt=\"\" aria-describedby=\"gallery-1-35064\" srcset=\"https:\/\/www.wallendorff.com\/belogue\/wp-content\/uploads\/2017\/07\/20170729-55-200x133.jpg 200w, https:\/\/www.wallendorff.com\/belogue\/wp-content\/uploads\/2017\/07\/20170729-55-820x547.jpg 820w, https:\/\/www.wallendorff.com\/belogue\/wp-content\/uploads\/2017\/07\/20170729-55-300x200.jpg 300w, https:\/\/www.wallendorff.com\/belogue\/wp-content\/uploads\/2017\/07\/20170729-55-600x400.jpg 600w, https:\/\/www.wallendorff.com\/belogue\/wp-content\/uploads\/2017\/07\/20170729-55.jpg 850w\" sizes=\"(max-width: 128px) 100vw, 128px\" \/><\/a>\n\t\t\t<\/div>\n\t\t\t\t<figcaption class='wp-caption-text gallery-caption' id='gallery-1-35064'>\n\t\t\t\tPal\u00e9o Festival, Nyon, 22\/07\/2017\n\t\t\t\t<\/figcaption><\/figure><figure class='gallery-item'>\n\t\t\t<div class='gallery-icon landscape'>\n\t\t\t\t<a href='https:\/\/www.wallendorff.com\/belogue\/2017\/07\/29\/paleo-festival-2017-jour-5\/christophe-mae-paleo-festival-nyon-22072017-4\/'><img loading=\"lazy\" decoding=\"async\" width=\"128\" height=\"85\" src=\"https:\/\/www.wallendorff.com\/belogue\/wp-content\/uploads\/2017\/07\/20170729-56-200x133.jpg\" class=\"attachment-thumbnail size-thumbnail\" alt=\"\" aria-describedby=\"gallery-1-35065\" srcset=\"https:\/\/www.wallendorff.com\/belogue\/wp-content\/uploads\/2017\/07\/20170729-56-200x133.jpg 200w, https:\/\/www.wallendorff.com\/belogue\/wp-content\/uploads\/2017\/07\/20170729-56-820x547.jpg 820w, https:\/\/www.wallendorff.com\/belogue\/wp-content\/uploads\/2017\/07\/20170729-56-300x200.jpg 300w, https:\/\/www.wallendorff.com\/belogue\/wp-content\/uploads\/2017\/07\/20170729-56-600x400.jpg 600w, https:\/\/www.wallendorff.com\/belogue\/wp-content\/uploads\/2017\/07\/20170729-56.jpg 850w\" sizes=\"(max-width: 128px) 100vw, 128px\" \/><\/a>\n\t\t\t<\/div>\n\t\t\t\t<figcaption class='wp-caption-text gallery-caption' id='gallery-1-35065'>\n\t\t\t\tChristophe Ma\u00e9 @ Pal\u00e9o Festival, Nyon, 22\/07\/2017\n\t\t\t\t<\/figcaption><\/figure><figure class='gallery-item'>\n\t\t\t<div class='gallery-icon landscape'>\n\t\t\t\t<a href='https:\/\/www.wallendorff.com\/belogue\/2017\/07\/29\/paleo-festival-2017-jour-5\/christophe-mae-paleo-festival-nyon-22072017-5\/'><img loading=\"lazy\" decoding=\"async\" width=\"128\" height=\"72\" src=\"https:\/\/www.wallendorff.com\/belogue\/wp-content\/uploads\/2017\/07\/20170729-57-200x112.jpg\" class=\"attachment-thumbnail size-thumbnail\" alt=\"\" aria-describedby=\"gallery-1-35066\" srcset=\"https:\/\/www.wallendorff.com\/belogue\/wp-content\/uploads\/2017\/07\/20170729-57-200x112.jpg 200w, https:\/\/www.wallendorff.com\/belogue\/wp-content\/uploads\/2017\/07\/20170729-57-820x461.jpg 820w, https:\/\/www.wallendorff.com\/belogue\/wp-content\/uploads\/2017\/07\/20170729-57-300x169.jpg 300w, https:\/\/www.wallendorff.com\/belogue\/wp-content\/uploads\/2017\/07\/20170729-57-600x337.jpg 600w, https:\/\/www.wallendorff.com\/belogue\/wp-content\/uploads\/2017\/07\/20170729-57.jpg 850w\" sizes=\"(max-width: 128px) 100vw, 128px\" \/><\/a>\n\t\t\t<\/div>\n\t\t\t\t<figcaption class='wp-caption-text gallery-caption' id='gallery-1-35066'>\n\t\t\t\tChristophe Ma\u00e9 @ Pal\u00e9o Festival, Nyon, 22\/07\/2017\n\t\t\t\t<\/figcaption><\/figure><figure class='gallery-item'>\n\t\t\t<div class='gallery-icon landscape'>\n\t\t\t\t<a href='https:\/\/www.wallendorff.com\/belogue\/2017\/07\/29\/paleo-festival-2017-jour-5\/christophe-mae-paleo-festival-nyon-22072017-6\/'><img loading=\"lazy\" decoding=\"async\" width=\"128\" height=\"85\" src=\"https:\/\/www.wallendorff.com\/belogue\/wp-content\/uploads\/2017\/07\/20170729-58-200x133.jpg\" class=\"attachment-thumbnail size-thumbnail\" alt=\"\" aria-describedby=\"gallery-1-35067\" srcset=\"https:\/\/www.wallendorff.com\/belogue\/wp-content\/uploads\/2017\/07\/20170729-58-200x133.jpg 200w, https:\/\/www.wallendorff.com\/belogue\/wp-content\/uploads\/2017\/07\/20170729-58-820x547.jpg 820w, https:\/\/www.wallendorff.com\/belogue\/wp-content\/uploads\/2017\/07\/20170729-58-300x200.jpg 300w, https:\/\/www.wallendorff.com\/belogue\/wp-content\/uploads\/2017\/07\/20170729-58-600x400.jpg 600w, https:\/\/www.wallendorff.com\/belogue\/wp-content\/uploads\/2017\/07\/20170729-58.jpg 850w\" sizes=\"(max-width: 128px) 100vw, 128px\" \/><\/a>\n\t\t\t<\/div>\n\t\t\t\t<figcaption class='wp-caption-text gallery-caption' id='gallery-1-35067'>\n\t\t\t\tChristophe Ma\u00e9 @ Pal\u00e9o Festival, Nyon, 22\/07\/2017\n\t\t\t\t<\/figcaption><\/figure><figure class='gallery-item'>\n\t\t\t<div class='gallery-icon landscape'>\n\t\t\t\t<a href='https:\/\/www.wallendorff.com\/belogue\/2017\/07\/29\/paleo-festival-2017-jour-5\/christophe-mae-paleo-festival-nyon-22072017-7\/'><img loading=\"lazy\" decoding=\"async\" width=\"128\" height=\"85\" src=\"https:\/\/www.wallendorff.com\/belogue\/wp-content\/uploads\/2017\/07\/20170729-59-200x133.jpg\" class=\"attachment-thumbnail size-thumbnail\" alt=\"\" aria-describedby=\"gallery-1-35068\" srcset=\"https:\/\/www.wallendorff.com\/belogue\/wp-content\/uploads\/2017\/07\/20170729-59-200x133.jpg 200w, https:\/\/www.wallendorff.com\/belogue\/wp-content\/uploads\/2017\/07\/20170729-59-820x547.jpg 820w, https:\/\/www.wallendorff.com\/belogue\/wp-content\/uploads\/2017\/07\/20170729-59-300x200.jpg 300w, https:\/\/www.wallendorff.com\/belogue\/wp-content\/uploads\/2017\/07\/20170729-59-600x400.jpg 600w, https:\/\/www.wallendorff.com\/belogue\/wp-content\/uploads\/2017\/07\/20170729-59.jpg 850w\" sizes=\"(max-width: 128px) 100vw, 128px\" \/><\/a>\n\t\t\t<\/div>\n\t\t\t\t<figcaption class='wp-caption-text gallery-caption' id='gallery-1-35068'>\n\t\t\t\tChristophe Ma\u00e9 @ Pal\u00e9o Festival, Nyon, 22\/07\/2017\n\t\t\t\t<\/figcaption><\/figure><figure class='gallery-item'>\n\t\t\t<div class='gallery-icon landscape'>\n\t\t\t\t<a href='https:\/\/www.wallendorff.com\/belogue\/2017\/07\/29\/paleo-festival-2017-jour-5\/christophe-mae-paleo-festival-nyon-22072017-8\/'><img loading=\"lazy\" decoding=\"async\" width=\"128\" height=\"85\" src=\"https:\/\/www.wallendorff.com\/belogue\/wp-content\/uploads\/2017\/07\/20170729-60-200x133.jpg\" class=\"attachment-thumbnail size-thumbnail\" alt=\"\" aria-describedby=\"gallery-1-35069\" srcset=\"https:\/\/www.wallendorff.com\/belogue\/wp-content\/uploads\/2017\/07\/20170729-60-200x133.jpg 200w, https:\/\/www.wallendorff.com\/belogue\/wp-content\/uploads\/2017\/07\/20170729-60-820x547.jpg 820w, https:\/\/www.wallendorff.com\/belogue\/wp-content\/uploads\/2017\/07\/20170729-60-300x200.jpg 300w, https:\/\/www.wallendorff.com\/belogue\/wp-content\/uploads\/2017\/07\/20170729-60-600x400.jpg 600w, https:\/\/www.wallendorff.com\/belogue\/wp-content\/uploads\/2017\/07\/20170729-60.jpg 850w\" sizes=\"(max-width: 128px) 100vw, 128px\" \/><\/a>\n\t\t\t<\/div>\n\t\t\t\t<figcaption class='wp-caption-text gallery-caption' id='gallery-1-35069'>\n\t\t\t\tChristophe Ma\u00e9 @ Pal\u00e9o Festival, Nyon, 22\/07\/2017\n\t\t\t\t<\/figcaption><\/figure><figure class='gallery-item'>\n\t\t\t<div class='gallery-icon landscape'>\n\t\t\t\t<a href='https:\/\/www.wallendorff.com\/belogue\/2017\/07\/29\/paleo-festival-2017-jour-5\/christophe-mae-paleo-festival-nyon-22072017-9\/'><img loading=\"lazy\" decoding=\"async\" width=\"128\" height=\"85\" src=\"https:\/\/www.wallendorff.com\/belogue\/wp-content\/uploads\/2017\/07\/20170729-61-200x133.jpg\" class=\"attachment-thumbnail size-thumbnail\" alt=\"\" aria-describedby=\"gallery-1-35070\" srcset=\"https:\/\/www.wallendorff.com\/belogue\/wp-content\/uploads\/2017\/07\/20170729-61-200x133.jpg 200w, https:\/\/www.wallendorff.com\/belogue\/wp-content\/uploads\/2017\/07\/20170729-61-820x547.jpg 820w, https:\/\/www.wallendorff.com\/belogue\/wp-content\/uploads\/2017\/07\/20170729-61-300x200.jpg 300w, https:\/\/www.wallendorff.com\/belogue\/wp-content\/uploads\/2017\/07\/20170729-61-600x400.jpg 600w, https:\/\/www.wallendorff.com\/belogue\/wp-content\/uploads\/2017\/07\/20170729-61.jpg 850w\" sizes=\"(max-width: 128px) 100vw, 128px\" \/><\/a>\n\t\t\t<\/div>\n\t\t\t\t<figcaption class='wp-caption-text gallery-caption' id='gallery-1-35070'>\n\t\t\t\tChristophe Ma\u00e9 @ Pal\u00e9o Festival, Nyon, 22\/07\/2017\n\t\t\t\t<\/figcaption><\/figure><figure class='gallery-item'>\n\t\t\t<div class='gallery-icon landscape'>\n\t\t\t\t<a href='https:\/\/www.wallendorff.com\/belogue\/2017\/07\/29\/paleo-festival-2017-jour-5\/paleo-festival-nyon-22072017-24\/'><img loading=\"lazy\" decoding=\"async\" width=\"128\" height=\"85\" src=\"https:\/\/www.wallendorff.com\/belogue\/wp-content\/uploads\/2017\/07\/20170729-62-200x133.jpg\" class=\"attachment-thumbnail size-thumbnail\" alt=\"\" aria-describedby=\"gallery-1-35071\" srcset=\"https:\/\/www.wallendorff.com\/belogue\/wp-content\/uploads\/2017\/07\/20170729-62-200x133.jpg 200w, https:\/\/www.wallendorff.com\/belogue\/wp-content\/uploads\/2017\/07\/20170729-62-820x547.jpg 820w, https:\/\/www.wallendorff.com\/belogue\/wp-content\/uploads\/2017\/07\/20170729-62-300x200.jpg 300w, https:\/\/www.wallendorff.com\/belogue\/wp-content\/uploads\/2017\/07\/20170729-62-600x400.jpg 600w, https:\/\/www.wallendorff.com\/belogue\/wp-content\/uploads\/2017\/07\/20170729-62.jpg 850w\" sizes=\"(max-width: 128px) 100vw, 128px\" \/><\/a>\n\t\t\t<\/div>\n\t\t\t\t<figcaption class='wp-caption-text gallery-caption' id='gallery-1-35071'>\n\t\t\t\tPal\u00e9o Festival, Nyon, 22\/07\/2017\n\t\t\t\t<\/figcaption><\/figure><figure class='gallery-item'>\n\t\t\t<div class='gallery-icon landscape'>\n\t\t\t\t<a href='https:\/\/www.wallendorff.com\/belogue\/2017\/07\/29\/paleo-festival-2017-jour-5\/paleo-festival-nyon-22072017-25\/'><img loading=\"lazy\" decoding=\"async\" width=\"128\" height=\"85\" src=\"https:\/\/www.wallendorff.com\/belogue\/wp-content\/uploads\/2017\/07\/20170729-63-200x133.jpg\" class=\"attachment-thumbnail size-thumbnail\" alt=\"\" aria-describedby=\"gallery-1-35072\" srcset=\"https:\/\/www.wallendorff.com\/belogue\/wp-content\/uploads\/2017\/07\/20170729-63-200x133.jpg 200w, https:\/\/www.wallendorff.com\/belogue\/wp-content\/uploads\/2017\/07\/20170729-63-820x547.jpg 820w, https:\/\/www.wallendorff.com\/belogue\/wp-content\/uploads\/2017\/07\/20170729-63-300x200.jpg 300w, https:\/\/www.wallendorff.com\/belogue\/wp-content\/uploads\/2017\/07\/20170729-63-600x400.jpg 600w, https:\/\/www.wallendorff.com\/belogue\/wp-content\/uploads\/2017\/07\/20170729-63.jpg 850w\" sizes=\"(max-width: 128px) 100vw, 128px\" \/><\/a>\n\t\t\t<\/div>\n\t\t\t\t<figcaption class='wp-caption-text gallery-caption' id='gallery-1-35072'>\n\t\t\t\tPal\u00e9o Festival, Nyon, 22\/07\/2017\n\t\t\t\t<\/figcaption><\/figure><figure class='gallery-item'>\n\t\t\t<div class='gallery-icon portrait'>\n\t\t\t\t<a href='https:\/\/www.wallendorff.com\/belogue\/2017\/07\/29\/paleo-festival-2017-jour-5\/christophe-mae-paleo-festival-nyon-22072017-10\/'><img loading=\"lazy\" decoding=\"async\" width=\"64\" height=\"96\" src=\"https:\/\/www.wallendorff.com\/belogue\/wp-content\/uploads\/2017\/07\/20170729-64-133x200.jpg\" class=\"attachment-thumbnail size-thumbnail\" alt=\"\" aria-describedby=\"gallery-1-35073\" srcset=\"https:\/\/www.wallendorff.com\/belogue\/wp-content\/uploads\/2017\/07\/20170729-64-133x200.jpg 133w, https:\/\/www.wallendorff.com\/belogue\/wp-content\/uploads\/2017\/07\/20170729-64-200x300.jpg 200w, https:\/\/www.wallendorff.com\/belogue\/wp-content\/uploads\/2017\/07\/20170729-64.jpg 567w\" sizes=\"(max-width: 64px) 100vw, 64px\" \/><\/a>\n\t\t\t<\/div>\n\t\t\t\t<figcaption class='wp-caption-text gallery-caption' id='gallery-1-35073'>\n\t\t\t\tChristophe Ma\u00e9 @ Pal\u00e9o Festival, Nyon, 22\/07\/2017\n\t\t\t\t<\/figcaption><\/figure><figure class='gallery-item'>\n\t\t\t<div class='gallery-icon landscape'>\n\t\t\t\t<a href='https:\/\/www.wallendorff.com\/belogue\/2017\/07\/29\/paleo-festival-2017-jour-5\/christophe-mae-paleo-festival-nyon-22072017-11\/'><img loading=\"lazy\" decoding=\"async\" width=\"128\" height=\"85\" src=\"https:\/\/www.wallendorff.com\/belogue\/wp-content\/uploads\/2017\/07\/20170729-65-200x133.jpg\" class=\"attachment-thumbnail size-thumbnail\" alt=\"\" aria-describedby=\"gallery-1-35074\" srcset=\"https:\/\/www.wallendorff.com\/belogue\/wp-content\/uploads\/2017\/07\/20170729-65-200x133.jpg 200w, https:\/\/www.wallendorff.com\/belogue\/wp-content\/uploads\/2017\/07\/20170729-65-820x547.jpg 820w, https:\/\/www.wallendorff.com\/belogue\/wp-content\/uploads\/2017\/07\/20170729-65-300x200.jpg 300w, https:\/\/www.wallendorff.com\/belogue\/wp-content\/uploads\/2017\/07\/20170729-65-600x400.jpg 600w, https:\/\/www.wallendorff.com\/belogue\/wp-content\/uploads\/2017\/07\/20170729-65.jpg 850w\" sizes=\"(max-width: 128px) 100vw, 128px\" \/><\/a>\n\t\t\t<\/div>\n\t\t\t\t<figcaption class='wp-caption-text gallery-caption' id='gallery-1-35074'>\n\t\t\t\tChristophe Ma\u00e9 @ Pal\u00e9o Festival, Nyon, 22\/07\/2017\n\t\t\t\t<\/figcaption><\/figure><figure class='gallery-item'>\n\t\t\t<div class='gallery-icon landscape'>\n\t\t\t\t<a href='https:\/\/www.wallendorff.com\/belogue\/2017\/07\/29\/paleo-festival-2017-jour-5\/vitalic-paleo-festival-nyon-22072017\/'><img loading=\"lazy\" decoding=\"async\" width=\"128\" height=\"85\" src=\"https:\/\/www.wallendorff.com\/belogue\/wp-content\/uploads\/2017\/07\/20170729-66-200x133.jpg\" class=\"attachment-thumbnail size-thumbnail\" alt=\"\" aria-describedby=\"gallery-1-35075\" srcset=\"https:\/\/www.wallendorff.com\/belogue\/wp-content\/uploads\/2017\/07\/20170729-66-200x133.jpg 200w, https:\/\/www.wallendorff.com\/belogue\/wp-content\/uploads\/2017\/07\/20170729-66-820x547.jpg 820w, https:\/\/www.wallendorff.com\/belogue\/wp-content\/uploads\/2017\/07\/20170729-66-300x200.jpg 300w, https:\/\/www.wallendorff.com\/belogue\/wp-content\/uploads\/2017\/07\/20170729-66-600x400.jpg 600w, https:\/\/www.wallendorff.com\/belogue\/wp-content\/uploads\/2017\/07\/20170729-66.jpg 850w\" sizes=\"(max-width: 128px) 100vw, 128px\" \/><\/a>\n\t\t\t<\/div>\n\t\t\t\t<figcaption class='wp-caption-text gallery-caption' id='gallery-1-35075'>\n\t\t\t\tVitalic @ Pal\u00e9o Festival, Nyon, 22\/07\/2017\n\t\t\t\t<\/figcaption><\/figure><figure class='gallery-item'>\n\t\t\t<div class='gallery-icon landscape'>\n\t\t\t\t<a href='https:\/\/www.wallendorff.com\/belogue\/2017\/07\/29\/paleo-festival-2017-jour-5\/paleo-festival-nyon-22072017-26\/'><img loading=\"lazy\" decoding=\"async\" width=\"128\" height=\"85\" src=\"https:\/\/www.wallendorff.com\/belogue\/wp-content\/uploads\/2017\/07\/20170729-67-200x133.jpg\" class=\"attachment-thumbnail size-thumbnail\" alt=\"\" aria-describedby=\"gallery-1-35076\" srcset=\"https:\/\/www.wallendorff.com\/belogue\/wp-content\/uploads\/2017\/07\/20170729-67-200x133.jpg 200w, https:\/\/www.wallendorff.com\/belogue\/wp-content\/uploads\/2017\/07\/20170729-67-820x547.jpg 820w, https:\/\/www.wallendorff.com\/belogue\/wp-content\/uploads\/2017\/07\/20170729-67-300x200.jpg 300w, https:\/\/www.wallendorff.com\/belogue\/wp-content\/uploads\/2017\/07\/20170729-67-600x400.jpg 600w, https:\/\/www.wallendorff.com\/belogue\/wp-content\/uploads\/2017\/07\/20170729-67.jpg 850w\" sizes=\"(max-width: 128px) 100vw, 128px\" \/><\/a>\n\t\t\t<\/div>\n\t\t\t\t<figcaption class='wp-caption-text gallery-caption' id='gallery-1-35076'>\n\t\t\t\tPal\u00e9o Festival, Nyon, 22\/07\/2017\n\t\t\t\t<\/figcaption><\/figure><figure class='gallery-item'>\n\t\t\t<div class='gallery-icon landscape'>\n\t\t\t\t<a href='https:\/\/www.wallendorff.com\/belogue\/2017\/07\/29\/paleo-festival-2017-jour-5\/paleo-festival-nyon-22072017-27\/'><img loading=\"lazy\" decoding=\"async\" width=\"128\" height=\"85\" src=\"https:\/\/www.wallendorff.com\/belogue\/wp-content\/uploads\/2017\/07\/20170729-68-200x133.jpg\" class=\"attachment-thumbnail size-thumbnail\" alt=\"\" aria-describedby=\"gallery-1-35077\" srcset=\"https:\/\/www.wallendorff.com\/belogue\/wp-content\/uploads\/2017\/07\/20170729-68-200x133.jpg 200w, https:\/\/www.wallendorff.com\/belogue\/wp-content\/uploads\/2017\/07\/20170729-68-820x547.jpg 820w, https:\/\/www.wallendorff.com\/belogue\/wp-content\/uploads\/2017\/07\/20170729-68-300x200.jpg 300w, https:\/\/www.wallendorff.com\/belogue\/wp-content\/uploads\/2017\/07\/20170729-68-600x400.jpg 600w, https:\/\/www.wallendorff.com\/belogue\/wp-content\/uploads\/2017\/07\/20170729-68.jpg 850w\" sizes=\"(max-width: 128px) 100vw, 128px\" \/><\/a>\n\t\t\t<\/div>\n\t\t\t\t<figcaption class='wp-caption-text gallery-caption' id='gallery-1-35077'>\n\t\t\t\tPal\u00e9o Festival, Nyon, 22\/07\/2017\n\t\t\t\t<\/figcaption><\/figure>\n\t\t<\/div>\n\n","protected":false},"excerpt":{"rendered":"<p>L&rsquo;ensemble des photos du festival est disponible sur ce lien.<\/p>\n","protected":false},"author":1,"featured_media":35045,"comment_status":"open","ping_status":"open","sticky":false,"template":"","format":"standard","meta":{"_acf_changed":false,"ngg_post_thumbnail":0,"jetpack_post_was_ever_published":false,"_jetpack_newsletter_access":"","_jetpack_dont_email_post_to_subs":false,"_jetpack_newsletter_tier_id":0,"_jetpack_memberships_contains_paywalled_content":false,"_jetpack_memberships_contains_paid_content":false,"footnotes":"","jetpack_publicize_message":"","jetpack_publicize_feature_enabled":true,"jetpack_social_post_already_shared":true,"jetpack_social_options":{"image_generator_settings":{"template":"highway","default_image_id":0,"font":"","enabled":false},"version":2}},"categories":[7],"tags":[13612,10084,6103,12741,2571,8170,181,6766,8351,10887,14059,14060,7859,10136,11048,10449,1708,14040,12099,10135,10886,10007,14061],"class_list":["post-35005","post","type-post","status-publish","format-standard","has-post-thumbnail","hentry","category-alive","tag-13612","tag-alive","tag-ambiance-2","tag-broken-back","tag-ef-16-35-mm-f28l-ii-usm","tag-ef-24-70-mm-f2-8l-ii-usm","tag-ef-70-200-mm-f28l-usm","tag-eos-5d-mark-iii","tag-eos-6d","tag-canton-de-vaud","tag-christophe-mae","tag-concert-sauvage","tag-district-de-nyon","tag-festival","tag-mat-bastard","tag-nyon","tag-paleo-festival","tag-paleo-festival-2017","tag-plaine-de-lasse","tag-public","tag-suisse","tag-trelex","tag-vitalic"],"acf":[],"geo":{"latitude":46.4043083,"longitude":6.2068462,"description":"Signy, Canton de Vaud, 1274, CH"},"jetpack_publicize_connections":[],"jetpack_featured_media_url":"https:\/\/www.wallendorff.com\/belogue\/wp-content\/uploads\/2017\/07\/20170729-36.jpg","jetpack_shortlink":"https:\/\/wp.me\/p3b35P-96B","jetpack_sharing_enabled":true,"jetpack-related-posts":[{"id":129644,"url":"https:\/\/www.wallendorff.com\/belogue\/2024\/07\/27\/paleo-festival-2024-nyon-jour-4\/","url_meta":{"origin":35005,"position":0},"title":"Pal\u00e9o Festival 2024, Nyon, jour 4.","author":"dpc","date":"27 juillet 2024","format":false,"excerpt":"","rel":"","context":"Dans &quot;Alive&quot;","block_context":{"text":"Alive","link":"https:\/\/www.wallendorff.com\/belogue\/category\/alive\/"},"img":{"alt_text":"","src":"https:\/\/i0.wp.com\/www.wallendorff.com\/belogue\/wp-content\/uploads\/2024\/07\/20240727-27.jpg?resize=350%2C200&ssl=1","width":350,"height":200,"srcset":"https:\/\/i0.wp.com\/www.wallendorff.com\/belogue\/wp-content\/uploads\/2024\/07\/20240727-27.jpg?resize=350%2C200&ssl=1 1x, https:\/\/i0.wp.com\/www.wallendorff.com\/belogue\/wp-content\/uploads\/2024\/07\/20240727-27.jpg?resize=525%2C300&ssl=1 1.5x, https:\/\/i0.wp.com\/www.wallendorff.com\/belogue\/wp-content\/uploads\/2024\/07\/20240727-27.jpg?resize=700%2C400&ssl=1 2x, https:\/\/i0.wp.com\/www.wallendorff.com\/belogue\/wp-content\/uploads\/2024\/07\/20240727-27.jpg?resize=1050%2C600&ssl=1 3x"},"classes":[]},{"id":129565,"url":"https:\/\/www.wallendorff.com\/belogue\/2024\/07\/26\/paleo-festival-2024-nyon-jour-3\/","url_meta":{"origin":35005,"position":1},"title":"Pal\u00e9o Festival 2024, Nyon, jour 3.","author":"dpc","date":"26 juillet 2024","format":false,"excerpt":"Ambiance, Pal\u00e9o Festival Nyon 2024 Ambiance, Pal\u00e9o Festival Nyon 2024 Ambiance, Pal\u00e9o Festival Nyon 2024 Ambiance, Pal\u00e9o Festival Nyon 2024 Ambiance, Pal\u00e9o Festival Nyon 2024 Ambiance, Pal\u00e9o Festival Nyon 2024 Ambiance, Pal\u00e9o Festival Nyon 2024 Ambiance, Pal\u00e9o Festival Nyon 2024","rel":"","context":"Dans &quot;Alive&quot;","block_context":{"text":"Alive","link":"https:\/\/www.wallendorff.com\/belogue\/category\/alive\/"},"img":{"alt_text":"","src":"https:\/\/i0.wp.com\/www.wallendorff.com\/belogue\/wp-content\/uploads\/2024\/07\/20240726-55.jpg?resize=350%2C200&ssl=1","width":350,"height":200,"srcset":"https:\/\/i0.wp.com\/www.wallendorff.com\/belogue\/wp-content\/uploads\/2024\/07\/20240726-55.jpg?resize=350%2C200&ssl=1 1x, https:\/\/i0.wp.com\/www.wallendorff.com\/belogue\/wp-content\/uploads\/2024\/07\/20240726-55.jpg?resize=525%2C300&ssl=1 1.5x, https:\/\/i0.wp.com\/www.wallendorff.com\/belogue\/wp-content\/uploads\/2024\/07\/20240726-55.jpg?resize=700%2C400&ssl=1 2x, https:\/\/i0.wp.com\/www.wallendorff.com\/belogue\/wp-content\/uploads\/2024\/07\/20240726-55.jpg?resize=1050%2C600&ssl=1 3x"},"classes":[]},{"id":129779,"url":"https:\/\/www.wallendorff.com\/belogue\/2024\/07\/30\/paleo-festival-2024-nyon-jour-6\/","url_meta":{"origin":35005,"position":2},"title":"Pal\u00e9o Festival 2024, Nyon, jour 6.","author":"dpc","date":"30 juillet 2024","format":false,"excerpt":"","rel":"","context":"Dans &quot;Alive&quot;","block_context":{"text":"Alive","link":"https:\/\/www.wallendorff.com\/belogue\/category\/alive\/"},"img":{"alt_text":"","src":"https:\/\/i0.wp.com\/www.wallendorff.com\/belogue\/wp-content\/uploads\/2024\/07\/20240729-35.jpg?resize=350%2C200&ssl=1","width":350,"height":200,"srcset":"https:\/\/i0.wp.com\/www.wallendorff.com\/belogue\/wp-content\/uploads\/2024\/07\/20240729-35.jpg?resize=350%2C200&ssl=1 1x, https:\/\/i0.wp.com\/www.wallendorff.com\/belogue\/wp-content\/uploads\/2024\/07\/20240729-35.jpg?resize=525%2C300&ssl=1 1.5x, https:\/\/i0.wp.com\/www.wallendorff.com\/belogue\/wp-content\/uploads\/2024\/07\/20240729-35.jpg?resize=700%2C400&ssl=1 2x, https:\/\/i0.wp.com\/www.wallendorff.com\/belogue\/wp-content\/uploads\/2024\/07\/20240729-35.jpg?resize=1050%2C600&ssl=1 3x"},"classes":[]},{"id":129697,"url":"https:\/\/www.wallendorff.com\/belogue\/2024\/07\/28\/paleo-festival-2024-nyon-jour-5\/","url_meta":{"origin":35005,"position":3},"title":"Pal\u00e9o Festival 2024, Nyon, jour 5.","author":"dpc","date":"28 juillet 2024","format":false,"excerpt":"","rel":"","context":"Dans &quot;Alive&quot;","block_context":{"text":"Alive","link":"https:\/\/www.wallendorff.com\/belogue\/category\/alive\/"},"img":{"alt_text":"","src":"https:\/\/i0.wp.com\/www.wallendorff.com\/belogue\/wp-content\/uploads\/2024\/07\/20240728-70.jpg?resize=350%2C200&ssl=1","width":350,"height":200,"srcset":"https:\/\/i0.wp.com\/www.wallendorff.com\/belogue\/wp-content\/uploads\/2024\/07\/20240728-70.jpg?resize=350%2C200&ssl=1 1x, https:\/\/i0.wp.com\/www.wallendorff.com\/belogue\/wp-content\/uploads\/2024\/07\/20240728-70.jpg?resize=525%2C300&ssl=1 1.5x, https:\/\/i0.wp.com\/www.wallendorff.com\/belogue\/wp-content\/uploads\/2024\/07\/20240728-70.jpg?resize=700%2C400&ssl=1 2x, https:\/\/i0.wp.com\/www.wallendorff.com\/belogue\/wp-content\/uploads\/2024\/07\/20240728-70.jpg?resize=1050%2C600&ssl=1 3x"},"classes":[]},{"id":125680,"url":"https:\/\/www.wallendorff.com\/belogue\/2023\/07\/25\/paleo-festival-2023-nyon-jour-6\/","url_meta":{"origin":35005,"position":4},"title":"Pal\u00e9o Festival 2023, Nyon, jour 6.","author":"dpc","date":"25 juillet 2023","format":false,"excerpt":"Ambiance, Pal\u00e9o Festival Nyon 2023 Ambiance, Pal\u00e9o Festival Nyon 2023 Ambiance, Pal\u00e9o Festival Nyon 2023 Ambiance, Pal\u00e9o Festival Nyon 2023 La Col\u00e8re, Pal\u00e9o Festival Nyon 2023 Ambiance, Pal\u00e9o Festival Nyon 2023 La Col\u00e8re, Pal\u00e9o Festival Nyon 2023 Ambiance, Pal\u00e9o Festival Nyon 2023 Ambiance, Pal\u00e9o Festival Nyon 2023 Roda do Cavaco,\u2026","rel":"","context":"Dans &quot;Alive&quot;","block_context":{"text":"Alive","link":"https:\/\/www.wallendorff.com\/belogue\/category\/alive\/"},"img":{"alt_text":"","src":"https:\/\/i0.wp.com\/www.wallendorff.com\/belogue\/wp-content\/uploads\/2023\/07\/20230725-28.jpg?resize=350%2C200&ssl=1","width":350,"height":200,"srcset":"https:\/\/i0.wp.com\/www.wallendorff.com\/belogue\/wp-content\/uploads\/2023\/07\/20230725-28.jpg?resize=350%2C200&ssl=1 1x, https:\/\/i0.wp.com\/www.wallendorff.com\/belogue\/wp-content\/uploads\/2023\/07\/20230725-28.jpg?resize=525%2C300&ssl=1 1.5x, https:\/\/i0.wp.com\/www.wallendorff.com\/belogue\/wp-content\/uploads\/2023\/07\/20230725-28.jpg?resize=700%2C400&ssl=1 2x, https:\/\/i0.wp.com\/www.wallendorff.com\/belogue\/wp-content\/uploads\/2023\/07\/20230725-28.jpg?resize=1050%2C600&ssl=1 3x"},"classes":[]},{"id":42794,"url":"https:\/\/www.wallendorff.com\/belogue\/2019\/07\/25\/paleo-festival-2019-nyon-jour-2\/","url_meta":{"origin":35005,"position":5},"title":"Pal\u00e9o Festival 2019, Nyon, jour 2.","author":"dpc","date":"25 juillet 2019","format":false,"excerpt":"","rel":"","context":"Dans &quot;Alive&quot;","block_context":{"text":"Alive","link":"https:\/\/www.wallendorff.com\/belogue\/category\/alive\/"},"img":{"alt_text":"","src":"https:\/\/i0.wp.com\/www.wallendorff.com\/belogue\/wp-content\/uploads\/2019\/07\/20190725-64.jpg?resize=350%2C200&ssl=1","width":350,"height":200,"srcset":"https:\/\/i0.wp.com\/www.wallendorff.com\/belogue\/wp-content\/uploads\/2019\/07\/20190725-64.jpg?resize=350%2C200&ssl=1 1x, https:\/\/i0.wp.com\/www.wallendorff.com\/belogue\/wp-content\/uploads\/2019\/07\/20190725-64.jpg?resize=525%2C300&ssl=1 1.5x, https:\/\/i0.wp.com\/www.wallendorff.com\/belogue\/wp-content\/uploads\/2019\/07\/20190725-64.jpg?resize=700%2C400&ssl=1 2x, https:\/\/i0.wp.com\/www.wallendorff.com\/belogue\/wp-content\/uploads\/2019\/07\/20190725-64.jpg?resize=1050%2C600&ssl=1 3x"},"classes":[]}],"_links":{"self":[{"href":"https:\/\/www.wallendorff.com\/belogue\/wp-json\/wp\/v2\/posts\/35005","targetHints":{"allow":["GET"]}}],"collection":[{"href":"https:\/\/www.wallendorff.com\/belogue\/wp-json\/wp\/v2\/posts"}],"about":[{"href":"https:\/\/www.wallendorff.com\/belogue\/wp-json\/wp\/v2\/types\/post"}],"author":[{"embeddable":true,"href":"https:\/\/www.wallendorff.com\/belogue\/wp-json\/wp\/v2\/users\/1"}],"replies":[{"embeddable":true,"href":"https:\/\/www.wallendorff.com\/belogue\/wp-json\/wp\/v2\/comments?post=35005"}],"version-history":[{"count":5,"href":"https:\/\/www.wallendorff.com\/belogue\/wp-json\/wp\/v2\/posts\/35005\/revisions"}],"predecessor-version":[{"id":35081,"href":"https:\/\/www.wallendorff.com\/belogue\/wp-json\/wp\/v2\/posts\/35005\/revisions\/35081"}],"wp:featuredmedia":[{"embeddable":true,"href":"https:\/\/www.wallendorff.com\/belogue\/wp-json\/wp\/v2\/media\/35045"}],"wp:attachment":[{"href":"https:\/\/www.wallendorff.com\/belogue\/wp-json\/wp\/v2\/media?parent=35005"}],"wp:term":[{"taxonomy":"category","embeddable":true,"href":"https:\/\/www.wallendorff.com\/belogue\/wp-json\/wp\/v2\/categories?post=35005"},{"taxonomy":"post_tag","embeddable":true,"href":"https:\/\/www.wallendorff.com\/belogue\/wp-json\/wp\/v2\/tags?post=35005"}],"curies":[{"name":"wp","href":"https:\/\/api.w.org\/{rel}","templated":true}]}}