{"id":35003,"date":"2017-07-30T14:05:16","date_gmt":"2017-07-30T12:05:16","guid":{"rendered":"http:\/\/www.wallendorff.com\/belogue\/?p=35003"},"modified":"2017-07-30T14:05:16","modified_gmt":"2017-07-30T12:05:16","slug":"paleo-festival-2017-jour-6","status":"publish","type":"post","link":"https:\/\/www.wallendorff.com\/belogue\/2017\/07\/30\/paleo-festival-2017-jour-6\/","title":{"rendered":"Pal\u00e9o Festival 2017, jour 6."},"content":{"rendered":"<div id=\"photo\">\n<p><img decoding=\"async\" src=\"https:\/\/www.wallendorff.com\/belogue\/wp-content\/uploads\/2017\/07\/20170730-49.jpg\"><\/div>\n<p style=\"text-align:right\">L&rsquo;ensemble des photos du festival est disponible sur <a href=\"https:\/\/www.wallendorff.com\/belogue\/tag\/paleo-festival-2017\/\">ce lien<\/a>.<\/p>\n<div id='gallery-1' class='gallery galleryid-35003 gallery-columns-3 gallery-size-thumbnail'><figure class='gallery-item'>\n\t\t\t<div class='gallery-icon landscape'>\n\t\t\t\t<a href='https:\/\/www.wallendorff.com\/belogue\/2017\/07\/30\/paleo-festival-2017-jour-6\/paleo-festival-nyon-23072017\/'><img decoding=\"async\" width=\"128\" height=\"85\" src=\"https:\/\/www.wallendorff.com\/belogue\/wp-content\/uploads\/2017\/07\/20170730-01-200x133.jpg\" class=\"attachment-thumbnail size-thumbnail\" alt=\"\" aria-describedby=\"gallery-1-35151\" srcset=\"https:\/\/www.wallendorff.com\/belogue\/wp-content\/uploads\/2017\/07\/20170730-01-200x133.jpg 200w, https:\/\/www.wallendorff.com\/belogue\/wp-content\/uploads\/2017\/07\/20170730-01-820x547.jpg 820w, https:\/\/www.wallendorff.com\/belogue\/wp-content\/uploads\/2017\/07\/20170730-01-300x200.jpg 300w, https:\/\/www.wallendorff.com\/belogue\/wp-content\/uploads\/2017\/07\/20170730-01-600x400.jpg 600w, https:\/\/www.wallendorff.com\/belogue\/wp-content\/uploads\/2017\/07\/20170730-01.jpg 850w\" sizes=\"(max-width: 128px) 100vw, 128px\" \/><\/a>\n\t\t\t<\/div>\n\t\t\t\t<figcaption class='wp-caption-text gallery-caption' id='gallery-1-35151'>\n\t\t\t\tPal\u00e9o Festival, Nyon, 23\/07\/2017\n\t\t\t\t<\/figcaption><\/figure><figure class='gallery-item'>\n\t\t\t<div class='gallery-icon landscape'>\n\t\t\t\t<a href='https:\/\/www.wallendorff.com\/belogue\/2017\/07\/30\/paleo-festival-2017-jour-6\/orchestre-de-chambre-de-geneve-paleo-festival-nyon-23072017\/'><img decoding=\"async\" width=\"128\" height=\"85\" src=\"https:\/\/www.wallendorff.com\/belogue\/wp-content\/uploads\/2017\/07\/20170730-02-200x133.jpg\" class=\"attachment-thumbnail size-thumbnail\" alt=\"\" aria-describedby=\"gallery-1-35152\" srcset=\"https:\/\/www.wallendorff.com\/belogue\/wp-content\/uploads\/2017\/07\/20170730-02-200x133.jpg 200w, https:\/\/www.wallendorff.com\/belogue\/wp-content\/uploads\/2017\/07\/20170730-02-820x547.jpg 820w, https:\/\/www.wallendorff.com\/belogue\/wp-content\/uploads\/2017\/07\/20170730-02-300x200.jpg 300w, https:\/\/www.wallendorff.com\/belogue\/wp-content\/uploads\/2017\/07\/20170730-02-600x400.jpg 600w, https:\/\/www.wallendorff.com\/belogue\/wp-content\/uploads\/2017\/07\/20170730-02.jpg 850w\" sizes=\"(max-width: 128px) 100vw, 128px\" \/><\/a>\n\t\t\t<\/div>\n\t\t\t\t<figcaption class='wp-caption-text gallery-caption' id='gallery-1-35152'>\n\t\t\t\tOrchestre de chambre de Gen\u00e8ve @ Pal\u00e9o Festival, Nyon, 23\/07\/2017\n\t\t\t\t<\/figcaption><\/figure><figure class='gallery-item'>\n\t\t\t<div class='gallery-icon landscape'>\n\t\t\t\t<a href='https:\/\/www.wallendorff.com\/belogue\/2017\/07\/30\/paleo-festival-2017-jour-6\/paleo-festival-nyon-23072017-2\/'><img decoding=\"async\" width=\"128\" height=\"85\" src=\"https:\/\/www.wallendorff.com\/belogue\/wp-content\/uploads\/2017\/07\/20170730-03-200x133.jpg\" class=\"attachment-thumbnail size-thumbnail\" alt=\"\" aria-describedby=\"gallery-1-35153\" srcset=\"https:\/\/www.wallendorff.com\/belogue\/wp-content\/uploads\/2017\/07\/20170730-03-200x133.jpg 200w, https:\/\/www.wallendorff.com\/belogue\/wp-content\/uploads\/2017\/07\/20170730-03-820x547.jpg 820w, https:\/\/www.wallendorff.com\/belogue\/wp-content\/uploads\/2017\/07\/20170730-03-300x200.jpg 300w, https:\/\/www.wallendorff.com\/belogue\/wp-content\/uploads\/2017\/07\/20170730-03-600x400.jpg 600w, https:\/\/www.wallendorff.com\/belogue\/wp-content\/uploads\/2017\/07\/20170730-03.jpg 850w\" sizes=\"(max-width: 128px) 100vw, 128px\" \/><\/a>\n\t\t\t<\/div>\n\t\t\t\t<figcaption class='wp-caption-text gallery-caption' id='gallery-1-35153'>\n\t\t\t\tPal\u00e9o Festival, Nyon, 23\/07\/2017\n\t\t\t\t<\/figcaption><\/figure><figure class='gallery-item'>\n\t\t\t<div class='gallery-icon landscape'>\n\t\t\t\t<a href='https:\/\/www.wallendorff.com\/belogue\/2017\/07\/30\/paleo-festival-2017-jour-6\/paleo-festival-nyon-23072017-3\/'><img loading=\"lazy\" decoding=\"async\" width=\"128\" height=\"85\" src=\"https:\/\/www.wallendorff.com\/belogue\/wp-content\/uploads\/2017\/07\/20170730-04-200x133.jpg\" class=\"attachment-thumbnail size-thumbnail\" alt=\"\" aria-describedby=\"gallery-1-35154\" srcset=\"https:\/\/www.wallendorff.com\/belogue\/wp-content\/uploads\/2017\/07\/20170730-04-200x133.jpg 200w, https:\/\/www.wallendorff.com\/belogue\/wp-content\/uploads\/2017\/07\/20170730-04-820x547.jpg 820w, https:\/\/www.wallendorff.com\/belogue\/wp-content\/uploads\/2017\/07\/20170730-04-300x200.jpg 300w, https:\/\/www.wallendorff.com\/belogue\/wp-content\/uploads\/2017\/07\/20170730-04-600x400.jpg 600w, https:\/\/www.wallendorff.com\/belogue\/wp-content\/uploads\/2017\/07\/20170730-04.jpg 850w\" sizes=\"(max-width: 128px) 100vw, 128px\" \/><\/a>\n\t\t\t<\/div>\n\t\t\t\t<figcaption class='wp-caption-text gallery-caption' id='gallery-1-35154'>\n\t\t\t\tPal\u00e9o Festival, Nyon, 23\/07\/2017\n\t\t\t\t<\/figcaption><\/figure><figure class='gallery-item'>\n\t\t\t<div class='gallery-icon landscape'>\n\t\t\t\t<a href='https:\/\/www.wallendorff.com\/belogue\/2017\/07\/30\/paleo-festival-2017-jour-6\/paleo-festival-nyon-23072017-4\/'><img loading=\"lazy\" decoding=\"async\" width=\"128\" height=\"85\" src=\"https:\/\/www.wallendorff.com\/belogue\/wp-content\/uploads\/2017\/07\/20170730-05-200x133.jpg\" class=\"attachment-thumbnail size-thumbnail\" alt=\"\" aria-describedby=\"gallery-1-35155\" srcset=\"https:\/\/www.wallendorff.com\/belogue\/wp-content\/uploads\/2017\/07\/20170730-05-200x133.jpg 200w, https:\/\/www.wallendorff.com\/belogue\/wp-content\/uploads\/2017\/07\/20170730-05-820x547.jpg 820w, https:\/\/www.wallendorff.com\/belogue\/wp-content\/uploads\/2017\/07\/20170730-05-300x200.jpg 300w, https:\/\/www.wallendorff.com\/belogue\/wp-content\/uploads\/2017\/07\/20170730-05-600x400.jpg 600w, https:\/\/www.wallendorff.com\/belogue\/wp-content\/uploads\/2017\/07\/20170730-05.jpg 850w\" sizes=\"(max-width: 128px) 100vw, 128px\" \/><\/a>\n\t\t\t<\/div>\n\t\t\t\t<figcaption class='wp-caption-text gallery-caption' id='gallery-1-35155'>\n\t\t\t\tPal\u00e9o Festival, Nyon, 23\/07\/2017\n\t\t\t\t<\/figcaption><\/figure><figure class='gallery-item'>\n\t\t\t<div class='gallery-icon portrait'>\n\t\t\t\t<a href='https:\/\/www.wallendorff.com\/belogue\/2017\/07\/30\/paleo-festival-2017-jour-6\/paleo-festival-nyon-23072017-5\/'><img loading=\"lazy\" decoding=\"async\" width=\"64\" height=\"96\" src=\"https:\/\/www.wallendorff.com\/belogue\/wp-content\/uploads\/2017\/07\/20170730-06-133x200.jpg\" class=\"attachment-thumbnail size-thumbnail\" alt=\"\" aria-describedby=\"gallery-1-35156\" srcset=\"https:\/\/www.wallendorff.com\/belogue\/wp-content\/uploads\/2017\/07\/20170730-06-133x200.jpg 133w, https:\/\/www.wallendorff.com\/belogue\/wp-content\/uploads\/2017\/07\/20170730-06-200x300.jpg 200w, https:\/\/www.wallendorff.com\/belogue\/wp-content\/uploads\/2017\/07\/20170730-06.jpg 567w\" sizes=\"(max-width: 64px) 100vw, 64px\" \/><\/a>\n\t\t\t<\/div>\n\t\t\t\t<figcaption class='wp-caption-text gallery-caption' id='gallery-1-35156'>\n\t\t\t\tPal\u00e9o Festival, Nyon, 23\/07\/2017\n\t\t\t\t<\/figcaption><\/figure><figure class='gallery-item'>\n\t\t\t<div class='gallery-icon portrait'>\n\t\t\t\t<a href='https:\/\/www.wallendorff.com\/belogue\/2017\/07\/30\/paleo-festival-2017-jour-6\/imany-paleo-festival-nyon-23072017\/'><img loading=\"lazy\" decoding=\"async\" width=\"64\" height=\"96\" src=\"https:\/\/www.wallendorff.com\/belogue\/wp-content\/uploads\/2017\/07\/20170730-07-133x200.jpg\" class=\"attachment-thumbnail size-thumbnail\" alt=\"\" aria-describedby=\"gallery-1-35157\" srcset=\"https:\/\/www.wallendorff.com\/belogue\/wp-content\/uploads\/2017\/07\/20170730-07-133x200.jpg 133w, https:\/\/www.wallendorff.com\/belogue\/wp-content\/uploads\/2017\/07\/20170730-07-200x300.jpg 200w, https:\/\/www.wallendorff.com\/belogue\/wp-content\/uploads\/2017\/07\/20170730-07.jpg 567w\" sizes=\"(max-width: 64px) 100vw, 64px\" \/><\/a>\n\t\t\t<\/div>\n\t\t\t\t<figcaption class='wp-caption-text gallery-caption' id='gallery-1-35157'>\n\t\t\t\tImany @ Pal\u00e9o Festival, Nyon, 23\/07\/2017\n\t\t\t\t<\/figcaption><\/figure><figure class='gallery-item'>\n\t\t\t<div class='gallery-icon landscape'>\n\t\t\t\t<a href='https:\/\/www.wallendorff.com\/belogue\/2017\/07\/30\/paleo-festival-2017-jour-6\/imany-paleo-festival-nyon-23072017-2\/'><img loading=\"lazy\" decoding=\"async\" width=\"128\" height=\"85\" src=\"https:\/\/www.wallendorff.com\/belogue\/wp-content\/uploads\/2017\/07\/20170730-08-200x133.jpg\" class=\"attachment-thumbnail size-thumbnail\" alt=\"\" aria-describedby=\"gallery-1-35158\" srcset=\"https:\/\/www.wallendorff.com\/belogue\/wp-content\/uploads\/2017\/07\/20170730-08-200x133.jpg 200w, https:\/\/www.wallendorff.com\/belogue\/wp-content\/uploads\/2017\/07\/20170730-08-820x547.jpg 820w, https:\/\/www.wallendorff.com\/belogue\/wp-content\/uploads\/2017\/07\/20170730-08-300x200.jpg 300w, https:\/\/www.wallendorff.com\/belogue\/wp-content\/uploads\/2017\/07\/20170730-08-600x400.jpg 600w, https:\/\/www.wallendorff.com\/belogue\/wp-content\/uploads\/2017\/07\/20170730-08.jpg 850w\" sizes=\"(max-width: 128px) 100vw, 128px\" \/><\/a>\n\t\t\t<\/div>\n\t\t\t\t<figcaption class='wp-caption-text gallery-caption' id='gallery-1-35158'>\n\t\t\t\tImany @ Pal\u00e9o Festival, Nyon, 23\/07\/2017\n\t\t\t\t<\/figcaption><\/figure><figure class='gallery-item'>\n\t\t\t<div class='gallery-icon landscape'>\n\t\t\t\t<a href='https:\/\/www.wallendorff.com\/belogue\/2017\/07\/30\/paleo-festival-2017-jour-6\/paleo-festival-nyon-23072017-6\/'><img loading=\"lazy\" decoding=\"async\" width=\"128\" height=\"85\" src=\"https:\/\/www.wallendorff.com\/belogue\/wp-content\/uploads\/2017\/07\/20170730-09-200x133.jpg\" class=\"attachment-thumbnail size-thumbnail\" alt=\"\" aria-describedby=\"gallery-1-35159\" srcset=\"https:\/\/www.wallendorff.com\/belogue\/wp-content\/uploads\/2017\/07\/20170730-09-200x133.jpg 200w, https:\/\/www.wallendorff.com\/belogue\/wp-content\/uploads\/2017\/07\/20170730-09-820x547.jpg 820w, https:\/\/www.wallendorff.com\/belogue\/wp-content\/uploads\/2017\/07\/20170730-09-300x200.jpg 300w, https:\/\/www.wallendorff.com\/belogue\/wp-content\/uploads\/2017\/07\/20170730-09-600x400.jpg 600w, https:\/\/www.wallendorff.com\/belogue\/wp-content\/uploads\/2017\/07\/20170730-09.jpg 850w\" sizes=\"(max-width: 128px) 100vw, 128px\" \/><\/a>\n\t\t\t<\/div>\n\t\t\t\t<figcaption class='wp-caption-text gallery-caption' id='gallery-1-35159'>\n\t\t\t\tPal\u00e9o Festival, Nyon, 23\/07\/2017\n\t\t\t\t<\/figcaption><\/figure><figure class='gallery-item'>\n\t\t\t<div class='gallery-icon landscape'>\n\t\t\t\t<a href='https:\/\/www.wallendorff.com\/belogue\/2017\/07\/30\/paleo-festival-2017-jour-6\/imany-paleo-festival-nyon-23072017-3\/'><img loading=\"lazy\" decoding=\"async\" width=\"128\" height=\"85\" src=\"https:\/\/www.wallendorff.com\/belogue\/wp-content\/uploads\/2017\/07\/20170730-10-200x133.jpg\" class=\"attachment-thumbnail size-thumbnail\" alt=\"\" aria-describedby=\"gallery-1-35160\" srcset=\"https:\/\/www.wallendorff.com\/belogue\/wp-content\/uploads\/2017\/07\/20170730-10-200x133.jpg 200w, https:\/\/www.wallendorff.com\/belogue\/wp-content\/uploads\/2017\/07\/20170730-10-820x547.jpg 820w, https:\/\/www.wallendorff.com\/belogue\/wp-content\/uploads\/2017\/07\/20170730-10-300x200.jpg 300w, https:\/\/www.wallendorff.com\/belogue\/wp-content\/uploads\/2017\/07\/20170730-10-600x400.jpg 600w, https:\/\/www.wallendorff.com\/belogue\/wp-content\/uploads\/2017\/07\/20170730-10.jpg 850w\" sizes=\"(max-width: 128px) 100vw, 128px\" \/><\/a>\n\t\t\t<\/div>\n\t\t\t\t<figcaption class='wp-caption-text gallery-caption' id='gallery-1-35160'>\n\t\t\t\tImany @ Pal\u00e9o Festival, Nyon, 23\/07\/2017\n\t\t\t\t<\/figcaption><\/figure><figure class='gallery-item'>\n\t\t\t<div class='gallery-icon landscape'>\n\t\t\t\t<a href='https:\/\/www.wallendorff.com\/belogue\/2017\/07\/30\/paleo-festival-2017-jour-6\/imany-paleo-festival-nyon-23072017-4\/'><img loading=\"lazy\" decoding=\"async\" width=\"128\" height=\"85\" src=\"https:\/\/www.wallendorff.com\/belogue\/wp-content\/uploads\/2017\/07\/20170730-11-200x133.jpg\" class=\"attachment-thumbnail size-thumbnail\" alt=\"\" aria-describedby=\"gallery-1-35161\" srcset=\"https:\/\/www.wallendorff.com\/belogue\/wp-content\/uploads\/2017\/07\/20170730-11-200x133.jpg 200w, https:\/\/www.wallendorff.com\/belogue\/wp-content\/uploads\/2017\/07\/20170730-11-820x547.jpg 820w, https:\/\/www.wallendorff.com\/belogue\/wp-content\/uploads\/2017\/07\/20170730-11-300x200.jpg 300w, https:\/\/www.wallendorff.com\/belogue\/wp-content\/uploads\/2017\/07\/20170730-11-600x400.jpg 600w, https:\/\/www.wallendorff.com\/belogue\/wp-content\/uploads\/2017\/07\/20170730-11.jpg 850w\" sizes=\"(max-width: 128px) 100vw, 128px\" \/><\/a>\n\t\t\t<\/div>\n\t\t\t\t<figcaption class='wp-caption-text gallery-caption' id='gallery-1-35161'>\n\t\t\t\tImany @ Pal\u00e9o Festival, Nyon, 23\/07\/2017\n\t\t\t\t<\/figcaption><\/figure><figure class='gallery-item'>\n\t\t\t<div class='gallery-icon landscape'>\n\t\t\t\t<a href='https:\/\/www.wallendorff.com\/belogue\/2017\/07\/30\/paleo-festival-2017-jour-6\/imany-paleo-festival-nyon-23072017-5\/'><img loading=\"lazy\" decoding=\"async\" width=\"128\" height=\"85\" src=\"https:\/\/www.wallendorff.com\/belogue\/wp-content\/uploads\/2017\/07\/20170730-12-200x133.jpg\" class=\"attachment-thumbnail size-thumbnail\" alt=\"\" aria-describedby=\"gallery-1-35162\" srcset=\"https:\/\/www.wallendorff.com\/belogue\/wp-content\/uploads\/2017\/07\/20170730-12-200x133.jpg 200w, https:\/\/www.wallendorff.com\/belogue\/wp-content\/uploads\/2017\/07\/20170730-12-820x547.jpg 820w, https:\/\/www.wallendorff.com\/belogue\/wp-content\/uploads\/2017\/07\/20170730-12-300x200.jpg 300w, https:\/\/www.wallendorff.com\/belogue\/wp-content\/uploads\/2017\/07\/20170730-12-600x400.jpg 600w, https:\/\/www.wallendorff.com\/belogue\/wp-content\/uploads\/2017\/07\/20170730-12.jpg 850w\" sizes=\"(max-width: 128px) 100vw, 128px\" \/><\/a>\n\t\t\t<\/div>\n\t\t\t\t<figcaption class='wp-caption-text gallery-caption' id='gallery-1-35162'>\n\t\t\t\tImany @ Pal\u00e9o Festival, Nyon, 23\/07\/2017\n\t\t\t\t<\/figcaption><\/figure><figure class='gallery-item'>\n\t\t\t<div class='gallery-icon landscape'>\n\t\t\t\t<a href='https:\/\/www.wallendorff.com\/belogue\/2017\/07\/30\/paleo-festival-2017-jour-6\/imany-paleo-festival-nyon-23072017-6\/'><img loading=\"lazy\" decoding=\"async\" width=\"128\" height=\"85\" src=\"https:\/\/www.wallendorff.com\/belogue\/wp-content\/uploads\/2017\/07\/20170730-13-200x133.jpg\" class=\"attachment-thumbnail size-thumbnail\" alt=\"\" aria-describedby=\"gallery-1-35163\" srcset=\"https:\/\/www.wallendorff.com\/belogue\/wp-content\/uploads\/2017\/07\/20170730-13-200x133.jpg 200w, https:\/\/www.wallendorff.com\/belogue\/wp-content\/uploads\/2017\/07\/20170730-13-820x547.jpg 820w, https:\/\/www.wallendorff.com\/belogue\/wp-content\/uploads\/2017\/07\/20170730-13-300x200.jpg 300w, https:\/\/www.wallendorff.com\/belogue\/wp-content\/uploads\/2017\/07\/20170730-13-600x400.jpg 600w, https:\/\/www.wallendorff.com\/belogue\/wp-content\/uploads\/2017\/07\/20170730-13.jpg 850w\" sizes=\"(max-width: 128px) 100vw, 128px\" \/><\/a>\n\t\t\t<\/div>\n\t\t\t\t<figcaption class='wp-caption-text gallery-caption' id='gallery-1-35163'>\n\t\t\t\tImany @ Pal\u00e9o Festival, Nyon, 23\/07\/2017\n\t\t\t\t<\/figcaption><\/figure><figure class='gallery-item'>\n\t\t\t<div class='gallery-icon landscape'>\n\t\t\t\t<a href='https:\/\/www.wallendorff.com\/belogue\/2017\/07\/30\/paleo-festival-2017-jour-6\/paleo-festival-nyon-23072017-7\/'><img loading=\"lazy\" decoding=\"async\" width=\"128\" height=\"85\" src=\"https:\/\/www.wallendorff.com\/belogue\/wp-content\/uploads\/2017\/07\/20170730-14-200x133.jpg\" class=\"attachment-thumbnail size-thumbnail\" alt=\"\" aria-describedby=\"gallery-1-35164\" srcset=\"https:\/\/www.wallendorff.com\/belogue\/wp-content\/uploads\/2017\/07\/20170730-14-200x133.jpg 200w, https:\/\/www.wallendorff.com\/belogue\/wp-content\/uploads\/2017\/07\/20170730-14-820x547.jpg 820w, https:\/\/www.wallendorff.com\/belogue\/wp-content\/uploads\/2017\/07\/20170730-14-300x200.jpg 300w, https:\/\/www.wallendorff.com\/belogue\/wp-content\/uploads\/2017\/07\/20170730-14-600x400.jpg 600w, https:\/\/www.wallendorff.com\/belogue\/wp-content\/uploads\/2017\/07\/20170730-14.jpg 850w\" sizes=\"(max-width: 128px) 100vw, 128px\" \/><\/a>\n\t\t\t<\/div>\n\t\t\t\t<figcaption class='wp-caption-text gallery-caption' id='gallery-1-35164'>\n\t\t\t\tPal\u00e9o Festival, Nyon, 23\/07\/2017\n\t\t\t\t<\/figcaption><\/figure><figure class='gallery-item'>\n\t\t\t<div class='gallery-icon landscape'>\n\t\t\t\t<a href='https:\/\/www.wallendorff.com\/belogue\/2017\/07\/30\/paleo-festival-2017-jour-6\/paleo-festival-nyon-23072017-8\/'><img loading=\"lazy\" decoding=\"async\" width=\"128\" height=\"85\" src=\"https:\/\/www.wallendorff.com\/belogue\/wp-content\/uploads\/2017\/07\/20170730-15-200x133.jpg\" class=\"attachment-thumbnail size-thumbnail\" alt=\"\" aria-describedby=\"gallery-1-35165\" srcset=\"https:\/\/www.wallendorff.com\/belogue\/wp-content\/uploads\/2017\/07\/20170730-15-200x133.jpg 200w, https:\/\/www.wallendorff.com\/belogue\/wp-content\/uploads\/2017\/07\/20170730-15-820x547.jpg 820w, https:\/\/www.wallendorff.com\/belogue\/wp-content\/uploads\/2017\/07\/20170730-15-300x200.jpg 300w, https:\/\/www.wallendorff.com\/belogue\/wp-content\/uploads\/2017\/07\/20170730-15-600x400.jpg 600w, https:\/\/www.wallendorff.com\/belogue\/wp-content\/uploads\/2017\/07\/20170730-15.jpg 850w\" sizes=\"(max-width: 128px) 100vw, 128px\" \/><\/a>\n\t\t\t<\/div>\n\t\t\t\t<figcaption class='wp-caption-text gallery-caption' id='gallery-1-35165'>\n\t\t\t\tPal\u00e9o Festival, Nyon, 23\/07\/2017\n\t\t\t\t<\/figcaption><\/figure><figure class='gallery-item'>\n\t\t\t<div class='gallery-icon landscape'>\n\t\t\t\t<a href='https:\/\/www.wallendorff.com\/belogue\/2017\/07\/30\/paleo-festival-2017-jour-6\/paleo-festival-nyon-23072017-9\/'><img loading=\"lazy\" decoding=\"async\" width=\"128\" height=\"85\" src=\"https:\/\/www.wallendorff.com\/belogue\/wp-content\/uploads\/2017\/07\/20170730-16-200x133.jpg\" class=\"attachment-thumbnail size-thumbnail\" alt=\"\" aria-describedby=\"gallery-1-35166\" srcset=\"https:\/\/www.wallendorff.com\/belogue\/wp-content\/uploads\/2017\/07\/20170730-16-200x133.jpg 200w, https:\/\/www.wallendorff.com\/belogue\/wp-content\/uploads\/2017\/07\/20170730-16-820x547.jpg 820w, https:\/\/www.wallendorff.com\/belogue\/wp-content\/uploads\/2017\/07\/20170730-16-300x200.jpg 300w, https:\/\/www.wallendorff.com\/belogue\/wp-content\/uploads\/2017\/07\/20170730-16-600x400.jpg 600w, https:\/\/www.wallendorff.com\/belogue\/wp-content\/uploads\/2017\/07\/20170730-16.jpg 850w\" sizes=\"(max-width: 128px) 100vw, 128px\" \/><\/a>\n\t\t\t<\/div>\n\t\t\t\t<figcaption class='wp-caption-text gallery-caption' id='gallery-1-35166'>\n\t\t\t\tPal\u00e9o Festival, Nyon, 23\/07\/2017\n\t\t\t\t<\/figcaption><\/figure><figure class='gallery-item'>\n\t\t\t<div class='gallery-icon landscape'>\n\t\t\t\t<a href='https:\/\/www.wallendorff.com\/belogue\/2017\/07\/30\/paleo-festival-2017-jour-6\/kt-gorique-paleo-festival-nyon-23072017\/'><img loading=\"lazy\" decoding=\"async\" width=\"128\" height=\"85\" src=\"https:\/\/www.wallendorff.com\/belogue\/wp-content\/uploads\/2017\/07\/20170730-17-200x133.jpg\" class=\"attachment-thumbnail size-thumbnail\" alt=\"\" aria-describedby=\"gallery-1-35167\" srcset=\"https:\/\/www.wallendorff.com\/belogue\/wp-content\/uploads\/2017\/07\/20170730-17-200x133.jpg 200w, https:\/\/www.wallendorff.com\/belogue\/wp-content\/uploads\/2017\/07\/20170730-17-820x547.jpg 820w, https:\/\/www.wallendorff.com\/belogue\/wp-content\/uploads\/2017\/07\/20170730-17-300x200.jpg 300w, https:\/\/www.wallendorff.com\/belogue\/wp-content\/uploads\/2017\/07\/20170730-17-600x400.jpg 600w, https:\/\/www.wallendorff.com\/belogue\/wp-content\/uploads\/2017\/07\/20170730-17.jpg 850w\" sizes=\"(max-width: 128px) 100vw, 128px\" \/><\/a>\n\t\t\t<\/div>\n\t\t\t\t<figcaption class='wp-caption-text gallery-caption' id='gallery-1-35167'>\n\t\t\t\tKT Gorique @ Pal\u00e9o Festival, Nyon, 23\/07\/2017\n\t\t\t\t<\/figcaption><\/figure><figure class='gallery-item'>\n\t\t\t<div class='gallery-icon landscape'>\n\t\t\t\t<a href='https:\/\/www.wallendorff.com\/belogue\/2017\/07\/30\/paleo-festival-2017-jour-6\/kt-gorique-paleo-festival-nyon-23072017-2\/'><img loading=\"lazy\" decoding=\"async\" width=\"128\" height=\"85\" src=\"https:\/\/www.wallendorff.com\/belogue\/wp-content\/uploads\/2017\/07\/20170730-18-200x133.jpg\" class=\"attachment-thumbnail size-thumbnail\" alt=\"\" aria-describedby=\"gallery-1-35168\" srcset=\"https:\/\/www.wallendorff.com\/belogue\/wp-content\/uploads\/2017\/07\/20170730-18-200x133.jpg 200w, https:\/\/www.wallendorff.com\/belogue\/wp-content\/uploads\/2017\/07\/20170730-18-820x547.jpg 820w, https:\/\/www.wallendorff.com\/belogue\/wp-content\/uploads\/2017\/07\/20170730-18-300x200.jpg 300w, https:\/\/www.wallendorff.com\/belogue\/wp-content\/uploads\/2017\/07\/20170730-18-600x400.jpg 600w, https:\/\/www.wallendorff.com\/belogue\/wp-content\/uploads\/2017\/07\/20170730-18.jpg 850w\" sizes=\"(max-width: 128px) 100vw, 128px\" \/><\/a>\n\t\t\t<\/div>\n\t\t\t\t<figcaption class='wp-caption-text gallery-caption' id='gallery-1-35168'>\n\t\t\t\tKT Gorique @ Pal\u00e9o Festival, Nyon, 23\/07\/2017\n\t\t\t\t<\/figcaption><\/figure><figure class='gallery-item'>\n\t\t\t<div class='gallery-icon landscape'>\n\t\t\t\t<a href='https:\/\/www.wallendorff.com\/belogue\/2017\/07\/30\/paleo-festival-2017-jour-6\/paleo-festival-nyon-23072017-10\/'><img loading=\"lazy\" decoding=\"async\" width=\"128\" height=\"85\" src=\"https:\/\/www.wallendorff.com\/belogue\/wp-content\/uploads\/2017\/07\/20170730-19-200x133.jpg\" class=\"attachment-thumbnail size-thumbnail\" alt=\"\" aria-describedby=\"gallery-1-35169\" srcset=\"https:\/\/www.wallendorff.com\/belogue\/wp-content\/uploads\/2017\/07\/20170730-19-200x133.jpg 200w, https:\/\/www.wallendorff.com\/belogue\/wp-content\/uploads\/2017\/07\/20170730-19-820x547.jpg 820w, https:\/\/www.wallendorff.com\/belogue\/wp-content\/uploads\/2017\/07\/20170730-19-300x200.jpg 300w, https:\/\/www.wallendorff.com\/belogue\/wp-content\/uploads\/2017\/07\/20170730-19-600x400.jpg 600w, https:\/\/www.wallendorff.com\/belogue\/wp-content\/uploads\/2017\/07\/20170730-19.jpg 850w\" sizes=\"(max-width: 128px) 100vw, 128px\" \/><\/a>\n\t\t\t<\/div>\n\t\t\t\t<figcaption class='wp-caption-text gallery-caption' id='gallery-1-35169'>\n\t\t\t\tPal\u00e9o Festival, Nyon, 23\/07\/2017\n\t\t\t\t<\/figcaption><\/figure><figure class='gallery-item'>\n\t\t\t<div class='gallery-icon landscape'>\n\t\t\t\t<a href='https:\/\/www.wallendorff.com\/belogue\/2017\/07\/30\/paleo-festival-2017-jour-6\/kt-gorique-paleo-festival-nyon-23072017-3\/'><img loading=\"lazy\" decoding=\"async\" width=\"128\" height=\"85\" src=\"https:\/\/www.wallendorff.com\/belogue\/wp-content\/uploads\/2017\/07\/20170730-20-200x133.jpg\" class=\"attachment-thumbnail size-thumbnail\" alt=\"\" aria-describedby=\"gallery-1-35170\" srcset=\"https:\/\/www.wallendorff.com\/belogue\/wp-content\/uploads\/2017\/07\/20170730-20-200x133.jpg 200w, https:\/\/www.wallendorff.com\/belogue\/wp-content\/uploads\/2017\/07\/20170730-20-820x547.jpg 820w, https:\/\/www.wallendorff.com\/belogue\/wp-content\/uploads\/2017\/07\/20170730-20-300x200.jpg 300w, https:\/\/www.wallendorff.com\/belogue\/wp-content\/uploads\/2017\/07\/20170730-20-600x400.jpg 600w, https:\/\/www.wallendorff.com\/belogue\/wp-content\/uploads\/2017\/07\/20170730-20.jpg 850w\" sizes=\"(max-width: 128px) 100vw, 128px\" \/><\/a>\n\t\t\t<\/div>\n\t\t\t\t<figcaption class='wp-caption-text gallery-caption' id='gallery-1-35170'>\n\t\t\t\tKT Gorique @ Pal\u00e9o Festival, Nyon, 23\/07\/2017\n\t\t\t\t<\/figcaption><\/figure><figure class='gallery-item'>\n\t\t\t<div class='gallery-icon landscape'>\n\t\t\t\t<a href='https:\/\/www.wallendorff.com\/belogue\/2017\/07\/30\/paleo-festival-2017-jour-6\/kt-gorique-paleo-festival-nyon-23072017-4\/'><img loading=\"lazy\" decoding=\"async\" width=\"128\" height=\"85\" src=\"https:\/\/www.wallendorff.com\/belogue\/wp-content\/uploads\/2017\/07\/20170730-21-200x133.jpg\" class=\"attachment-thumbnail size-thumbnail\" alt=\"\" aria-describedby=\"gallery-1-35171\" srcset=\"https:\/\/www.wallendorff.com\/belogue\/wp-content\/uploads\/2017\/07\/20170730-21-200x133.jpg 200w, https:\/\/www.wallendorff.com\/belogue\/wp-content\/uploads\/2017\/07\/20170730-21-820x547.jpg 820w, https:\/\/www.wallendorff.com\/belogue\/wp-content\/uploads\/2017\/07\/20170730-21-300x200.jpg 300w, https:\/\/www.wallendorff.com\/belogue\/wp-content\/uploads\/2017\/07\/20170730-21-600x400.jpg 600w, https:\/\/www.wallendorff.com\/belogue\/wp-content\/uploads\/2017\/07\/20170730-21.jpg 850w\" sizes=\"(max-width: 128px) 100vw, 128px\" \/><\/a>\n\t\t\t<\/div>\n\t\t\t\t<figcaption class='wp-caption-text gallery-caption' id='gallery-1-35171'>\n\t\t\t\tKT Gorique @ Pal\u00e9o Festival, Nyon, 23\/07\/2017\n\t\t\t\t<\/figcaption><\/figure><figure class='gallery-item'>\n\t\t\t<div class='gallery-icon landscape'>\n\t\t\t\t<a href='https:\/\/www.wallendorff.com\/belogue\/2017\/07\/30\/paleo-festival-2017-jour-6\/paleo-festival-nyon-23072017-11\/'><img loading=\"lazy\" decoding=\"async\" width=\"128\" height=\"85\" src=\"https:\/\/www.wallendorff.com\/belogue\/wp-content\/uploads\/2017\/07\/20170730-22-200x133.jpg\" class=\"attachment-thumbnail size-thumbnail\" alt=\"\" aria-describedby=\"gallery-1-35172\" srcset=\"https:\/\/www.wallendorff.com\/belogue\/wp-content\/uploads\/2017\/07\/20170730-22-200x133.jpg 200w, https:\/\/www.wallendorff.com\/belogue\/wp-content\/uploads\/2017\/07\/20170730-22-820x547.jpg 820w, https:\/\/www.wallendorff.com\/belogue\/wp-content\/uploads\/2017\/07\/20170730-22-300x200.jpg 300w, https:\/\/www.wallendorff.com\/belogue\/wp-content\/uploads\/2017\/07\/20170730-22-600x400.jpg 600w, https:\/\/www.wallendorff.com\/belogue\/wp-content\/uploads\/2017\/07\/20170730-22.jpg 850w\" sizes=\"(max-width: 128px) 100vw, 128px\" \/><\/a>\n\t\t\t<\/div>\n\t\t\t\t<figcaption class='wp-caption-text gallery-caption' id='gallery-1-35172'>\n\t\t\t\tPal\u00e9o Festival, Nyon, 23\/07\/2017\n\t\t\t\t<\/figcaption><\/figure><figure class='gallery-item'>\n\t\t\t<div class='gallery-icon landscape'>\n\t\t\t\t<a href='https:\/\/www.wallendorff.com\/belogue\/2017\/07\/30\/paleo-festival-2017-jour-6\/kt-gorique-paleo-festival-nyon-23072017-5\/'><img loading=\"lazy\" decoding=\"async\" width=\"128\" height=\"85\" src=\"https:\/\/www.wallendorff.com\/belogue\/wp-content\/uploads\/2017\/07\/20170730-23-200x133.jpg\" class=\"attachment-thumbnail size-thumbnail\" alt=\"\" aria-describedby=\"gallery-1-35173\" srcset=\"https:\/\/www.wallendorff.com\/belogue\/wp-content\/uploads\/2017\/07\/20170730-23-200x133.jpg 200w, https:\/\/www.wallendorff.com\/belogue\/wp-content\/uploads\/2017\/07\/20170730-23-820x547.jpg 820w, https:\/\/www.wallendorff.com\/belogue\/wp-content\/uploads\/2017\/07\/20170730-23-300x200.jpg 300w, https:\/\/www.wallendorff.com\/belogue\/wp-content\/uploads\/2017\/07\/20170730-23-600x400.jpg 600w, https:\/\/www.wallendorff.com\/belogue\/wp-content\/uploads\/2017\/07\/20170730-23.jpg 850w\" sizes=\"(max-width: 128px) 100vw, 128px\" \/><\/a>\n\t\t\t<\/div>\n\t\t\t\t<figcaption class='wp-caption-text gallery-caption' id='gallery-1-35173'>\n\t\t\t\tKT Gorique @ Pal\u00e9o Festival, Nyon, 23\/07\/2017\n\t\t\t\t<\/figcaption><\/figure><figure class='gallery-item'>\n\t\t\t<div class='gallery-icon landscape'>\n\t\t\t\t<a href='https:\/\/www.wallendorff.com\/belogue\/2017\/07\/30\/paleo-festival-2017-jour-6\/keny-arkana-paleo-festival-nyon-23072017\/'><img loading=\"lazy\" decoding=\"async\" width=\"128\" height=\"85\" src=\"https:\/\/www.wallendorff.com\/belogue\/wp-content\/uploads\/2017\/07\/20170730-24-200x133.jpg\" class=\"attachment-thumbnail size-thumbnail\" alt=\"\" aria-describedby=\"gallery-1-35174\" srcset=\"https:\/\/www.wallendorff.com\/belogue\/wp-content\/uploads\/2017\/07\/20170730-24-200x133.jpg 200w, https:\/\/www.wallendorff.com\/belogue\/wp-content\/uploads\/2017\/07\/20170730-24-820x547.jpg 820w, https:\/\/www.wallendorff.com\/belogue\/wp-content\/uploads\/2017\/07\/20170730-24-300x200.jpg 300w, https:\/\/www.wallendorff.com\/belogue\/wp-content\/uploads\/2017\/07\/20170730-24-600x400.jpg 600w, https:\/\/www.wallendorff.com\/belogue\/wp-content\/uploads\/2017\/07\/20170730-24.jpg 850w\" sizes=\"(max-width: 128px) 100vw, 128px\" \/><\/a>\n\t\t\t<\/div>\n\t\t\t\t<figcaption class='wp-caption-text gallery-caption' id='gallery-1-35174'>\n\t\t\t\tKeny Arkana @ Pal\u00e9o Festival, Nyon, 23\/07\/2017\n\t\t\t\t<\/figcaption><\/figure><figure class='gallery-item'>\n\t\t\t<div class='gallery-icon landscape'>\n\t\t\t\t<a href='https:\/\/www.wallendorff.com\/belogue\/2017\/07\/30\/paleo-festival-2017-jour-6\/paleo-festival-nyon-23072017-12\/'><img loading=\"lazy\" decoding=\"async\" width=\"128\" height=\"85\" src=\"https:\/\/www.wallendorff.com\/belogue\/wp-content\/uploads\/2017\/07\/20170730-25-200x133.jpg\" class=\"attachment-thumbnail size-thumbnail\" alt=\"\" aria-describedby=\"gallery-1-35175\" srcset=\"https:\/\/www.wallendorff.com\/belogue\/wp-content\/uploads\/2017\/07\/20170730-25-200x133.jpg 200w, https:\/\/www.wallendorff.com\/belogue\/wp-content\/uploads\/2017\/07\/20170730-25-820x547.jpg 820w, https:\/\/www.wallendorff.com\/belogue\/wp-content\/uploads\/2017\/07\/20170730-25-300x200.jpg 300w, https:\/\/www.wallendorff.com\/belogue\/wp-content\/uploads\/2017\/07\/20170730-25-600x400.jpg 600w, https:\/\/www.wallendorff.com\/belogue\/wp-content\/uploads\/2017\/07\/20170730-25.jpg 850w\" sizes=\"(max-width: 128px) 100vw, 128px\" \/><\/a>\n\t\t\t<\/div>\n\t\t\t\t<figcaption class='wp-caption-text gallery-caption' id='gallery-1-35175'>\n\t\t\t\tPal\u00e9o Festival, Nyon, 23\/07\/2017\n\t\t\t\t<\/figcaption><\/figure><figure class='gallery-item'>\n\t\t\t<div class='gallery-icon landscape'>\n\t\t\t\t<a href='https:\/\/www.wallendorff.com\/belogue\/2017\/07\/30\/paleo-festival-2017-jour-6\/keny-arkana-paleo-festival-nyon-23072017-2\/'><img loading=\"lazy\" decoding=\"async\" width=\"128\" height=\"85\" src=\"https:\/\/www.wallendorff.com\/belogue\/wp-content\/uploads\/2017\/07\/20170730-26-200x133.jpg\" class=\"attachment-thumbnail size-thumbnail\" alt=\"\" aria-describedby=\"gallery-1-35176\" srcset=\"https:\/\/www.wallendorff.com\/belogue\/wp-content\/uploads\/2017\/07\/20170730-26-200x133.jpg 200w, https:\/\/www.wallendorff.com\/belogue\/wp-content\/uploads\/2017\/07\/20170730-26-820x547.jpg 820w, https:\/\/www.wallendorff.com\/belogue\/wp-content\/uploads\/2017\/07\/20170730-26-300x200.jpg 300w, https:\/\/www.wallendorff.com\/belogue\/wp-content\/uploads\/2017\/07\/20170730-26-600x400.jpg 600w, https:\/\/www.wallendorff.com\/belogue\/wp-content\/uploads\/2017\/07\/20170730-26.jpg 850w\" sizes=\"(max-width: 128px) 100vw, 128px\" \/><\/a>\n\t\t\t<\/div>\n\t\t\t\t<figcaption class='wp-caption-text gallery-caption' id='gallery-1-35176'>\n\t\t\t\tKeny Arkana @ Pal\u00e9o Festival, Nyon, 23\/07\/2017\n\t\t\t\t<\/figcaption><\/figure><figure class='gallery-item'>\n\t\t\t<div class='gallery-icon landscape'>\n\t\t\t\t<a href='https:\/\/www.wallendorff.com\/belogue\/2017\/07\/30\/paleo-festival-2017-jour-6\/keny-arkana-paleo-festival-nyon-23072017-3\/'><img loading=\"lazy\" decoding=\"async\" width=\"128\" height=\"85\" src=\"https:\/\/www.wallendorff.com\/belogue\/wp-content\/uploads\/2017\/07\/20170730-27-200x133.jpg\" class=\"attachment-thumbnail size-thumbnail\" alt=\"\" aria-describedby=\"gallery-1-35177\" srcset=\"https:\/\/www.wallendorff.com\/belogue\/wp-content\/uploads\/2017\/07\/20170730-27-200x133.jpg 200w, https:\/\/www.wallendorff.com\/belogue\/wp-content\/uploads\/2017\/07\/20170730-27-820x547.jpg 820w, https:\/\/www.wallendorff.com\/belogue\/wp-content\/uploads\/2017\/07\/20170730-27-300x200.jpg 300w, https:\/\/www.wallendorff.com\/belogue\/wp-content\/uploads\/2017\/07\/20170730-27-600x400.jpg 600w, https:\/\/www.wallendorff.com\/belogue\/wp-content\/uploads\/2017\/07\/20170730-27.jpg 850w\" sizes=\"(max-width: 128px) 100vw, 128px\" \/><\/a>\n\t\t\t<\/div>\n\t\t\t\t<figcaption class='wp-caption-text gallery-caption' id='gallery-1-35177'>\n\t\t\t\tKeny Arkana @ Pal\u00e9o Festival, Nyon, 23\/07\/2017\n\t\t\t\t<\/figcaption><\/figure><figure class='gallery-item'>\n\t\t\t<div class='gallery-icon landscape'>\n\t\t\t\t<a href='https:\/\/www.wallendorff.com\/belogue\/2017\/07\/30\/paleo-festival-2017-jour-6\/paleo-festival-nyon-23072017-13\/'><img loading=\"lazy\" decoding=\"async\" width=\"128\" height=\"85\" src=\"https:\/\/www.wallendorff.com\/belogue\/wp-content\/uploads\/2017\/07\/20170730-28-200x133.jpg\" class=\"attachment-thumbnail size-thumbnail\" alt=\"\" aria-describedby=\"gallery-1-35178\" srcset=\"https:\/\/www.wallendorff.com\/belogue\/wp-content\/uploads\/2017\/07\/20170730-28-200x133.jpg 200w, https:\/\/www.wallendorff.com\/belogue\/wp-content\/uploads\/2017\/07\/20170730-28-820x547.jpg 820w, https:\/\/www.wallendorff.com\/belogue\/wp-content\/uploads\/2017\/07\/20170730-28-300x200.jpg 300w, https:\/\/www.wallendorff.com\/belogue\/wp-content\/uploads\/2017\/07\/20170730-28-600x400.jpg 600w, https:\/\/www.wallendorff.com\/belogue\/wp-content\/uploads\/2017\/07\/20170730-28.jpg 850w\" sizes=\"(max-width: 128px) 100vw, 128px\" \/><\/a>\n\t\t\t<\/div>\n\t\t\t\t<figcaption class='wp-caption-text gallery-caption' id='gallery-1-35178'>\n\t\t\t\tPal\u00e9o Festival, Nyon, 23\/07\/2017\n\t\t\t\t<\/figcaption><\/figure><figure class='gallery-item'>\n\t\t\t<div class='gallery-icon landscape'>\n\t\t\t\t<a href='https:\/\/www.wallendorff.com\/belogue\/2017\/07\/30\/paleo-festival-2017-jour-6\/keny-arkana-paleo-festival-nyon-23072017-4\/'><img loading=\"lazy\" decoding=\"async\" width=\"128\" height=\"85\" src=\"https:\/\/www.wallendorff.com\/belogue\/wp-content\/uploads\/2017\/07\/20170730-29-200x133.jpg\" class=\"attachment-thumbnail size-thumbnail\" alt=\"\" aria-describedby=\"gallery-1-35179\" srcset=\"https:\/\/www.wallendorff.com\/belogue\/wp-content\/uploads\/2017\/07\/20170730-29-200x133.jpg 200w, https:\/\/www.wallendorff.com\/belogue\/wp-content\/uploads\/2017\/07\/20170730-29-820x547.jpg 820w, https:\/\/www.wallendorff.com\/belogue\/wp-content\/uploads\/2017\/07\/20170730-29-300x200.jpg 300w, https:\/\/www.wallendorff.com\/belogue\/wp-content\/uploads\/2017\/07\/20170730-29-600x400.jpg 600w, https:\/\/www.wallendorff.com\/belogue\/wp-content\/uploads\/2017\/07\/20170730-29.jpg 850w\" sizes=\"(max-width: 128px) 100vw, 128px\" \/><\/a>\n\t\t\t<\/div>\n\t\t\t\t<figcaption class='wp-caption-text gallery-caption' id='gallery-1-35179'>\n\t\t\t\tKeny Arkana @ Pal\u00e9o Festival, Nyon, 23\/07\/2017\n\t\t\t\t<\/figcaption><\/figure><figure class='gallery-item'>\n\t\t\t<div class='gallery-icon landscape'>\n\t\t\t\t<a href='https:\/\/www.wallendorff.com\/belogue\/2017\/07\/30\/paleo-festival-2017-jour-6\/paleo-festival-nyon-23072017-14\/'><img loading=\"lazy\" decoding=\"async\" width=\"128\" height=\"85\" src=\"https:\/\/www.wallendorff.com\/belogue\/wp-content\/uploads\/2017\/07\/20170730-30-200x133.jpg\" class=\"attachment-thumbnail size-thumbnail\" alt=\"\" aria-describedby=\"gallery-1-35180\" srcset=\"https:\/\/www.wallendorff.com\/belogue\/wp-content\/uploads\/2017\/07\/20170730-30-200x133.jpg 200w, https:\/\/www.wallendorff.com\/belogue\/wp-content\/uploads\/2017\/07\/20170730-30-820x547.jpg 820w, https:\/\/www.wallendorff.com\/belogue\/wp-content\/uploads\/2017\/07\/20170730-30-300x200.jpg 300w, https:\/\/www.wallendorff.com\/belogue\/wp-content\/uploads\/2017\/07\/20170730-30-600x400.jpg 600w, https:\/\/www.wallendorff.com\/belogue\/wp-content\/uploads\/2017\/07\/20170730-30.jpg 850w\" sizes=\"(max-width: 128px) 100vw, 128px\" \/><\/a>\n\t\t\t<\/div>\n\t\t\t\t<figcaption class='wp-caption-text gallery-caption' id='gallery-1-35180'>\n\t\t\t\tPal\u00e9o Festival, Nyon, 23\/07\/2017\n\t\t\t\t<\/figcaption><\/figure><figure class='gallery-item'>\n\t\t\t<div class='gallery-icon landscape'>\n\t\t\t\t<a href='https:\/\/www.wallendorff.com\/belogue\/2017\/07\/30\/paleo-festival-2017-jour-6\/keny-arkana-paleo-festival-nyon-23072017-5\/'><img loading=\"lazy\" decoding=\"async\" width=\"128\" height=\"85\" src=\"https:\/\/www.wallendorff.com\/belogue\/wp-content\/uploads\/2017\/07\/20170730-31-200x133.jpg\" class=\"attachment-thumbnail size-thumbnail\" alt=\"\" aria-describedby=\"gallery-1-35181\" srcset=\"https:\/\/www.wallendorff.com\/belogue\/wp-content\/uploads\/2017\/07\/20170730-31-200x133.jpg 200w, https:\/\/www.wallendorff.com\/belogue\/wp-content\/uploads\/2017\/07\/20170730-31-820x547.jpg 820w, https:\/\/www.wallendorff.com\/belogue\/wp-content\/uploads\/2017\/07\/20170730-31-300x200.jpg 300w, https:\/\/www.wallendorff.com\/belogue\/wp-content\/uploads\/2017\/07\/20170730-31-600x400.jpg 600w, https:\/\/www.wallendorff.com\/belogue\/wp-content\/uploads\/2017\/07\/20170730-31.jpg 850w\" sizes=\"(max-width: 128px) 100vw, 128px\" \/><\/a>\n\t\t\t<\/div>\n\t\t\t\t<figcaption class='wp-caption-text gallery-caption' id='gallery-1-35181'>\n\t\t\t\tKeny Arkana @ Pal\u00e9o Festival, Nyon, 23\/07\/2017\n\t\t\t\t<\/figcaption><\/figure><figure class='gallery-item'>\n\t\t\t<div class='gallery-icon landscape'>\n\t\t\t\t<a href='https:\/\/www.wallendorff.com\/belogue\/2017\/07\/30\/paleo-festival-2017-jour-6\/paleo-festival-nyon-23072017-15\/'><img loading=\"lazy\" decoding=\"async\" width=\"128\" height=\"85\" src=\"https:\/\/www.wallendorff.com\/belogue\/wp-content\/uploads\/2017\/07\/20170730-32-200x133.jpg\" class=\"attachment-thumbnail size-thumbnail\" alt=\"\" aria-describedby=\"gallery-1-35182\" srcset=\"https:\/\/www.wallendorff.com\/belogue\/wp-content\/uploads\/2017\/07\/20170730-32-200x133.jpg 200w, https:\/\/www.wallendorff.com\/belogue\/wp-content\/uploads\/2017\/07\/20170730-32-820x547.jpg 820w, https:\/\/www.wallendorff.com\/belogue\/wp-content\/uploads\/2017\/07\/20170730-32-300x200.jpg 300w, https:\/\/www.wallendorff.com\/belogue\/wp-content\/uploads\/2017\/07\/20170730-32-600x400.jpg 600w, https:\/\/www.wallendorff.com\/belogue\/wp-content\/uploads\/2017\/07\/20170730-32.jpg 850w\" sizes=\"(max-width: 128px) 100vw, 128px\" \/><\/a>\n\t\t\t<\/div>\n\t\t\t\t<figcaption class='wp-caption-text gallery-caption' id='gallery-1-35182'>\n\t\t\t\tPal\u00e9o Festival, Nyon, 23\/07\/2017\n\t\t\t\t<\/figcaption><\/figure><figure class='gallery-item'>\n\t\t\t<div class='gallery-icon landscape'>\n\t\t\t\t<a href='https:\/\/www.wallendorff.com\/belogue\/2017\/07\/30\/paleo-festival-2017-jour-6\/keny-arkana-paleo-festival-nyon-23072017-6\/'><img loading=\"lazy\" decoding=\"async\" width=\"128\" height=\"85\" src=\"https:\/\/www.wallendorff.com\/belogue\/wp-content\/uploads\/2017\/07\/20170730-33-200x133.jpg\" class=\"attachment-thumbnail size-thumbnail\" alt=\"\" aria-describedby=\"gallery-1-35183\" srcset=\"https:\/\/www.wallendorff.com\/belogue\/wp-content\/uploads\/2017\/07\/20170730-33-200x133.jpg 200w, https:\/\/www.wallendorff.com\/belogue\/wp-content\/uploads\/2017\/07\/20170730-33-820x547.jpg 820w, https:\/\/www.wallendorff.com\/belogue\/wp-content\/uploads\/2017\/07\/20170730-33-300x200.jpg 300w, https:\/\/www.wallendorff.com\/belogue\/wp-content\/uploads\/2017\/07\/20170730-33-600x400.jpg 600w, https:\/\/www.wallendorff.com\/belogue\/wp-content\/uploads\/2017\/07\/20170730-33.jpg 850w\" sizes=\"(max-width: 128px) 100vw, 128px\" \/><\/a>\n\t\t\t<\/div>\n\t\t\t\t<figcaption class='wp-caption-text gallery-caption' id='gallery-1-35183'>\n\t\t\t\tKeny Arkana @ Pal\u00e9o Festival, Nyon, 23\/07\/2017\n\t\t\t\t<\/figcaption><\/figure><figure class='gallery-item'>\n\t\t\t<div class='gallery-icon landscape'>\n\t\t\t\t<a href='https:\/\/www.wallendorff.com\/belogue\/2017\/07\/30\/paleo-festival-2017-jour-6\/paleo-festival-nyon-23072017-16\/'><img loading=\"lazy\" decoding=\"async\" width=\"128\" height=\"85\" src=\"https:\/\/www.wallendorff.com\/belogue\/wp-content\/uploads\/2017\/07\/20170730-34-200x133.jpg\" class=\"attachment-thumbnail size-thumbnail\" alt=\"\" aria-describedby=\"gallery-1-35184\" srcset=\"https:\/\/www.wallendorff.com\/belogue\/wp-content\/uploads\/2017\/07\/20170730-34-200x133.jpg 200w, https:\/\/www.wallendorff.com\/belogue\/wp-content\/uploads\/2017\/07\/20170730-34-820x547.jpg 820w, https:\/\/www.wallendorff.com\/belogue\/wp-content\/uploads\/2017\/07\/20170730-34-300x200.jpg 300w, https:\/\/www.wallendorff.com\/belogue\/wp-content\/uploads\/2017\/07\/20170730-34-600x400.jpg 600w, https:\/\/www.wallendorff.com\/belogue\/wp-content\/uploads\/2017\/07\/20170730-34.jpg 850w\" sizes=\"(max-width: 128px) 100vw, 128px\" \/><\/a>\n\t\t\t<\/div>\n\t\t\t\t<figcaption class='wp-caption-text gallery-caption' id='gallery-1-35184'>\n\t\t\t\tPal\u00e9o Festival, Nyon, 23\/07\/2017\n\t\t\t\t<\/figcaption><\/figure><figure class='gallery-item'>\n\t\t\t<div class='gallery-icon landscape'>\n\t\t\t\t<a href='https:\/\/www.wallendorff.com\/belogue\/2017\/07\/30\/paleo-festival-2017-jour-6\/paleo-festival-nyon-23072017-17\/'><img loading=\"lazy\" decoding=\"async\" width=\"128\" height=\"85\" src=\"https:\/\/www.wallendorff.com\/belogue\/wp-content\/uploads\/2017\/07\/20170730-35-200x133.jpg\" class=\"attachment-thumbnail size-thumbnail\" alt=\"\" aria-describedby=\"gallery-1-35185\" srcset=\"https:\/\/www.wallendorff.com\/belogue\/wp-content\/uploads\/2017\/07\/20170730-35-200x133.jpg 200w, https:\/\/www.wallendorff.com\/belogue\/wp-content\/uploads\/2017\/07\/20170730-35-820x547.jpg 820w, https:\/\/www.wallendorff.com\/belogue\/wp-content\/uploads\/2017\/07\/20170730-35-300x200.jpg 300w, https:\/\/www.wallendorff.com\/belogue\/wp-content\/uploads\/2017\/07\/20170730-35-600x400.jpg 600w, https:\/\/www.wallendorff.com\/belogue\/wp-content\/uploads\/2017\/07\/20170730-35.jpg 850w\" sizes=\"(max-width: 128px) 100vw, 128px\" \/><\/a>\n\t\t\t<\/div>\n\t\t\t\t<figcaption class='wp-caption-text gallery-caption' id='gallery-1-35185'>\n\t\t\t\tPal\u00e9o Festival, Nyon, 23\/07\/2017\n\t\t\t\t<\/figcaption><\/figure><figure class='gallery-item'>\n\t\t\t<div class='gallery-icon landscape'>\n\t\t\t\t<a href='https:\/\/www.wallendorff.com\/belogue\/2017\/07\/30\/paleo-festival-2017-jour-6\/paleo-festival-nyon-23072017-18\/'><img loading=\"lazy\" decoding=\"async\" width=\"128\" height=\"85\" src=\"https:\/\/www.wallendorff.com\/belogue\/wp-content\/uploads\/2017\/07\/20170730-36-200x133.jpg\" class=\"attachment-thumbnail size-thumbnail\" alt=\"\" aria-describedby=\"gallery-1-35186\" srcset=\"https:\/\/www.wallendorff.com\/belogue\/wp-content\/uploads\/2017\/07\/20170730-36-200x133.jpg 200w, https:\/\/www.wallendorff.com\/belogue\/wp-content\/uploads\/2017\/07\/20170730-36-820x547.jpg 820w, https:\/\/www.wallendorff.com\/belogue\/wp-content\/uploads\/2017\/07\/20170730-36-300x200.jpg 300w, https:\/\/www.wallendorff.com\/belogue\/wp-content\/uploads\/2017\/07\/20170730-36-600x400.jpg 600w, https:\/\/www.wallendorff.com\/belogue\/wp-content\/uploads\/2017\/07\/20170730-36.jpg 850w\" sizes=\"(max-width: 128px) 100vw, 128px\" \/><\/a>\n\t\t\t<\/div>\n\t\t\t\t<figcaption class='wp-caption-text gallery-caption' id='gallery-1-35186'>\n\t\t\t\tPal\u00e9o Festival, Nyon, 23\/07\/2017\n\t\t\t\t<\/figcaption><\/figure><figure class='gallery-item'>\n\t\t\t<div class='gallery-icon landscape'>\n\t\t\t\t<a href='https:\/\/www.wallendorff.com\/belogue\/2017\/07\/30\/paleo-festival-2017-jour-6\/paleo-festival-nyon-23072017-19\/'><img loading=\"lazy\" decoding=\"async\" width=\"128\" height=\"85\" src=\"https:\/\/www.wallendorff.com\/belogue\/wp-content\/uploads\/2017\/07\/20170730-37-200x133.jpg\" class=\"attachment-thumbnail size-thumbnail\" alt=\"\" aria-describedby=\"gallery-1-35187\" srcset=\"https:\/\/www.wallendorff.com\/belogue\/wp-content\/uploads\/2017\/07\/20170730-37-200x133.jpg 200w, https:\/\/www.wallendorff.com\/belogue\/wp-content\/uploads\/2017\/07\/20170730-37-820x547.jpg 820w, https:\/\/www.wallendorff.com\/belogue\/wp-content\/uploads\/2017\/07\/20170730-37-300x200.jpg 300w, https:\/\/www.wallendorff.com\/belogue\/wp-content\/uploads\/2017\/07\/20170730-37-600x400.jpg 600w, https:\/\/www.wallendorff.com\/belogue\/wp-content\/uploads\/2017\/07\/20170730-37.jpg 850w\" sizes=\"(max-width: 128px) 100vw, 128px\" \/><\/a>\n\t\t\t<\/div>\n\t\t\t\t<figcaption class='wp-caption-text gallery-caption' id='gallery-1-35187'>\n\t\t\t\tPal\u00e9o Festival, Nyon, 23\/07\/2017\n\t\t\t\t<\/figcaption><\/figure><figure class='gallery-item'>\n\t\t\t<div class='gallery-icon landscape'>\n\t\t\t\t<a href='https:\/\/www.wallendorff.com\/belogue\/2017\/07\/30\/paleo-festival-2017-jour-6\/paleo-festival-nyon-23072017-20\/'><img loading=\"lazy\" decoding=\"async\" width=\"128\" height=\"85\" src=\"https:\/\/www.wallendorff.com\/belogue\/wp-content\/uploads\/2017\/07\/20170730-38-200x133.jpg\" class=\"attachment-thumbnail size-thumbnail\" alt=\"\" aria-describedby=\"gallery-1-35188\" srcset=\"https:\/\/www.wallendorff.com\/belogue\/wp-content\/uploads\/2017\/07\/20170730-38-200x133.jpg 200w, https:\/\/www.wallendorff.com\/belogue\/wp-content\/uploads\/2017\/07\/20170730-38-820x547.jpg 820w, https:\/\/www.wallendorff.com\/belogue\/wp-content\/uploads\/2017\/07\/20170730-38-300x200.jpg 300w, https:\/\/www.wallendorff.com\/belogue\/wp-content\/uploads\/2017\/07\/20170730-38-600x400.jpg 600w, https:\/\/www.wallendorff.com\/belogue\/wp-content\/uploads\/2017\/07\/20170730-38.jpg 850w\" sizes=\"(max-width: 128px) 100vw, 128px\" \/><\/a>\n\t\t\t<\/div>\n\t\t\t\t<figcaption class='wp-caption-text gallery-caption' id='gallery-1-35188'>\n\t\t\t\tPal\u00e9o Festival, Nyon, 23\/07\/2017\n\t\t\t\t<\/figcaption><\/figure><figure class='gallery-item'>\n\t\t\t<div class='gallery-icon landscape'>\n\t\t\t\t<a href='https:\/\/www.wallendorff.com\/belogue\/2017\/07\/30\/paleo-festival-2017-jour-6\/paleo-festival-nyon-23072017-21\/'><img loading=\"lazy\" decoding=\"async\" width=\"128\" height=\"85\" src=\"https:\/\/www.wallendorff.com\/belogue\/wp-content\/uploads\/2017\/07\/20170730-39-200x133.jpg\" class=\"attachment-thumbnail size-thumbnail\" alt=\"\" aria-describedby=\"gallery-1-35189\" srcset=\"https:\/\/www.wallendorff.com\/belogue\/wp-content\/uploads\/2017\/07\/20170730-39-200x133.jpg 200w, https:\/\/www.wallendorff.com\/belogue\/wp-content\/uploads\/2017\/07\/20170730-39-820x547.jpg 820w, https:\/\/www.wallendorff.com\/belogue\/wp-content\/uploads\/2017\/07\/20170730-39-300x200.jpg 300w, https:\/\/www.wallendorff.com\/belogue\/wp-content\/uploads\/2017\/07\/20170730-39-600x400.jpg 600w, https:\/\/www.wallendorff.com\/belogue\/wp-content\/uploads\/2017\/07\/20170730-39.jpg 850w\" sizes=\"(max-width: 128px) 100vw, 128px\" \/><\/a>\n\t\t\t<\/div>\n\t\t\t\t<figcaption class='wp-caption-text gallery-caption' id='gallery-1-35189'>\n\t\t\t\tPal\u00e9o Festival, Nyon, 23\/07\/2017\n\t\t\t\t<\/figcaption><\/figure><figure class='gallery-item'>\n\t\t\t<div class='gallery-icon landscape'>\n\t\t\t\t<a href='https:\/\/www.wallendorff.com\/belogue\/2017\/07\/30\/paleo-festival-2017-jour-6\/paleo-festival-nyon-23072017-22\/'><img loading=\"lazy\" decoding=\"async\" width=\"128\" height=\"85\" src=\"https:\/\/www.wallendorff.com\/belogue\/wp-content\/uploads\/2017\/07\/20170730-40-200x133.jpg\" class=\"attachment-thumbnail size-thumbnail\" alt=\"\" aria-describedby=\"gallery-1-35190\" srcset=\"https:\/\/www.wallendorff.com\/belogue\/wp-content\/uploads\/2017\/07\/20170730-40-200x133.jpg 200w, https:\/\/www.wallendorff.com\/belogue\/wp-content\/uploads\/2017\/07\/20170730-40-820x547.jpg 820w, https:\/\/www.wallendorff.com\/belogue\/wp-content\/uploads\/2017\/07\/20170730-40-300x200.jpg 300w, https:\/\/www.wallendorff.com\/belogue\/wp-content\/uploads\/2017\/07\/20170730-40-600x400.jpg 600w, https:\/\/www.wallendorff.com\/belogue\/wp-content\/uploads\/2017\/07\/20170730-40.jpg 850w\" sizes=\"(max-width: 128px) 100vw, 128px\" \/><\/a>\n\t\t\t<\/div>\n\t\t\t\t<figcaption class='wp-caption-text gallery-caption' id='gallery-1-35190'>\n\t\t\t\tPal\u00e9o Festival, Nyon, 23\/07\/2017\n\t\t\t\t<\/figcaption><\/figure><figure class='gallery-item'>\n\t\t\t<div class='gallery-icon landscape'>\n\t\t\t\t<a href='https:\/\/www.wallendorff.com\/belogue\/2017\/07\/30\/paleo-festival-2017-jour-6\/paleo-festival-nyon-23072017-23\/'><img loading=\"lazy\" decoding=\"async\" width=\"128\" height=\"85\" src=\"https:\/\/www.wallendorff.com\/belogue\/wp-content\/uploads\/2017\/07\/20170730-41-200x133.jpg\" class=\"attachment-thumbnail size-thumbnail\" alt=\"\" aria-describedby=\"gallery-1-35191\" srcset=\"https:\/\/www.wallendorff.com\/belogue\/wp-content\/uploads\/2017\/07\/20170730-41-200x133.jpg 200w, https:\/\/www.wallendorff.com\/belogue\/wp-content\/uploads\/2017\/07\/20170730-41-820x547.jpg 820w, https:\/\/www.wallendorff.com\/belogue\/wp-content\/uploads\/2017\/07\/20170730-41-300x200.jpg 300w, https:\/\/www.wallendorff.com\/belogue\/wp-content\/uploads\/2017\/07\/20170730-41-600x400.jpg 600w, https:\/\/www.wallendorff.com\/belogue\/wp-content\/uploads\/2017\/07\/20170730-41.jpg 850w\" sizes=\"(max-width: 128px) 100vw, 128px\" \/><\/a>\n\t\t\t<\/div>\n\t\t\t\t<figcaption class='wp-caption-text gallery-caption' id='gallery-1-35191'>\n\t\t\t\tPal\u00e9o Festival, Nyon, 23\/07\/2017\n\t\t\t\t<\/figcaption><\/figure><figure class='gallery-item'>\n\t\t\t<div class='gallery-icon landscape'>\n\t\t\t\t<a href='https:\/\/www.wallendorff.com\/belogue\/2017\/07\/30\/paleo-festival-2017-jour-6\/paleo-festival-nyon-23072017-24\/'><img loading=\"lazy\" decoding=\"async\" width=\"128\" height=\"85\" src=\"https:\/\/www.wallendorff.com\/belogue\/wp-content\/uploads\/2017\/07\/20170730-42-200x133.jpg\" class=\"attachment-thumbnail size-thumbnail\" alt=\"\" aria-describedby=\"gallery-1-35192\" srcset=\"https:\/\/www.wallendorff.com\/belogue\/wp-content\/uploads\/2017\/07\/20170730-42-200x133.jpg 200w, https:\/\/www.wallendorff.com\/belogue\/wp-content\/uploads\/2017\/07\/20170730-42-820x547.jpg 820w, https:\/\/www.wallendorff.com\/belogue\/wp-content\/uploads\/2017\/07\/20170730-42-300x200.jpg 300w, https:\/\/www.wallendorff.com\/belogue\/wp-content\/uploads\/2017\/07\/20170730-42-600x400.jpg 600w, https:\/\/www.wallendorff.com\/belogue\/wp-content\/uploads\/2017\/07\/20170730-42.jpg 850w\" sizes=\"(max-width: 128px) 100vw, 128px\" \/><\/a>\n\t\t\t<\/div>\n\t\t\t\t<figcaption class='wp-caption-text gallery-caption' id='gallery-1-35192'>\n\t\t\t\tPal\u00e9o Festival, Nyon, 23\/07\/2017\n\t\t\t\t<\/figcaption><\/figure><figure class='gallery-item'>\n\t\t\t<div class='gallery-icon landscape'>\n\t\t\t\t<a href='https:\/\/www.wallendorff.com\/belogue\/2017\/07\/30\/paleo-festival-2017-jour-6\/paleo-festival-nyon-23072017-25\/'><img loading=\"lazy\" decoding=\"async\" width=\"128\" height=\"85\" src=\"https:\/\/www.wallendorff.com\/belogue\/wp-content\/uploads\/2017\/07\/20170730-43-200x133.jpg\" class=\"attachment-thumbnail size-thumbnail\" alt=\"\" aria-describedby=\"gallery-1-35193\" srcset=\"https:\/\/www.wallendorff.com\/belogue\/wp-content\/uploads\/2017\/07\/20170730-43-200x133.jpg 200w, https:\/\/www.wallendorff.com\/belogue\/wp-content\/uploads\/2017\/07\/20170730-43-820x547.jpg 820w, https:\/\/www.wallendorff.com\/belogue\/wp-content\/uploads\/2017\/07\/20170730-43-300x200.jpg 300w, https:\/\/www.wallendorff.com\/belogue\/wp-content\/uploads\/2017\/07\/20170730-43-600x400.jpg 600w, https:\/\/www.wallendorff.com\/belogue\/wp-content\/uploads\/2017\/07\/20170730-43.jpg 850w\" sizes=\"(max-width: 128px) 100vw, 128px\" \/><\/a>\n\t\t\t<\/div>\n\t\t\t\t<figcaption class='wp-caption-text gallery-caption' id='gallery-1-35193'>\n\t\t\t\tPal\u00e9o Festival, Nyon, 23\/07\/2017\n\t\t\t\t<\/figcaption><\/figure><figure class='gallery-item'>\n\t\t\t<div class='gallery-icon landscape'>\n\t\t\t\t<a href='https:\/\/www.wallendorff.com\/belogue\/2017\/07\/30\/paleo-festival-2017-jour-6\/paleo-festival-nyon-23072017-26\/'><img loading=\"lazy\" decoding=\"async\" width=\"128\" height=\"85\" src=\"https:\/\/www.wallendorff.com\/belogue\/wp-content\/uploads\/2017\/07\/20170730-44-200x133.jpg\" class=\"attachment-thumbnail size-thumbnail\" alt=\"\" aria-describedby=\"gallery-1-35194\" srcset=\"https:\/\/www.wallendorff.com\/belogue\/wp-content\/uploads\/2017\/07\/20170730-44-200x133.jpg 200w, https:\/\/www.wallendorff.com\/belogue\/wp-content\/uploads\/2017\/07\/20170730-44-820x547.jpg 820w, https:\/\/www.wallendorff.com\/belogue\/wp-content\/uploads\/2017\/07\/20170730-44-300x200.jpg 300w, https:\/\/www.wallendorff.com\/belogue\/wp-content\/uploads\/2017\/07\/20170730-44-600x400.jpg 600w, https:\/\/www.wallendorff.com\/belogue\/wp-content\/uploads\/2017\/07\/20170730-44.jpg 850w\" sizes=\"(max-width: 128px) 100vw, 128px\" \/><\/a>\n\t\t\t<\/div>\n\t\t\t\t<figcaption class='wp-caption-text gallery-caption' id='gallery-1-35194'>\n\t\t\t\tPal\u00e9o Festival, Nyon, 23\/07\/2017\n\t\t\t\t<\/figcaption><\/figure><figure class='gallery-item'>\n\t\t\t<div class='gallery-icon landscape'>\n\t\t\t\t<a href='https:\/\/www.wallendorff.com\/belogue\/2017\/07\/30\/paleo-festival-2017-jour-6\/paleo-festival-nyon-23072017-27\/'><img loading=\"lazy\" decoding=\"async\" width=\"128\" height=\"85\" src=\"https:\/\/www.wallendorff.com\/belogue\/wp-content\/uploads\/2017\/07\/20170730-45-200x133.jpg\" class=\"attachment-thumbnail size-thumbnail\" alt=\"\" aria-describedby=\"gallery-1-35195\" srcset=\"https:\/\/www.wallendorff.com\/belogue\/wp-content\/uploads\/2017\/07\/20170730-45-200x133.jpg 200w, https:\/\/www.wallendorff.com\/belogue\/wp-content\/uploads\/2017\/07\/20170730-45-820x547.jpg 820w, https:\/\/www.wallendorff.com\/belogue\/wp-content\/uploads\/2017\/07\/20170730-45-300x200.jpg 300w, https:\/\/www.wallendorff.com\/belogue\/wp-content\/uploads\/2017\/07\/20170730-45-600x400.jpg 600w, https:\/\/www.wallendorff.com\/belogue\/wp-content\/uploads\/2017\/07\/20170730-45.jpg 850w\" sizes=\"(max-width: 128px) 100vw, 128px\" \/><\/a>\n\t\t\t<\/div>\n\t\t\t\t<figcaption class='wp-caption-text gallery-caption' id='gallery-1-35195'>\n\t\t\t\tPal\u00e9o Festival, Nyon, 23\/07\/2017\n\t\t\t\t<\/figcaption><\/figure><figure class='gallery-item'>\n\t\t\t<div class='gallery-icon landscape'>\n\t\t\t\t<a href='https:\/\/www.wallendorff.com\/belogue\/2017\/07\/30\/paleo-festival-2017-jour-6\/paleo-festival-nyon-23072017-28\/'><img loading=\"lazy\" decoding=\"async\" width=\"128\" height=\"85\" src=\"https:\/\/www.wallendorff.com\/belogue\/wp-content\/uploads\/2017\/07\/20170730-46-200x133.jpg\" class=\"attachment-thumbnail size-thumbnail\" alt=\"\" aria-describedby=\"gallery-1-35196\" srcset=\"https:\/\/www.wallendorff.com\/belogue\/wp-content\/uploads\/2017\/07\/20170730-46-200x133.jpg 200w, https:\/\/www.wallendorff.com\/belogue\/wp-content\/uploads\/2017\/07\/20170730-46-820x547.jpg 820w, https:\/\/www.wallendorff.com\/belogue\/wp-content\/uploads\/2017\/07\/20170730-46-300x200.jpg 300w, https:\/\/www.wallendorff.com\/belogue\/wp-content\/uploads\/2017\/07\/20170730-46-600x400.jpg 600w, https:\/\/www.wallendorff.com\/belogue\/wp-content\/uploads\/2017\/07\/20170730-46.jpg 850w\" sizes=\"(max-width: 128px) 100vw, 128px\" \/><\/a>\n\t\t\t<\/div>\n\t\t\t\t<figcaption class='wp-caption-text gallery-caption' id='gallery-1-35196'>\n\t\t\t\tPal\u00e9o Festival, Nyon, 23\/07\/2017\n\t\t\t\t<\/figcaption><\/figure><figure class='gallery-item'>\n\t\t\t<div class='gallery-icon landscape'>\n\t\t\t\t<a href='https:\/\/www.wallendorff.com\/belogue\/2017\/07\/30\/paleo-festival-2017-jour-6\/paleo-festival-nyon-23072017-29\/'><img loading=\"lazy\" decoding=\"async\" width=\"128\" height=\"85\" src=\"https:\/\/www.wallendorff.com\/belogue\/wp-content\/uploads\/2017\/07\/20170730-47-200x133.jpg\" class=\"attachment-thumbnail size-thumbnail\" alt=\"\" aria-describedby=\"gallery-1-35197\" srcset=\"https:\/\/www.wallendorff.com\/belogue\/wp-content\/uploads\/2017\/07\/20170730-47-200x133.jpg 200w, https:\/\/www.wallendorff.com\/belogue\/wp-content\/uploads\/2017\/07\/20170730-47-820x547.jpg 820w, https:\/\/www.wallendorff.com\/belogue\/wp-content\/uploads\/2017\/07\/20170730-47-300x200.jpg 300w, https:\/\/www.wallendorff.com\/belogue\/wp-content\/uploads\/2017\/07\/20170730-47-600x400.jpg 600w, https:\/\/www.wallendorff.com\/belogue\/wp-content\/uploads\/2017\/07\/20170730-47.jpg 850w\" sizes=\"(max-width: 128px) 100vw, 128px\" \/><\/a>\n\t\t\t<\/div>\n\t\t\t\t<figcaption class='wp-caption-text gallery-caption' id='gallery-1-35197'>\n\t\t\t\tPal\u00e9o Festival, Nyon, 23\/07\/2017\n\t\t\t\t<\/figcaption><\/figure><figure class='gallery-item'>\n\t\t\t<div class='gallery-icon landscape'>\n\t\t\t\t<a href='https:\/\/www.wallendorff.com\/belogue\/2017\/07\/30\/paleo-festival-2017-jour-6\/paleo-festival-nyon-23072017-30\/'><img loading=\"lazy\" decoding=\"async\" width=\"128\" height=\"85\" src=\"https:\/\/www.wallendorff.com\/belogue\/wp-content\/uploads\/2017\/07\/20170730-48-200x133.jpg\" class=\"attachment-thumbnail size-thumbnail\" alt=\"\" aria-describedby=\"gallery-1-35198\" srcset=\"https:\/\/www.wallendorff.com\/belogue\/wp-content\/uploads\/2017\/07\/20170730-48-200x133.jpg 200w, https:\/\/www.wallendorff.com\/belogue\/wp-content\/uploads\/2017\/07\/20170730-48-820x547.jpg 820w, https:\/\/www.wallendorff.com\/belogue\/wp-content\/uploads\/2017\/07\/20170730-48-300x200.jpg 300w, https:\/\/www.wallendorff.com\/belogue\/wp-content\/uploads\/2017\/07\/20170730-48-600x400.jpg 600w, https:\/\/www.wallendorff.com\/belogue\/wp-content\/uploads\/2017\/07\/20170730-48.jpg 850w\" sizes=\"(max-width: 128px) 100vw, 128px\" \/><\/a>\n\t\t\t<\/div>\n\t\t\t\t<figcaption class='wp-caption-text gallery-caption' id='gallery-1-35198'>\n\t\t\t\tPal\u00e9o Festival, Nyon, 23\/07\/2017\n\t\t\t\t<\/figcaption><\/figure><figure class='gallery-item'>\n\t\t\t<div class='gallery-icon landscape'>\n\t\t\t\t<a href='https:\/\/www.wallendorff.com\/belogue\/2017\/07\/30\/paleo-festival-2017-jour-6\/paleo-festival-nyon-23072017-31\/'><img loading=\"lazy\" decoding=\"async\" width=\"128\" height=\"72\" src=\"https:\/\/www.wallendorff.com\/belogue\/wp-content\/uploads\/2017\/07\/20170730-49-200x112.jpg\" class=\"attachment-thumbnail size-thumbnail\" alt=\"\" aria-describedby=\"gallery-1-35199\" srcset=\"https:\/\/www.wallendorff.com\/belogue\/wp-content\/uploads\/2017\/07\/20170730-49-200x112.jpg 200w, https:\/\/www.wallendorff.com\/belogue\/wp-content\/uploads\/2017\/07\/20170730-49-820x461.jpg 820w, https:\/\/www.wallendorff.com\/belogue\/wp-content\/uploads\/2017\/07\/20170730-49-300x169.jpg 300w, https:\/\/www.wallendorff.com\/belogue\/wp-content\/uploads\/2017\/07\/20170730-49-600x337.jpg 600w, https:\/\/www.wallendorff.com\/belogue\/wp-content\/uploads\/2017\/07\/20170730-49.jpg 850w\" sizes=\"(max-width: 128px) 100vw, 128px\" \/><\/a>\n\t\t\t<\/div>\n\t\t\t\t<figcaption class='wp-caption-text gallery-caption' id='gallery-1-35199'>\n\t\t\t\tPal\u00e9o Festival, Nyon, 23\/07\/2017\n\t\t\t\t<\/figcaption><\/figure><figure class='gallery-item'>\n\t\t\t<div class='gallery-icon landscape'>\n\t\t\t\t<a href='https:\/\/www.wallendorff.com\/belogue\/2017\/07\/30\/paleo-festival-2017-jour-6\/michael-gregorio-paleo-festival-nyon-23072017\/'><img loading=\"lazy\" decoding=\"async\" width=\"128\" height=\"85\" src=\"https:\/\/www.wallendorff.com\/belogue\/wp-content\/uploads\/2017\/07\/20170730-50-200x133.jpg\" class=\"attachment-thumbnail size-thumbnail\" alt=\"\" aria-describedby=\"gallery-1-35200\" srcset=\"https:\/\/www.wallendorff.com\/belogue\/wp-content\/uploads\/2017\/07\/20170730-50-200x133.jpg 200w, https:\/\/www.wallendorff.com\/belogue\/wp-content\/uploads\/2017\/07\/20170730-50-820x547.jpg 820w, https:\/\/www.wallendorff.com\/belogue\/wp-content\/uploads\/2017\/07\/20170730-50-300x200.jpg 300w, https:\/\/www.wallendorff.com\/belogue\/wp-content\/uploads\/2017\/07\/20170730-50-600x400.jpg 600w, https:\/\/www.wallendorff.com\/belogue\/wp-content\/uploads\/2017\/07\/20170730-50.jpg 850w\" sizes=\"(max-width: 128px) 100vw, 128px\" \/><\/a>\n\t\t\t<\/div>\n\t\t\t\t<figcaption class='wp-caption-text gallery-caption' id='gallery-1-35200'>\n\t\t\t\tMicha\u00ebl Gr\u00e9gorio @ Pal\u00e9o Festival, Nyon, 23\/07\/2017\n\t\t\t\t<\/figcaption><\/figure><figure class='gallery-item'>\n\t\t\t<div class='gallery-icon landscape'>\n\t\t\t\t<a href='https:\/\/www.wallendorff.com\/belogue\/2017\/07\/30\/paleo-festival-2017-jour-6\/michael-gregorio-paleo-festival-nyon-23072017-2\/'><img loading=\"lazy\" decoding=\"async\" width=\"128\" height=\"85\" src=\"https:\/\/www.wallendorff.com\/belogue\/wp-content\/uploads\/2017\/07\/20170730-51-200x133.jpg\" class=\"attachment-thumbnail size-thumbnail\" alt=\"\" aria-describedby=\"gallery-1-35201\" srcset=\"https:\/\/www.wallendorff.com\/belogue\/wp-content\/uploads\/2017\/07\/20170730-51-200x133.jpg 200w, https:\/\/www.wallendorff.com\/belogue\/wp-content\/uploads\/2017\/07\/20170730-51-820x547.jpg 820w, https:\/\/www.wallendorff.com\/belogue\/wp-content\/uploads\/2017\/07\/20170730-51-300x200.jpg 300w, https:\/\/www.wallendorff.com\/belogue\/wp-content\/uploads\/2017\/07\/20170730-51-600x400.jpg 600w, https:\/\/www.wallendorff.com\/belogue\/wp-content\/uploads\/2017\/07\/20170730-51.jpg 850w\" sizes=\"(max-width: 128px) 100vw, 128px\" \/><\/a>\n\t\t\t<\/div>\n\t\t\t\t<figcaption class='wp-caption-text gallery-caption' id='gallery-1-35201'>\n\t\t\t\tMicha\u00ebl Gr\u00e9gorio @ Pal\u00e9o Festival, Nyon, 23\/07\/2017\n\t\t\t\t<\/figcaption><\/figure><figure class='gallery-item'>\n\t\t\t<div class='gallery-icon landscape'>\n\t\t\t\t<a href='https:\/\/www.wallendorff.com\/belogue\/2017\/07\/30\/paleo-festival-2017-jour-6\/michael-gregorio-paleo-festival-nyon-23072017-3\/'><img loading=\"lazy\" decoding=\"async\" width=\"128\" height=\"85\" src=\"https:\/\/www.wallendorff.com\/belogue\/wp-content\/uploads\/2017\/07\/20170730-52-200x133.jpg\" class=\"attachment-thumbnail size-thumbnail\" alt=\"\" aria-describedby=\"gallery-1-35202\" srcset=\"https:\/\/www.wallendorff.com\/belogue\/wp-content\/uploads\/2017\/07\/20170730-52-200x133.jpg 200w, https:\/\/www.wallendorff.com\/belogue\/wp-content\/uploads\/2017\/07\/20170730-52-820x547.jpg 820w, https:\/\/www.wallendorff.com\/belogue\/wp-content\/uploads\/2017\/07\/20170730-52-300x200.jpg 300w, https:\/\/www.wallendorff.com\/belogue\/wp-content\/uploads\/2017\/07\/20170730-52-600x400.jpg 600w, https:\/\/www.wallendorff.com\/belogue\/wp-content\/uploads\/2017\/07\/20170730-52.jpg 850w\" sizes=\"(max-width: 128px) 100vw, 128px\" \/><\/a>\n\t\t\t<\/div>\n\t\t\t\t<figcaption class='wp-caption-text gallery-caption' id='gallery-1-35202'>\n\t\t\t\tMicha\u00ebl Gr\u00e9gorio @ Pal\u00e9o Festival, Nyon, 23\/07\/2017\n\t\t\t\t<\/figcaption><\/figure><figure class='gallery-item'>\n\t\t\t<div class='gallery-icon landscape'>\n\t\t\t\t<a href='https:\/\/www.wallendorff.com\/belogue\/2017\/07\/30\/paleo-festival-2017-jour-6\/paleo-festival-nyon-23072017-32\/'><img loading=\"lazy\" decoding=\"async\" width=\"128\" height=\"85\" src=\"https:\/\/www.wallendorff.com\/belogue\/wp-content\/uploads\/2017\/07\/20170730-53-200x133.jpg\" class=\"attachment-thumbnail size-thumbnail\" alt=\"\" aria-describedby=\"gallery-1-35203\" srcset=\"https:\/\/www.wallendorff.com\/belogue\/wp-content\/uploads\/2017\/07\/20170730-53-200x133.jpg 200w, https:\/\/www.wallendorff.com\/belogue\/wp-content\/uploads\/2017\/07\/20170730-53-820x547.jpg 820w, https:\/\/www.wallendorff.com\/belogue\/wp-content\/uploads\/2017\/07\/20170730-53-300x200.jpg 300w, https:\/\/www.wallendorff.com\/belogue\/wp-content\/uploads\/2017\/07\/20170730-53-600x400.jpg 600w, https:\/\/www.wallendorff.com\/belogue\/wp-content\/uploads\/2017\/07\/20170730-53.jpg 850w\" sizes=\"(max-width: 128px) 100vw, 128px\" \/><\/a>\n\t\t\t<\/div>\n\t\t\t\t<figcaption class='wp-caption-text gallery-caption' id='gallery-1-35203'>\n\t\t\t\tPal\u00e9o Festival, Nyon, 23\/07\/2017\n\t\t\t\t<\/figcaption><\/figure><figure class='gallery-item'>\n\t\t\t<div class='gallery-icon landscape'>\n\t\t\t\t<a href='https:\/\/www.wallendorff.com\/belogue\/2017\/07\/30\/paleo-festival-2017-jour-6\/manu-chao-la-ventura-paleo-festival-nyon-23072017\/'><img loading=\"lazy\" decoding=\"async\" width=\"128\" height=\"85\" src=\"https:\/\/www.wallendorff.com\/belogue\/wp-content\/uploads\/2017\/07\/20170730-54-200x133.jpg\" class=\"attachment-thumbnail size-thumbnail\" alt=\"\" aria-describedby=\"gallery-1-35204\" srcset=\"https:\/\/www.wallendorff.com\/belogue\/wp-content\/uploads\/2017\/07\/20170730-54-200x133.jpg 200w, https:\/\/www.wallendorff.com\/belogue\/wp-content\/uploads\/2017\/07\/20170730-54-820x547.jpg 820w, https:\/\/www.wallendorff.com\/belogue\/wp-content\/uploads\/2017\/07\/20170730-54-300x200.jpg 300w, https:\/\/www.wallendorff.com\/belogue\/wp-content\/uploads\/2017\/07\/20170730-54-600x400.jpg 600w, https:\/\/www.wallendorff.com\/belogue\/wp-content\/uploads\/2017\/07\/20170730-54.jpg 850w\" sizes=\"(max-width: 128px) 100vw, 128px\" \/><\/a>\n\t\t\t<\/div>\n\t\t\t\t<figcaption class='wp-caption-text gallery-caption' id='gallery-1-35204'>\n\t\t\t\tManu Chao la Ventura @ Pal\u00e9o Festival, Nyon, 23\/07\/2017\n\t\t\t\t<\/figcaption><\/figure><figure class='gallery-item'>\n\t\t\t<div class='gallery-icon landscape'>\n\t\t\t\t<a href='https:\/\/www.wallendorff.com\/belogue\/2017\/07\/30\/paleo-festival-2017-jour-6\/manu-chao-la-ventura-paleo-festival-nyon-23072017-2\/'><img loading=\"lazy\" decoding=\"async\" width=\"128\" height=\"85\" src=\"https:\/\/www.wallendorff.com\/belogue\/wp-content\/uploads\/2017\/07\/20170730-55-200x133.jpg\" class=\"attachment-thumbnail size-thumbnail\" alt=\"\" aria-describedby=\"gallery-1-35205\" srcset=\"https:\/\/www.wallendorff.com\/belogue\/wp-content\/uploads\/2017\/07\/20170730-55-200x133.jpg 200w, https:\/\/www.wallendorff.com\/belogue\/wp-content\/uploads\/2017\/07\/20170730-55-820x547.jpg 820w, https:\/\/www.wallendorff.com\/belogue\/wp-content\/uploads\/2017\/07\/20170730-55-300x200.jpg 300w, https:\/\/www.wallendorff.com\/belogue\/wp-content\/uploads\/2017\/07\/20170730-55-600x400.jpg 600w, https:\/\/www.wallendorff.com\/belogue\/wp-content\/uploads\/2017\/07\/20170730-55.jpg 850w\" sizes=\"(max-width: 128px) 100vw, 128px\" \/><\/a>\n\t\t\t<\/div>\n\t\t\t\t<figcaption class='wp-caption-text gallery-caption' id='gallery-1-35205'>\n\t\t\t\tManu Chao la Ventura @ Pal\u00e9o Festival, Nyon, 23\/07\/2017\n\t\t\t\t<\/figcaption><\/figure><figure class='gallery-item'>\n\t\t\t<div class='gallery-icon landscape'>\n\t\t\t\t<a href='https:\/\/www.wallendorff.com\/belogue\/2017\/07\/30\/paleo-festival-2017-jour-6\/paleo-festival-nyon-23072017-33\/'><img loading=\"lazy\" decoding=\"async\" width=\"128\" height=\"85\" src=\"https:\/\/www.wallendorff.com\/belogue\/wp-content\/uploads\/2017\/07\/20170730-56-200x133.jpg\" class=\"attachment-thumbnail size-thumbnail\" alt=\"\" aria-describedby=\"gallery-1-35206\" srcset=\"https:\/\/www.wallendorff.com\/belogue\/wp-content\/uploads\/2017\/07\/20170730-56-200x133.jpg 200w, https:\/\/www.wallendorff.com\/belogue\/wp-content\/uploads\/2017\/07\/20170730-56-820x547.jpg 820w, https:\/\/www.wallendorff.com\/belogue\/wp-content\/uploads\/2017\/07\/20170730-56-300x200.jpg 300w, https:\/\/www.wallendorff.com\/belogue\/wp-content\/uploads\/2017\/07\/20170730-56-600x400.jpg 600w, https:\/\/www.wallendorff.com\/belogue\/wp-content\/uploads\/2017\/07\/20170730-56.jpg 850w\" sizes=\"(max-width: 128px) 100vw, 128px\" \/><\/a>\n\t\t\t<\/div>\n\t\t\t\t<figcaption class='wp-caption-text gallery-caption' id='gallery-1-35206'>\n\t\t\t\tPal\u00e9o Festival, Nyon, 23\/07\/2017\n\t\t\t\t<\/figcaption><\/figure><figure class='gallery-item'>\n\t\t\t<div class='gallery-icon landscape'>\n\t\t\t\t<a href='https:\/\/www.wallendorff.com\/belogue\/2017\/07\/30\/paleo-festival-2017-jour-6\/manu-chao-la-ventura-paleo-festival-nyon-23072017-3\/'><img loading=\"lazy\" decoding=\"async\" width=\"128\" height=\"85\" src=\"https:\/\/www.wallendorff.com\/belogue\/wp-content\/uploads\/2017\/07\/20170730-57-200x133.jpg\" class=\"attachment-thumbnail size-thumbnail\" alt=\"\" aria-describedby=\"gallery-1-35207\" srcset=\"https:\/\/www.wallendorff.com\/belogue\/wp-content\/uploads\/2017\/07\/20170730-57-200x133.jpg 200w, https:\/\/www.wallendorff.com\/belogue\/wp-content\/uploads\/2017\/07\/20170730-57-820x547.jpg 820w, https:\/\/www.wallendorff.com\/belogue\/wp-content\/uploads\/2017\/07\/20170730-57-300x200.jpg 300w, https:\/\/www.wallendorff.com\/belogue\/wp-content\/uploads\/2017\/07\/20170730-57-600x400.jpg 600w, https:\/\/www.wallendorff.com\/belogue\/wp-content\/uploads\/2017\/07\/20170730-57.jpg 850w\" sizes=\"(max-width: 128px) 100vw, 128px\" \/><\/a>\n\t\t\t<\/div>\n\t\t\t\t<figcaption class='wp-caption-text gallery-caption' id='gallery-1-35207'>\n\t\t\t\tManu Chao la Ventura @ Pal\u00e9o Festival, Nyon, 23\/07\/2017\n\t\t\t\t<\/figcaption><\/figure><figure class='gallery-item'>\n\t\t\t<div class='gallery-icon landscape'>\n\t\t\t\t<a href='https:\/\/www.wallendorff.com\/belogue\/2017\/07\/30\/paleo-festival-2017-jour-6\/paleo-festival-nyon-23072017-34\/'><img loading=\"lazy\" decoding=\"async\" width=\"128\" height=\"85\" src=\"https:\/\/www.wallendorff.com\/belogue\/wp-content\/uploads\/2017\/07\/20170730-58-200x133.jpg\" class=\"attachment-thumbnail size-thumbnail\" alt=\"\" aria-describedby=\"gallery-1-35208\" srcset=\"https:\/\/www.wallendorff.com\/belogue\/wp-content\/uploads\/2017\/07\/20170730-58-200x133.jpg 200w, https:\/\/www.wallendorff.com\/belogue\/wp-content\/uploads\/2017\/07\/20170730-58-820x547.jpg 820w, https:\/\/www.wallendorff.com\/belogue\/wp-content\/uploads\/2017\/07\/20170730-58-300x200.jpg 300w, https:\/\/www.wallendorff.com\/belogue\/wp-content\/uploads\/2017\/07\/20170730-58-600x400.jpg 600w, https:\/\/www.wallendorff.com\/belogue\/wp-content\/uploads\/2017\/07\/20170730-58.jpg 850w\" sizes=\"(max-width: 128px) 100vw, 128px\" \/><\/a>\n\t\t\t<\/div>\n\t\t\t\t<figcaption class='wp-caption-text gallery-caption' id='gallery-1-35208'>\n\t\t\t\tPal\u00e9o Festival, Nyon, 23\/07\/2017\n\t\t\t\t<\/figcaption><\/figure><figure class='gallery-item'>\n\t\t\t<div class='gallery-icon landscape'>\n\t\t\t\t<a href='https:\/\/www.wallendorff.com\/belogue\/2017\/07\/30\/paleo-festival-2017-jour-6\/manu-chao-la-ventura-paleo-festival-nyon-23072017-4\/'><img loading=\"lazy\" decoding=\"async\" width=\"128\" height=\"85\" src=\"https:\/\/www.wallendorff.com\/belogue\/wp-content\/uploads\/2017\/07\/20170730-59-200x133.jpg\" class=\"attachment-thumbnail size-thumbnail\" alt=\"\" aria-describedby=\"gallery-1-35209\" srcset=\"https:\/\/www.wallendorff.com\/belogue\/wp-content\/uploads\/2017\/07\/20170730-59-200x133.jpg 200w, https:\/\/www.wallendorff.com\/belogue\/wp-content\/uploads\/2017\/07\/20170730-59-820x547.jpg 820w, https:\/\/www.wallendorff.com\/belogue\/wp-content\/uploads\/2017\/07\/20170730-59-300x200.jpg 300w, https:\/\/www.wallendorff.com\/belogue\/wp-content\/uploads\/2017\/07\/20170730-59-600x400.jpg 600w, https:\/\/www.wallendorff.com\/belogue\/wp-content\/uploads\/2017\/07\/20170730-59.jpg 850w\" sizes=\"(max-width: 128px) 100vw, 128px\" \/><\/a>\n\t\t\t<\/div>\n\t\t\t\t<figcaption class='wp-caption-text gallery-caption' id='gallery-1-35209'>\n\t\t\t\tManu Chao la Ventura @ Pal\u00e9o Festival, Nyon, 23\/07\/2017\n\t\t\t\t<\/figcaption><\/figure><figure class='gallery-item'>\n\t\t\t<div class='gallery-icon landscape'>\n\t\t\t\t<a href='https:\/\/www.wallendorff.com\/belogue\/2017\/07\/30\/paleo-festival-2017-jour-6\/paleo-festival-nyon-23072017-35\/'><img loading=\"lazy\" decoding=\"async\" width=\"128\" height=\"85\" src=\"https:\/\/www.wallendorff.com\/belogue\/wp-content\/uploads\/2017\/07\/20170730-60-200x133.jpg\" class=\"attachment-thumbnail size-thumbnail\" alt=\"\" aria-describedby=\"gallery-1-35210\" srcset=\"https:\/\/www.wallendorff.com\/belogue\/wp-content\/uploads\/2017\/07\/20170730-60-200x133.jpg 200w, https:\/\/www.wallendorff.com\/belogue\/wp-content\/uploads\/2017\/07\/20170730-60-820x547.jpg 820w, https:\/\/www.wallendorff.com\/belogue\/wp-content\/uploads\/2017\/07\/20170730-60-300x200.jpg 300w, https:\/\/www.wallendorff.com\/belogue\/wp-content\/uploads\/2017\/07\/20170730-60-600x400.jpg 600w, https:\/\/www.wallendorff.com\/belogue\/wp-content\/uploads\/2017\/07\/20170730-60.jpg 850w\" sizes=\"(max-width: 128px) 100vw, 128px\" \/><\/a>\n\t\t\t<\/div>\n\t\t\t\t<figcaption class='wp-caption-text gallery-caption' id='gallery-1-35210'>\n\t\t\t\tPal\u00e9o Festival, Nyon, 23\/07\/2017\n\t\t\t\t<\/figcaption><\/figure><figure class='gallery-item'>\n\t\t\t<div class='gallery-icon portrait'>\n\t\t\t\t<a href='https:\/\/www.wallendorff.com\/belogue\/2017\/07\/30\/paleo-festival-2017-jour-6\/manu-chao-la-ventura-paleo-festival-nyon-23072017-5\/'><img loading=\"lazy\" decoding=\"async\" width=\"64\" height=\"96\" src=\"https:\/\/www.wallendorff.com\/belogue\/wp-content\/uploads\/2017\/07\/20170730-61-133x200.jpg\" class=\"attachment-thumbnail size-thumbnail\" alt=\"\" aria-describedby=\"gallery-1-35211\" srcset=\"https:\/\/www.wallendorff.com\/belogue\/wp-content\/uploads\/2017\/07\/20170730-61-133x200.jpg 133w, https:\/\/www.wallendorff.com\/belogue\/wp-content\/uploads\/2017\/07\/20170730-61-200x300.jpg 200w, https:\/\/www.wallendorff.com\/belogue\/wp-content\/uploads\/2017\/07\/20170730-61.jpg 567w\" sizes=\"(max-width: 64px) 100vw, 64px\" \/><\/a>\n\t\t\t<\/div>\n\t\t\t\t<figcaption class='wp-caption-text gallery-caption' id='gallery-1-35211'>\n\t\t\t\tManu Chao la Ventura @ Pal\u00e9o Festival, Nyon, 23\/07\/2017\n\t\t\t\t<\/figcaption><\/figure><figure class='gallery-item'>\n\t\t\t<div class='gallery-icon landscape'>\n\t\t\t\t<a href='https:\/\/www.wallendorff.com\/belogue\/2017\/07\/30\/paleo-festival-2017-jour-6\/manu-chao-la-ventura-paleo-festival-nyon-23072017-6\/'><img loading=\"lazy\" decoding=\"async\" width=\"128\" height=\"85\" src=\"https:\/\/www.wallendorff.com\/belogue\/wp-content\/uploads\/2017\/07\/20170730-62-200x133.jpg\" class=\"attachment-thumbnail size-thumbnail\" alt=\"\" aria-describedby=\"gallery-1-35212\" srcset=\"https:\/\/www.wallendorff.com\/belogue\/wp-content\/uploads\/2017\/07\/20170730-62-200x133.jpg 200w, https:\/\/www.wallendorff.com\/belogue\/wp-content\/uploads\/2017\/07\/20170730-62-820x547.jpg 820w, https:\/\/www.wallendorff.com\/belogue\/wp-content\/uploads\/2017\/07\/20170730-62-300x200.jpg 300w, https:\/\/www.wallendorff.com\/belogue\/wp-content\/uploads\/2017\/07\/20170730-62-600x400.jpg 600w, https:\/\/www.wallendorff.com\/belogue\/wp-content\/uploads\/2017\/07\/20170730-62.jpg 850w\" sizes=\"(max-width: 128px) 100vw, 128px\" \/><\/a>\n\t\t\t<\/div>\n\t\t\t\t<figcaption class='wp-caption-text gallery-caption' id='gallery-1-35212'>\n\t\t\t\tManu Chao la Ventura @ Pal\u00e9o Festival, Nyon, 23\/07\/2017\n\t\t\t\t<\/figcaption><\/figure><figure class='gallery-item'>\n\t\t\t<div class='gallery-icon landscape'>\n\t\t\t\t<a href='https:\/\/www.wallendorff.com\/belogue\/2017\/07\/30\/paleo-festival-2017-jour-6\/manu-chao-la-ventura-paleo-festival-nyon-23072017-7\/'><img loading=\"lazy\" decoding=\"async\" width=\"128\" height=\"85\" src=\"https:\/\/www.wallendorff.com\/belogue\/wp-content\/uploads\/2017\/07\/20170730-63-200x133.jpg\" class=\"attachment-thumbnail size-thumbnail\" alt=\"\" aria-describedby=\"gallery-1-35213\" srcset=\"https:\/\/www.wallendorff.com\/belogue\/wp-content\/uploads\/2017\/07\/20170730-63-200x133.jpg 200w, https:\/\/www.wallendorff.com\/belogue\/wp-content\/uploads\/2017\/07\/20170730-63-820x547.jpg 820w, https:\/\/www.wallendorff.com\/belogue\/wp-content\/uploads\/2017\/07\/20170730-63-300x200.jpg 300w, https:\/\/www.wallendorff.com\/belogue\/wp-content\/uploads\/2017\/07\/20170730-63-600x400.jpg 600w, https:\/\/www.wallendorff.com\/belogue\/wp-content\/uploads\/2017\/07\/20170730-63.jpg 850w\" sizes=\"(max-width: 128px) 100vw, 128px\" \/><\/a>\n\t\t\t<\/div>\n\t\t\t\t<figcaption class='wp-caption-text gallery-caption' id='gallery-1-35213'>\n\t\t\t\tManu Chao la Ventura @ Pal\u00e9o Festival, Nyon, 23\/07\/2017\n\t\t\t\t<\/figcaption><\/figure><figure class='gallery-item'>\n\t\t\t<div class='gallery-icon landscape'>\n\t\t\t\t<a href='https:\/\/www.wallendorff.com\/belogue\/2017\/07\/30\/paleo-festival-2017-jour-6\/manu-chao-la-ventura-paleo-festival-nyon-23072017-8\/'><img loading=\"lazy\" decoding=\"async\" width=\"128\" height=\"85\" src=\"https:\/\/www.wallendorff.com\/belogue\/wp-content\/uploads\/2017\/07\/20170730-64-200x133.jpg\" class=\"attachment-thumbnail size-thumbnail\" alt=\"\" aria-describedby=\"gallery-1-35214\" srcset=\"https:\/\/www.wallendorff.com\/belogue\/wp-content\/uploads\/2017\/07\/20170730-64-200x133.jpg 200w, https:\/\/www.wallendorff.com\/belogue\/wp-content\/uploads\/2017\/07\/20170730-64-820x547.jpg 820w, https:\/\/www.wallendorff.com\/belogue\/wp-content\/uploads\/2017\/07\/20170730-64-300x200.jpg 300w, https:\/\/www.wallendorff.com\/belogue\/wp-content\/uploads\/2017\/07\/20170730-64-600x400.jpg 600w, https:\/\/www.wallendorff.com\/belogue\/wp-content\/uploads\/2017\/07\/20170730-64.jpg 850w\" sizes=\"(max-width: 128px) 100vw, 128px\" \/><\/a>\n\t\t\t<\/div>\n\t\t\t\t<figcaption class='wp-caption-text gallery-caption' id='gallery-1-35214'>\n\t\t\t\tManu Chao la Ventura @ Pal\u00e9o Festival, Nyon, 23\/07\/2017\n\t\t\t\t<\/figcaption><\/figure><figure class='gallery-item'>\n\t\t\t<div class='gallery-icon portrait'>\n\t\t\t\t<a href='https:\/\/www.wallendorff.com\/belogue\/2017\/07\/30\/paleo-festival-2017-jour-6\/manu-chao-la-ventura-paleo-festival-nyon-23072017-9\/'><img loading=\"lazy\" decoding=\"async\" width=\"64\" height=\"96\" src=\"https:\/\/www.wallendorff.com\/belogue\/wp-content\/uploads\/2017\/07\/20170730-65-133x200.jpg\" class=\"attachment-thumbnail size-thumbnail\" alt=\"\" aria-describedby=\"gallery-1-35215\" srcset=\"https:\/\/www.wallendorff.com\/belogue\/wp-content\/uploads\/2017\/07\/20170730-65-133x200.jpg 133w, https:\/\/www.wallendorff.com\/belogue\/wp-content\/uploads\/2017\/07\/20170730-65-200x300.jpg 200w, https:\/\/www.wallendorff.com\/belogue\/wp-content\/uploads\/2017\/07\/20170730-65.jpg 567w\" sizes=\"(max-width: 64px) 100vw, 64px\" \/><\/a>\n\t\t\t<\/div>\n\t\t\t\t<figcaption class='wp-caption-text gallery-caption' id='gallery-1-35215'>\n\t\t\t\tManu Chao la Ventura @ Pal\u00e9o Festival, Nyon, 23\/07\/2017\n\t\t\t\t<\/figcaption><\/figure><figure class='gallery-item'>\n\t\t\t<div class='gallery-icon landscape'>\n\t\t\t\t<a href='https:\/\/www.wallendorff.com\/belogue\/2017\/07\/30\/paleo-festival-2017-jour-6\/manu-chao-la-ventura-paleo-festival-nyon-23072017-10\/'><img loading=\"lazy\" decoding=\"async\" width=\"128\" height=\"85\" src=\"https:\/\/www.wallendorff.com\/belogue\/wp-content\/uploads\/2017\/07\/20170730-66-200x133.jpg\" class=\"attachment-thumbnail size-thumbnail\" alt=\"\" aria-describedby=\"gallery-1-35216\" srcset=\"https:\/\/www.wallendorff.com\/belogue\/wp-content\/uploads\/2017\/07\/20170730-66-200x133.jpg 200w, https:\/\/www.wallendorff.com\/belogue\/wp-content\/uploads\/2017\/07\/20170730-66-820x547.jpg 820w, https:\/\/www.wallendorff.com\/belogue\/wp-content\/uploads\/2017\/07\/20170730-66-300x200.jpg 300w, https:\/\/www.wallendorff.com\/belogue\/wp-content\/uploads\/2017\/07\/20170730-66-600x400.jpg 600w, https:\/\/www.wallendorff.com\/belogue\/wp-content\/uploads\/2017\/07\/20170730-66.jpg 850w\" sizes=\"(max-width: 128px) 100vw, 128px\" \/><\/a>\n\t\t\t<\/div>\n\t\t\t\t<figcaption class='wp-caption-text gallery-caption' id='gallery-1-35216'>\n\t\t\t\tManu Chao la Ventura @ Pal\u00e9o Festival, Nyon, 23\/07\/2017\n\t\t\t\t<\/figcaption><\/figure><figure class='gallery-item'>\n\t\t\t<div class='gallery-icon landscape'>\n\t\t\t\t<a href='https:\/\/www.wallendorff.com\/belogue\/2017\/07\/30\/paleo-festival-2017-jour-6\/manu-chao-la-ventura-paleo-festival-nyon-23072017-11\/'><img loading=\"lazy\" decoding=\"async\" width=\"128\" height=\"85\" src=\"https:\/\/www.wallendorff.com\/belogue\/wp-content\/uploads\/2017\/07\/20170730-67-200x133.jpg\" class=\"attachment-thumbnail size-thumbnail\" alt=\"\" aria-describedby=\"gallery-1-35217\" srcset=\"https:\/\/www.wallendorff.com\/belogue\/wp-content\/uploads\/2017\/07\/20170730-67-200x133.jpg 200w, https:\/\/www.wallendorff.com\/belogue\/wp-content\/uploads\/2017\/07\/20170730-67-820x547.jpg 820w, https:\/\/www.wallendorff.com\/belogue\/wp-content\/uploads\/2017\/07\/20170730-67-300x200.jpg 300w, https:\/\/www.wallendorff.com\/belogue\/wp-content\/uploads\/2017\/07\/20170730-67-600x400.jpg 600w, https:\/\/www.wallendorff.com\/belogue\/wp-content\/uploads\/2017\/07\/20170730-67.jpg 850w\" sizes=\"(max-width: 128px) 100vw, 128px\" \/><\/a>\n\t\t\t<\/div>\n\t\t\t\t<figcaption class='wp-caption-text gallery-caption' id='gallery-1-35217'>\n\t\t\t\tManu Chao la Ventura @ Pal\u00e9o Festival, Nyon, 23\/07\/2017\n\t\t\t\t<\/figcaption><\/figure><figure class='gallery-item'>\n\t\t\t<div class='gallery-icon landscape'>\n\t\t\t\t<a href='https:\/\/www.wallendorff.com\/belogue\/2017\/07\/30\/paleo-festival-2017-jour-6\/manu-chao-la-ventura-paleo-festival-nyon-23072017-12\/'><img loading=\"lazy\" decoding=\"async\" width=\"128\" height=\"85\" src=\"https:\/\/www.wallendorff.com\/belogue\/wp-content\/uploads\/2017\/07\/20170730-68-200x133.jpg\" class=\"attachment-thumbnail size-thumbnail\" alt=\"\" aria-describedby=\"gallery-1-35218\" srcset=\"https:\/\/www.wallendorff.com\/belogue\/wp-content\/uploads\/2017\/07\/20170730-68-200x133.jpg 200w, https:\/\/www.wallendorff.com\/belogue\/wp-content\/uploads\/2017\/07\/20170730-68-820x547.jpg 820w, https:\/\/www.wallendorff.com\/belogue\/wp-content\/uploads\/2017\/07\/20170730-68-300x200.jpg 300w, https:\/\/www.wallendorff.com\/belogue\/wp-content\/uploads\/2017\/07\/20170730-68-600x400.jpg 600w, https:\/\/www.wallendorff.com\/belogue\/wp-content\/uploads\/2017\/07\/20170730-68.jpg 850w\" sizes=\"(max-width: 128px) 100vw, 128px\" \/><\/a>\n\t\t\t<\/div>\n\t\t\t\t<figcaption class='wp-caption-text gallery-caption' id='gallery-1-35218'>\n\t\t\t\tManu Chao la Ventura @ Pal\u00e9o Festival, Nyon, 23\/07\/2017\n\t\t\t\t<\/figcaption><\/figure>\n\t\t<\/div>\n\n","protected":false},"excerpt":{"rendered":"<p>L&rsquo;ensemble des photos du festival est disponible sur ce lien.<\/p>\n","protected":false},"author":1,"featured_media":35199,"comment_status":"open","ping_status":"open","sticky":false,"template":"","format":"standard","meta":{"_acf_changed":false,"ngg_post_thumbnail":0,"jetpack_post_was_ever_published":false,"_jetpack_newsletter_access":"","_jetpack_dont_email_post_to_subs":false,"_jetpack_newsletter_tier_id":0,"_jetpack_memberships_contains_paywalled_content":false,"_jetpack_memberships_contains_paid_content":false,"footnotes":"","jetpack_publicize_message":"","jetpack_publicize_feature_enabled":true,"jetpack_social_post_already_shared":true,"jetpack_social_options":{"image_generator_settings":{"template":"highway","default_image_id":0,"font":"","enabled":false},"version":2}},"categories":[7],"tags":[13612,10084,6103,2571,8170,181,6766,8351,10887,7859,10136,10669,11072,14055,14056,4309,6244,14057,10449,14058,1708,14040,12099,10135,10886,10007],"class_list":["post-35003","post","type-post","status-publish","format-standard","has-post-thumbnail","hentry","category-alive","tag-13612","tag-alive","tag-ambiance-2","tag-ef-16-35-mm-f28l-ii-usm","tag-ef-24-70-mm-f2-8l-ii-usm","tag-ef-70-200-mm-f28l-usm","tag-eos-5d-mark-iii","tag-eos-6d","tag-canton-de-vaud","tag-district-de-nyon","tag-festival","tag-feu-dartifice","tag-imany","tag-keny-arkana","tag-kt-gorique","tag-manu-chao","tag-manu-chao-la-ventura","tag-michael-gregorio","tag-nyon","tag-orchestre-de-chambre-de-geneve","tag-paleo-festival","tag-paleo-festival-2017","tag-plaine-de-lasse","tag-public","tag-suisse","tag-trelex"],"acf":[],"geo":{"latitude":46.4043083,"longitude":6.2068462,"description":"Signy, Canton de Vaud, 1274, CH"},"jetpack_publicize_connections":[],"jetpack_featured_media_url":"https:\/\/www.wallendorff.com\/belogue\/wp-content\/uploads\/2017\/07\/20170730-49.jpg","jetpack_shortlink":"https:\/\/wp.me\/p3b35P-96z","jetpack_sharing_enabled":true,"jetpack-related-posts":[{"id":46366,"url":"https:\/\/www.wallendorff.com\/belogue\/2020\/07\/24\/8-ans-de-paleo-festival-2017\/","url_meta":{"origin":35003,"position":0},"title":"8 ans de Pal\u00e9o Festival : 2017","author":"dpc","date":"24 juillet 2020","format":false,"excerpt":"","rel":"","context":"Dans &quot;Alive&quot;","block_context":{"text":"Alive","link":"https:\/\/www.wallendorff.com\/belogue\/category\/alive\/"},"img":{"alt_text":"","src":"https:\/\/i0.wp.com\/www.wallendorff.com\/belogue\/wp-content\/uploads\/2020\/07\/20200724-30.jpg?resize=350%2C200&ssl=1","width":350,"height":200,"srcset":"https:\/\/i0.wp.com\/www.wallendorff.com\/belogue\/wp-content\/uploads\/2020\/07\/20200724-30.jpg?resize=350%2C200&ssl=1 1x, https:\/\/i0.wp.com\/www.wallendorff.com\/belogue\/wp-content\/uploads\/2020\/07\/20200724-30.jpg?resize=525%2C300&ssl=1 1.5x, https:\/\/i0.wp.com\/www.wallendorff.com\/belogue\/wp-content\/uploads\/2020\/07\/20200724-30.jpg?resize=700%2C400&ssl=1 2x, https:\/\/i0.wp.com\/www.wallendorff.com\/belogue\/wp-content\/uploads\/2020\/07\/20200724-30.jpg?resize=1050%2C600&ssl=1 3x"},"classes":[]},{"id":129644,"url":"https:\/\/www.wallendorff.com\/belogue\/2024\/07\/27\/paleo-festival-2024-nyon-jour-4\/","url_meta":{"origin":35003,"position":1},"title":"Pal\u00e9o Festival 2024, Nyon, jour 4.","author":"dpc","date":"27 juillet 2024","format":false,"excerpt":"","rel":"","context":"Dans &quot;Alive&quot;","block_context":{"text":"Alive","link":"https:\/\/www.wallendorff.com\/belogue\/category\/alive\/"},"img":{"alt_text":"","src":"https:\/\/i0.wp.com\/www.wallendorff.com\/belogue\/wp-content\/uploads\/2024\/07\/20240727-27.jpg?resize=350%2C200&ssl=1","width":350,"height":200,"srcset":"https:\/\/i0.wp.com\/www.wallendorff.com\/belogue\/wp-content\/uploads\/2024\/07\/20240727-27.jpg?resize=350%2C200&ssl=1 1x, https:\/\/i0.wp.com\/www.wallendorff.com\/belogue\/wp-content\/uploads\/2024\/07\/20240727-27.jpg?resize=525%2C300&ssl=1 1.5x, https:\/\/i0.wp.com\/www.wallendorff.com\/belogue\/wp-content\/uploads\/2024\/07\/20240727-27.jpg?resize=700%2C400&ssl=1 2x, https:\/\/i0.wp.com\/www.wallendorff.com\/belogue\/wp-content\/uploads\/2024\/07\/20240727-27.jpg?resize=1050%2C600&ssl=1 3x"},"classes":[]},{"id":129565,"url":"https:\/\/www.wallendorff.com\/belogue\/2024\/07\/26\/paleo-festival-2024-nyon-jour-3\/","url_meta":{"origin":35003,"position":2},"title":"Pal\u00e9o Festival 2024, Nyon, jour 3.","author":"dpc","date":"26 juillet 2024","format":false,"excerpt":"Ambiance, Pal\u00e9o Festival Nyon 2024 Ambiance, Pal\u00e9o Festival Nyon 2024 Ambiance, Pal\u00e9o Festival Nyon 2024 Ambiance, Pal\u00e9o Festival Nyon 2024 Ambiance, Pal\u00e9o Festival Nyon 2024 Ambiance, Pal\u00e9o Festival Nyon 2024 Ambiance, Pal\u00e9o Festival Nyon 2024 Ambiance, Pal\u00e9o Festival Nyon 2024","rel":"","context":"Dans &quot;Alive&quot;","block_context":{"text":"Alive","link":"https:\/\/www.wallendorff.com\/belogue\/category\/alive\/"},"img":{"alt_text":"","src":"https:\/\/i0.wp.com\/www.wallendorff.com\/belogue\/wp-content\/uploads\/2024\/07\/20240726-55.jpg?resize=350%2C200&ssl=1","width":350,"height":200,"srcset":"https:\/\/i0.wp.com\/www.wallendorff.com\/belogue\/wp-content\/uploads\/2024\/07\/20240726-55.jpg?resize=350%2C200&ssl=1 1x, https:\/\/i0.wp.com\/www.wallendorff.com\/belogue\/wp-content\/uploads\/2024\/07\/20240726-55.jpg?resize=525%2C300&ssl=1 1.5x, https:\/\/i0.wp.com\/www.wallendorff.com\/belogue\/wp-content\/uploads\/2024\/07\/20240726-55.jpg?resize=700%2C400&ssl=1 2x, https:\/\/i0.wp.com\/www.wallendorff.com\/belogue\/wp-content\/uploads\/2024\/07\/20240726-55.jpg?resize=1050%2C600&ssl=1 3x"},"classes":[]},{"id":129779,"url":"https:\/\/www.wallendorff.com\/belogue\/2024\/07\/30\/paleo-festival-2024-nyon-jour-6\/","url_meta":{"origin":35003,"position":3},"title":"Pal\u00e9o Festival 2024, Nyon, jour 6.","author":"dpc","date":"30 juillet 2024","format":false,"excerpt":"","rel":"","context":"Dans &quot;Alive&quot;","block_context":{"text":"Alive","link":"https:\/\/www.wallendorff.com\/belogue\/category\/alive\/"},"img":{"alt_text":"","src":"https:\/\/i0.wp.com\/www.wallendorff.com\/belogue\/wp-content\/uploads\/2024\/07\/20240729-35.jpg?resize=350%2C200&ssl=1","width":350,"height":200,"srcset":"https:\/\/i0.wp.com\/www.wallendorff.com\/belogue\/wp-content\/uploads\/2024\/07\/20240729-35.jpg?resize=350%2C200&ssl=1 1x, https:\/\/i0.wp.com\/www.wallendorff.com\/belogue\/wp-content\/uploads\/2024\/07\/20240729-35.jpg?resize=525%2C300&ssl=1 1.5x, https:\/\/i0.wp.com\/www.wallendorff.com\/belogue\/wp-content\/uploads\/2024\/07\/20240729-35.jpg?resize=700%2C400&ssl=1 2x, https:\/\/i0.wp.com\/www.wallendorff.com\/belogue\/wp-content\/uploads\/2024\/07\/20240729-35.jpg?resize=1050%2C600&ssl=1 3x"},"classes":[]},{"id":129697,"url":"https:\/\/www.wallendorff.com\/belogue\/2024\/07\/28\/paleo-festival-2024-nyon-jour-5\/","url_meta":{"origin":35003,"position":4},"title":"Pal\u00e9o Festival 2024, Nyon, jour 5.","author":"dpc","date":"28 juillet 2024","format":false,"excerpt":"","rel":"","context":"Dans &quot;Alive&quot;","block_context":{"text":"Alive","link":"https:\/\/www.wallendorff.com\/belogue\/category\/alive\/"},"img":{"alt_text":"","src":"https:\/\/i0.wp.com\/www.wallendorff.com\/belogue\/wp-content\/uploads\/2024\/07\/20240728-70.jpg?resize=350%2C200&ssl=1","width":350,"height":200,"srcset":"https:\/\/i0.wp.com\/www.wallendorff.com\/belogue\/wp-content\/uploads\/2024\/07\/20240728-70.jpg?resize=350%2C200&ssl=1 1x, https:\/\/i0.wp.com\/www.wallendorff.com\/belogue\/wp-content\/uploads\/2024\/07\/20240728-70.jpg?resize=525%2C300&ssl=1 1.5x, https:\/\/i0.wp.com\/www.wallendorff.com\/belogue\/wp-content\/uploads\/2024\/07\/20240728-70.jpg?resize=700%2C400&ssl=1 2x, https:\/\/i0.wp.com\/www.wallendorff.com\/belogue\/wp-content\/uploads\/2024\/07\/20240728-70.jpg?resize=1050%2C600&ssl=1 3x"},"classes":[]},{"id":125680,"url":"https:\/\/www.wallendorff.com\/belogue\/2023\/07\/25\/paleo-festival-2023-nyon-jour-6\/","url_meta":{"origin":35003,"position":5},"title":"Pal\u00e9o Festival 2023, Nyon, jour 6.","author":"dpc","date":"25 juillet 2023","format":false,"excerpt":"Ambiance, Pal\u00e9o Festival Nyon 2023 Ambiance, Pal\u00e9o Festival Nyon 2023 Ambiance, Pal\u00e9o Festival Nyon 2023 Ambiance, Pal\u00e9o Festival Nyon 2023 La Col\u00e8re, Pal\u00e9o Festival Nyon 2023 Ambiance, Pal\u00e9o Festival Nyon 2023 La Col\u00e8re, Pal\u00e9o Festival Nyon 2023 Ambiance, Pal\u00e9o Festival Nyon 2023 Ambiance, Pal\u00e9o Festival Nyon 2023 Roda do Cavaco,\u2026","rel":"","context":"Dans &quot;Alive&quot;","block_context":{"text":"Alive","link":"https:\/\/www.wallendorff.com\/belogue\/category\/alive\/"},"img":{"alt_text":"","src":"https:\/\/i0.wp.com\/www.wallendorff.com\/belogue\/wp-content\/uploads\/2023\/07\/20230725-28.jpg?resize=350%2C200&ssl=1","width":350,"height":200,"srcset":"https:\/\/i0.wp.com\/www.wallendorff.com\/belogue\/wp-content\/uploads\/2023\/07\/20230725-28.jpg?resize=350%2C200&ssl=1 1x, https:\/\/i0.wp.com\/www.wallendorff.com\/belogue\/wp-content\/uploads\/2023\/07\/20230725-28.jpg?resize=525%2C300&ssl=1 1.5x, https:\/\/i0.wp.com\/www.wallendorff.com\/belogue\/wp-content\/uploads\/2023\/07\/20230725-28.jpg?resize=700%2C400&ssl=1 2x, https:\/\/i0.wp.com\/www.wallendorff.com\/belogue\/wp-content\/uploads\/2023\/07\/20230725-28.jpg?resize=1050%2C600&ssl=1 3x"},"classes":[]}],"_links":{"self":[{"href":"https:\/\/www.wallendorff.com\/belogue\/wp-json\/wp\/v2\/posts\/35003","targetHints":{"allow":["GET"]}}],"collection":[{"href":"https:\/\/www.wallendorff.com\/belogue\/wp-json\/wp\/v2\/posts"}],"about":[{"href":"https:\/\/www.wallendorff.com\/belogue\/wp-json\/wp\/v2\/types\/post"}],"author":[{"embeddable":true,"href":"https:\/\/www.wallendorff.com\/belogue\/wp-json\/wp\/v2\/users\/1"}],"replies":[{"embeddable":true,"href":"https:\/\/www.wallendorff.com\/belogue\/wp-json\/wp\/v2\/comments?post=35003"}],"version-history":[{"count":3,"href":"https:\/\/www.wallendorff.com\/belogue\/wp-json\/wp\/v2\/posts\/35003\/revisions"}],"predecessor-version":[{"id":35219,"href":"https:\/\/www.wallendorff.com\/belogue\/wp-json\/wp\/v2\/posts\/35003\/revisions\/35219"}],"wp:featuredmedia":[{"embeddable":true,"href":"https:\/\/www.wallendorff.com\/belogue\/wp-json\/wp\/v2\/media\/35199"}],"wp:attachment":[{"href":"https:\/\/www.wallendorff.com\/belogue\/wp-json\/wp\/v2\/media?parent=35003"}],"wp:term":[{"taxonomy":"category","embeddable":true,"href":"https:\/\/www.wallendorff.com\/belogue\/wp-json\/wp\/v2\/categories?post=35003"},{"taxonomy":"post_tag","embeddable":true,"href":"https:\/\/www.wallendorff.com\/belogue\/wp-json\/wp\/v2\/tags?post=35003"}],"curies":[{"name":"wp","href":"https:\/\/api.w.org\/{rel}","templated":true}]}}