{"id":349,"date":"2005-06-09T00:51:26","date_gmt":"2005-06-09T00:51:26","guid":{"rendered":"http:\/\/www.po-l.com\/wordpress\/?p=349"},"modified":"2012-04-30T12:49:14","modified_gmt":"2012-04-30T10:49:14","slug":"elle-aime-hante-erre-ment-chez-ouat-sonne","status":"publish","type":"post","link":"https:\/\/www.wallendorff.com\/belogue\/2005\/06\/09\/elle-aime-hante-erre-ment-chez-ouat-sonne\/","title":{"rendered":"Elle aime, hante, erre, ment&#8230; chez ouat, sonne&sup1;."},"content":{"rendered":"\n<div id=\"photo\">\n<p><img decoding=\"async\" src=\"http:\/\/www.po-L.com\/belogue\/photo\/2005\/06\/20050609.jpg\" \/><br \/>\n          Port de Conti, Paris, 2 juin.<\/p>\n<\/p><\/div>\n<p style=\"text-align:right\">[J&rsquo;avais oubli&eacute; pourquoi j&rsquo;ai pas la t&eacute;l&eacute;. Maintenant, je me souviens.]<\/p>\n<div id=\"bandeson\">\n<p><strong>Bande-son<\/strong>&nbsp;: Jean-Luc Delarue &mdash; <em>Mon Kiki Est Tout Petit<\/em> (feat. Robert et Monique)<\/p>\n<\/p><\/div>\n<div id=\"bas_note\">\n<p>_____<\/p>\n<p><sup>1<\/sup> Yeah, le retour du verlan dans les titres, yeah.<\/p>\n<\/p><\/div>\n","protected":false},"excerpt":{"rendered":"<p>Port de Conti, Paris, 2 juin. [J&rsquo;avais oubli&eacute; pourquoi j&rsquo;ai pas la t&eacute;l&eacute;. Maintenant, je me souviens.] Bande-son&nbsp;: Jean-Luc Delarue &mdash; Mon Kiki Est Tout Petit (feat. Robert et Monique) _____ 1 Yeah, le retour du verlan dans les titres, yeah.<\/p>\n","protected":false},"author":1,"featured_media":24289,"comment_status":"open","ping_status":"open","sticky":false,"template":"","format":"standard","meta":{"_acf_changed":false,"ngg_post_thumbnail":0,"jetpack_post_was_ever_published":false,"_jetpack_newsletter_access":"","_jetpack_dont_email_post_to_subs":false,"_jetpack_newsletter_tier_id":0,"_jetpack_memberships_contains_paywalled_content":false,"_jetpack_memberships_contains_paid_content":false,"footnotes":"","jetpack_publicize_message":"","jetpack_publicize_feature_enabled":true,"jetpack_social_post_already_shared":false,"jetpack_social_options":{"image_generator_settings":{"template":"highway","default_image_id":0,"font":"","enabled":false},"version":2}},"categories":[3],"tags":[10250,10384,132,10120,10121,10098,10380,10368,1060,10287,10286,173],"class_list":["post-349","post","type-post","status-publish","format-standard","has-post-thumbnail","hentry","category-dpc","tag-10250","tag-bateau","tag-eos-20d","tag-france","tag-ile-de-france","tag-paris","tag-pont","tag-pont-des-arts","tag-port-de-conti","tag-quai","tag-seine","tag-sigma-28-70-mm-f28-dg-ex"],"acf":[],"geo":{"latitude":48.857811,"longitude":2.3373306,"description":"Pont des Arts, 75006 Paris, France"},"jetpack_publicize_connections":[],"jetpack_featured_media_url":"https:\/\/www.wallendorff.com\/belogue\/wp-content\/uploads\/2015\/04\/200506091.jpg","jetpack_shortlink":"https:\/\/wp.me\/p3b35P-5D","jetpack_sharing_enabled":true,"jetpack-related-posts":[{"id":21802,"url":"https:\/\/www.wallendorff.com\/belogue\/2013\/10\/21\/conti-nuite-2\/","url_meta":{"origin":349,"position":0},"title":"Conti nuit\u00e9 #2.","author":"dpc","date":"21 octobre 2013","format":false,"excerpt":"Port du Louvre, Paris, 9 septembre. Fireside Arctic Monkeys","rel":"","context":"Dans &quot;DPC&quot;","block_context":{"text":"DPC","link":"https:\/\/www.wallendorff.com\/belogue\/category\/dpc\/"},"img":{"alt_text":"","src":"https:\/\/i0.wp.com\/www.wallendorff.com\/belogue\/wp-content\/uploads\/2015\/04\/201310211.jpg?resize=350%2C200&ssl=1","width":350,"height":200,"srcset":"https:\/\/i0.wp.com\/www.wallendorff.com\/belogue\/wp-content\/uploads\/2015\/04\/201310211.jpg?resize=350%2C200&ssl=1 1x, https:\/\/i0.wp.com\/www.wallendorff.com\/belogue\/wp-content\/uploads\/2015\/04\/201310211.jpg?resize=525%2C300&ssl=1 1.5x, https:\/\/i0.wp.com\/www.wallendorff.com\/belogue\/wp-content\/uploads\/2015\/04\/201310211.jpg?resize=700%2C400&ssl=1 2x"},"classes":[]},{"id":135497,"url":"https:\/\/www.wallendorff.com\/belogue\/2026\/02\/28\/fevrier-2026\/","url_meta":{"origin":349,"position":1},"title":"F\u00e9vrier 2026.","author":"dpc","date":"28 f\u00e9vrier 2026","format":false,"excerpt":"Des arbres, une sieste, un cr\u00e9puscule, un arbre, un papillon, une clope, un miroir, un parapluie, une pyramide, un schlouk, une ruelle, une photo, une flaque, un chantier, un quarantenaire, un cigare, un bisou, un concert, un quai de m\u00e9tro, une pyramide, un attroupement, un pont, un parapluie, des fen\u00eatres,\u2026","rel":"","context":"Dans &quot;Blog-note&quot;","block_context":{"text":"Blog-note","link":"https:\/\/www.wallendorff.com\/belogue\/category\/blog-note\/"},"img":{"alt_text":"","src":"https:\/\/i0.wp.com\/www.wallendorff.com\/belogue\/wp-content\/uploads\/2026\/03\/20260323-24.jpg?resize=350%2C200&ssl=1","width":350,"height":200,"srcset":"https:\/\/i0.wp.com\/www.wallendorff.com\/belogue\/wp-content\/uploads\/2026\/03\/20260323-24.jpg?resize=350%2C200&ssl=1 1x, https:\/\/i0.wp.com\/www.wallendorff.com\/belogue\/wp-content\/uploads\/2026\/03\/20260323-24.jpg?resize=525%2C300&ssl=1 1.5x, https:\/\/i0.wp.com\/www.wallendorff.com\/belogue\/wp-content\/uploads\/2026\/03\/20260323-24.jpg?resize=700%2C400&ssl=1 2x, https:\/\/i0.wp.com\/www.wallendorff.com\/belogue\/wp-content\/uploads\/2026\/03\/20260323-24.jpg?resize=1050%2C600&ssl=1 3x"},"classes":[]},{"id":13327,"url":"https:\/\/www.wallendorff.com\/belogue\/2011\/09\/30\/conti-nuite\/","url_meta":{"origin":349,"position":2},"title":"Conti nuit\u00e9.","author":"dpc","date":"30 septembre 2011","format":false,"excerpt":"Quai de Conti, Paris, 11 ao\u00fbt. Mona \u2013 Shooting the Moon [un peu facile oui.] [youtube]http:\/\/www.youtube.com\/watch?v=60GKTp0pf1A[\/youtube]","rel":"","context":"Dans &quot;DPC&quot;","block_context":{"text":"DPC","link":"https:\/\/www.wallendorff.com\/belogue\/category\/dpc\/"},"img":{"alt_text":"","src":"https:\/\/i0.wp.com\/www.wallendorff.com\/belogue\/wp-content\/uploads\/2015\/04\/201109301.jpg?resize=350%2C200&ssl=1","width":350,"height":200,"srcset":"https:\/\/i0.wp.com\/www.wallendorff.com\/belogue\/wp-content\/uploads\/2015\/04\/201109301.jpg?resize=350%2C200&ssl=1 1x, https:\/\/i0.wp.com\/www.wallendorff.com\/belogue\/wp-content\/uploads\/2015\/04\/201109301.jpg?resize=525%2C300&ssl=1 1.5x, https:\/\/i0.wp.com\/www.wallendorff.com\/belogue\/wp-content\/uploads\/2015\/04\/201109301.jpg?resize=700%2C400&ssl=1 2x"},"classes":[]},{"id":47576,"url":"https:\/\/www.wallendorff.com\/belogue\/2020\/12\/31\/decembre-2020\/","url_meta":{"origin":349,"position":3},"title":"D\u00e9cembre 2020.","author":"dpc","date":"31 d\u00e9cembre 2020","format":false,"excerpt":"Un m\u00e9tro, un sapin de No\u00ebl, un chat pr\u00e9nomm\u00e9 Guirlande-\u00c9lectrique, une tour, un pont, une chaise, un mus\u00e9e, une passerelle, un quai, une bi\u00e8re, un bouquiniste, une passerelle, un quai, un immeuble, un avion, un time lapse, une rue, une passerelle, un square, une cuisine, des tracts, un balcon, un\u2026","rel":"","context":"Dans &quot;Blog-note&quot;","block_context":{"text":"Blog-note","link":"https:\/\/www.wallendorff.com\/belogue\/category\/blog-note\/"},"img":{"alt_text":"","src":"https:\/\/i0.wp.com\/www.wallendorff.com\/belogue\/wp-content\/uploads\/2021\/01\/20210113-85.jpg?resize=350%2C200&ssl=1","width":350,"height":200,"srcset":"https:\/\/i0.wp.com\/www.wallendorff.com\/belogue\/wp-content\/uploads\/2021\/01\/20210113-85.jpg?resize=350%2C200&ssl=1 1x, https:\/\/i0.wp.com\/www.wallendorff.com\/belogue\/wp-content\/uploads\/2021\/01\/20210113-85.jpg?resize=525%2C300&ssl=1 1.5x, https:\/\/i0.wp.com\/www.wallendorff.com\/belogue\/wp-content\/uploads\/2021\/01\/20210113-85.jpg?resize=700%2C400&ssl=1 2x, https:\/\/i0.wp.com\/www.wallendorff.com\/belogue\/wp-content\/uploads\/2021\/01\/20210113-85.jpg?resize=1050%2C600&ssl=1 3x"},"classes":[]},{"id":11900,"url":"https:\/\/www.wallendorff.com\/belogue\/2011\/01\/18\/bronze-est-fondu1\/","url_meta":{"origin":349,"position":4},"title":"Bronze est fondu1.","author":"dpc","date":"18 janvier 2011","format":false,"excerpt":"Quai de Conti, Paris, 28 novembre 2010. J'aime beaucoup qu'on commente mes statues. \u00a0Wire \u2013 Two Minutes _____ 1 Faudra penser \u00e0 terminer ce titre, un jour.","rel":"","context":"Dans &quot;DPC&quot;","block_context":{"text":"DPC","link":"https:\/\/www.wallendorff.com\/belogue\/category\/dpc\/"},"img":{"alt_text":"","src":"https:\/\/i0.wp.com\/www.wallendorff.com\/belogue\/wp-content\/uploads\/2015\/04\/201101181.jpg?resize=350%2C200&ssl=1","width":350,"height":200},"classes":[]},{"id":44942,"url":"https:\/\/www.wallendorff.com\/belogue\/2020\/01\/31\/janvier-2020\/","url_meta":{"origin":349,"position":5},"title":"Janvier 2020.","author":"dpc","date":"31 janvier 2020","format":false,"excerpt":"Un r\u00e9veillon, une soir\u00e9e, une canop\u00e9e, une soir\u00e9e, une cour carr\u00e9e, un saxophoniste, un pont, une ruelle, une galerie, un d\u00f4me, un bouquiniste, un couple, un pont, une fanfare, un quai, une tradition, un no\u00ebl du livre, une lune, des v\u0153ux, un clocher, un fort, une cath\u00e9drale, une ruelle, une\u2026","rel":"","context":"Dans &quot;Blog-note&quot;","block_context":{"text":"Blog-note","link":"https:\/\/www.wallendorff.com\/belogue\/category\/blog-note\/"},"img":{"alt_text":"","src":"https:\/\/i0.wp.com\/www.wallendorff.com\/belogue\/wp-content\/uploads\/2020\/02\/20200213-76.jpg?resize=350%2C200&ssl=1","width":350,"height":200,"srcset":"https:\/\/i0.wp.com\/www.wallendorff.com\/belogue\/wp-content\/uploads\/2020\/02\/20200213-76.jpg?resize=350%2C200&ssl=1 1x, https:\/\/i0.wp.com\/www.wallendorff.com\/belogue\/wp-content\/uploads\/2020\/02\/20200213-76.jpg?resize=525%2C300&ssl=1 1.5x, https:\/\/i0.wp.com\/www.wallendorff.com\/belogue\/wp-content\/uploads\/2020\/02\/20200213-76.jpg?resize=700%2C400&ssl=1 2x, https:\/\/i0.wp.com\/www.wallendorff.com\/belogue\/wp-content\/uploads\/2020\/02\/20200213-76.jpg?resize=1050%2C600&ssl=1 3x"},"classes":[]}],"_links":{"self":[{"href":"https:\/\/www.wallendorff.com\/belogue\/wp-json\/wp\/v2\/posts\/349","targetHints":{"allow":["GET"]}}],"collection":[{"href":"https:\/\/www.wallendorff.com\/belogue\/wp-json\/wp\/v2\/posts"}],"about":[{"href":"https:\/\/www.wallendorff.com\/belogue\/wp-json\/wp\/v2\/types\/post"}],"author":[{"embeddable":true,"href":"https:\/\/www.wallendorff.com\/belogue\/wp-json\/wp\/v2\/users\/1"}],"replies":[{"embeddable":true,"href":"https:\/\/www.wallendorff.com\/belogue\/wp-json\/wp\/v2\/comments?post=349"}],"version-history":[{"count":1,"href":"https:\/\/www.wallendorff.com\/belogue\/wp-json\/wp\/v2\/posts\/349\/revisions"}],"predecessor-version":[{"id":17099,"href":"https:\/\/www.wallendorff.com\/belogue\/wp-json\/wp\/v2\/posts\/349\/revisions\/17099"}],"wp:featuredmedia":[{"embeddable":true,"href":"https:\/\/www.wallendorff.com\/belogue\/wp-json\/wp\/v2\/media\/24289"}],"wp:attachment":[{"href":"https:\/\/www.wallendorff.com\/belogue\/wp-json\/wp\/v2\/media?parent=349"}],"wp:term":[{"taxonomy":"category","embeddable":true,"href":"https:\/\/www.wallendorff.com\/belogue\/wp-json\/wp\/v2\/categories?post=349"},{"taxonomy":"post_tag","embeddable":true,"href":"https:\/\/www.wallendorff.com\/belogue\/wp-json\/wp\/v2\/tags?post=349"}],"curies":[{"name":"wp","href":"https:\/\/api.w.org\/{rel}","templated":true}]}}