{"id":3481,"date":"2008-10-07T10:18:27","date_gmt":"2008-10-07T08:18:27","guid":{"rendered":"http:\/\/www.po-l.com\/belogue\/?p=3481"},"modified":"2012-06-25T09:45:01","modified_gmt":"2012-06-25T07:45:01","slug":"hum","status":"publish","type":"post","link":"https:\/\/www.wallendorff.com\/belogue\/2008\/10\/07\/hum\/","title":{"rendered":"Hum."},"content":{"rendered":"<div id=\"photo\">\n<p><img decoding=\"async\" src=\"https:\/\/www.wallendorff.com\/belogue\/images\/etoile_blanche.jpg\"><\/p>\n<\/div>\n<p style=\"text-align:right\">Mettre 45&nbsp;&euro; dans l&rsquo;achat de trois albums t&eacute;l&eacute;charg&eacute;s ill&eacute;galement la semaine pr&eacute;c&eacute;dente, je ne sais pas si c&rsquo;est &ecirc;tre Rock en 2008 ou plus simplement &ecirc;tre charitable envers la Fnac et ces gentils groupes qui n&rsquo;ont plus rien &agrave; manger en 2008, auquel cas j&rsquo;aimerais savoir si on peut le d&eacute;duire des imp&ocirc;ts merci.<\/p>\n","protected":false},"excerpt":{"rendered":"<p>Mettre 45&nbsp;&euro; dans l&rsquo;achat de trois albums t&eacute;l&eacute;charg&eacute;s ill&eacute;galement la semaine pr&eacute;c&eacute;dente, je ne sais pas si c&rsquo;est &ecirc;tre Rock en 2008 ou plus simplement &ecirc;tre charitable envers la Fnac et ces gentils groupes qui n&rsquo;ont plus rien &agrave; manger en 2008, auquel cas j&rsquo;aimerais savoir si on peut le d&eacute;duire des imp&ocirc;ts merci.<\/p>\n","protected":false},"author":1,"featured_media":0,"comment_status":"open","ping_status":"open","sticky":false,"template":"","format":"standard","meta":{"_acf_changed":false,"ngg_post_thumbnail":0,"jetpack_post_was_ever_published":false,"_jetpack_newsletter_access":"","_jetpack_dont_email_post_to_subs":false,"_jetpack_newsletter_tier_id":0,"_jetpack_memberships_contains_paywalled_content":false,"_jetpack_memberships_contains_paid_content":false,"footnotes":"","jetpack_publicize_message":"","jetpack_publicize_feature_enabled":true,"jetpack_social_post_already_shared":false,"jetpack_social_options":{"image_generator_settings":{"template":"highway","default_image_id":0,"font":"","enabled":false},"version":2}},"categories":[6],"tags":[1502],"class_list":["post-3481","post","type-post","status-publish","format-standard","hentry","category-pictureless-thoughts","tag-etre-rock"],"acf":[],"geo":null,"jetpack_publicize_connections":[],"jetpack_featured_media_url":"","jetpack_shortlink":"https:\/\/wp.me\/s3b35P-hum","jetpack_sharing_enabled":true,"jetpack-related-posts":[{"id":1131,"url":"https:\/\/www.wallendorff.com\/belogue\/2008\/01\/07\/sella-crosby-ttent-udule\/","url_meta":{"origin":3481,"position":0},"title":"Sella, Crosby t\u00e2tent Udule.","author":"dpc","date":"7 janvier 2008","format":false,"excerpt":"Villa Saint-Michel, Paris, 16 d\u00e9cembre 2007. Ton premier lundi de l'ann\u00e9e voit le site que tu consultes fr\u00e9n\u00e9tiquement tous les matins depuis 5 ans te l\u00e2cher ENFIN l'annonce que tu attendais depuis 2003 et subitement, tout \u00e7a pourrait \u00eatre plus rock en 2008 que pr\u00e9vu. \u00a0The White Stripes \u2013 A\u2026","rel":"","context":"Dans &quot;DPC&quot;","block_context":{"text":"DPC","link":"https:\/\/www.wallendorff.com\/belogue\/category\/dpc\/"},"img":{"alt_text":"","src":"https:\/\/i0.wp.com\/www.wallendorff.com\/belogue\/wp-content\/uploads\/2015\/04\/200801071.jpg?resize=350%2C200&ssl=1","width":350,"height":200},"classes":[]},{"id":177,"url":"https:\/\/www.wallendorff.com\/belogue\/2006\/06\/22\/ain-t-got-nothing-done\/","url_meta":{"origin":3481,"position":1},"title":"Ain&rsquo;t got nothing done.","author":"dpc","date":"22 juin 2006","format":false,"excerpt":"Starbuque du Passage du Havre, Paris, 21 juin. \u00catre rock et mettre France 2 en attendant les Experts en 2006, c'est\u00a0: Te demander si Cock Robin ne chante pas en playback. Apprendre que l'anniversaire d'Obispo tombe le m\u00eame jour que celui de ta s\u0153ur. T'atterrer en d\u00e9couvrant qu'Anthony Kavannagh chante,\u2026","rel":"","context":"Dans &quot;DPC&quot;","block_context":{"text":"DPC","link":"https:\/\/www.wallendorff.com\/belogue\/category\/dpc\/"},"img":{"alt_text":"","src":"https:\/\/i0.wp.com\/www.wallendorff.com\/belogue\/wp-content\/uploads\/2015\/04\/200606221.jpg?resize=350%2C200&ssl=1","width":350,"height":200},"classes":[]},{"id":1212,"url":"https:\/\/www.wallendorff.com\/belogue\/2008\/04\/21\/tout-ce-bas-d-cave\/","url_meta":{"origin":3481,"position":2},"title":"Tout ce bas d&rsquo;cave.","author":"dpc","date":"21 avril 2008","format":false,"excerpt":"Caf\u00e9 Martini, Paris, 30 mars. Nous sommes officiellement dans le post-begbeidesque. Rh\u00e2h je sais qu'il est pourri mon jeu de mots de titre, mais je suis fatigu\u00e9 aussi, je me suis couch\u00e9 tard parce que je suis rock en 2008, et qu'\u00eatre rock en 2008 c'est rester jusqu'\u00e0 2h sur\u2026","rel":"","context":"Dans &quot;DPC&quot;","block_context":{"text":"DPC","link":"https:\/\/www.wallendorff.com\/belogue\/category\/dpc\/"},"img":{"alt_text":"","src":"https:\/\/i0.wp.com\/www.wallendorff.com\/belogue\/wp-content\/uploads\/2015\/04\/200804211.jpg?resize=350%2C200&ssl=1","width":350,"height":200},"classes":[]},{"id":1238,"url":"https:\/\/www.wallendorff.com\/belogue\/2008\/05\/29\/instant-d-carmin\/","url_meta":{"origin":3481,"position":3},"title":"Instant d&rsquo;carmin.","author":"dpc","date":"29 mai 2008","format":false,"excerpt":"\u00a0 La Fl\u00e8che d'Or, Paris, 11 avril. \u00catre rock en 2008, c'est aussi s'autoriser des jeux de mots bien bien pourris. \u00a0Mr. David Viner \u2013 Nobody's Fault But Mine (Led Zeppelin cover)","rel":"","context":"Dans &quot;DPC&quot;","block_context":{"text":"DPC","link":"https:\/\/www.wallendorff.com\/belogue\/category\/dpc\/"},"img":{"alt_text":"","src":"https:\/\/i0.wp.com\/www.wallendorff.com\/belogue\/wp-content\/uploads\/2015\/04\/200805291.jpg?resize=350%2C200&ssl=1","width":350,"height":200},"classes":[]},{"id":1164,"url":"https:\/\/www.wallendorff.com\/belogue\/2008\/02\/17\/chevet-c-que-cheveux\/","url_meta":{"origin":3481,"position":4},"title":"Chevet, c&rsquo;que cheveux.","author":"dpc","date":"17 f\u00e9vrier 2008","format":false,"excerpt":"Studios Jet, Bruxelles, 16 f\u00e9vrier. \u00catre rock en 2008, c'est se faire 524\u00a0440 m\u00e8tres dans la journ\u00e9e pour aller photographier des cheveux. Et aimer \u00e7a. \u00a0Max\u00efmo Park \u2013 By the Monument","rel":"","context":"Dans &quot;DPC&quot;","block_context":{"text":"DPC","link":"https:\/\/www.wallendorff.com\/belogue\/category\/dpc\/"},"img":{"alt_text":"","src":"https:\/\/i0.wp.com\/www.wallendorff.com\/belogue\/wp-content\/uploads\/2015\/04\/200802171.jpg?resize=350%2C200&ssl=1","width":350,"height":200},"classes":[]},{"id":3487,"url":"https:\/\/www.wallendorff.com\/belogue\/2008\/10\/09\/space-mots-keys-26\/","url_meta":{"origin":3481,"position":5},"title":"Space mots-keys #26.","author":"dpc","date":"9 octobre 2008","format":false,"excerpt":"ize proude tou pr\u00e9sente La fourn\u00e9e du mois craint. C'est d'autant plus triste que cette 26e \u00e9dition marque le deuxi\u00e8me anniversaire de cette noble rubrique, qui s'en trouve fort mal honor\u00e9e. Avouons qu'il y a de quoi d\u00e9primer. La \u2015\u00a0tr\u00e8s\u00a0\u2015 courte-liste\u00a0: S\u00fbrement parce que la conjugaison telle qu'on la trouve\u2026","rel":"","context":"Dans &quot;Space mots-keys&quot;","block_context":{"text":"Space mots-keys","link":"https:\/\/www.wallendorff.com\/belogue\/category\/space-mots-keys\/"},"img":{"alt_text":"","src":"","width":0,"height":0},"classes":[]}],"_links":{"self":[{"href":"https:\/\/www.wallendorff.com\/belogue\/wp-json\/wp\/v2\/posts\/3481","targetHints":{"allow":["GET"]}}],"collection":[{"href":"https:\/\/www.wallendorff.com\/belogue\/wp-json\/wp\/v2\/posts"}],"about":[{"href":"https:\/\/www.wallendorff.com\/belogue\/wp-json\/wp\/v2\/types\/post"}],"author":[{"embeddable":true,"href":"https:\/\/www.wallendorff.com\/belogue\/wp-json\/wp\/v2\/users\/1"}],"replies":[{"embeddable":true,"href":"https:\/\/www.wallendorff.com\/belogue\/wp-json\/wp\/v2\/comments?post=3481"}],"version-history":[{"count":1,"href":"https:\/\/www.wallendorff.com\/belogue\/wp-json\/wp\/v2\/posts\/3481\/revisions"}],"predecessor-version":[{"id":17897,"href":"https:\/\/www.wallendorff.com\/belogue\/wp-json\/wp\/v2\/posts\/3481\/revisions\/17897"}],"wp:attachment":[{"href":"https:\/\/www.wallendorff.com\/belogue\/wp-json\/wp\/v2\/media?parent=3481"}],"wp:term":[{"taxonomy":"category","embeddable":true,"href":"https:\/\/www.wallendorff.com\/belogue\/wp-json\/wp\/v2\/categories?post=3481"},{"taxonomy":"post_tag","embeddable":true,"href":"https:\/\/www.wallendorff.com\/belogue\/wp-json\/wp\/v2\/tags?post=3481"}],"curies":[{"name":"wp","href":"https:\/\/api.w.org\/{rel}","templated":true}]}}