{"id":34621,"date":"2017-07-25T17:20:05","date_gmt":"2017-07-25T15:20:05","guid":{"rendered":"http:\/\/www.wallendorff.com\/belogue\/?p=34621"},"modified":"2017-07-26T12:10:30","modified_gmt":"2017-07-26T10:10:30","slug":"paleo-festival-2017-jour-1","status":"publish","type":"post","link":"https:\/\/www.wallendorff.com\/belogue\/2017\/07\/25\/paleo-festival-2017-jour-1\/","title":{"rendered":"Pal\u00e9o festival 2017, jour 1."},"content":{"rendered":"<div id=\"photo\">\n<p><img decoding=\"async\" src=\"https:\/\/www.wallendorff.com\/belogue\/wp-content\/uploads\/2017\/07\/20170725-53.jpg\"><\/div>\n<p style=\"text-align:right\">L&rsquo;ensemble des photos du festival est disponible sur <a href=\"https:\/\/www.wallendorff.com\/belogue\/tag\/paleo-festival-2017\/\">ce lien<\/a>.<\/p>\n<div id='gallery-1' class='gallery galleryid-34621 gallery-columns-3 gallery-size-thumbnail'><figure class='gallery-item'>\n\t\t\t<div class='gallery-icon landscape'>\n\t\t\t\t<a href='https:\/\/www.wallendorff.com\/belogue\/2017\/07\/25\/paleo-festival-2017-jour-1\/paleo-festival-nyon-18072017\/'><img decoding=\"async\" width=\"128\" height=\"85\" src=\"https:\/\/www.wallendorff.com\/belogue\/wp-content\/uploads\/2017\/07\/20170725-01-200x133.jpg\" class=\"attachment-thumbnail size-thumbnail\" alt=\"\" aria-describedby=\"gallery-1-34622\" srcset=\"https:\/\/www.wallendorff.com\/belogue\/wp-content\/uploads\/2017\/07\/20170725-01-200x133.jpg 200w, https:\/\/www.wallendorff.com\/belogue\/wp-content\/uploads\/2017\/07\/20170725-01-820x547.jpg 820w, https:\/\/www.wallendorff.com\/belogue\/wp-content\/uploads\/2017\/07\/20170725-01-300x200.jpg 300w, https:\/\/www.wallendorff.com\/belogue\/wp-content\/uploads\/2017\/07\/20170725-01-600x400.jpg 600w, https:\/\/www.wallendorff.com\/belogue\/wp-content\/uploads\/2017\/07\/20170725-01.jpg 850w\" sizes=\"(max-width: 128px) 100vw, 128px\" \/><\/a>\n\t\t\t<\/div>\n\t\t\t\t<figcaption class='wp-caption-text gallery-caption' id='gallery-1-34622'>\n\t\t\t\tPal\u00e9o Festival, Nyon, 18\/07\/2017\n\t\t\t\t<\/figcaption><\/figure><figure class='gallery-item'>\n\t\t\t<div class='gallery-icon landscape'>\n\t\t\t\t<a href='https:\/\/www.wallendorff.com\/belogue\/2017\/07\/25\/paleo-festival-2017-jour-1\/alice-roosevelt-paleo-festival-nyon-18072017\/'><img decoding=\"async\" width=\"128\" height=\"85\" src=\"https:\/\/www.wallendorff.com\/belogue\/wp-content\/uploads\/2017\/07\/20170725-02-200x133.jpg\" class=\"attachment-thumbnail size-thumbnail\" alt=\"\" aria-describedby=\"gallery-1-34623\" srcset=\"https:\/\/www.wallendorff.com\/belogue\/wp-content\/uploads\/2017\/07\/20170725-02-200x133.jpg 200w, https:\/\/www.wallendorff.com\/belogue\/wp-content\/uploads\/2017\/07\/20170725-02-820x547.jpg 820w, https:\/\/www.wallendorff.com\/belogue\/wp-content\/uploads\/2017\/07\/20170725-02-300x200.jpg 300w, https:\/\/www.wallendorff.com\/belogue\/wp-content\/uploads\/2017\/07\/20170725-02-600x400.jpg 600w, https:\/\/www.wallendorff.com\/belogue\/wp-content\/uploads\/2017\/07\/20170725-02.jpg 850w\" sizes=\"(max-width: 128px) 100vw, 128px\" \/><\/a>\n\t\t\t<\/div>\n\t\t\t\t<figcaption class='wp-caption-text gallery-caption' id='gallery-1-34623'>\n\t\t\t\tAlice Roosevelt @ Pal\u00e9o Festival, Nyon, 18\/07\/2017\n\t\t\t\t<\/figcaption><\/figure><figure class='gallery-item'>\n\t\t\t<div class='gallery-icon landscape'>\n\t\t\t\t<a href='https:\/\/www.wallendorff.com\/belogue\/2017\/07\/25\/paleo-festival-2017-jour-1\/the-staches-paleo-festival-nyon-18072017\/'><img decoding=\"async\" width=\"128\" height=\"85\" src=\"https:\/\/www.wallendorff.com\/belogue\/wp-content\/uploads\/2017\/07\/20170725-03-200x133.jpg\" class=\"attachment-thumbnail size-thumbnail\" alt=\"\" aria-describedby=\"gallery-1-34624\" srcset=\"https:\/\/www.wallendorff.com\/belogue\/wp-content\/uploads\/2017\/07\/20170725-03-200x133.jpg 200w, https:\/\/www.wallendorff.com\/belogue\/wp-content\/uploads\/2017\/07\/20170725-03-820x547.jpg 820w, https:\/\/www.wallendorff.com\/belogue\/wp-content\/uploads\/2017\/07\/20170725-03-300x200.jpg 300w, https:\/\/www.wallendorff.com\/belogue\/wp-content\/uploads\/2017\/07\/20170725-03-600x400.jpg 600w, https:\/\/www.wallendorff.com\/belogue\/wp-content\/uploads\/2017\/07\/20170725-03.jpg 850w\" sizes=\"(max-width: 128px) 100vw, 128px\" \/><\/a>\n\t\t\t<\/div>\n\t\t\t\t<figcaption class='wp-caption-text gallery-caption' id='gallery-1-34624'>\n\t\t\t\tThe Staches @ Pal\u00e9o Festival, Nyon, 18\/07\/2017\n\t\t\t\t<\/figcaption><\/figure><figure class='gallery-item'>\n\t\t\t<div class='gallery-icon landscape'>\n\t\t\t\t<a href='https:\/\/www.wallendorff.com\/belogue\/2017\/07\/25\/paleo-festival-2017-jour-1\/the-staches-paleo-festival-nyon-18072017-2\/'><img loading=\"lazy\" decoding=\"async\" width=\"128\" height=\"85\" src=\"https:\/\/www.wallendorff.com\/belogue\/wp-content\/uploads\/2017\/07\/20170725-04-200x133.jpg\" class=\"attachment-thumbnail size-thumbnail\" alt=\"\" aria-describedby=\"gallery-1-34625\" srcset=\"https:\/\/www.wallendorff.com\/belogue\/wp-content\/uploads\/2017\/07\/20170725-04-200x133.jpg 200w, https:\/\/www.wallendorff.com\/belogue\/wp-content\/uploads\/2017\/07\/20170725-04-820x547.jpg 820w, https:\/\/www.wallendorff.com\/belogue\/wp-content\/uploads\/2017\/07\/20170725-04-300x200.jpg 300w, https:\/\/www.wallendorff.com\/belogue\/wp-content\/uploads\/2017\/07\/20170725-04-600x400.jpg 600w, https:\/\/www.wallendorff.com\/belogue\/wp-content\/uploads\/2017\/07\/20170725-04.jpg 850w\" sizes=\"(max-width: 128px) 100vw, 128px\" \/><\/a>\n\t\t\t<\/div>\n\t\t\t\t<figcaption class='wp-caption-text gallery-caption' id='gallery-1-34625'>\n\t\t\t\tThe Staches @ Pal\u00e9o Festival, Nyon, 18\/07\/2017\n\t\t\t\t<\/figcaption><\/figure><figure class='gallery-item'>\n\t\t\t<div class='gallery-icon portrait'>\n\t\t\t\t<a href='https:\/\/www.wallendorff.com\/belogue\/2017\/07\/25\/paleo-festival-2017-jour-1\/paleo-festival-nyon-18072017-2\/'><img loading=\"lazy\" decoding=\"async\" width=\"64\" height=\"96\" src=\"https:\/\/www.wallendorff.com\/belogue\/wp-content\/uploads\/2017\/07\/20170725-05-133x200.jpg\" class=\"attachment-thumbnail size-thumbnail\" alt=\"\" aria-describedby=\"gallery-1-34626\" srcset=\"https:\/\/www.wallendorff.com\/belogue\/wp-content\/uploads\/2017\/07\/20170725-05-133x200.jpg 133w, https:\/\/www.wallendorff.com\/belogue\/wp-content\/uploads\/2017\/07\/20170725-05-200x300.jpg 200w, https:\/\/www.wallendorff.com\/belogue\/wp-content\/uploads\/2017\/07\/20170725-05.jpg 567w\" sizes=\"(max-width: 64px) 100vw, 64px\" \/><\/a>\n\t\t\t<\/div>\n\t\t\t\t<figcaption class='wp-caption-text gallery-caption' id='gallery-1-34626'>\n\t\t\t\tPal\u00e9o Festival, Nyon, 18\/07\/2017\n\t\t\t\t<\/figcaption><\/figure><figure class='gallery-item'>\n\t\t\t<div class='gallery-icon landscape'>\n\t\t\t\t<a href='https:\/\/www.wallendorff.com\/belogue\/2017\/07\/25\/paleo-festival-2017-jour-1\/paleo-festival-nyon-18072017-3\/'><img loading=\"lazy\" decoding=\"async\" width=\"128\" height=\"85\" src=\"https:\/\/www.wallendorff.com\/belogue\/wp-content\/uploads\/2017\/07\/20170725-06-200x133.jpg\" class=\"attachment-thumbnail size-thumbnail\" alt=\"\" aria-describedby=\"gallery-1-34627\" srcset=\"https:\/\/www.wallendorff.com\/belogue\/wp-content\/uploads\/2017\/07\/20170725-06-200x133.jpg 200w, https:\/\/www.wallendorff.com\/belogue\/wp-content\/uploads\/2017\/07\/20170725-06-820x547.jpg 820w, https:\/\/www.wallendorff.com\/belogue\/wp-content\/uploads\/2017\/07\/20170725-06-300x200.jpg 300w, https:\/\/www.wallendorff.com\/belogue\/wp-content\/uploads\/2017\/07\/20170725-06-600x400.jpg 600w, https:\/\/www.wallendorff.com\/belogue\/wp-content\/uploads\/2017\/07\/20170725-06.jpg 850w\" sizes=\"(max-width: 128px) 100vw, 128px\" \/><\/a>\n\t\t\t<\/div>\n\t\t\t\t<figcaption class='wp-caption-text gallery-caption' id='gallery-1-34627'>\n\t\t\t\tPal\u00e9o Festival, Nyon, 18\/07\/2017\n\t\t\t\t<\/figcaption><\/figure><figure class='gallery-item'>\n\t\t\t<div class='gallery-icon landscape'>\n\t\t\t\t<a href='https:\/\/www.wallendorff.com\/belogue\/2017\/07\/25\/paleo-festival-2017-jour-1\/paleo-festival-nyon-18072017-4\/'><img loading=\"lazy\" decoding=\"async\" width=\"128\" height=\"85\" src=\"https:\/\/www.wallendorff.com\/belogue\/wp-content\/uploads\/2017\/07\/20170725-07-200x133.jpg\" class=\"attachment-thumbnail size-thumbnail\" alt=\"\" aria-describedby=\"gallery-1-34628\" srcset=\"https:\/\/www.wallendorff.com\/belogue\/wp-content\/uploads\/2017\/07\/20170725-07-200x133.jpg 200w, https:\/\/www.wallendorff.com\/belogue\/wp-content\/uploads\/2017\/07\/20170725-07-820x547.jpg 820w, https:\/\/www.wallendorff.com\/belogue\/wp-content\/uploads\/2017\/07\/20170725-07-300x200.jpg 300w, https:\/\/www.wallendorff.com\/belogue\/wp-content\/uploads\/2017\/07\/20170725-07-600x400.jpg 600w, https:\/\/www.wallendorff.com\/belogue\/wp-content\/uploads\/2017\/07\/20170725-07.jpg 850w\" sizes=\"(max-width: 128px) 100vw, 128px\" \/><\/a>\n\t\t\t<\/div>\n\t\t\t\t<figcaption class='wp-caption-text gallery-caption' id='gallery-1-34628'>\n\t\t\t\tPal\u00e9o Festival, Nyon, 18\/07\/2017\n\t\t\t\t<\/figcaption><\/figure><figure class='gallery-item'>\n\t\t\t<div class='gallery-icon landscape'>\n\t\t\t\t<a href='https:\/\/www.wallendorff.com\/belogue\/2017\/07\/25\/paleo-festival-2017-jour-1\/petit-biscuit-paleo-festival-nyon-18072017\/'><img loading=\"lazy\" decoding=\"async\" width=\"128\" height=\"85\" src=\"https:\/\/www.wallendorff.com\/belogue\/wp-content\/uploads\/2017\/07\/20170725-08-200x133.jpg\" class=\"attachment-thumbnail size-thumbnail\" alt=\"\" aria-describedby=\"gallery-1-34629\" srcset=\"https:\/\/www.wallendorff.com\/belogue\/wp-content\/uploads\/2017\/07\/20170725-08-200x133.jpg 200w, https:\/\/www.wallendorff.com\/belogue\/wp-content\/uploads\/2017\/07\/20170725-08-820x547.jpg 820w, https:\/\/www.wallendorff.com\/belogue\/wp-content\/uploads\/2017\/07\/20170725-08-300x200.jpg 300w, https:\/\/www.wallendorff.com\/belogue\/wp-content\/uploads\/2017\/07\/20170725-08-600x400.jpg 600w, https:\/\/www.wallendorff.com\/belogue\/wp-content\/uploads\/2017\/07\/20170725-08.jpg 850w\" sizes=\"(max-width: 128px) 100vw, 128px\" \/><\/a>\n\t\t\t<\/div>\n\t\t\t\t<figcaption class='wp-caption-text gallery-caption' id='gallery-1-34629'>\n\t\t\t\tPetit Biscuit @ Pal\u00e9o Festival, Nyon, 18\/07\/2017\n\t\t\t\t<\/figcaption><\/figure><figure class='gallery-item'>\n\t\t\t<div class='gallery-icon landscape'>\n\t\t\t\t<a href='https:\/\/www.wallendorff.com\/belogue\/2017\/07\/25\/paleo-festival-2017-jour-1\/paleo-festival-nyon-18072017-5\/'><img loading=\"lazy\" decoding=\"async\" width=\"128\" height=\"85\" src=\"https:\/\/www.wallendorff.com\/belogue\/wp-content\/uploads\/2017\/07\/20170725-09-200x133.jpg\" class=\"attachment-thumbnail size-thumbnail\" alt=\"\" aria-describedby=\"gallery-1-34630\" srcset=\"https:\/\/www.wallendorff.com\/belogue\/wp-content\/uploads\/2017\/07\/20170725-09-200x133.jpg 200w, https:\/\/www.wallendorff.com\/belogue\/wp-content\/uploads\/2017\/07\/20170725-09-820x547.jpg 820w, https:\/\/www.wallendorff.com\/belogue\/wp-content\/uploads\/2017\/07\/20170725-09-300x200.jpg 300w, https:\/\/www.wallendorff.com\/belogue\/wp-content\/uploads\/2017\/07\/20170725-09-600x400.jpg 600w, https:\/\/www.wallendorff.com\/belogue\/wp-content\/uploads\/2017\/07\/20170725-09.jpg 850w\" sizes=\"(max-width: 128px) 100vw, 128px\" \/><\/a>\n\t\t\t<\/div>\n\t\t\t\t<figcaption class='wp-caption-text gallery-caption' id='gallery-1-34630'>\n\t\t\t\tPal\u00e9o Festival, Nyon, 18\/07\/2017\n\t\t\t\t<\/figcaption><\/figure><figure class='gallery-item'>\n\t\t\t<div class='gallery-icon landscape'>\n\t\t\t\t<a href='https:\/\/www.wallendorff.com\/belogue\/2017\/07\/25\/paleo-festival-2017-jour-1\/paleo-festival-nyon-18072017-6\/'><img loading=\"lazy\" decoding=\"async\" width=\"128\" height=\"85\" src=\"https:\/\/www.wallendorff.com\/belogue\/wp-content\/uploads\/2017\/07\/20170725-10-200x133.jpg\" class=\"attachment-thumbnail size-thumbnail\" alt=\"\" aria-describedby=\"gallery-1-34631\" srcset=\"https:\/\/www.wallendorff.com\/belogue\/wp-content\/uploads\/2017\/07\/20170725-10-200x133.jpg 200w, https:\/\/www.wallendorff.com\/belogue\/wp-content\/uploads\/2017\/07\/20170725-10-820x547.jpg 820w, https:\/\/www.wallendorff.com\/belogue\/wp-content\/uploads\/2017\/07\/20170725-10-300x200.jpg 300w, https:\/\/www.wallendorff.com\/belogue\/wp-content\/uploads\/2017\/07\/20170725-10-600x400.jpg 600w, https:\/\/www.wallendorff.com\/belogue\/wp-content\/uploads\/2017\/07\/20170725-10.jpg 850w\" sizes=\"(max-width: 128px) 100vw, 128px\" \/><\/a>\n\t\t\t<\/div>\n\t\t\t\t<figcaption class='wp-caption-text gallery-caption' id='gallery-1-34631'>\n\t\t\t\tPal\u00e9o Festival, Nyon, 18\/07\/2017\n\t\t\t\t<\/figcaption><\/figure><figure class='gallery-item'>\n\t\t\t<div class='gallery-icon landscape'>\n\t\t\t\t<a href='https:\/\/www.wallendorff.com\/belogue\/2017\/07\/25\/paleo-festival-2017-jour-1\/paleo-festival-nyon-18072017-7\/'><img loading=\"lazy\" decoding=\"async\" width=\"128\" height=\"85\" src=\"https:\/\/www.wallendorff.com\/belogue\/wp-content\/uploads\/2017\/07\/20170725-11-200x133.jpg\" class=\"attachment-thumbnail size-thumbnail\" alt=\"\" aria-describedby=\"gallery-1-34632\" srcset=\"https:\/\/www.wallendorff.com\/belogue\/wp-content\/uploads\/2017\/07\/20170725-11-200x133.jpg 200w, https:\/\/www.wallendorff.com\/belogue\/wp-content\/uploads\/2017\/07\/20170725-11-820x547.jpg 820w, https:\/\/www.wallendorff.com\/belogue\/wp-content\/uploads\/2017\/07\/20170725-11-300x200.jpg 300w, https:\/\/www.wallendorff.com\/belogue\/wp-content\/uploads\/2017\/07\/20170725-11-600x400.jpg 600w, https:\/\/www.wallendorff.com\/belogue\/wp-content\/uploads\/2017\/07\/20170725-11.jpg 850w\" sizes=\"(max-width: 128px) 100vw, 128px\" \/><\/a>\n\t\t\t<\/div>\n\t\t\t\t<figcaption class='wp-caption-text gallery-caption' id='gallery-1-34632'>\n\t\t\t\tPal\u00e9o Festival, Nyon, 18\/07\/2017\n\t\t\t\t<\/figcaption><\/figure><figure class='gallery-item'>\n\t\t\t<div class='gallery-icon landscape'>\n\t\t\t\t<a href='https:\/\/www.wallendorff.com\/belogue\/2017\/07\/25\/paleo-festival-2017-jour-1\/the-inspector-cluzo-paleo-festival-nyon-18072017\/'><img loading=\"lazy\" decoding=\"async\" width=\"128\" height=\"85\" src=\"https:\/\/www.wallendorff.com\/belogue\/wp-content\/uploads\/2017\/07\/20170725-12-200x133.jpg\" class=\"attachment-thumbnail size-thumbnail\" alt=\"\" aria-describedby=\"gallery-1-34633\" srcset=\"https:\/\/www.wallendorff.com\/belogue\/wp-content\/uploads\/2017\/07\/20170725-12-200x133.jpg 200w, https:\/\/www.wallendorff.com\/belogue\/wp-content\/uploads\/2017\/07\/20170725-12-820x547.jpg 820w, https:\/\/www.wallendorff.com\/belogue\/wp-content\/uploads\/2017\/07\/20170725-12-300x200.jpg 300w, https:\/\/www.wallendorff.com\/belogue\/wp-content\/uploads\/2017\/07\/20170725-12-600x400.jpg 600w, https:\/\/www.wallendorff.com\/belogue\/wp-content\/uploads\/2017\/07\/20170725-12.jpg 850w\" sizes=\"(max-width: 128px) 100vw, 128px\" \/><\/a>\n\t\t\t<\/div>\n\t\t\t\t<figcaption class='wp-caption-text gallery-caption' id='gallery-1-34633'>\n\t\t\t\tThe Inspector Cluzo @ Pal\u00e9o Festival, Nyon, 18\/07\/2017\n\t\t\t\t<\/figcaption><\/figure><figure class='gallery-item'>\n\t\t\t<div class='gallery-icon landscape'>\n\t\t\t\t<a href='https:\/\/www.wallendorff.com\/belogue\/2017\/07\/25\/paleo-festival-2017-jour-1\/paleo-festival-nyon-18072017-8\/'><img loading=\"lazy\" decoding=\"async\" width=\"128\" height=\"85\" src=\"https:\/\/www.wallendorff.com\/belogue\/wp-content\/uploads\/2017\/07\/20170725-13-200x133.jpg\" class=\"attachment-thumbnail size-thumbnail\" alt=\"\" aria-describedby=\"gallery-1-34634\" srcset=\"https:\/\/www.wallendorff.com\/belogue\/wp-content\/uploads\/2017\/07\/20170725-13-200x133.jpg 200w, https:\/\/www.wallendorff.com\/belogue\/wp-content\/uploads\/2017\/07\/20170725-13-820x547.jpg 820w, https:\/\/www.wallendorff.com\/belogue\/wp-content\/uploads\/2017\/07\/20170725-13-300x200.jpg 300w, https:\/\/www.wallendorff.com\/belogue\/wp-content\/uploads\/2017\/07\/20170725-13-600x400.jpg 600w, https:\/\/www.wallendorff.com\/belogue\/wp-content\/uploads\/2017\/07\/20170725-13.jpg 850w\" sizes=\"(max-width: 128px) 100vw, 128px\" \/><\/a>\n\t\t\t<\/div>\n\t\t\t\t<figcaption class='wp-caption-text gallery-caption' id='gallery-1-34634'>\n\t\t\t\tPal\u00e9o Festival, Nyon, 18\/07\/2017\n\t\t\t\t<\/figcaption><\/figure><figure class='gallery-item'>\n\t\t\t<div class='gallery-icon portrait'>\n\t\t\t\t<a href='https:\/\/www.wallendorff.com\/belogue\/2017\/07\/25\/paleo-festival-2017-jour-1\/the-inspector-cluzo-paleo-festival-nyon-18072017-2\/'><img loading=\"lazy\" decoding=\"async\" width=\"64\" height=\"96\" src=\"https:\/\/www.wallendorff.com\/belogue\/wp-content\/uploads\/2017\/07\/20170725-14-133x200.jpg\" class=\"attachment-thumbnail size-thumbnail\" alt=\"\" aria-describedby=\"gallery-1-34635\" srcset=\"https:\/\/www.wallendorff.com\/belogue\/wp-content\/uploads\/2017\/07\/20170725-14-133x200.jpg 133w, https:\/\/www.wallendorff.com\/belogue\/wp-content\/uploads\/2017\/07\/20170725-14-200x300.jpg 200w, https:\/\/www.wallendorff.com\/belogue\/wp-content\/uploads\/2017\/07\/20170725-14.jpg 567w\" sizes=\"(max-width: 64px) 100vw, 64px\" \/><\/a>\n\t\t\t<\/div>\n\t\t\t\t<figcaption class='wp-caption-text gallery-caption' id='gallery-1-34635'>\n\t\t\t\tThe Inspector Cluzo @ Pal\u00e9o Festival, Nyon, 18\/07\/2017\n\t\t\t\t<\/figcaption><\/figure><figure class='gallery-item'>\n\t\t\t<div class='gallery-icon landscape'>\n\t\t\t\t<a href='https:\/\/www.wallendorff.com\/belogue\/2017\/07\/25\/paleo-festival-2017-jour-1\/the-inspector-cluzo-paleo-festival-nyon-18072017-3\/'><img loading=\"lazy\" decoding=\"async\" width=\"128\" height=\"85\" src=\"https:\/\/www.wallendorff.com\/belogue\/wp-content\/uploads\/2017\/07\/20170725-15-200x133.jpg\" class=\"attachment-thumbnail size-thumbnail\" alt=\"\" aria-describedby=\"gallery-1-34636\" srcset=\"https:\/\/www.wallendorff.com\/belogue\/wp-content\/uploads\/2017\/07\/20170725-15-200x133.jpg 200w, https:\/\/www.wallendorff.com\/belogue\/wp-content\/uploads\/2017\/07\/20170725-15-820x547.jpg 820w, https:\/\/www.wallendorff.com\/belogue\/wp-content\/uploads\/2017\/07\/20170725-15-300x200.jpg 300w, https:\/\/www.wallendorff.com\/belogue\/wp-content\/uploads\/2017\/07\/20170725-15-600x400.jpg 600w, https:\/\/www.wallendorff.com\/belogue\/wp-content\/uploads\/2017\/07\/20170725-15.jpg 850w\" sizes=\"(max-width: 128px) 100vw, 128px\" \/><\/a>\n\t\t\t<\/div>\n\t\t\t\t<figcaption class='wp-caption-text gallery-caption' id='gallery-1-34636'>\n\t\t\t\tThe Inspector Cluzo @ Pal\u00e9o Festival, Nyon, 18\/07\/2017\n\t\t\t\t<\/figcaption><\/figure><figure class='gallery-item'>\n\t\t\t<div class='gallery-icon landscape'>\n\t\t\t\t<a href='https:\/\/www.wallendorff.com\/belogue\/2017\/07\/25\/paleo-festival-2017-jour-1\/the-inspector-cluzo-paleo-festival-nyon-18072017-4\/'><img loading=\"lazy\" decoding=\"async\" width=\"128\" height=\"85\" src=\"https:\/\/www.wallendorff.com\/belogue\/wp-content\/uploads\/2017\/07\/20170725-16-200x133.jpg\" class=\"attachment-thumbnail size-thumbnail\" alt=\"\" aria-describedby=\"gallery-1-34637\" srcset=\"https:\/\/www.wallendorff.com\/belogue\/wp-content\/uploads\/2017\/07\/20170725-16-200x133.jpg 200w, https:\/\/www.wallendorff.com\/belogue\/wp-content\/uploads\/2017\/07\/20170725-16-820x547.jpg 820w, https:\/\/www.wallendorff.com\/belogue\/wp-content\/uploads\/2017\/07\/20170725-16-300x200.jpg 300w, https:\/\/www.wallendorff.com\/belogue\/wp-content\/uploads\/2017\/07\/20170725-16-600x400.jpg 600w, https:\/\/www.wallendorff.com\/belogue\/wp-content\/uploads\/2017\/07\/20170725-16.jpg 850w\" sizes=\"(max-width: 128px) 100vw, 128px\" \/><\/a>\n\t\t\t<\/div>\n\t\t\t\t<figcaption class='wp-caption-text gallery-caption' id='gallery-1-34637'>\n\t\t\t\tThe Inspector Cluzo @ Pal\u00e9o Festival, Nyon, 18\/07\/2017\n\t\t\t\t<\/figcaption><\/figure><figure class='gallery-item'>\n\t\t\t<div class='gallery-icon landscape'>\n\t\t\t\t<a href='https:\/\/www.wallendorff.com\/belogue\/2017\/07\/25\/paleo-festival-2017-jour-1\/the-inspector-cluzo-paleo-festival-nyon-18072017-5\/'><img loading=\"lazy\" decoding=\"async\" width=\"128\" height=\"85\" src=\"https:\/\/www.wallendorff.com\/belogue\/wp-content\/uploads\/2017\/07\/20170725-17-200x133.jpg\" class=\"attachment-thumbnail size-thumbnail\" alt=\"\" aria-describedby=\"gallery-1-34638\" srcset=\"https:\/\/www.wallendorff.com\/belogue\/wp-content\/uploads\/2017\/07\/20170725-17-200x133.jpg 200w, https:\/\/www.wallendorff.com\/belogue\/wp-content\/uploads\/2017\/07\/20170725-17-820x547.jpg 820w, https:\/\/www.wallendorff.com\/belogue\/wp-content\/uploads\/2017\/07\/20170725-17-300x200.jpg 300w, https:\/\/www.wallendorff.com\/belogue\/wp-content\/uploads\/2017\/07\/20170725-17-600x400.jpg 600w, https:\/\/www.wallendorff.com\/belogue\/wp-content\/uploads\/2017\/07\/20170725-17.jpg 850w\" sizes=\"(max-width: 128px) 100vw, 128px\" \/><\/a>\n\t\t\t<\/div>\n\t\t\t\t<figcaption class='wp-caption-text gallery-caption' id='gallery-1-34638'>\n\t\t\t\tThe Inspector Cluzo @ Pal\u00e9o Festival, Nyon, 18\/07\/2017\n\t\t\t\t<\/figcaption><\/figure><figure class='gallery-item'>\n\t\t\t<div class='gallery-icon landscape'>\n\t\t\t\t<a href='https:\/\/www.wallendorff.com\/belogue\/2017\/07\/25\/paleo-festival-2017-jour-1\/paleo-festival-nyon-18072017-9\/'><img loading=\"lazy\" decoding=\"async\" width=\"128\" height=\"85\" src=\"https:\/\/www.wallendorff.com\/belogue\/wp-content\/uploads\/2017\/07\/20170725-18-200x133.jpg\" class=\"attachment-thumbnail size-thumbnail\" alt=\"\" aria-describedby=\"gallery-1-34639\" srcset=\"https:\/\/www.wallendorff.com\/belogue\/wp-content\/uploads\/2017\/07\/20170725-18-200x133.jpg 200w, https:\/\/www.wallendorff.com\/belogue\/wp-content\/uploads\/2017\/07\/20170725-18-820x547.jpg 820w, https:\/\/www.wallendorff.com\/belogue\/wp-content\/uploads\/2017\/07\/20170725-18-300x200.jpg 300w, https:\/\/www.wallendorff.com\/belogue\/wp-content\/uploads\/2017\/07\/20170725-18-600x400.jpg 600w, https:\/\/www.wallendorff.com\/belogue\/wp-content\/uploads\/2017\/07\/20170725-18.jpg 850w\" sizes=\"(max-width: 128px) 100vw, 128px\" \/><\/a>\n\t\t\t<\/div>\n\t\t\t\t<figcaption class='wp-caption-text gallery-caption' id='gallery-1-34639'>\n\t\t\t\tPal\u00e9o Festival, Nyon, 18\/07\/2017\n\t\t\t\t<\/figcaption><\/figure><figure class='gallery-item'>\n\t\t\t<div class='gallery-icon landscape'>\n\t\t\t\t<a href='https:\/\/www.wallendorff.com\/belogue\/2017\/07\/25\/paleo-festival-2017-jour-1\/the-inspector-cluzo-paleo-festival-nyon-18072017-6\/'><img loading=\"lazy\" decoding=\"async\" width=\"128\" height=\"85\" src=\"https:\/\/www.wallendorff.com\/belogue\/wp-content\/uploads\/2017\/07\/20170725-19-200x133.jpg\" class=\"attachment-thumbnail size-thumbnail\" alt=\"\" aria-describedby=\"gallery-1-34640\" srcset=\"https:\/\/www.wallendorff.com\/belogue\/wp-content\/uploads\/2017\/07\/20170725-19-200x133.jpg 200w, https:\/\/www.wallendorff.com\/belogue\/wp-content\/uploads\/2017\/07\/20170725-19-820x547.jpg 820w, https:\/\/www.wallendorff.com\/belogue\/wp-content\/uploads\/2017\/07\/20170725-19-300x200.jpg 300w, https:\/\/www.wallendorff.com\/belogue\/wp-content\/uploads\/2017\/07\/20170725-19-600x400.jpg 600w, https:\/\/www.wallendorff.com\/belogue\/wp-content\/uploads\/2017\/07\/20170725-19.jpg 850w\" sizes=\"(max-width: 128px) 100vw, 128px\" \/><\/a>\n\t\t\t<\/div>\n\t\t\t\t<figcaption class='wp-caption-text gallery-caption' id='gallery-1-34640'>\n\t\t\t\tThe Inspector Cluzo @ Pal\u00e9o Festival, Nyon, 18\/07\/2017\n\t\t\t\t<\/figcaption><\/figure><figure class='gallery-item'>\n\t\t\t<div class='gallery-icon landscape'>\n\t\t\t\t<a href='https:\/\/www.wallendorff.com\/belogue\/2017\/07\/25\/paleo-festival-2017-jour-1\/the-inspector-cluzo-paleo-festival-nyon-18072017-7\/'><img loading=\"lazy\" decoding=\"async\" width=\"128\" height=\"85\" src=\"https:\/\/www.wallendorff.com\/belogue\/wp-content\/uploads\/2017\/07\/20170725-20-200x133.jpg\" class=\"attachment-thumbnail size-thumbnail\" alt=\"\" aria-describedby=\"gallery-1-34641\" srcset=\"https:\/\/www.wallendorff.com\/belogue\/wp-content\/uploads\/2017\/07\/20170725-20-200x133.jpg 200w, https:\/\/www.wallendorff.com\/belogue\/wp-content\/uploads\/2017\/07\/20170725-20-820x547.jpg 820w, https:\/\/www.wallendorff.com\/belogue\/wp-content\/uploads\/2017\/07\/20170725-20-300x200.jpg 300w, https:\/\/www.wallendorff.com\/belogue\/wp-content\/uploads\/2017\/07\/20170725-20-600x400.jpg 600w, https:\/\/www.wallendorff.com\/belogue\/wp-content\/uploads\/2017\/07\/20170725-20.jpg 850w\" sizes=\"(max-width: 128px) 100vw, 128px\" \/><\/a>\n\t\t\t<\/div>\n\t\t\t\t<figcaption class='wp-caption-text gallery-caption' id='gallery-1-34641'>\n\t\t\t\tThe Inspector Cluzo @ Pal\u00e9o Festival, Nyon, 18\/07\/2017\n\t\t\t\t<\/figcaption><\/figure><figure class='gallery-item'>\n\t\t\t<div class='gallery-icon landscape'>\n\t\t\t\t<a href='https:\/\/www.wallendorff.com\/belogue\/2017\/07\/25\/paleo-festival-2017-jour-1\/paleo-festival-nyon-18072017-10\/'><img loading=\"lazy\" decoding=\"async\" width=\"128\" height=\"85\" src=\"https:\/\/www.wallendorff.com\/belogue\/wp-content\/uploads\/2017\/07\/20170725-21-200x133.jpg\" class=\"attachment-thumbnail size-thumbnail\" alt=\"\" aria-describedby=\"gallery-1-34642\" srcset=\"https:\/\/www.wallendorff.com\/belogue\/wp-content\/uploads\/2017\/07\/20170725-21-200x133.jpg 200w, https:\/\/www.wallendorff.com\/belogue\/wp-content\/uploads\/2017\/07\/20170725-21-820x547.jpg 820w, https:\/\/www.wallendorff.com\/belogue\/wp-content\/uploads\/2017\/07\/20170725-21-300x200.jpg 300w, https:\/\/www.wallendorff.com\/belogue\/wp-content\/uploads\/2017\/07\/20170725-21-600x400.jpg 600w, https:\/\/www.wallendorff.com\/belogue\/wp-content\/uploads\/2017\/07\/20170725-21.jpg 850w\" sizes=\"(max-width: 128px) 100vw, 128px\" \/><\/a>\n\t\t\t<\/div>\n\t\t\t\t<figcaption class='wp-caption-text gallery-caption' id='gallery-1-34642'>\n\t\t\t\tPal\u00e9o Festival, Nyon, 18\/07\/2017\n\t\t\t\t<\/figcaption><\/figure><figure class='gallery-item'>\n\t\t\t<div class='gallery-icon landscape'>\n\t\t\t\t<a href='https:\/\/www.wallendorff.com\/belogue\/2017\/07\/25\/paleo-festival-2017-jour-1\/the-inspector-cluzo-paleo-festival-nyon-18072017-8\/'><img loading=\"lazy\" decoding=\"async\" width=\"128\" height=\"85\" src=\"https:\/\/www.wallendorff.com\/belogue\/wp-content\/uploads\/2017\/07\/20170725-22-200x133.jpg\" class=\"attachment-thumbnail size-thumbnail\" alt=\"\" aria-describedby=\"gallery-1-34643\" srcset=\"https:\/\/www.wallendorff.com\/belogue\/wp-content\/uploads\/2017\/07\/20170725-22-200x133.jpg 200w, https:\/\/www.wallendorff.com\/belogue\/wp-content\/uploads\/2017\/07\/20170725-22-820x547.jpg 820w, https:\/\/www.wallendorff.com\/belogue\/wp-content\/uploads\/2017\/07\/20170725-22-300x200.jpg 300w, https:\/\/www.wallendorff.com\/belogue\/wp-content\/uploads\/2017\/07\/20170725-22-600x400.jpg 600w, https:\/\/www.wallendorff.com\/belogue\/wp-content\/uploads\/2017\/07\/20170725-22.jpg 850w\" sizes=\"(max-width: 128px) 100vw, 128px\" \/><\/a>\n\t\t\t<\/div>\n\t\t\t\t<figcaption class='wp-caption-text gallery-caption' id='gallery-1-34643'>\n\t\t\t\tThe Inspector Cluzo @ Pal\u00e9o Festival, Nyon, 18\/07\/2017\n\t\t\t\t<\/figcaption><\/figure><figure class='gallery-item'>\n\t\t\t<div class='gallery-icon landscape'>\n\t\t\t\t<a href='https:\/\/www.wallendorff.com\/belogue\/2017\/07\/25\/paleo-festival-2017-jour-1\/sate-paleo-festival-nyon-18072017\/'><img loading=\"lazy\" decoding=\"async\" width=\"128\" height=\"85\" src=\"https:\/\/www.wallendorff.com\/belogue\/wp-content\/uploads\/2017\/07\/20170725-23-200x133.jpg\" class=\"attachment-thumbnail size-thumbnail\" alt=\"\" aria-describedby=\"gallery-1-34644\" srcset=\"https:\/\/www.wallendorff.com\/belogue\/wp-content\/uploads\/2017\/07\/20170725-23-200x133.jpg 200w, https:\/\/www.wallendorff.com\/belogue\/wp-content\/uploads\/2017\/07\/20170725-23-820x547.jpg 820w, https:\/\/www.wallendorff.com\/belogue\/wp-content\/uploads\/2017\/07\/20170725-23-300x200.jpg 300w, https:\/\/www.wallendorff.com\/belogue\/wp-content\/uploads\/2017\/07\/20170725-23-600x400.jpg 600w, https:\/\/www.wallendorff.com\/belogue\/wp-content\/uploads\/2017\/07\/20170725-23.jpg 850w\" sizes=\"(max-width: 128px) 100vw, 128px\" \/><\/a>\n\t\t\t<\/div>\n\t\t\t\t<figcaption class='wp-caption-text gallery-caption' id='gallery-1-34644'>\n\t\t\t\tSate @ Pal\u00e9o Festival, Nyon, 18\/07\/2017\n\t\t\t\t<\/figcaption><\/figure><figure class='gallery-item'>\n\t\t\t<div class='gallery-icon landscape'>\n\t\t\t\t<a href='https:\/\/www.wallendorff.com\/belogue\/2017\/07\/25\/paleo-festival-2017-jour-1\/sate-paleo-festival-nyon-18072017-2\/'><img loading=\"lazy\" decoding=\"async\" width=\"128\" height=\"85\" src=\"https:\/\/www.wallendorff.com\/belogue\/wp-content\/uploads\/2017\/07\/20170725-24-200x133.jpg\" class=\"attachment-thumbnail size-thumbnail\" alt=\"\" aria-describedby=\"gallery-1-34645\" srcset=\"https:\/\/www.wallendorff.com\/belogue\/wp-content\/uploads\/2017\/07\/20170725-24-200x133.jpg 200w, https:\/\/www.wallendorff.com\/belogue\/wp-content\/uploads\/2017\/07\/20170725-24-820x547.jpg 820w, https:\/\/www.wallendorff.com\/belogue\/wp-content\/uploads\/2017\/07\/20170725-24-300x200.jpg 300w, https:\/\/www.wallendorff.com\/belogue\/wp-content\/uploads\/2017\/07\/20170725-24-600x400.jpg 600w, https:\/\/www.wallendorff.com\/belogue\/wp-content\/uploads\/2017\/07\/20170725-24.jpg 850w\" sizes=\"(max-width: 128px) 100vw, 128px\" \/><\/a>\n\t\t\t<\/div>\n\t\t\t\t<figcaption class='wp-caption-text gallery-caption' id='gallery-1-34645'>\n\t\t\t\tSate @ Pal\u00e9o Festival, Nyon, 18\/07\/2017\n\t\t\t\t<\/figcaption><\/figure><figure class='gallery-item'>\n\t\t\t<div class='gallery-icon landscape'>\n\t\t\t\t<a href='https:\/\/www.wallendorff.com\/belogue\/2017\/07\/25\/paleo-festival-2017-jour-1\/sate-paleo-festival-nyon-18072017-3\/'><img loading=\"lazy\" decoding=\"async\" width=\"128\" height=\"85\" src=\"https:\/\/www.wallendorff.com\/belogue\/wp-content\/uploads\/2017\/07\/20170725-25-200x133.jpg\" class=\"attachment-thumbnail size-thumbnail\" alt=\"\" aria-describedby=\"gallery-1-34646\" srcset=\"https:\/\/www.wallendorff.com\/belogue\/wp-content\/uploads\/2017\/07\/20170725-25-200x133.jpg 200w, https:\/\/www.wallendorff.com\/belogue\/wp-content\/uploads\/2017\/07\/20170725-25-820x547.jpg 820w, https:\/\/www.wallendorff.com\/belogue\/wp-content\/uploads\/2017\/07\/20170725-25-300x200.jpg 300w, https:\/\/www.wallendorff.com\/belogue\/wp-content\/uploads\/2017\/07\/20170725-25-600x400.jpg 600w, https:\/\/www.wallendorff.com\/belogue\/wp-content\/uploads\/2017\/07\/20170725-25.jpg 850w\" sizes=\"(max-width: 128px) 100vw, 128px\" \/><\/a>\n\t\t\t<\/div>\n\t\t\t\t<figcaption class='wp-caption-text gallery-caption' id='gallery-1-34646'>\n\t\t\t\tSate @ Pal\u00e9o Festival, Nyon, 18\/07\/2017\n\t\t\t\t<\/figcaption><\/figure><figure class='gallery-item'>\n\t\t\t<div class='gallery-icon portrait'>\n\t\t\t\t<a href='https:\/\/www.wallendorff.com\/belogue\/2017\/07\/25\/paleo-festival-2017-jour-1\/sate-paleo-festival-nyon-18072017-4\/'><img loading=\"lazy\" decoding=\"async\" width=\"64\" height=\"96\" src=\"https:\/\/www.wallendorff.com\/belogue\/wp-content\/uploads\/2017\/07\/20170725-26-133x200.jpg\" class=\"attachment-thumbnail size-thumbnail\" alt=\"\" aria-describedby=\"gallery-1-34647\" srcset=\"https:\/\/www.wallendorff.com\/belogue\/wp-content\/uploads\/2017\/07\/20170725-26-133x200.jpg 133w, https:\/\/www.wallendorff.com\/belogue\/wp-content\/uploads\/2017\/07\/20170725-26-200x300.jpg 200w, https:\/\/www.wallendorff.com\/belogue\/wp-content\/uploads\/2017\/07\/20170725-26.jpg 567w\" sizes=\"(max-width: 64px) 100vw, 64px\" \/><\/a>\n\t\t\t<\/div>\n\t\t\t\t<figcaption class='wp-caption-text gallery-caption' id='gallery-1-34647'>\n\t\t\t\tSate @ Pal\u00e9o Festival, Nyon, 18\/07\/2017\n\t\t\t\t<\/figcaption><\/figure><figure class='gallery-item'>\n\t\t\t<div class='gallery-icon landscape'>\n\t\t\t\t<a href='https:\/\/www.wallendorff.com\/belogue\/2017\/07\/25\/paleo-festival-2017-jour-1\/paleo-festival-nyon-18072017-11\/'><img loading=\"lazy\" decoding=\"async\" width=\"128\" height=\"85\" src=\"https:\/\/www.wallendorff.com\/belogue\/wp-content\/uploads\/2017\/07\/20170725-27-200x133.jpg\" class=\"attachment-thumbnail size-thumbnail\" alt=\"\" aria-describedby=\"gallery-1-34648\" srcset=\"https:\/\/www.wallendorff.com\/belogue\/wp-content\/uploads\/2017\/07\/20170725-27-200x133.jpg 200w, https:\/\/www.wallendorff.com\/belogue\/wp-content\/uploads\/2017\/07\/20170725-27-820x547.jpg 820w, https:\/\/www.wallendorff.com\/belogue\/wp-content\/uploads\/2017\/07\/20170725-27-300x200.jpg 300w, https:\/\/www.wallendorff.com\/belogue\/wp-content\/uploads\/2017\/07\/20170725-27-600x400.jpg 600w, https:\/\/www.wallendorff.com\/belogue\/wp-content\/uploads\/2017\/07\/20170725-27.jpg 850w\" sizes=\"(max-width: 128px) 100vw, 128px\" \/><\/a>\n\t\t\t<\/div>\n\t\t\t\t<figcaption class='wp-caption-text gallery-caption' id='gallery-1-34648'>\n\t\t\t\tPal\u00e9o Festival, Nyon, 18\/07\/2017\n\t\t\t\t<\/figcaption><\/figure><figure class='gallery-item'>\n\t\t\t<div class='gallery-icon landscape'>\n\t\t\t\t<a href='https:\/\/www.wallendorff.com\/belogue\/2017\/07\/25\/paleo-festival-2017-jour-1\/sate-paleo-festival-nyon-18072017-5\/'><img loading=\"lazy\" decoding=\"async\" width=\"128\" height=\"85\" src=\"https:\/\/www.wallendorff.com\/belogue\/wp-content\/uploads\/2017\/07\/20170725-28-200x133.jpg\" class=\"attachment-thumbnail size-thumbnail\" alt=\"\" aria-describedby=\"gallery-1-34649\" srcset=\"https:\/\/www.wallendorff.com\/belogue\/wp-content\/uploads\/2017\/07\/20170725-28-200x133.jpg 200w, https:\/\/www.wallendorff.com\/belogue\/wp-content\/uploads\/2017\/07\/20170725-28-820x547.jpg 820w, https:\/\/www.wallendorff.com\/belogue\/wp-content\/uploads\/2017\/07\/20170725-28-300x200.jpg 300w, https:\/\/www.wallendorff.com\/belogue\/wp-content\/uploads\/2017\/07\/20170725-28-600x400.jpg 600w, https:\/\/www.wallendorff.com\/belogue\/wp-content\/uploads\/2017\/07\/20170725-28.jpg 850w\" sizes=\"(max-width: 128px) 100vw, 128px\" \/><\/a>\n\t\t\t<\/div>\n\t\t\t\t<figcaption class='wp-caption-text gallery-caption' id='gallery-1-34649'>\n\t\t\t\tSate @ Pal\u00e9o Festival, Nyon, 18\/07\/2017\n\t\t\t\t<\/figcaption><\/figure><figure class='gallery-item'>\n\t\t\t<div class='gallery-icon landscape'>\n\t\t\t\t<a href='https:\/\/www.wallendorff.com\/belogue\/2017\/07\/25\/paleo-festival-2017-jour-1\/sate-paleo-festival-nyon-18072017-6\/'><img loading=\"lazy\" decoding=\"async\" width=\"128\" height=\"85\" src=\"https:\/\/www.wallendorff.com\/belogue\/wp-content\/uploads\/2017\/07\/20170725-29-200x133.jpg\" class=\"attachment-thumbnail size-thumbnail\" alt=\"\" aria-describedby=\"gallery-1-34650\" srcset=\"https:\/\/www.wallendorff.com\/belogue\/wp-content\/uploads\/2017\/07\/20170725-29-200x133.jpg 200w, https:\/\/www.wallendorff.com\/belogue\/wp-content\/uploads\/2017\/07\/20170725-29-820x547.jpg 820w, https:\/\/www.wallendorff.com\/belogue\/wp-content\/uploads\/2017\/07\/20170725-29-300x200.jpg 300w, https:\/\/www.wallendorff.com\/belogue\/wp-content\/uploads\/2017\/07\/20170725-29-600x400.jpg 600w, https:\/\/www.wallendorff.com\/belogue\/wp-content\/uploads\/2017\/07\/20170725-29.jpg 850w\" sizes=\"(max-width: 128px) 100vw, 128px\" \/><\/a>\n\t\t\t<\/div>\n\t\t\t\t<figcaption class='wp-caption-text gallery-caption' id='gallery-1-34650'>\n\t\t\t\tSate @ Pal\u00e9o Festival, Nyon, 18\/07\/2017\n\t\t\t\t<\/figcaption><\/figure><figure class='gallery-item'>\n\t\t\t<div class='gallery-icon portrait'>\n\t\t\t\t<a href='https:\/\/www.wallendorff.com\/belogue\/2017\/07\/25\/paleo-festival-2017-jour-1\/sate-paleo-festival-nyon-18072017-7\/'><img loading=\"lazy\" decoding=\"async\" width=\"64\" height=\"96\" src=\"https:\/\/www.wallendorff.com\/belogue\/wp-content\/uploads\/2017\/07\/20170725-30-133x200.jpg\" class=\"attachment-thumbnail size-thumbnail\" alt=\"\" aria-describedby=\"gallery-1-34651\" srcset=\"https:\/\/www.wallendorff.com\/belogue\/wp-content\/uploads\/2017\/07\/20170725-30-133x200.jpg 133w, https:\/\/www.wallendorff.com\/belogue\/wp-content\/uploads\/2017\/07\/20170725-30-200x300.jpg 200w, https:\/\/www.wallendorff.com\/belogue\/wp-content\/uploads\/2017\/07\/20170725-30.jpg 567w\" sizes=\"(max-width: 64px) 100vw, 64px\" \/><\/a>\n\t\t\t<\/div>\n\t\t\t\t<figcaption class='wp-caption-text gallery-caption' id='gallery-1-34651'>\n\t\t\t\tSate @ Pal\u00e9o Festival, Nyon, 18\/07\/2017\n\t\t\t\t<\/figcaption><\/figure><figure class='gallery-item'>\n\t\t\t<div class='gallery-icon portrait'>\n\t\t\t\t<a href='https:\/\/www.wallendorff.com\/belogue\/2017\/07\/25\/paleo-festival-2017-jour-1\/barbagallo-paleo-festival-nyon-18072017\/'><img loading=\"lazy\" decoding=\"async\" width=\"64\" height=\"96\" src=\"https:\/\/www.wallendorff.com\/belogue\/wp-content\/uploads\/2017\/07\/20170725-31-133x200.jpg\" class=\"attachment-thumbnail size-thumbnail\" alt=\"\" aria-describedby=\"gallery-1-34652\" srcset=\"https:\/\/www.wallendorff.com\/belogue\/wp-content\/uploads\/2017\/07\/20170725-31-133x200.jpg 133w, https:\/\/www.wallendorff.com\/belogue\/wp-content\/uploads\/2017\/07\/20170725-31-200x300.jpg 200w, https:\/\/www.wallendorff.com\/belogue\/wp-content\/uploads\/2017\/07\/20170725-31.jpg 567w\" sizes=\"(max-width: 64px) 100vw, 64px\" \/><\/a>\n\t\t\t<\/div>\n\t\t\t\t<figcaption class='wp-caption-text gallery-caption' id='gallery-1-34652'>\n\t\t\t\tBarbagallo @ Pal\u00e9o Festival, Nyon, 18\/07\/2017\n\t\t\t\t<\/figcaption><\/figure><figure class='gallery-item'>\n\t\t\t<div class='gallery-icon landscape'>\n\t\t\t\t<a href='https:\/\/www.wallendorff.com\/belogue\/2017\/07\/25\/paleo-festival-2017-jour-1\/paleo-festival-nyon-18072017-12\/'><img loading=\"lazy\" decoding=\"async\" width=\"128\" height=\"85\" src=\"https:\/\/www.wallendorff.com\/belogue\/wp-content\/uploads\/2017\/07\/20170725-32-200x133.jpg\" class=\"attachment-thumbnail size-thumbnail\" alt=\"\" aria-describedby=\"gallery-1-34653\" srcset=\"https:\/\/www.wallendorff.com\/belogue\/wp-content\/uploads\/2017\/07\/20170725-32-200x133.jpg 200w, https:\/\/www.wallendorff.com\/belogue\/wp-content\/uploads\/2017\/07\/20170725-32-820x547.jpg 820w, https:\/\/www.wallendorff.com\/belogue\/wp-content\/uploads\/2017\/07\/20170725-32-300x200.jpg 300w, https:\/\/www.wallendorff.com\/belogue\/wp-content\/uploads\/2017\/07\/20170725-32-600x400.jpg 600w, https:\/\/www.wallendorff.com\/belogue\/wp-content\/uploads\/2017\/07\/20170725-32.jpg 850w\" sizes=\"(max-width: 128px) 100vw, 128px\" \/><\/a>\n\t\t\t<\/div>\n\t\t\t\t<figcaption class='wp-caption-text gallery-caption' id='gallery-1-34653'>\n\t\t\t\tPal\u00e9o Festival, Nyon, 18\/07\/2017\n\t\t\t\t<\/figcaption><\/figure><figure class='gallery-item'>\n\t\t\t<div class='gallery-icon landscape'>\n\t\t\t\t<a href='https:\/\/www.wallendorff.com\/belogue\/2017\/07\/25\/paleo-festival-2017-jour-1\/barbagallo-paleo-festival-nyon-18072017-2\/'><img loading=\"lazy\" decoding=\"async\" width=\"128\" height=\"85\" src=\"https:\/\/www.wallendorff.com\/belogue\/wp-content\/uploads\/2017\/07\/20170725-33-200x133.jpg\" class=\"attachment-thumbnail size-thumbnail\" alt=\"\" aria-describedby=\"gallery-1-34654\" srcset=\"https:\/\/www.wallendorff.com\/belogue\/wp-content\/uploads\/2017\/07\/20170725-33-200x133.jpg 200w, https:\/\/www.wallendorff.com\/belogue\/wp-content\/uploads\/2017\/07\/20170725-33-820x547.jpg 820w, https:\/\/www.wallendorff.com\/belogue\/wp-content\/uploads\/2017\/07\/20170725-33-300x200.jpg 300w, https:\/\/www.wallendorff.com\/belogue\/wp-content\/uploads\/2017\/07\/20170725-33-600x400.jpg 600w, https:\/\/www.wallendorff.com\/belogue\/wp-content\/uploads\/2017\/07\/20170725-33.jpg 850w\" sizes=\"(max-width: 128px) 100vw, 128px\" \/><\/a>\n\t\t\t<\/div>\n\t\t\t\t<figcaption class='wp-caption-text gallery-caption' id='gallery-1-34654'>\n\t\t\t\tBarbagallo @ Pal\u00e9o Festival, Nyon, 18\/07\/2017\n\t\t\t\t<\/figcaption><\/figure><figure class='gallery-item'>\n\t\t\t<div class='gallery-icon landscape'>\n\t\t\t\t<a href='https:\/\/www.wallendorff.com\/belogue\/2017\/07\/25\/paleo-festival-2017-jour-1\/barbagallo-paleo-festival-nyon-18072017-3\/'><img loading=\"lazy\" decoding=\"async\" width=\"128\" height=\"85\" src=\"https:\/\/www.wallendorff.com\/belogue\/wp-content\/uploads\/2017\/07\/20170725-34-200x133.jpg\" class=\"attachment-thumbnail size-thumbnail\" alt=\"\" aria-describedby=\"gallery-1-34655\" srcset=\"https:\/\/www.wallendorff.com\/belogue\/wp-content\/uploads\/2017\/07\/20170725-34-200x133.jpg 200w, https:\/\/www.wallendorff.com\/belogue\/wp-content\/uploads\/2017\/07\/20170725-34-820x547.jpg 820w, https:\/\/www.wallendorff.com\/belogue\/wp-content\/uploads\/2017\/07\/20170725-34-300x200.jpg 300w, https:\/\/www.wallendorff.com\/belogue\/wp-content\/uploads\/2017\/07\/20170725-34-600x400.jpg 600w, https:\/\/www.wallendorff.com\/belogue\/wp-content\/uploads\/2017\/07\/20170725-34.jpg 850w\" sizes=\"(max-width: 128px) 100vw, 128px\" \/><\/a>\n\t\t\t<\/div>\n\t\t\t\t<figcaption class='wp-caption-text gallery-caption' id='gallery-1-34655'>\n\t\t\t\tBarbagallo @ Pal\u00e9o Festival, Nyon, 18\/07\/2017\n\t\t\t\t<\/figcaption><\/figure><figure class='gallery-item'>\n\t\t\t<div class='gallery-icon portrait'>\n\t\t\t\t<a href='https:\/\/www.wallendorff.com\/belogue\/2017\/07\/25\/paleo-festival-2017-jour-1\/paleo-festival-nyon-18072017-13\/'><img loading=\"lazy\" decoding=\"async\" width=\"64\" height=\"96\" src=\"https:\/\/www.wallendorff.com\/belogue\/wp-content\/uploads\/2017\/07\/20170725-35-133x200.jpg\" class=\"attachment-thumbnail size-thumbnail\" alt=\"\" aria-describedby=\"gallery-1-34656\" srcset=\"https:\/\/www.wallendorff.com\/belogue\/wp-content\/uploads\/2017\/07\/20170725-35-133x200.jpg 133w, https:\/\/www.wallendorff.com\/belogue\/wp-content\/uploads\/2017\/07\/20170725-35-200x300.jpg 200w, https:\/\/www.wallendorff.com\/belogue\/wp-content\/uploads\/2017\/07\/20170725-35.jpg 567w\" sizes=\"(max-width: 64px) 100vw, 64px\" \/><\/a>\n\t\t\t<\/div>\n\t\t\t\t<figcaption class='wp-caption-text gallery-caption' id='gallery-1-34656'>\n\t\t\t\tPal\u00e9o Festival, Nyon, 18\/07\/2017\n\t\t\t\t<\/figcaption><\/figure><figure class='gallery-item'>\n\t\t\t<div class='gallery-icon landscape'>\n\t\t\t\t<a href='https:\/\/www.wallendorff.com\/belogue\/2017\/07\/25\/paleo-festival-2017-jour-1\/paleo-festival-nyon-18072017-14\/'><img loading=\"lazy\" decoding=\"async\" width=\"128\" height=\"85\" src=\"https:\/\/www.wallendorff.com\/belogue\/wp-content\/uploads\/2017\/07\/20170725-36-200x133.jpg\" class=\"attachment-thumbnail size-thumbnail\" alt=\"\" aria-describedby=\"gallery-1-34657\" srcset=\"https:\/\/www.wallendorff.com\/belogue\/wp-content\/uploads\/2017\/07\/20170725-36-200x133.jpg 200w, https:\/\/www.wallendorff.com\/belogue\/wp-content\/uploads\/2017\/07\/20170725-36-820x547.jpg 820w, https:\/\/www.wallendorff.com\/belogue\/wp-content\/uploads\/2017\/07\/20170725-36-300x200.jpg 300w, https:\/\/www.wallendorff.com\/belogue\/wp-content\/uploads\/2017\/07\/20170725-36-600x400.jpg 600w, https:\/\/www.wallendorff.com\/belogue\/wp-content\/uploads\/2017\/07\/20170725-36.jpg 850w\" sizes=\"(max-width: 128px) 100vw, 128px\" \/><\/a>\n\t\t\t<\/div>\n\t\t\t\t<figcaption class='wp-caption-text gallery-caption' id='gallery-1-34657'>\n\t\t\t\tPal\u00e9o Festival, Nyon, 18\/07\/2017\n\t\t\t\t<\/figcaption><\/figure><figure class='gallery-item'>\n\t\t\t<div class='gallery-icon landscape'>\n\t\t\t\t<a href='https:\/\/www.wallendorff.com\/belogue\/2017\/07\/25\/paleo-festival-2017-jour-1\/paleo-festival-nyon-18072017-15\/'><img loading=\"lazy\" decoding=\"async\" width=\"128\" height=\"85\" src=\"https:\/\/www.wallendorff.com\/belogue\/wp-content\/uploads\/2017\/07\/20170725-37-200x133.jpg\" class=\"attachment-thumbnail size-thumbnail\" alt=\"\" aria-describedby=\"gallery-1-34658\" srcset=\"https:\/\/www.wallendorff.com\/belogue\/wp-content\/uploads\/2017\/07\/20170725-37-200x133.jpg 200w, https:\/\/www.wallendorff.com\/belogue\/wp-content\/uploads\/2017\/07\/20170725-37-820x547.jpg 820w, https:\/\/www.wallendorff.com\/belogue\/wp-content\/uploads\/2017\/07\/20170725-37-300x200.jpg 300w, https:\/\/www.wallendorff.com\/belogue\/wp-content\/uploads\/2017\/07\/20170725-37-600x400.jpg 600w, https:\/\/www.wallendorff.com\/belogue\/wp-content\/uploads\/2017\/07\/20170725-37.jpg 850w\" sizes=\"(max-width: 128px) 100vw, 128px\" \/><\/a>\n\t\t\t<\/div>\n\t\t\t\t<figcaption class='wp-caption-text gallery-caption' id='gallery-1-34658'>\n\t\t\t\tPal\u00e9o Festival, Nyon, 18\/07\/2017\n\t\t\t\t<\/figcaption><\/figure><figure class='gallery-item'>\n\t\t\t<div class='gallery-icon portrait'>\n\t\t\t\t<a href='https:\/\/www.wallendorff.com\/belogue\/2017\/07\/25\/paleo-festival-2017-jour-1\/paleo-festival-nyon-18072017-16\/'><img loading=\"lazy\" decoding=\"async\" width=\"64\" height=\"96\" src=\"https:\/\/www.wallendorff.com\/belogue\/wp-content\/uploads\/2017\/07\/20170725-38-133x200.jpg\" class=\"attachment-thumbnail size-thumbnail\" alt=\"\" aria-describedby=\"gallery-1-34659\" srcset=\"https:\/\/www.wallendorff.com\/belogue\/wp-content\/uploads\/2017\/07\/20170725-38-133x200.jpg 133w, https:\/\/www.wallendorff.com\/belogue\/wp-content\/uploads\/2017\/07\/20170725-38-200x300.jpg 200w, https:\/\/www.wallendorff.com\/belogue\/wp-content\/uploads\/2017\/07\/20170725-38.jpg 567w\" sizes=\"(max-width: 64px) 100vw, 64px\" \/><\/a>\n\t\t\t<\/div>\n\t\t\t\t<figcaption class='wp-caption-text gallery-caption' id='gallery-1-34659'>\n\t\t\t\tPal\u00e9o Festival, Nyon, 18\/07\/2017\n\t\t\t\t<\/figcaption><\/figure><figure class='gallery-item'>\n\t\t\t<div class='gallery-icon portrait'>\n\t\t\t\t<a href='https:\/\/www.wallendorff.com\/belogue\/2017\/07\/25\/paleo-festival-2017-jour-1\/paleo-festival-nyon-18072017-17\/'><img loading=\"lazy\" decoding=\"async\" width=\"64\" height=\"96\" src=\"https:\/\/www.wallendorff.com\/belogue\/wp-content\/uploads\/2017\/07\/20170725-39-133x200.jpg\" class=\"attachment-thumbnail size-thumbnail\" alt=\"\" aria-describedby=\"gallery-1-34660\" srcset=\"https:\/\/www.wallendorff.com\/belogue\/wp-content\/uploads\/2017\/07\/20170725-39-133x200.jpg 133w, https:\/\/www.wallendorff.com\/belogue\/wp-content\/uploads\/2017\/07\/20170725-39-200x300.jpg 200w, https:\/\/www.wallendorff.com\/belogue\/wp-content\/uploads\/2017\/07\/20170725-39.jpg 567w\" sizes=\"(max-width: 64px) 100vw, 64px\" \/><\/a>\n\t\t\t<\/div>\n\t\t\t\t<figcaption class='wp-caption-text gallery-caption' id='gallery-1-34660'>\n\t\t\t\tPal\u00e9o Festival, Nyon, 18\/07\/2017\n\t\t\t\t<\/figcaption><\/figure><figure class='gallery-item'>\n\t\t\t<div class='gallery-icon landscape'>\n\t\t\t\t<a href='https:\/\/www.wallendorff.com\/belogue\/2017\/07\/25\/paleo-festival-2017-jour-1\/foals-paleo-festival-nyon-18072017\/'><img loading=\"lazy\" decoding=\"async\" width=\"128\" height=\"85\" src=\"https:\/\/www.wallendorff.com\/belogue\/wp-content\/uploads\/2017\/07\/20170725-40-200x133.jpg\" class=\"attachment-thumbnail size-thumbnail\" alt=\"\" aria-describedby=\"gallery-1-34661\" srcset=\"https:\/\/www.wallendorff.com\/belogue\/wp-content\/uploads\/2017\/07\/20170725-40-200x133.jpg 200w, https:\/\/www.wallendorff.com\/belogue\/wp-content\/uploads\/2017\/07\/20170725-40-820x547.jpg 820w, https:\/\/www.wallendorff.com\/belogue\/wp-content\/uploads\/2017\/07\/20170725-40-300x200.jpg 300w, https:\/\/www.wallendorff.com\/belogue\/wp-content\/uploads\/2017\/07\/20170725-40-600x400.jpg 600w, https:\/\/www.wallendorff.com\/belogue\/wp-content\/uploads\/2017\/07\/20170725-40.jpg 850w\" sizes=\"(max-width: 128px) 100vw, 128px\" \/><\/a>\n\t\t\t<\/div>\n\t\t\t\t<figcaption class='wp-caption-text gallery-caption' id='gallery-1-34661'>\n\t\t\t\tFoals @ Pal\u00e9o Festival, Nyon, 18\/07\/2017\n\t\t\t\t<\/figcaption><\/figure><figure class='gallery-item'>\n\t\t\t<div class='gallery-icon landscape'>\n\t\t\t\t<a href='https:\/\/www.wallendorff.com\/belogue\/2017\/07\/25\/paleo-festival-2017-jour-1\/paleo-festival-nyon-18072017-18\/'><img loading=\"lazy\" decoding=\"async\" width=\"128\" height=\"85\" src=\"https:\/\/www.wallendorff.com\/belogue\/wp-content\/uploads\/2017\/07\/20170725-41-200x133.jpg\" class=\"attachment-thumbnail size-thumbnail\" alt=\"\" aria-describedby=\"gallery-1-34662\" srcset=\"https:\/\/www.wallendorff.com\/belogue\/wp-content\/uploads\/2017\/07\/20170725-41-200x133.jpg 200w, https:\/\/www.wallendorff.com\/belogue\/wp-content\/uploads\/2017\/07\/20170725-41-820x547.jpg 820w, https:\/\/www.wallendorff.com\/belogue\/wp-content\/uploads\/2017\/07\/20170725-41-300x200.jpg 300w, https:\/\/www.wallendorff.com\/belogue\/wp-content\/uploads\/2017\/07\/20170725-41-600x400.jpg 600w, https:\/\/www.wallendorff.com\/belogue\/wp-content\/uploads\/2017\/07\/20170725-41.jpg 850w\" sizes=\"(max-width: 128px) 100vw, 128px\" \/><\/a>\n\t\t\t<\/div>\n\t\t\t\t<figcaption class='wp-caption-text gallery-caption' id='gallery-1-34662'>\n\t\t\t\tPal\u00e9o Festival, Nyon, 18\/07\/2017\n\t\t\t\t<\/figcaption><\/figure><figure class='gallery-item'>\n\t\t\t<div class='gallery-icon landscape'>\n\t\t\t\t<a href='https:\/\/www.wallendorff.com\/belogue\/2017\/07\/25\/paleo-festival-2017-jour-1\/foals-paleo-festival-nyon-18072017-2\/'><img loading=\"lazy\" decoding=\"async\" width=\"128\" height=\"85\" src=\"https:\/\/www.wallendorff.com\/belogue\/wp-content\/uploads\/2017\/07\/20170725-42-200x133.jpg\" class=\"attachment-thumbnail size-thumbnail\" alt=\"\" aria-describedby=\"gallery-1-34663\" srcset=\"https:\/\/www.wallendorff.com\/belogue\/wp-content\/uploads\/2017\/07\/20170725-42-200x133.jpg 200w, https:\/\/www.wallendorff.com\/belogue\/wp-content\/uploads\/2017\/07\/20170725-42-820x547.jpg 820w, https:\/\/www.wallendorff.com\/belogue\/wp-content\/uploads\/2017\/07\/20170725-42-300x200.jpg 300w, https:\/\/www.wallendorff.com\/belogue\/wp-content\/uploads\/2017\/07\/20170725-42-600x400.jpg 600w, https:\/\/www.wallendorff.com\/belogue\/wp-content\/uploads\/2017\/07\/20170725-42.jpg 850w\" sizes=\"(max-width: 128px) 100vw, 128px\" \/><\/a>\n\t\t\t<\/div>\n\t\t\t\t<figcaption class='wp-caption-text gallery-caption' id='gallery-1-34663'>\n\t\t\t\tFoals @ Pal\u00e9o Festival, Nyon, 18\/07\/2017\n\t\t\t\t<\/figcaption><\/figure><figure class='gallery-item'>\n\t\t\t<div class='gallery-icon landscape'>\n\t\t\t\t<a href='https:\/\/www.wallendorff.com\/belogue\/2017\/07\/25\/paleo-festival-2017-jour-1\/foals-paleo-festival-nyon-18072017-3\/'><img loading=\"lazy\" decoding=\"async\" width=\"128\" height=\"85\" src=\"https:\/\/www.wallendorff.com\/belogue\/wp-content\/uploads\/2017\/07\/20170725-43-200x133.jpg\" class=\"attachment-thumbnail size-thumbnail\" alt=\"\" aria-describedby=\"gallery-1-34664\" srcset=\"https:\/\/www.wallendorff.com\/belogue\/wp-content\/uploads\/2017\/07\/20170725-43-200x133.jpg 200w, https:\/\/www.wallendorff.com\/belogue\/wp-content\/uploads\/2017\/07\/20170725-43-820x547.jpg 820w, https:\/\/www.wallendorff.com\/belogue\/wp-content\/uploads\/2017\/07\/20170725-43-300x200.jpg 300w, https:\/\/www.wallendorff.com\/belogue\/wp-content\/uploads\/2017\/07\/20170725-43-600x400.jpg 600w, https:\/\/www.wallendorff.com\/belogue\/wp-content\/uploads\/2017\/07\/20170725-43.jpg 850w\" sizes=\"(max-width: 128px) 100vw, 128px\" \/><\/a>\n\t\t\t<\/div>\n\t\t\t\t<figcaption class='wp-caption-text gallery-caption' id='gallery-1-34664'>\n\t\t\t\tFoals @ Pal\u00e9o Festival, Nyon, 18\/07\/2017\n\t\t\t\t<\/figcaption><\/figure><figure class='gallery-item'>\n\t\t\t<div class='gallery-icon portrait'>\n\t\t\t\t<a href='https:\/\/www.wallendorff.com\/belogue\/2017\/07\/25\/paleo-festival-2017-jour-1\/foals-paleo-festival-nyon-18072017-4\/'><img loading=\"lazy\" decoding=\"async\" width=\"64\" height=\"96\" src=\"https:\/\/www.wallendorff.com\/belogue\/wp-content\/uploads\/2017\/07\/20170725-44-133x200.jpg\" class=\"attachment-thumbnail size-thumbnail\" alt=\"\" aria-describedby=\"gallery-1-34665\" srcset=\"https:\/\/www.wallendorff.com\/belogue\/wp-content\/uploads\/2017\/07\/20170725-44-133x200.jpg 133w, https:\/\/www.wallendorff.com\/belogue\/wp-content\/uploads\/2017\/07\/20170725-44-200x300.jpg 200w, https:\/\/www.wallendorff.com\/belogue\/wp-content\/uploads\/2017\/07\/20170725-44.jpg 567w\" sizes=\"(max-width: 64px) 100vw, 64px\" \/><\/a>\n\t\t\t<\/div>\n\t\t\t\t<figcaption class='wp-caption-text gallery-caption' id='gallery-1-34665'>\n\t\t\t\tFoals @ Pal\u00e9o Festival, Nyon, 18\/07\/2017\n\t\t\t\t<\/figcaption><\/figure><figure class='gallery-item'>\n\t\t\t<div class='gallery-icon landscape'>\n\t\t\t\t<a href='https:\/\/www.wallendorff.com\/belogue\/2017\/07\/25\/paleo-festival-2017-jour-1\/foals-paleo-festival-nyon-18072017-5\/'><img loading=\"lazy\" decoding=\"async\" width=\"128\" height=\"85\" src=\"https:\/\/www.wallendorff.com\/belogue\/wp-content\/uploads\/2017\/07\/20170725-45-200x133.jpg\" class=\"attachment-thumbnail size-thumbnail\" alt=\"\" aria-describedby=\"gallery-1-34666\" srcset=\"https:\/\/www.wallendorff.com\/belogue\/wp-content\/uploads\/2017\/07\/20170725-45-200x133.jpg 200w, https:\/\/www.wallendorff.com\/belogue\/wp-content\/uploads\/2017\/07\/20170725-45-820x547.jpg 820w, https:\/\/www.wallendorff.com\/belogue\/wp-content\/uploads\/2017\/07\/20170725-45-300x200.jpg 300w, https:\/\/www.wallendorff.com\/belogue\/wp-content\/uploads\/2017\/07\/20170725-45-600x400.jpg 600w, https:\/\/www.wallendorff.com\/belogue\/wp-content\/uploads\/2017\/07\/20170725-45.jpg 850w\" sizes=\"(max-width: 128px) 100vw, 128px\" \/><\/a>\n\t\t\t<\/div>\n\t\t\t\t<figcaption class='wp-caption-text gallery-caption' id='gallery-1-34666'>\n\t\t\t\tFoals @ Pal\u00e9o Festival, Nyon, 18\/07\/2017\n\t\t\t\t<\/figcaption><\/figure><figure class='gallery-item'>\n\t\t\t<div class='gallery-icon landscape'>\n\t\t\t\t<a href='https:\/\/www.wallendorff.com\/belogue\/2017\/07\/25\/paleo-festival-2017-jour-1\/paleo-festival-nyon-18072017-19\/'><img loading=\"lazy\" decoding=\"async\" width=\"128\" height=\"85\" src=\"https:\/\/www.wallendorff.com\/belogue\/wp-content\/uploads\/2017\/07\/20170725-46-200x133.jpg\" class=\"attachment-thumbnail size-thumbnail\" alt=\"\" aria-describedby=\"gallery-1-34667\" srcset=\"https:\/\/www.wallendorff.com\/belogue\/wp-content\/uploads\/2017\/07\/20170725-46-200x133.jpg 200w, https:\/\/www.wallendorff.com\/belogue\/wp-content\/uploads\/2017\/07\/20170725-46-820x547.jpg 820w, https:\/\/www.wallendorff.com\/belogue\/wp-content\/uploads\/2017\/07\/20170725-46-300x200.jpg 300w, https:\/\/www.wallendorff.com\/belogue\/wp-content\/uploads\/2017\/07\/20170725-46-600x400.jpg 600w, https:\/\/www.wallendorff.com\/belogue\/wp-content\/uploads\/2017\/07\/20170725-46.jpg 850w\" sizes=\"(max-width: 128px) 100vw, 128px\" \/><\/a>\n\t\t\t<\/div>\n\t\t\t\t<figcaption class='wp-caption-text gallery-caption' id='gallery-1-34667'>\n\t\t\t\tPal\u00e9o Festival, Nyon, 18\/07\/2017\n\t\t\t\t<\/figcaption><\/figure><figure class='gallery-item'>\n\t\t\t<div class='gallery-icon landscape'>\n\t\t\t\t<a href='https:\/\/www.wallendorff.com\/belogue\/2017\/07\/25\/paleo-festival-2017-jour-1\/foals-paleo-festival-nyon-18072017-6\/'><img loading=\"lazy\" decoding=\"async\" width=\"128\" height=\"85\" src=\"https:\/\/www.wallendorff.com\/belogue\/wp-content\/uploads\/2017\/07\/20170725-47-200x133.jpg\" class=\"attachment-thumbnail size-thumbnail\" alt=\"\" aria-describedby=\"gallery-1-34668\" srcset=\"https:\/\/www.wallendorff.com\/belogue\/wp-content\/uploads\/2017\/07\/20170725-47-200x133.jpg 200w, https:\/\/www.wallendorff.com\/belogue\/wp-content\/uploads\/2017\/07\/20170725-47-820x547.jpg 820w, https:\/\/www.wallendorff.com\/belogue\/wp-content\/uploads\/2017\/07\/20170725-47-300x200.jpg 300w, https:\/\/www.wallendorff.com\/belogue\/wp-content\/uploads\/2017\/07\/20170725-47-600x400.jpg 600w, https:\/\/www.wallendorff.com\/belogue\/wp-content\/uploads\/2017\/07\/20170725-47.jpg 850w\" sizes=\"(max-width: 128px) 100vw, 128px\" \/><\/a>\n\t\t\t<\/div>\n\t\t\t\t<figcaption class='wp-caption-text gallery-caption' id='gallery-1-34668'>\n\t\t\t\tFoals @ Pal\u00e9o Festival, Nyon, 18\/07\/2017\n\t\t\t\t<\/figcaption><\/figure><figure class='gallery-item'>\n\t\t\t<div class='gallery-icon landscape'>\n\t\t\t\t<a href='https:\/\/www.wallendorff.com\/belogue\/2017\/07\/25\/paleo-festival-2017-jour-1\/foals-paleo-festival-nyon-18072017-7\/'><img loading=\"lazy\" decoding=\"async\" width=\"128\" height=\"85\" src=\"https:\/\/www.wallendorff.com\/belogue\/wp-content\/uploads\/2017\/07\/20170725-48-200x133.jpg\" class=\"attachment-thumbnail size-thumbnail\" alt=\"\" aria-describedby=\"gallery-1-34669\" srcset=\"https:\/\/www.wallendorff.com\/belogue\/wp-content\/uploads\/2017\/07\/20170725-48-200x133.jpg 200w, https:\/\/www.wallendorff.com\/belogue\/wp-content\/uploads\/2017\/07\/20170725-48-820x547.jpg 820w, https:\/\/www.wallendorff.com\/belogue\/wp-content\/uploads\/2017\/07\/20170725-48-300x200.jpg 300w, https:\/\/www.wallendorff.com\/belogue\/wp-content\/uploads\/2017\/07\/20170725-48-600x400.jpg 600w, https:\/\/www.wallendorff.com\/belogue\/wp-content\/uploads\/2017\/07\/20170725-48.jpg 850w\" sizes=\"(max-width: 128px) 100vw, 128px\" \/><\/a>\n\t\t\t<\/div>\n\t\t\t\t<figcaption class='wp-caption-text gallery-caption' id='gallery-1-34669'>\n\t\t\t\tFoals @ Pal\u00e9o Festival, Nyon, 18\/07\/2017\n\t\t\t\t<\/figcaption><\/figure><figure class='gallery-item'>\n\t\t\t<div class='gallery-icon landscape'>\n\t\t\t\t<a href='https:\/\/www.wallendorff.com\/belogue\/2017\/07\/25\/paleo-festival-2017-jour-1\/foals-paleo-festival-nyon-18072017-8\/'><img loading=\"lazy\" decoding=\"async\" width=\"128\" height=\"85\" src=\"https:\/\/www.wallendorff.com\/belogue\/wp-content\/uploads\/2017\/07\/20170725-49-200x133.jpg\" class=\"attachment-thumbnail size-thumbnail\" alt=\"\" aria-describedby=\"gallery-1-34670\" srcset=\"https:\/\/www.wallendorff.com\/belogue\/wp-content\/uploads\/2017\/07\/20170725-49-200x133.jpg 200w, https:\/\/www.wallendorff.com\/belogue\/wp-content\/uploads\/2017\/07\/20170725-49-820x547.jpg 820w, https:\/\/www.wallendorff.com\/belogue\/wp-content\/uploads\/2017\/07\/20170725-49-300x200.jpg 300w, https:\/\/www.wallendorff.com\/belogue\/wp-content\/uploads\/2017\/07\/20170725-49-600x400.jpg 600w, https:\/\/www.wallendorff.com\/belogue\/wp-content\/uploads\/2017\/07\/20170725-49.jpg 850w\" sizes=\"(max-width: 128px) 100vw, 128px\" \/><\/a>\n\t\t\t<\/div>\n\t\t\t\t<figcaption class='wp-caption-text gallery-caption' id='gallery-1-34670'>\n\t\t\t\tFoals @ Pal\u00e9o Festival, Nyon, 18\/07\/2017\n\t\t\t\t<\/figcaption><\/figure><figure class='gallery-item'>\n\t\t\t<div class='gallery-icon landscape'>\n\t\t\t\t<a href='https:\/\/www.wallendorff.com\/belogue\/2017\/07\/25\/paleo-festival-2017-jour-1\/foals-paleo-festival-nyon-18072017-9\/'><img loading=\"lazy\" decoding=\"async\" width=\"128\" height=\"85\" src=\"https:\/\/www.wallendorff.com\/belogue\/wp-content\/uploads\/2017\/07\/20170725-50-200x133.jpg\" class=\"attachment-thumbnail size-thumbnail\" alt=\"\" aria-describedby=\"gallery-1-34671\" srcset=\"https:\/\/www.wallendorff.com\/belogue\/wp-content\/uploads\/2017\/07\/20170725-50-200x133.jpg 200w, https:\/\/www.wallendorff.com\/belogue\/wp-content\/uploads\/2017\/07\/20170725-50-820x547.jpg 820w, https:\/\/www.wallendorff.com\/belogue\/wp-content\/uploads\/2017\/07\/20170725-50-300x200.jpg 300w, https:\/\/www.wallendorff.com\/belogue\/wp-content\/uploads\/2017\/07\/20170725-50-600x400.jpg 600w, https:\/\/www.wallendorff.com\/belogue\/wp-content\/uploads\/2017\/07\/20170725-50.jpg 850w\" sizes=\"(max-width: 128px) 100vw, 128px\" \/><\/a>\n\t\t\t<\/div>\n\t\t\t\t<figcaption class='wp-caption-text gallery-caption' id='gallery-1-34671'>\n\t\t\t\tFoals @ Pal\u00e9o Festival, Nyon, 18\/07\/2017\n\t\t\t\t<\/figcaption><\/figure><figure class='gallery-item'>\n\t\t\t<div class='gallery-icon landscape'>\n\t\t\t\t<a href='https:\/\/www.wallendorff.com\/belogue\/2017\/07\/25\/paleo-festival-2017-jour-1\/foals-paleo-festival-nyon-18072017-10\/'><img loading=\"lazy\" decoding=\"async\" width=\"128\" height=\"85\" src=\"https:\/\/www.wallendorff.com\/belogue\/wp-content\/uploads\/2017\/07\/20170725-51-200x133.jpg\" class=\"attachment-thumbnail size-thumbnail\" alt=\"\" aria-describedby=\"gallery-1-34672\" srcset=\"https:\/\/www.wallendorff.com\/belogue\/wp-content\/uploads\/2017\/07\/20170725-51-200x133.jpg 200w, https:\/\/www.wallendorff.com\/belogue\/wp-content\/uploads\/2017\/07\/20170725-51-820x547.jpg 820w, https:\/\/www.wallendorff.com\/belogue\/wp-content\/uploads\/2017\/07\/20170725-51-300x200.jpg 300w, https:\/\/www.wallendorff.com\/belogue\/wp-content\/uploads\/2017\/07\/20170725-51-600x400.jpg 600w, https:\/\/www.wallendorff.com\/belogue\/wp-content\/uploads\/2017\/07\/20170725-51.jpg 850w\" sizes=\"(max-width: 128px) 100vw, 128px\" \/><\/a>\n\t\t\t<\/div>\n\t\t\t\t<figcaption class='wp-caption-text gallery-caption' id='gallery-1-34672'>\n\t\t\t\tFoals @ Pal\u00e9o Festival, Nyon, 18\/07\/2017\n\t\t\t\t<\/figcaption><\/figure><figure class='gallery-item'>\n\t\t\t<div class='gallery-icon landscape'>\n\t\t\t\t<a href='https:\/\/www.wallendorff.com\/belogue\/2017\/07\/25\/paleo-festival-2017-jour-1\/foals-paleo-festival-nyon-18072017-11\/'><img loading=\"lazy\" decoding=\"async\" width=\"128\" height=\"85\" src=\"https:\/\/www.wallendorff.com\/belogue\/wp-content\/uploads\/2017\/07\/20170725-52-200x133.jpg\" class=\"attachment-thumbnail size-thumbnail\" alt=\"\" aria-describedby=\"gallery-1-34673\" srcset=\"https:\/\/www.wallendorff.com\/belogue\/wp-content\/uploads\/2017\/07\/20170725-52-200x133.jpg 200w, https:\/\/www.wallendorff.com\/belogue\/wp-content\/uploads\/2017\/07\/20170725-52-820x547.jpg 820w, https:\/\/www.wallendorff.com\/belogue\/wp-content\/uploads\/2017\/07\/20170725-52-300x200.jpg 300w, https:\/\/www.wallendorff.com\/belogue\/wp-content\/uploads\/2017\/07\/20170725-52-600x400.jpg 600w, https:\/\/www.wallendorff.com\/belogue\/wp-content\/uploads\/2017\/07\/20170725-52.jpg 850w\" sizes=\"(max-width: 128px) 100vw, 128px\" \/><\/a>\n\t\t\t<\/div>\n\t\t\t\t<figcaption class='wp-caption-text gallery-caption' id='gallery-1-34673'>\n\t\t\t\tFoals @ Pal\u00e9o Festival, Nyon, 18\/07\/2017\n\t\t\t\t<\/figcaption><\/figure><figure class='gallery-item'>\n\t\t\t<div class='gallery-icon landscape'>\n\t\t\t\t<a href='https:\/\/www.wallendorff.com\/belogue\/2017\/07\/25\/paleo-festival-2017-jour-1\/foals-paleo-festival-nyon-18072017-12\/'><img loading=\"lazy\" decoding=\"async\" width=\"128\" height=\"85\" src=\"https:\/\/www.wallendorff.com\/belogue\/wp-content\/uploads\/2017\/07\/20170725-53-200x133.jpg\" class=\"attachment-thumbnail size-thumbnail\" alt=\"\" aria-describedby=\"gallery-1-34674\" srcset=\"https:\/\/www.wallendorff.com\/belogue\/wp-content\/uploads\/2017\/07\/20170725-53-200x133.jpg 200w, https:\/\/www.wallendorff.com\/belogue\/wp-content\/uploads\/2017\/07\/20170725-53-820x547.jpg 820w, https:\/\/www.wallendorff.com\/belogue\/wp-content\/uploads\/2017\/07\/20170725-53-300x200.jpg 300w, https:\/\/www.wallendorff.com\/belogue\/wp-content\/uploads\/2017\/07\/20170725-53-600x400.jpg 600w, https:\/\/www.wallendorff.com\/belogue\/wp-content\/uploads\/2017\/07\/20170725-53.jpg 850w\" sizes=\"(max-width: 128px) 100vw, 128px\" \/><\/a>\n\t\t\t<\/div>\n\t\t\t\t<figcaption class='wp-caption-text gallery-caption' id='gallery-1-34674'>\n\t\t\t\tFoals @ Pal\u00e9o Festival, Nyon, 18\/07\/2017\n\t\t\t\t<\/figcaption><\/figure><figure class='gallery-item'>\n\t\t\t<div class='gallery-icon portrait'>\n\t\t\t\t<a href='https:\/\/www.wallendorff.com\/belogue\/2017\/07\/25\/paleo-festival-2017-jour-1\/foals-paleo-festival-nyon-18072017-13\/'><img loading=\"lazy\" decoding=\"async\" width=\"64\" height=\"96\" src=\"https:\/\/www.wallendorff.com\/belogue\/wp-content\/uploads\/2017\/07\/20170725-54-133x200.jpg\" class=\"attachment-thumbnail size-thumbnail\" alt=\"\" aria-describedby=\"gallery-1-34675\" srcset=\"https:\/\/www.wallendorff.com\/belogue\/wp-content\/uploads\/2017\/07\/20170725-54-133x200.jpg 133w, https:\/\/www.wallendorff.com\/belogue\/wp-content\/uploads\/2017\/07\/20170725-54-200x300.jpg 200w, https:\/\/www.wallendorff.com\/belogue\/wp-content\/uploads\/2017\/07\/20170725-54.jpg 567w\" sizes=\"(max-width: 64px) 100vw, 64px\" \/><\/a>\n\t\t\t<\/div>\n\t\t\t\t<figcaption class='wp-caption-text gallery-caption' id='gallery-1-34675'>\n\t\t\t\tFoals @ Pal\u00e9o Festival, Nyon, 18\/07\/2017\n\t\t\t\t<\/figcaption><\/figure><figure class='gallery-item'>\n\t\t\t<div class='gallery-icon landscape'>\n\t\t\t\t<a href='https:\/\/www.wallendorff.com\/belogue\/2017\/07\/25\/paleo-festival-2017-jour-1\/paleo-festival-nyon-18072017-20\/'><img loading=\"lazy\" decoding=\"async\" width=\"128\" height=\"85\" src=\"https:\/\/www.wallendorff.com\/belogue\/wp-content\/uploads\/2017\/07\/20170725-55-200x133.jpg\" class=\"attachment-thumbnail size-thumbnail\" alt=\"\" aria-describedby=\"gallery-1-34676\" srcset=\"https:\/\/www.wallendorff.com\/belogue\/wp-content\/uploads\/2017\/07\/20170725-55-200x133.jpg 200w, https:\/\/www.wallendorff.com\/belogue\/wp-content\/uploads\/2017\/07\/20170725-55-820x547.jpg 820w, https:\/\/www.wallendorff.com\/belogue\/wp-content\/uploads\/2017\/07\/20170725-55-300x200.jpg 300w, https:\/\/www.wallendorff.com\/belogue\/wp-content\/uploads\/2017\/07\/20170725-55-600x400.jpg 600w, https:\/\/www.wallendorff.com\/belogue\/wp-content\/uploads\/2017\/07\/20170725-55.jpg 850w\" sizes=\"(max-width: 128px) 100vw, 128px\" \/><\/a>\n\t\t\t<\/div>\n\t\t\t\t<figcaption class='wp-caption-text gallery-caption' id='gallery-1-34676'>\n\t\t\t\tPal\u00e9o Festival, Nyon, 18\/07\/2017\n\t\t\t\t<\/figcaption><\/figure><figure class='gallery-item'>\n\t\t\t<div class='gallery-icon landscape'>\n\t\t\t\t<a href='https:\/\/www.wallendorff.com\/belogue\/2017\/07\/25\/paleo-festival-2017-jour-1\/red-hot-chili-peppers-paleo-festival-nyon-18072017\/'><img loading=\"lazy\" decoding=\"async\" width=\"128\" height=\"85\" src=\"https:\/\/www.wallendorff.com\/belogue\/wp-content\/uploads\/2017\/07\/20170725-56-200x133.jpg\" class=\"attachment-thumbnail size-thumbnail\" alt=\"\" aria-describedby=\"gallery-1-34677\" srcset=\"https:\/\/www.wallendorff.com\/belogue\/wp-content\/uploads\/2017\/07\/20170725-56-200x133.jpg 200w, https:\/\/www.wallendorff.com\/belogue\/wp-content\/uploads\/2017\/07\/20170725-56-820x547.jpg 820w, https:\/\/www.wallendorff.com\/belogue\/wp-content\/uploads\/2017\/07\/20170725-56-300x200.jpg 300w, https:\/\/www.wallendorff.com\/belogue\/wp-content\/uploads\/2017\/07\/20170725-56-600x400.jpg 600w, https:\/\/www.wallendorff.com\/belogue\/wp-content\/uploads\/2017\/07\/20170725-56.jpg 850w\" sizes=\"(max-width: 128px) 100vw, 128px\" \/><\/a>\n\t\t\t<\/div>\n\t\t\t\t<figcaption class='wp-caption-text gallery-caption' id='gallery-1-34677'>\n\t\t\t\tRed Hot Chili Peppers @ Pal\u00e9o Festival, Nyon, 18\/07\/2017\n\t\t\t\t<\/figcaption><\/figure><figure class='gallery-item'>\n\t\t\t<div class='gallery-icon landscape'>\n\t\t\t\t<a href='https:\/\/www.wallendorff.com\/belogue\/2017\/07\/25\/paleo-festival-2017-jour-1\/paleo-festival-nyon-18072017-21\/'><img loading=\"lazy\" decoding=\"async\" width=\"128\" height=\"85\" src=\"https:\/\/www.wallendorff.com\/belogue\/wp-content\/uploads\/2017\/07\/20170725-57-200x133.jpg\" class=\"attachment-thumbnail size-thumbnail\" alt=\"\" aria-describedby=\"gallery-1-34678\" srcset=\"https:\/\/www.wallendorff.com\/belogue\/wp-content\/uploads\/2017\/07\/20170725-57-200x133.jpg 200w, https:\/\/www.wallendorff.com\/belogue\/wp-content\/uploads\/2017\/07\/20170725-57-820x547.jpg 820w, https:\/\/www.wallendorff.com\/belogue\/wp-content\/uploads\/2017\/07\/20170725-57-300x200.jpg 300w, https:\/\/www.wallendorff.com\/belogue\/wp-content\/uploads\/2017\/07\/20170725-57-600x400.jpg 600w, https:\/\/www.wallendorff.com\/belogue\/wp-content\/uploads\/2017\/07\/20170725-57.jpg 850w\" sizes=\"(max-width: 128px) 100vw, 128px\" \/><\/a>\n\t\t\t<\/div>\n\t\t\t\t<figcaption class='wp-caption-text gallery-caption' id='gallery-1-34678'>\n\t\t\t\tPal\u00e9o Festival, Nyon, 18\/07\/2017\n\t\t\t\t<\/figcaption><\/figure><figure class='gallery-item'>\n\t\t\t<div class='gallery-icon portrait'>\n\t\t\t\t<a href='https:\/\/www.wallendorff.com\/belogue\/2017\/07\/25\/paleo-festival-2017-jour-1\/red-hot-chili-peppers-paleo-festival-nyon-18072017-2\/'><img loading=\"lazy\" decoding=\"async\" width=\"64\" height=\"96\" src=\"https:\/\/www.wallendorff.com\/belogue\/wp-content\/uploads\/2017\/07\/20170725-58-133x200.jpg\" class=\"attachment-thumbnail size-thumbnail\" alt=\"\" aria-describedby=\"gallery-1-34679\" srcset=\"https:\/\/www.wallendorff.com\/belogue\/wp-content\/uploads\/2017\/07\/20170725-58-133x200.jpg 133w, https:\/\/www.wallendorff.com\/belogue\/wp-content\/uploads\/2017\/07\/20170725-58-200x300.jpg 200w, https:\/\/www.wallendorff.com\/belogue\/wp-content\/uploads\/2017\/07\/20170725-58.jpg 567w\" sizes=\"(max-width: 64px) 100vw, 64px\" \/><\/a>\n\t\t\t<\/div>\n\t\t\t\t<figcaption class='wp-caption-text gallery-caption' id='gallery-1-34679'>\n\t\t\t\tRed Hot Chili Peppers @ Pal\u00e9o Festival, Nyon, 18\/07\/2017\n\t\t\t\t<\/figcaption><\/figure><figure class='gallery-item'>\n\t\t\t<div class='gallery-icon landscape'>\n\t\t\t\t<a href='https:\/\/www.wallendorff.com\/belogue\/2017\/07\/25\/paleo-festival-2017-jour-1\/red-hot-chili-peppers-paleo-festival-nyon-18072017-3\/'><img loading=\"lazy\" decoding=\"async\" width=\"128\" height=\"85\" src=\"https:\/\/www.wallendorff.com\/belogue\/wp-content\/uploads\/2017\/07\/20170725-59-200x133.jpg\" class=\"attachment-thumbnail size-thumbnail\" alt=\"\" aria-describedby=\"gallery-1-34680\" srcset=\"https:\/\/www.wallendorff.com\/belogue\/wp-content\/uploads\/2017\/07\/20170725-59-200x133.jpg 200w, https:\/\/www.wallendorff.com\/belogue\/wp-content\/uploads\/2017\/07\/20170725-59-820x547.jpg 820w, https:\/\/www.wallendorff.com\/belogue\/wp-content\/uploads\/2017\/07\/20170725-59-300x200.jpg 300w, https:\/\/www.wallendorff.com\/belogue\/wp-content\/uploads\/2017\/07\/20170725-59-600x400.jpg 600w, https:\/\/www.wallendorff.com\/belogue\/wp-content\/uploads\/2017\/07\/20170725-59.jpg 850w\" sizes=\"(max-width: 128px) 100vw, 128px\" \/><\/a>\n\t\t\t<\/div>\n\t\t\t\t<figcaption class='wp-caption-text gallery-caption' id='gallery-1-34680'>\n\t\t\t\tRed Hot Chili Peppers @ Pal\u00e9o Festival, Nyon, 18\/07\/2017\n\t\t\t\t<\/figcaption><\/figure><figure class='gallery-item'>\n\t\t\t<div class='gallery-icon landscape'>\n\t\t\t\t<a href='https:\/\/www.wallendorff.com\/belogue\/2017\/07\/25\/paleo-festival-2017-jour-1\/paleo-festival-nyon-18072017-22\/'><img loading=\"lazy\" decoding=\"async\" width=\"128\" height=\"85\" src=\"https:\/\/www.wallendorff.com\/belogue\/wp-content\/uploads\/2017\/07\/20170725-60-200x133.jpg\" class=\"attachment-thumbnail size-thumbnail\" alt=\"\" aria-describedby=\"gallery-1-34681\" srcset=\"https:\/\/www.wallendorff.com\/belogue\/wp-content\/uploads\/2017\/07\/20170725-60-200x133.jpg 200w, https:\/\/www.wallendorff.com\/belogue\/wp-content\/uploads\/2017\/07\/20170725-60-820x547.jpg 820w, https:\/\/www.wallendorff.com\/belogue\/wp-content\/uploads\/2017\/07\/20170725-60-300x200.jpg 300w, https:\/\/www.wallendorff.com\/belogue\/wp-content\/uploads\/2017\/07\/20170725-60-600x400.jpg 600w, https:\/\/www.wallendorff.com\/belogue\/wp-content\/uploads\/2017\/07\/20170725-60.jpg 850w\" sizes=\"(max-width: 128px) 100vw, 128px\" \/><\/a>\n\t\t\t<\/div>\n\t\t\t\t<figcaption class='wp-caption-text gallery-caption' id='gallery-1-34681'>\n\t\t\t\tPal\u00e9o Festival, Nyon, 18\/07\/2017\n\t\t\t\t<\/figcaption><\/figure><figure class='gallery-item'>\n\t\t\t<div class='gallery-icon landscape'>\n\t\t\t\t<a href='https:\/\/www.wallendorff.com\/belogue\/2017\/07\/25\/paleo-festival-2017-jour-1\/red-hot-chili-peppers-paleo-festival-nyon-18072017-4\/'><img loading=\"lazy\" decoding=\"async\" width=\"128\" height=\"85\" src=\"https:\/\/www.wallendorff.com\/belogue\/wp-content\/uploads\/2017\/07\/20170725-61-200x133.jpg\" class=\"attachment-thumbnail size-thumbnail\" alt=\"\" aria-describedby=\"gallery-1-34682\" srcset=\"https:\/\/www.wallendorff.com\/belogue\/wp-content\/uploads\/2017\/07\/20170725-61-200x133.jpg 200w, https:\/\/www.wallendorff.com\/belogue\/wp-content\/uploads\/2017\/07\/20170725-61-820x547.jpg 820w, https:\/\/www.wallendorff.com\/belogue\/wp-content\/uploads\/2017\/07\/20170725-61-300x200.jpg 300w, https:\/\/www.wallendorff.com\/belogue\/wp-content\/uploads\/2017\/07\/20170725-61-600x400.jpg 600w, https:\/\/www.wallendorff.com\/belogue\/wp-content\/uploads\/2017\/07\/20170725-61.jpg 850w\" sizes=\"(max-width: 128px) 100vw, 128px\" \/><\/a>\n\t\t\t<\/div>\n\t\t\t\t<figcaption class='wp-caption-text gallery-caption' id='gallery-1-34682'>\n\t\t\t\tRed Hot Chili Peppers @ Pal\u00e9o Festival, Nyon, 18\/07\/2017\n\t\t\t\t<\/figcaption><\/figure><figure class='gallery-item'>\n\t\t\t<div class='gallery-icon portrait'>\n\t\t\t\t<a href='https:\/\/www.wallendorff.com\/belogue\/2017\/07\/25\/paleo-festival-2017-jour-1\/red-hot-chili-peppers-paleo-festival-nyon-18072017-5\/'><img loading=\"lazy\" decoding=\"async\" width=\"64\" height=\"96\" src=\"https:\/\/www.wallendorff.com\/belogue\/wp-content\/uploads\/2017\/07\/20170725-62-133x200.jpg\" class=\"attachment-thumbnail size-thumbnail\" alt=\"\" aria-describedby=\"gallery-1-34683\" srcset=\"https:\/\/www.wallendorff.com\/belogue\/wp-content\/uploads\/2017\/07\/20170725-62-133x200.jpg 133w, https:\/\/www.wallendorff.com\/belogue\/wp-content\/uploads\/2017\/07\/20170725-62-200x300.jpg 200w, https:\/\/www.wallendorff.com\/belogue\/wp-content\/uploads\/2017\/07\/20170725-62.jpg 567w\" sizes=\"(max-width: 64px) 100vw, 64px\" \/><\/a>\n\t\t\t<\/div>\n\t\t\t\t<figcaption class='wp-caption-text gallery-caption' id='gallery-1-34683'>\n\t\t\t\tRed Hot Chili Peppers @ Pal\u00e9o Festival, Nyon, 18\/07\/2017\n\t\t\t\t<\/figcaption><\/figure><figure class='gallery-item'>\n\t\t\t<div class='gallery-icon landscape'>\n\t\t\t\t<a href='https:\/\/www.wallendorff.com\/belogue\/2017\/07\/25\/paleo-festival-2017-jour-1\/red-hot-chili-peppers-paleo-festival-nyon-18072017-6\/'><img loading=\"lazy\" decoding=\"async\" width=\"128\" height=\"85\" src=\"https:\/\/www.wallendorff.com\/belogue\/wp-content\/uploads\/2017\/07\/20170725-63-200x133.jpg\" class=\"attachment-thumbnail size-thumbnail\" alt=\"\" aria-describedby=\"gallery-1-34684\" srcset=\"https:\/\/www.wallendorff.com\/belogue\/wp-content\/uploads\/2017\/07\/20170725-63-200x133.jpg 200w, https:\/\/www.wallendorff.com\/belogue\/wp-content\/uploads\/2017\/07\/20170725-63-820x547.jpg 820w, https:\/\/www.wallendorff.com\/belogue\/wp-content\/uploads\/2017\/07\/20170725-63-300x200.jpg 300w, https:\/\/www.wallendorff.com\/belogue\/wp-content\/uploads\/2017\/07\/20170725-63-600x400.jpg 600w, https:\/\/www.wallendorff.com\/belogue\/wp-content\/uploads\/2017\/07\/20170725-63.jpg 850w\" sizes=\"(max-width: 128px) 100vw, 128px\" \/><\/a>\n\t\t\t<\/div>\n\t\t\t\t<figcaption class='wp-caption-text gallery-caption' id='gallery-1-34684'>\n\t\t\t\tRed Hot Chili Peppers @ Pal\u00e9o Festival, Nyon, 18\/07\/2017\n\t\t\t\t<\/figcaption><\/figure><figure class='gallery-item'>\n\t\t\t<div class='gallery-icon portrait'>\n\t\t\t\t<a href='https:\/\/www.wallendorff.com\/belogue\/2017\/07\/25\/paleo-festival-2017-jour-1\/red-hot-chili-peppers-paleo-festival-nyon-18072017-7\/'><img loading=\"lazy\" decoding=\"async\" width=\"64\" height=\"96\" src=\"https:\/\/www.wallendorff.com\/belogue\/wp-content\/uploads\/2017\/07\/20170725-64-133x200.jpg\" class=\"attachment-thumbnail size-thumbnail\" alt=\"\" aria-describedby=\"gallery-1-34685\" srcset=\"https:\/\/www.wallendorff.com\/belogue\/wp-content\/uploads\/2017\/07\/20170725-64-133x200.jpg 133w, https:\/\/www.wallendorff.com\/belogue\/wp-content\/uploads\/2017\/07\/20170725-64-200x300.jpg 200w, https:\/\/www.wallendorff.com\/belogue\/wp-content\/uploads\/2017\/07\/20170725-64.jpg 567w\" sizes=\"(max-width: 64px) 100vw, 64px\" \/><\/a>\n\t\t\t<\/div>\n\t\t\t\t<figcaption class='wp-caption-text gallery-caption' id='gallery-1-34685'>\n\t\t\t\tRed Hot Chili Peppers @ Pal\u00e9o Festival, Nyon, 18\/07\/2017\n\t\t\t\t<\/figcaption><\/figure><figure class='gallery-item'>\n\t\t\t<div class='gallery-icon landscape'>\n\t\t\t\t<a href='https:\/\/www.wallendorff.com\/belogue\/2017\/07\/25\/paleo-festival-2017-jour-1\/red-hot-chili-peppers-paleo-festival-nyon-18072017-8\/'><img loading=\"lazy\" decoding=\"async\" width=\"128\" height=\"85\" src=\"https:\/\/www.wallendorff.com\/belogue\/wp-content\/uploads\/2017\/07\/20170725-65-200x133.jpg\" class=\"attachment-thumbnail size-thumbnail\" alt=\"\" aria-describedby=\"gallery-1-34686\" srcset=\"https:\/\/www.wallendorff.com\/belogue\/wp-content\/uploads\/2017\/07\/20170725-65-200x133.jpg 200w, https:\/\/www.wallendorff.com\/belogue\/wp-content\/uploads\/2017\/07\/20170725-65-820x547.jpg 820w, https:\/\/www.wallendorff.com\/belogue\/wp-content\/uploads\/2017\/07\/20170725-65-300x200.jpg 300w, https:\/\/www.wallendorff.com\/belogue\/wp-content\/uploads\/2017\/07\/20170725-65-600x400.jpg 600w, https:\/\/www.wallendorff.com\/belogue\/wp-content\/uploads\/2017\/07\/20170725-65.jpg 850w\" sizes=\"(max-width: 128px) 100vw, 128px\" \/><\/a>\n\t\t\t<\/div>\n\t\t\t\t<figcaption class='wp-caption-text gallery-caption' id='gallery-1-34686'>\n\t\t\t\tRed Hot Chili Peppers @ Pal\u00e9o Festival, Nyon, 18\/07\/2017\n\t\t\t\t<\/figcaption><\/figure><figure class='gallery-item'>\n\t\t\t<div class='gallery-icon landscape'>\n\t\t\t\t<a href='https:\/\/www.wallendorff.com\/belogue\/2017\/07\/25\/paleo-festival-2017-jour-1\/red-hot-chili-peppers-paleo-festival-nyon-18072017-9\/'><img loading=\"lazy\" decoding=\"async\" width=\"128\" height=\"85\" src=\"https:\/\/www.wallendorff.com\/belogue\/wp-content\/uploads\/2017\/07\/20170725-66-200x133.jpg\" class=\"attachment-thumbnail size-thumbnail\" alt=\"\" aria-describedby=\"gallery-1-34687\" srcset=\"https:\/\/www.wallendorff.com\/belogue\/wp-content\/uploads\/2017\/07\/20170725-66-200x133.jpg 200w, https:\/\/www.wallendorff.com\/belogue\/wp-content\/uploads\/2017\/07\/20170725-66-820x547.jpg 820w, https:\/\/www.wallendorff.com\/belogue\/wp-content\/uploads\/2017\/07\/20170725-66-300x200.jpg 300w, https:\/\/www.wallendorff.com\/belogue\/wp-content\/uploads\/2017\/07\/20170725-66-600x400.jpg 600w, https:\/\/www.wallendorff.com\/belogue\/wp-content\/uploads\/2017\/07\/20170725-66.jpg 850w\" sizes=\"(max-width: 128px) 100vw, 128px\" \/><\/a>\n\t\t\t<\/div>\n\t\t\t\t<figcaption class='wp-caption-text gallery-caption' id='gallery-1-34687'>\n\t\t\t\tRed Hot Chili Peppers @ Pal\u00e9o Festival, Nyon, 18\/07\/2017\n\t\t\t\t<\/figcaption><\/figure><figure class='gallery-item'>\n\t\t\t<div class='gallery-icon landscape'>\n\t\t\t\t<a href='https:\/\/www.wallendorff.com\/belogue\/2017\/07\/25\/paleo-festival-2017-jour-1\/red-hot-chili-peppers-paleo-festival-nyon-18072017-10\/'><img loading=\"lazy\" decoding=\"async\" width=\"128\" height=\"85\" src=\"https:\/\/www.wallendorff.com\/belogue\/wp-content\/uploads\/2017\/07\/20170725-67-200x133.jpg\" class=\"attachment-thumbnail size-thumbnail\" alt=\"\" aria-describedby=\"gallery-1-34688\" srcset=\"https:\/\/www.wallendorff.com\/belogue\/wp-content\/uploads\/2017\/07\/20170725-67-200x133.jpg 200w, https:\/\/www.wallendorff.com\/belogue\/wp-content\/uploads\/2017\/07\/20170725-67-820x547.jpg 820w, https:\/\/www.wallendorff.com\/belogue\/wp-content\/uploads\/2017\/07\/20170725-67-300x200.jpg 300w, https:\/\/www.wallendorff.com\/belogue\/wp-content\/uploads\/2017\/07\/20170725-67-600x400.jpg 600w, https:\/\/www.wallendorff.com\/belogue\/wp-content\/uploads\/2017\/07\/20170725-67.jpg 850w\" sizes=\"(max-width: 128px) 100vw, 128px\" \/><\/a>\n\t\t\t<\/div>\n\t\t\t\t<figcaption class='wp-caption-text gallery-caption' id='gallery-1-34688'>\n\t\t\t\tRed Hot Chili Peppers @ Pal\u00e9o Festival, Nyon, 18\/07\/2017\n\t\t\t\t<\/figcaption><\/figure>\n\t\t<\/div>\n\n","protected":false},"excerpt":{"rendered":"<p>L&rsquo;ensemble des photos du festival est disponible sur ce lien.<\/p>\n","protected":false},"author":1,"featured_media":34674,"comment_status":"open","ping_status":"open","sticky":false,"template":"","format":"standard","meta":{"_acf_changed":false,"ngg_post_thumbnail":0,"jetpack_post_was_ever_published":false,"_jetpack_newsletter_access":"","_jetpack_dont_email_post_to_subs":false,"_jetpack_newsletter_tier_id":0,"_jetpack_memberships_contains_paywalled_content":false,"_jetpack_memberships_contains_paid_content":false,"footnotes":"","jetpack_publicize_message":"","jetpack_publicize_feature_enabled":true,"jetpack_social_post_already_shared":true,"jetpack_social_options":{"image_generator_settings":{"template":"highway","default_image_id":0,"font":"","enabled":false},"version":2}},"categories":[7],"tags":[13612,14038,10084,6103,14039,8170,181,6766,8351,10887,10068,7859,10136,10222,10449,1708,14040,14041,12099,10135,13405,14042,8243,10886,14043,14044,14045,10007],"class_list":["post-34621","post","type-post","status-publish","format-standard","has-post-thumbnail","hentry","category-alive","tag-13612","tag-alice-roosevelt","tag-alive","tag-ambiance-2","tag-barbagallo","tag-ef-24-70-mm-f2-8l-ii-usm","tag-ef-70-200-mm-f28l-usm","tag-eos-5d-mark-iii","tag-eos-6d","tag-canton-de-vaud","tag-compagnie-doutre-rue","tag-district-de-nyon","tag-festival","tag-foals","tag-nyon","tag-paleo-festival","tag-paleo-festival-2017","tag-petit-biscuit","tag-plaine-de-lasse","tag-public","tag-red-hot-chili-peppers","tag-sate","tag-sigma-15-mm-f2-8-ex-dg-diagonal-fish-eye","tag-suisse","tag-the-inspector-cluzo","tag-the-staches","tag-theatre-de-rue","tag-trelex"],"acf":[],"geo":{"latitude":46.4043083,"longitude":6.2068462,"description":"Signy, Canton de Vaud, 1274, CH"},"jetpack_publicize_connections":[],"jetpack_featured_media_url":"https:\/\/www.wallendorff.com\/belogue\/wp-content\/uploads\/2017\/07\/20170725-53.jpg","jetpack_shortlink":"https:\/\/wp.me\/p3b35P-90p","jetpack_sharing_enabled":true,"jetpack-related-posts":[{"id":43204,"url":"https:\/\/www.wallendorff.com\/belogue\/2019\/07\/30\/paleo-festival-2019-nyon-jour-6\/","url_meta":{"origin":34621,"position":0},"title":"Pal\u00e9o Festival 2019, Nyon, jour 6.","author":"dpc","date":"30 juillet 2019","format":false,"excerpt":"","rel":"","context":"Dans &quot;Alive&quot;","block_context":{"text":"Alive","link":"https:\/\/www.wallendorff.com\/belogue\/category\/alive\/"},"img":{"alt_text":"","src":"https:\/\/i0.wp.com\/www.wallendorff.com\/belogue\/wp-content\/uploads\/2019\/07\/20190730-54.jpg?resize=350%2C200&ssl=1","width":350,"height":200,"srcset":"https:\/\/i0.wp.com\/www.wallendorff.com\/belogue\/wp-content\/uploads\/2019\/07\/20190730-54.jpg?resize=350%2C200&ssl=1 1x, https:\/\/i0.wp.com\/www.wallendorff.com\/belogue\/wp-content\/uploads\/2019\/07\/20190730-54.jpg?resize=525%2C300&ssl=1 1.5x, https:\/\/i0.wp.com\/www.wallendorff.com\/belogue\/wp-content\/uploads\/2019\/07\/20190730-54.jpg?resize=700%2C400&ssl=1 2x, https:\/\/i0.wp.com\/www.wallendorff.com\/belogue\/wp-content\/uploads\/2019\/07\/20190730-54.jpg?resize=1050%2C600&ssl=1 3x"},"classes":[]},{"id":43043,"url":"https:\/\/www.wallendorff.com\/belogue\/2019\/07\/27\/paleo-festival-2019-nyon-jour-4\/","url_meta":{"origin":34621,"position":1},"title":"Pal\u00e9o Festival 2019, Nyon, jour 4.","author":"dpc","date":"27 juillet 2019","format":false,"excerpt":"","rel":"","context":"Dans &quot;Alive&quot;","block_context":{"text":"Alive","link":"https:\/\/www.wallendorff.com\/belogue\/category\/alive\/"},"img":{"alt_text":"","src":"https:\/\/i0.wp.com\/www.wallendorff.com\/belogue\/wp-content\/uploads\/2019\/07\/20190727-31.jpg?resize=350%2C200&ssl=1","width":350,"height":200,"srcset":"https:\/\/i0.wp.com\/www.wallendorff.com\/belogue\/wp-content\/uploads\/2019\/07\/20190727-31.jpg?resize=350%2C200&ssl=1 1x, https:\/\/i0.wp.com\/www.wallendorff.com\/belogue\/wp-content\/uploads\/2019\/07\/20190727-31.jpg?resize=525%2C300&ssl=1 1.5x, https:\/\/i0.wp.com\/www.wallendorff.com\/belogue\/wp-content\/uploads\/2019\/07\/20190727-31.jpg?resize=700%2C400&ssl=1 2x, https:\/\/i0.wp.com\/www.wallendorff.com\/belogue\/wp-content\/uploads\/2019\/07\/20190727-31.jpg?resize=1050%2C600&ssl=1 3x"},"classes":[]},{"id":129565,"url":"https:\/\/www.wallendorff.com\/belogue\/2024\/07\/26\/paleo-festival-2024-nyon-jour-3\/","url_meta":{"origin":34621,"position":2},"title":"Pal\u00e9o Festival 2024, Nyon, jour 3.","author":"dpc","date":"26 juillet 2024","format":false,"excerpt":"Ambiance, Pal\u00e9o Festival Nyon 2024 Ambiance, Pal\u00e9o Festival Nyon 2024 Ambiance, Pal\u00e9o Festival Nyon 2024 Ambiance, Pal\u00e9o Festival Nyon 2024 Ambiance, Pal\u00e9o Festival Nyon 2024 Ambiance, Pal\u00e9o Festival Nyon 2024 Ambiance, Pal\u00e9o Festival Nyon 2024 Ambiance, Pal\u00e9o Festival Nyon 2024","rel":"","context":"Dans &quot;Alive&quot;","block_context":{"text":"Alive","link":"https:\/\/www.wallendorff.com\/belogue\/category\/alive\/"},"img":{"alt_text":"","src":"https:\/\/i0.wp.com\/www.wallendorff.com\/belogue\/wp-content\/uploads\/2024\/07\/20240726-55.jpg?resize=350%2C200&ssl=1","width":350,"height":200,"srcset":"https:\/\/i0.wp.com\/www.wallendorff.com\/belogue\/wp-content\/uploads\/2024\/07\/20240726-55.jpg?resize=350%2C200&ssl=1 1x, https:\/\/i0.wp.com\/www.wallendorff.com\/belogue\/wp-content\/uploads\/2024\/07\/20240726-55.jpg?resize=525%2C300&ssl=1 1.5x, https:\/\/i0.wp.com\/www.wallendorff.com\/belogue\/wp-content\/uploads\/2024\/07\/20240726-55.jpg?resize=700%2C400&ssl=1 2x, https:\/\/i0.wp.com\/www.wallendorff.com\/belogue\/wp-content\/uploads\/2024\/07\/20240726-55.jpg?resize=1050%2C600&ssl=1 3x"},"classes":[]},{"id":46366,"url":"https:\/\/www.wallendorff.com\/belogue\/2020\/07\/24\/8-ans-de-paleo-festival-2017\/","url_meta":{"origin":34621,"position":3},"title":"8 ans de Pal\u00e9o Festival : 2017","author":"dpc","date":"24 juillet 2020","format":false,"excerpt":"","rel":"","context":"Dans &quot;Alive&quot;","block_context":{"text":"Alive","link":"https:\/\/www.wallendorff.com\/belogue\/category\/alive\/"},"img":{"alt_text":"","src":"https:\/\/i0.wp.com\/www.wallendorff.com\/belogue\/wp-content\/uploads\/2020\/07\/20200724-30.jpg?resize=350%2C200&ssl=1","width":350,"height":200,"srcset":"https:\/\/i0.wp.com\/www.wallendorff.com\/belogue\/wp-content\/uploads\/2020\/07\/20200724-30.jpg?resize=350%2C200&ssl=1 1x, https:\/\/i0.wp.com\/www.wallendorff.com\/belogue\/wp-content\/uploads\/2020\/07\/20200724-30.jpg?resize=525%2C300&ssl=1 1.5x, https:\/\/i0.wp.com\/www.wallendorff.com\/belogue\/wp-content\/uploads\/2020\/07\/20200724-30.jpg?resize=700%2C400&ssl=1 2x, https:\/\/i0.wp.com\/www.wallendorff.com\/belogue\/wp-content\/uploads\/2020\/07\/20200724-30.jpg?resize=1050%2C600&ssl=1 3x"},"classes":[]},{"id":129644,"url":"https:\/\/www.wallendorff.com\/belogue\/2024\/07\/27\/paleo-festival-2024-nyon-jour-4\/","url_meta":{"origin":34621,"position":4},"title":"Pal\u00e9o Festival 2024, Nyon, jour 4.","author":"dpc","date":"27 juillet 2024","format":false,"excerpt":"","rel":"","context":"Dans &quot;Alive&quot;","block_context":{"text":"Alive","link":"https:\/\/www.wallendorff.com\/belogue\/category\/alive\/"},"img":{"alt_text":"","src":"https:\/\/i0.wp.com\/www.wallendorff.com\/belogue\/wp-content\/uploads\/2024\/07\/20240727-27.jpg?resize=350%2C200&ssl=1","width":350,"height":200,"srcset":"https:\/\/i0.wp.com\/www.wallendorff.com\/belogue\/wp-content\/uploads\/2024\/07\/20240727-27.jpg?resize=350%2C200&ssl=1 1x, https:\/\/i0.wp.com\/www.wallendorff.com\/belogue\/wp-content\/uploads\/2024\/07\/20240727-27.jpg?resize=525%2C300&ssl=1 1.5x, https:\/\/i0.wp.com\/www.wallendorff.com\/belogue\/wp-content\/uploads\/2024\/07\/20240727-27.jpg?resize=700%2C400&ssl=1 2x, https:\/\/i0.wp.com\/www.wallendorff.com\/belogue\/wp-content\/uploads\/2024\/07\/20240727-27.jpg?resize=1050%2C600&ssl=1 3x"},"classes":[]},{"id":129779,"url":"https:\/\/www.wallendorff.com\/belogue\/2024\/07\/30\/paleo-festival-2024-nyon-jour-6\/","url_meta":{"origin":34621,"position":5},"title":"Pal\u00e9o Festival 2024, Nyon, jour 6.","author":"dpc","date":"30 juillet 2024","format":false,"excerpt":"","rel":"","context":"Dans &quot;Alive&quot;","block_context":{"text":"Alive","link":"https:\/\/www.wallendorff.com\/belogue\/category\/alive\/"},"img":{"alt_text":"","src":"https:\/\/i0.wp.com\/www.wallendorff.com\/belogue\/wp-content\/uploads\/2024\/07\/20240729-35.jpg?resize=350%2C200&ssl=1","width":350,"height":200,"srcset":"https:\/\/i0.wp.com\/www.wallendorff.com\/belogue\/wp-content\/uploads\/2024\/07\/20240729-35.jpg?resize=350%2C200&ssl=1 1x, https:\/\/i0.wp.com\/www.wallendorff.com\/belogue\/wp-content\/uploads\/2024\/07\/20240729-35.jpg?resize=525%2C300&ssl=1 1.5x, https:\/\/i0.wp.com\/www.wallendorff.com\/belogue\/wp-content\/uploads\/2024\/07\/20240729-35.jpg?resize=700%2C400&ssl=1 2x, https:\/\/i0.wp.com\/www.wallendorff.com\/belogue\/wp-content\/uploads\/2024\/07\/20240729-35.jpg?resize=1050%2C600&ssl=1 3x"},"classes":[]}],"_links":{"self":[{"href":"https:\/\/www.wallendorff.com\/belogue\/wp-json\/wp\/v2\/posts\/34621","targetHints":{"allow":["GET"]}}],"collection":[{"href":"https:\/\/www.wallendorff.com\/belogue\/wp-json\/wp\/v2\/posts"}],"about":[{"href":"https:\/\/www.wallendorff.com\/belogue\/wp-json\/wp\/v2\/types\/post"}],"author":[{"embeddable":true,"href":"https:\/\/www.wallendorff.com\/belogue\/wp-json\/wp\/v2\/users\/1"}],"replies":[{"embeddable":true,"href":"https:\/\/www.wallendorff.com\/belogue\/wp-json\/wp\/v2\/comments?post=34621"}],"version-history":[{"count":5,"href":"https:\/\/www.wallendorff.com\/belogue\/wp-json\/wp\/v2\/posts\/34621\/revisions"}],"predecessor-version":[{"id":34762,"href":"https:\/\/www.wallendorff.com\/belogue\/wp-json\/wp\/v2\/posts\/34621\/revisions\/34762"}],"wp:featuredmedia":[{"embeddable":true,"href":"https:\/\/www.wallendorff.com\/belogue\/wp-json\/wp\/v2\/media\/34674"}],"wp:attachment":[{"href":"https:\/\/www.wallendorff.com\/belogue\/wp-json\/wp\/v2\/media?parent=34621"}],"wp:term":[{"taxonomy":"category","embeddable":true,"href":"https:\/\/www.wallendorff.com\/belogue\/wp-json\/wp\/v2\/categories?post=34621"},{"taxonomy":"post_tag","embeddable":true,"href":"https:\/\/www.wallendorff.com\/belogue\/wp-json\/wp\/v2\/tags?post=34621"}],"curies":[{"name":"wp","href":"https:\/\/api.w.org\/{rel}","templated":true}]}}