{"id":3461,"date":"2008-09-26T10:54:05","date_gmt":"2008-09-26T08:54:05","guid":{"rendered":"http:\/\/www.po-l.com\/belogue\/?p=3461"},"modified":"2020-08-21T11:23:07","modified_gmt":"2020-08-21T09:23:07","slug":"well-hold-on-tight-just-hold-on-tight-youre-too-slow","status":"publish","type":"post","link":"https:\/\/www.wallendorff.com\/belogue\/2008\/09\/26\/well-hold-on-tight-just-hold-on-tight-youre-too-slow\/","title":{"rendered":"Well hold on tight, just hold on tight you&rsquo;re too slow."},"content":{"rendered":"<div id=\"photo\">\n<p><img decoding=\"async\" src=\"https:\/\/www.wallendorff.com\/belogue\/photo\/2008\/09\/20080926.jpg\" \/><br \/>\n  Parc Monceau, Paris, 6 septembre.<\/p>\n<\/div>\n<div id=\"bandeson\">\n<p><img decoding=\"async\" src=\"https:\/\/www.wallendorff.com\/belogue\/photo\/pochettes\/b\/black_angels_the-passover.jpg\" align=\"left\" \/>&nbsp; <a href=\"http:\/\/www.theblackangels.com\">The Black Angels<\/a> &ndash;<em> Young Men Dead<\/em><\/p>\n<\/div>\n<p style=\"text-align:right\">Les Black Angels c&rsquo;est bon, mangez-en.<\/p>\n<p style=\"text-align:right\">[Et cliquez sur la pochette pour la voir en grand parce que la r&eacute;duction ne lui est pas flatteuse du tout.]<\/p>\n","protected":false},"excerpt":{"rendered":"<p>Parc Monceau, Paris, 6 septembre. &nbsp; The Black Angels &ndash; Young Men Dead Les Black Angels c&rsquo;est bon, mangez-en. [Et cliquez sur la pochette pour la voir en grand parce que la r&eacute;duction ne lui est pas flatteuse du tout.]<\/p>\n","protected":false},"author":1,"featured_media":25262,"comment_status":"open","ping_status":"open","sticky":false,"template":"","format":"standard","meta":{"_acf_changed":false,"ngg_post_thumbnail":0,"jetpack_post_was_ever_published":false,"_jetpack_newsletter_access":"","_jetpack_dont_email_post_to_subs":false,"_jetpack_newsletter_tier_id":0,"_jetpack_memberships_contains_paywalled_content":false,"_jetpack_memberships_contains_paid_content":false,"footnotes":"","jetpack_publicize_message":"","jetpack_publicize_feature_enabled":true,"jetpack_social_post_already_shared":false,"jetpack_social_options":{"image_generator_settings":{"template":"highway","default_image_id":0,"font":"","enabled":false},"version":2}},"categories":[3],"tags":[10237,142,132,10120,10121,143,10147,10499,2554,10098,10305,10349,2555],"class_list":["post-3461","post","type-post","status-publish","format-standard","has-post-thumbnail","hentry","category-dpc","tag-10237","tag-ef-s-10-22-mm-f35-45-usm","tag-eos-20d","tag-france","tag-ile-de-france","tag-noir-et-blanc","tag-nuit","tag-ombre","tag-parc-monceau","tag-paris","tag-porte","tag-the-black-angels","tag-young-men-dead"],"acf":[],"geo":{"latitude":48.8801308,"longitude":2.3092451,"description":null},"jetpack_publicize_connections":[],"jetpack_featured_media_url":"https:\/\/www.wallendorff.com\/belogue\/wp-content\/uploads\/2015\/04\/200809261.jpg","jetpack_shortlink":"https:\/\/wp.me\/p3b35P-TP","jetpack_sharing_enabled":true,"jetpack-related-posts":[{"id":12353,"url":"https:\/\/www.wallendorff.com\/belogue\/2011\/02\/25\/interlude-8\/","url_meta":{"origin":3461,"position":0},"title":"Interlude.","author":"dpc","date":"25 f\u00e9vrier 2011","format":false,"excerpt":"Parc Monceau, Paris, 31 janvier. Un gabill\u00e9, c'est un peu comme un gatounu, \u00e0 part qu'il est habill\u00e9. \u00a0City and Colour \u2013 The Girl","rel":"","context":"Dans &quot;DPC&quot;","block_context":{"text":"DPC","link":"https:\/\/www.wallendorff.com\/belogue\/category\/dpc\/"},"img":{"alt_text":"","src":"https:\/\/i0.wp.com\/www.wallendorff.com\/belogue\/wp-content\/uploads\/2015\/04\/201102251.jpg?resize=350%2C200&ssl=1","width":350,"height":200},"classes":[]},{"id":3762,"url":"https:\/\/www.wallendorff.com\/belogue\/2009\/01\/02\/shooting-people-43\/","url_meta":{"origin":3461,"position":1},"title":"Shooting people #43.","author":"dpc","date":"2 janvier 2009","format":false,"excerpt":"Parc Monceau, Paris, 30 novembre 2008. Mr. David Viner \u2013 Another Man","rel":"","context":"Dans &quot;Portraits&quot;","block_context":{"text":"Portraits","link":"https:\/\/www.wallendorff.com\/belogue\/category\/portraits\/"},"img":{"alt_text":"","src":"https:\/\/i0.wp.com\/www.wallendorff.com\/belogue\/wp-content\/uploads\/2015\/04\/200901021.jpg?resize=350%2C200&ssl=1","width":350,"height":200,"srcset":"https:\/\/i0.wp.com\/www.wallendorff.com\/belogue\/wp-content\/uploads\/2015\/04\/200901021.jpg?resize=350%2C200&ssl=1 1x, https:\/\/i0.wp.com\/www.wallendorff.com\/belogue\/wp-content\/uploads\/2015\/04\/200901021.jpg?resize=525%2C300&ssl=1 1.5x, https:\/\/i0.wp.com\/www.wallendorff.com\/belogue\/wp-content\/uploads\/2015\/04\/200901021.jpg?resize=700%2C400&ssl=1 2x"},"classes":[]},{"id":11585,"url":"https:\/\/www.wallendorff.com\/belogue\/2011\/01\/13\/parc-mont-seau\/","url_meta":{"origin":3461,"position":2},"title":"Parc mont-seau.","author":"dpc","date":"13 janvier 2011","format":false,"excerpt":"Rue du Mont-Cenis, Paris, 20 novembre 2010. \u00ab\u00a0Mont-seau\u00a0\u00bb parce qu'au milieu du square il y a un ch\u00e2teau d'eau et que \u00e7a sonne comme Monceau. D'o\u00f9 dr\u00f4le, d'o\u00f9 lol mdr rophlmao poney poney. Enfin normalement. Hum. \u00a0Amanda Palmer \u2013 I Will Follow You into the Dark (Death Cab for Cutie\u2026","rel":"","context":"Dans &quot;DPC&quot;","block_context":{"text":"DPC","link":"https:\/\/www.wallendorff.com\/belogue\/category\/dpc\/"},"img":{"alt_text":"","src":"https:\/\/i0.wp.com\/www.wallendorff.com\/belogue\/wp-content\/uploads\/2015\/04\/201101131.jpg?resize=350%2C200&ssl=1","width":350,"height":200},"classes":[]},{"id":22968,"url":"https:\/\/www.wallendorff.com\/belogue\/2014\/06\/15\/dix-ans-de-nuits\/","url_meta":{"origin":3461,"position":3},"title":"Dix ans de nuits.","author":"dpc","date":"15 juin 2014","format":false,"excerpt":"Dix ans de noir. Dix ans d'un monde qui appartient \u00e0 ceux qui se couchent tard. [B]r\u00eaves nocturnes. Pine Lake, 5 avril 2004. \u00a0 Previously unreleased #6. State Theater, D\u00e9troit, 10 mai 2004. \u00a0 Lune et tard hier. Ibarron, 21 ao\u00fbt 2005. \u00a0 Photons matent haut. Place de la Concorde,\u2026","rel":"","context":"Dans &quot;DPC&quot;","block_context":{"text":"DPC","link":"https:\/\/www.wallendorff.com\/belogue\/category\/dpc\/"},"img":{"alt_text":"","src":"https:\/\/i0.wp.com\/www.wallendorff.com\/belogue\/wp-content\/uploads\/2015\/04\/201210102.jpg?resize=350%2C200&ssl=1","width":350,"height":200,"srcset":"https:\/\/i0.wp.com\/www.wallendorff.com\/belogue\/wp-content\/uploads\/2015\/04\/201210102.jpg?resize=350%2C200&ssl=1 1x, https:\/\/i0.wp.com\/www.wallendorff.com\/belogue\/wp-content\/uploads\/2015\/04\/201210102.jpg?resize=525%2C300&ssl=1 1.5x, https:\/\/i0.wp.com\/www.wallendorff.com\/belogue\/wp-content\/uploads\/2015\/04\/201210102.jpg?resize=700%2C400&ssl=1 2x"},"classes":[]},{"id":16343,"url":"https:\/\/www.wallendorff.com\/belogue\/2012\/03\/12\/seul-a-seuil\/","url_meta":{"origin":3461,"position":4},"title":"Seul \u00e0 seuil.","author":"dpc","date":"12 mars 2012","format":false,"excerpt":"Cit\u00e9 Universitaire, Paris, 21 janvier. The Black Angels \u2013 Entrance Song (Raindance version) [youtube]http:\/\/www.youtube.com\/watch?v=DKhyfvPIsoE[\/youtube]","rel":"","context":"Dans &quot;DPC&quot;","block_context":{"text":"DPC","link":"https:\/\/www.wallendorff.com\/belogue\/category\/dpc\/"},"img":{"alt_text":"","src":"https:\/\/i0.wp.com\/www.wallendorff.com\/belogue\/wp-content\/uploads\/2015\/04\/201203121.jpg?resize=350%2C200&ssl=1","width":350,"height":200,"srcset":"https:\/\/i0.wp.com\/www.wallendorff.com\/belogue\/wp-content\/uploads\/2015\/04\/201203121.jpg?resize=350%2C200&ssl=1 1x, https:\/\/i0.wp.com\/www.wallendorff.com\/belogue\/wp-content\/uploads\/2015\/04\/201203121.jpg?resize=525%2C300&ssl=1 1.5x, https:\/\/i0.wp.com\/www.wallendorff.com\/belogue\/wp-content\/uploads\/2015\/04\/201203121.jpg?resize=700%2C400&ssl=1 2x"},"classes":[]},{"id":21647,"url":"https:\/\/www.wallendorff.com\/belogue\/2013\/09\/24\/the-black-angels-le-trianon-paris\/","url_meta":{"origin":3461,"position":5},"title":"The Black Angels @ le Trianon, Paris.","author":"dpc","date":"24 septembre 2013","format":false,"excerpt":"Mission District | Yellow Elevator #2 | Evil Things | Don't Play with Guns | Entrance Song | I Hear Colors (Chrom\u00e6sthesia) | Indigo Meadow | Twisted Light | Black Grease | Haunting at 1300 McKinley | Broken Soldier | Telephone | Young Men Dead | Bad Vibrations | Bloodhounds\u2026","rel":"","context":"Dans &quot;Alive&quot;","block_context":{"text":"Alive","link":"https:\/\/www.wallendorff.com\/belogue\/category\/alive\/"},"img":{"alt_text":"","src":"https:\/\/i0.wp.com\/www.wallendorff.com\/belogue\/wp-content\/uploads\/2015\/04\/201309241.jpg?resize=350%2C200&ssl=1","width":350,"height":200,"srcset":"https:\/\/i0.wp.com\/www.wallendorff.com\/belogue\/wp-content\/uploads\/2015\/04\/201309241.jpg?resize=350%2C200&ssl=1 1x, https:\/\/i0.wp.com\/www.wallendorff.com\/belogue\/wp-content\/uploads\/2015\/04\/201309241.jpg?resize=525%2C300&ssl=1 1.5x, https:\/\/i0.wp.com\/www.wallendorff.com\/belogue\/wp-content\/uploads\/2015\/04\/201309241.jpg?resize=700%2C400&ssl=1 2x"},"classes":[]}],"_links":{"self":[{"href":"https:\/\/www.wallendorff.com\/belogue\/wp-json\/wp\/v2\/posts\/3461","targetHints":{"allow":["GET"]}}],"collection":[{"href":"https:\/\/www.wallendorff.com\/belogue\/wp-json\/wp\/v2\/posts"}],"about":[{"href":"https:\/\/www.wallendorff.com\/belogue\/wp-json\/wp\/v2\/types\/post"}],"author":[{"embeddable":true,"href":"https:\/\/www.wallendorff.com\/belogue\/wp-json\/wp\/v2\/users\/1"}],"replies":[{"embeddable":true,"href":"https:\/\/www.wallendorff.com\/belogue\/wp-json\/wp\/v2\/comments?post=3461"}],"version-history":[{"count":5,"href":"https:\/\/www.wallendorff.com\/belogue\/wp-json\/wp\/v2\/posts\/3461\/revisions"}],"predecessor-version":[{"id":46637,"href":"https:\/\/www.wallendorff.com\/belogue\/wp-json\/wp\/v2\/posts\/3461\/revisions\/46637"}],"wp:featuredmedia":[{"embeddable":true,"href":"https:\/\/www.wallendorff.com\/belogue\/wp-json\/wp\/v2\/media\/25262"}],"wp:attachment":[{"href":"https:\/\/www.wallendorff.com\/belogue\/wp-json\/wp\/v2\/media?parent=3461"}],"wp:term":[{"taxonomy":"category","embeddable":true,"href":"https:\/\/www.wallendorff.com\/belogue\/wp-json\/wp\/v2\/categories?post=3461"},{"taxonomy":"post_tag","embeddable":true,"href":"https:\/\/www.wallendorff.com\/belogue\/wp-json\/wp\/v2\/tags?post=3461"}],"curies":[{"name":"wp","href":"https:\/\/api.w.org\/{rel}","templated":true}]}}