{"id":346,"date":"2005-03-01T01:28:34","date_gmt":"2005-03-01T01:28:34","guid":{"rendered":"http:\/\/www.po-l.com\/wordpress\/?p=346"},"modified":"2012-02-10T11:14:57","modified_gmt":"2012-02-10T09:14:57","slug":"donner-ses-donnees-rependre-ses-volets","status":"publish","type":"post","link":"https:\/\/www.wallendorff.com\/belogue\/2005\/03\/01\/donner-ses-donnees-rependre-ses-volets\/","title":{"rendered":"Donner ses donn&eacute;es, rependre ses volets<sup>1<\/sup>."},"content":{"rendered":"<div id=\"photo\">\n<p><img decoding=\"async\" src=\"http:\/\/www.po-L.com\/belogue\/photo\/2005\/03\/20050301-01.jpg\"><br \/>\nMontmartre, Paris, 23 f&eacute;vrier.<\/p>\n<\/div>\n<p style=\"text-align:right\"><em>\u00ab\u00a0I caught a glimpse, but its been forgotten<br \/>\nSo here we are again<br \/>\nI made a vow, to carry you home&#8230; home\u00a0\u00bb<\/em><\/p>\n<div id=\"bandeson\">\n<p><img decoding=\"async\" src=\"https:\/\/www.wallendorff.com\/belogue\/photo\/pochettes\/b\/bloc_party-silent_alarm.jpg\" align=\"left\" \/>&nbsp;<a href=\"http:\/\/www.blocparty.co.uk\">Bloc Party<\/a> &ndash; <em>So Here We Are<\/em><\/p>\n<\/p><\/div>\n<div id=\"bas_note\">\n<p>_____<\/p>\n<p><sup>1<\/sup> Proverbe gallois &agrave; la traduction, reconnaissons-le, hasardeuse.<\/p>\n<\/div>\n","protected":false},"excerpt":{"rendered":"<p>Montmartre, Paris, 23 f&eacute;vrier. \u00ab\u00a0I caught a glimpse, but its been forgotten So here we are again I made a vow, to carry you home&#8230; home\u00a0\u00bb &nbsp;Bloc Party &ndash; So Here We Are _____ 1 Proverbe gallois &agrave; la traduction, reconnaissons-le, hasardeuse.<\/p>\n","protected":false},"author":1,"featured_media":24286,"comment_status":"open","ping_status":"open","sticky":false,"template":"","format":"standard","meta":{"_acf_changed":false,"ngg_post_thumbnail":0,"jetpack_post_was_ever_published":false,"_jetpack_newsletter_access":"","_jetpack_dont_email_post_to_subs":false,"_jetpack_newsletter_tier_id":0,"_jetpack_memberships_contains_paywalled_content":false,"_jetpack_memberships_contains_paid_content":false,"footnotes":"","jetpack_publicize_message":"","jetpack_publicize_feature_enabled":true,"jetpack_social_post_already_shared":false,"jetpack_social_options":{"image_generator_settings":{"template":"highway","default_image_id":0,"font":"","enabled":false},"version":2}},"categories":[3],"tags":[10143,10220,155,132,10120,10121,10142,10211,143,10098,855],"class_list":["post-346","post","type-post","status-publish","format-standard","has-post-thumbnail","hentry","category-dpc","tag-10143","tag-bloc-party","tag-ef-s-18-55-mm-f35-56-ii","tag-eos-20d","tag-france","tag-ile-de-france","tag-montmartre","tag-neige","tag-noir-et-blanc","tag-paris","tag-so-here-we-are"],"acf":[],"geo":{"latitude":48.8852119,"longitude":2.3423731,"description":null},"jetpack_publicize_connections":[],"jetpack_featured_media_url":"https:\/\/www.wallendorff.com\/belogue\/wp-content\/uploads\/2015\/04\/20050301-011.jpg","jetpack_shortlink":"https:\/\/wp.me\/p3b35P-5A","jetpack_sharing_enabled":true,"jetpack-related-posts":[{"id":33901,"url":"https:\/\/www.wallendorff.com\/belogue\/2017\/04\/26\/isaac-delusion-lelysee-montmartre-paris\/","url_meta":{"origin":346,"position":0},"title":"Isaac Delusion @ l&rsquo;\u00c9lys\u00e9e-Montmartre, Paris.","author":"dpc","date":"26 avril 2017","format":false,"excerpt":"","rel":"","context":"Dans &quot;Alive&quot;","block_context":{"text":"Alive","link":"https:\/\/www.wallendorff.com\/belogue\/category\/alive\/"},"img":{"alt_text":"","src":"https:\/\/i0.wp.com\/www.wallendorff.com\/belogue\/wp-content\/uploads\/2017\/04\/20170426-13.jpg?resize=350%2C200&ssl=1","width":350,"height":200,"srcset":"https:\/\/i0.wp.com\/www.wallendorff.com\/belogue\/wp-content\/uploads\/2017\/04\/20170426-13.jpg?resize=350%2C200&ssl=1 1x, https:\/\/i0.wp.com\/www.wallendorff.com\/belogue\/wp-content\/uploads\/2017\/04\/20170426-13.jpg?resize=525%2C300&ssl=1 1.5x, https:\/\/i0.wp.com\/www.wallendorff.com\/belogue\/wp-content\/uploads\/2017\/04\/20170426-13.jpg?resize=700%2C400&ssl=1 2x"},"classes":[]},{"id":30330,"url":"https:\/\/www.wallendorff.com\/belogue\/2016\/03\/04\/bloc-party-oscar-le-trianon-paris\/","url_meta":{"origin":346,"position":1},"title":"Bloc Party + Oscar @ le Trianon, Paris.","author":"dpc","date":"4 mars 2016","format":false,"excerpt":"Oscar Bloc Party","rel":"","context":"Dans &quot;Alive&quot;","block_context":{"text":"Alive","link":"https:\/\/www.wallendorff.com\/belogue\/category\/alive\/"},"img":{"alt_text":"","src":"https:\/\/i0.wp.com\/www.wallendorff.com\/belogue\/wp-content\/uploads\/2016\/03\/20160304-16-1.jpg?resize=350%2C200&ssl=1","width":350,"height":200,"srcset":"https:\/\/i0.wp.com\/www.wallendorff.com\/belogue\/wp-content\/uploads\/2016\/03\/20160304-16-1.jpg?resize=350%2C200&ssl=1 1x, https:\/\/i0.wp.com\/www.wallendorff.com\/belogue\/wp-content\/uploads\/2016\/03\/20160304-16-1.jpg?resize=525%2C300&ssl=1 1.5x"},"classes":[]},{"id":7547,"url":"https:\/\/www.wallendorff.com\/belogue\/2010\/05\/17\/unkle-lelysee-montmartre-paris\/","url_meta":{"origin":346,"position":2},"title":"UNKLE @ l&rsquo;\u00c9lys\u00e9e-Montmartre, Paris.","author":"dpc","date":"17 mai 2010","format":false,"excerpt":"\u00a0Holy Fuck \u2013 Latin America","rel":"","context":"Dans &quot;Alive&quot;","block_context":{"text":"Alive","link":"https:\/\/www.wallendorff.com\/belogue\/category\/alive\/"},"img":{"alt_text":"","src":"https:\/\/i0.wp.com\/www.wallendorff.com\/belogue\/wp-content\/uploads\/2015\/04\/20100517-011.jpg?resize=350%2C200&ssl=1","width":350,"height":200,"srcset":"https:\/\/i0.wp.com\/www.wallendorff.com\/belogue\/wp-content\/uploads\/2015\/04\/20100517-011.jpg?resize=350%2C200&ssl=1 1x, https:\/\/i0.wp.com\/www.wallendorff.com\/belogue\/wp-content\/uploads\/2015\/04\/20100517-011.jpg?resize=525%2C300&ssl=1 1.5x, https:\/\/i0.wp.com\/www.wallendorff.com\/belogue\/wp-content\/uploads\/2015\/04\/20100517-011.jpg?resize=700%2C400&ssl=1 2x"},"classes":[]},{"id":979,"url":"https:\/\/www.wallendorff.com\/belogue\/2007\/06\/21\/narrow-terence-l-elysee-montmartre-paris-12-juin\/","url_meta":{"origin":346,"position":3},"title":"Narrow Terence @ l&rsquo;\u00c9lys\u00e9e-Montmartre, Paris, 12 juin.","author":"dpc","date":"21 juin 2007","format":false,"excerpt":"\u00a0Yeah Yeah Yeahs \u2013 Rockers to Swallow (live)","rel":"","context":"Dans &quot;Alive&quot;","block_context":{"text":"Alive","link":"https:\/\/www.wallendorff.com\/belogue\/category\/alive\/"},"img":{"alt_text":"","src":"https:\/\/i0.wp.com\/www.wallendorff.com\/belogue\/wp-content\/uploads\/2015\/04\/200706211.jpg?resize=350%2C200&ssl=1","width":350,"height":200,"srcset":"https:\/\/i0.wp.com\/www.wallendorff.com\/belogue\/wp-content\/uploads\/2015\/04\/200706211.jpg?resize=350%2C200&ssl=1 1x, https:\/\/i0.wp.com\/www.wallendorff.com\/belogue\/wp-content\/uploads\/2015\/04\/200706211.jpg?resize=525%2C300&ssl=1 1.5x, https:\/\/i0.wp.com\/www.wallendorff.com\/belogue\/wp-content\/uploads\/2015\/04\/200706211.jpg?resize=700%2C400&ssl=1 2x"},"classes":[]},{"id":974,"url":"https:\/\/www.wallendorff.com\/belogue\/2007\/06\/13\/mademoiselle-k-l-elysee-montmartre-paris\/","url_meta":{"origin":346,"position":4},"title":"Mademoiselle K @ l&rsquo;\u00c9lys\u00e9e-Montmartre, Paris.","author":"dpc","date":"13 juin 2007","format":false,"excerpt":"\u00catre rock en 2007, c'est renier le cornichon pour soutenir la betterave. \u00a0Flogging Molly \u2013 Devil's Dance Floor (acoustic)","rel":"","context":"Dans &quot;Alive&quot;","block_context":{"text":"Alive","link":"https:\/\/www.wallendorff.com\/belogue\/category\/alive\/"},"img":{"alt_text":"","src":"https:\/\/i0.wp.com\/www.wallendorff.com\/belogue\/wp-content\/uploads\/2015\/04\/200706131.jpg?resize=350%2C200&ssl=1","width":350,"height":200,"srcset":"https:\/\/i0.wp.com\/www.wallendorff.com\/belogue\/wp-content\/uploads\/2015\/04\/200706131.jpg?resize=350%2C200&ssl=1 1x, https:\/\/i0.wp.com\/www.wallendorff.com\/belogue\/wp-content\/uploads\/2015\/04\/200706131.jpg?resize=525%2C300&ssl=1 1.5x, https:\/\/i0.wp.com\/www.wallendorff.com\/belogue\/wp-content\/uploads\/2015\/04\/200706131.jpg?resize=700%2C400&ssl=1 2x"},"classes":[]},{"id":3651,"url":"https:\/\/www.wallendorff.com\/belogue\/2008\/12\/05\/julien-dore-lelysee-montmartre-paris-4-decembre\/","url_meta":{"origin":346,"position":5},"title":"Julien Dor\u00e9 @ l&rsquo;\u00c9lys\u00e9e-Montmartre, Paris.","author":"dpc","date":"5 d\u00e9cembre 2008","format":false,"excerpt":"Vivent les attach\u00e9es de presse, les spots, les \u00e9clairagistes, le format brut, les photos au 1\u00a0600e et euh... Radiohead. Radiohead \u2013 Electioneering","rel":"","context":"Dans &quot;Alive&quot;","block_context":{"text":"Alive","link":"https:\/\/www.wallendorff.com\/belogue\/category\/alive\/"},"img":{"alt_text":"","src":"https:\/\/i0.wp.com\/www.wallendorff.com\/belogue\/wp-content\/uploads\/2015\/04\/200812051.jpg?resize=350%2C200&ssl=1","width":350,"height":200,"srcset":"https:\/\/i0.wp.com\/www.wallendorff.com\/belogue\/wp-content\/uploads\/2015\/04\/200812051.jpg?resize=350%2C200&ssl=1 1x, https:\/\/i0.wp.com\/www.wallendorff.com\/belogue\/wp-content\/uploads\/2015\/04\/200812051.jpg?resize=525%2C300&ssl=1 1.5x, https:\/\/i0.wp.com\/www.wallendorff.com\/belogue\/wp-content\/uploads\/2015\/04\/200812051.jpg?resize=700%2C400&ssl=1 2x"},"classes":[]}],"_links":{"self":[{"href":"https:\/\/www.wallendorff.com\/belogue\/wp-json\/wp\/v2\/posts\/346","targetHints":{"allow":["GET"]}}],"collection":[{"href":"https:\/\/www.wallendorff.com\/belogue\/wp-json\/wp\/v2\/posts"}],"about":[{"href":"https:\/\/www.wallendorff.com\/belogue\/wp-json\/wp\/v2\/types\/post"}],"author":[{"embeddable":true,"href":"https:\/\/www.wallendorff.com\/belogue\/wp-json\/wp\/v2\/users\/1"}],"replies":[{"embeddable":true,"href":"https:\/\/www.wallendorff.com\/belogue\/wp-json\/wp\/v2\/comments?post=346"}],"version-history":[{"count":1,"href":"https:\/\/www.wallendorff.com\/belogue\/wp-json\/wp\/v2\/posts\/346\/revisions"}],"predecessor-version":[{"id":15814,"href":"https:\/\/www.wallendorff.com\/belogue\/wp-json\/wp\/v2\/posts\/346\/revisions\/15814"}],"wp:featuredmedia":[{"embeddable":true,"href":"https:\/\/www.wallendorff.com\/belogue\/wp-json\/wp\/v2\/media\/24286"}],"wp:attachment":[{"href":"https:\/\/www.wallendorff.com\/belogue\/wp-json\/wp\/v2\/media?parent=346"}],"wp:term":[{"taxonomy":"category","embeddable":true,"href":"https:\/\/www.wallendorff.com\/belogue\/wp-json\/wp\/v2\/categories?post=346"},{"taxonomy":"post_tag","embeddable":true,"href":"https:\/\/www.wallendorff.com\/belogue\/wp-json\/wp\/v2\/tags?post=346"}],"curies":[{"name":"wp","href":"https:\/\/api.w.org\/{rel}","templated":true}]}}