{"id":3459,"date":"2008-09-25T12:12:49","date_gmt":"2008-09-25T10:12:49","guid":{"rendered":"http:\/\/www.po-l.com\/belogue\/?p=3459"},"modified":"2012-06-19T09:38:33","modified_gmt":"2012-06-19T07:38:33","slug":"shooting-people-37","status":"publish","type":"post","link":"https:\/\/www.wallendorff.com\/belogue\/2008\/09\/25\/shooting-people-37\/","title":{"rendered":"Shooting people #37."},"content":{"rendered":"<div id=\"photo\">\n<p><img decoding=\"async\" src=\"https:\/\/www.wallendorff.com\/belogue\/photo\/2008\/09\/20080925.jpg\" \/><br \/>\n  Grands Boulevards, Paris, 24 septembre.<\/p>\n<\/div>\n<div id=\"bandeson\">\n<p><img decoding=\"async\" src=\"https:\/\/www.wallendorff.com\/belogue\/photo\/pochettes\/t\/tv_on_the_radio-dear_science.jpg\" align=\"left\" \/> <a href=\"http:\/\/www.tvontheradio.com\/\">TV on the Radio<\/a> &ndash;<em> DLZ <\/em><\/p>\n<\/div>\n<p style=\"text-align:right\">M&ecirc;me &agrave; 1,8&nbsp;g, &ccedil;a marche encore.<\/p>\n","protected":false},"excerpt":{"rendered":"<p>Grands Boulevards, Paris, 24 septembre. TV on the Radio &ndash; DLZ M&ecirc;me &agrave; 1,8&nbsp;g, &ccedil;a marche encore.<\/p>\n","protected":false},"author":1,"featured_media":25261,"comment_status":"open","ping_status":"open","sticky":false,"template":"","format":"standard","meta":{"_acf_changed":false,"ngg_post_thumbnail":0,"jetpack_post_was_ever_published":false,"_jetpack_newsletter_access":"","_jetpack_dont_email_post_to_subs":false,"_jetpack_newsletter_tier_id":0,"_jetpack_memberships_contains_paywalled_content":false,"_jetpack_memberships_contains_paid_content":false,"footnotes":"","jetpack_publicize_message":"","jetpack_publicize_feature_enabled":true,"jetpack_social_post_already_shared":false,"jetpack_social_options":{"image_generator_settings":{"template":"highway","default_image_id":0,"font":"","enabled":false},"version":2}},"categories":[8],"tags":[10251,142,132,4807,2553,10340,10120,2552,10121,10454,10119,143,10098,10272,10124],"class_list":["post-3459","post","type-post","status-publish","format-standard","has-post-thumbnail","hentry","category-portraits","tag-10251","tag-ef-s-10-22-mm-f35-45-usm","tag-eos-20d","tag-dear-science","tag-dlz","tag-fille","tag-france","tag-grands-boulevards","tag-ile-de-france","tag-ligne-9","tag-metro","tag-noir-et-blanc","tag-paris","tag-portrait","tag-tv-on-the-radio"],"acf":[],"geo":{"latitude":48.8712578,"longitude":2.3439395,"description":null},"jetpack_publicize_connections":[],"jetpack_featured_media_url":"https:\/\/www.wallendorff.com\/belogue\/wp-content\/uploads\/2015\/04\/200809251.jpg","jetpack_shortlink":"https:\/\/wp.me\/p3b35P-TN","jetpack_sharing_enabled":true,"jetpack-related-posts":[{"id":7160,"url":"https:\/\/www.wallendorff.com\/belogue\/2010\/03\/11\/quhisse-heure-sans-bleu-casse-amble\/","url_meta":{"origin":3459,"position":0},"title":"Qu&rsquo;hisse heure sans bleu, casse amble.","author":"dpc","date":"11 mars 2010","format":false,"excerpt":"Station Grands Boulevards, Paris, 7 f\u00e9vrier. J'\u00e9tais parti pour mettre une photo de b\u00e9b\u00e9 trop choupi en train de faire des poutoux \u00e0 un chaton tout mignon qu'a m\u00eame pas encore ouvert les yeux tellement qu'il est trop beau mais vient un moment o\u00f9 il faut arr\u00eater les conneries et\u2026","rel":"","context":"Dans &quot;DPC&quot;","block_context":{"text":"DPC","link":"https:\/\/www.wallendorff.com\/belogue\/category\/dpc\/"},"img":{"alt_text":"","src":"https:\/\/i0.wp.com\/www.wallendorff.com\/belogue\/wp-content\/uploads\/2015\/04\/201003111.jpg?resize=350%2C200&ssl=1","width":350,"height":200},"classes":[]},{"id":3467,"url":"https:\/\/www.wallendorff.com\/belogue\/2008\/09\/30\/blog-note-septembre-2008\/","url_meta":{"origin":3459,"position":1},"title":"Blog-note &#8211; septembre 2008.","author":"dpc","date":"30 septembre 2008","format":false,"excerpt":"Albums The Verve \u2013 Forth Encore Recordings Ipod Oasis \u2013 Dig Out Your Soul I'm From Barcelona \u2013 Who Killed Harry Houdini? TV On The Radio \u2013 Dear Science Counting Crows \u2013 Saturday Nights and Sunday Mornings 5 titres Franz Ferdinand \u2013 Lucid Dreams I'm From Barcelona \u2013 Music Killed\u2026","rel":"","context":"Dans &quot;Blog-note&quot;","block_context":{"text":"Blog-note","link":"https:\/\/www.wallendorff.com\/belogue\/category\/blog-note\/"},"img":{"alt_text":"","src":"","width":0,"height":0},"classes":[]},{"id":200,"url":"https:\/\/www.wallendorff.com\/belogue\/2006\/01\/09\/les-grands-epris-s-rendent-comptes\/","url_meta":{"origin":3459,"position":2},"title":"Les grands &eacute;pris s&rsquo;rendent comptes.","author":"dpc","date":"9 janvier 2006","format":false,"excerpt":"Parvis Notre-Dame1 \u2013 place Jean-Paul-II, Paris, 2 janvier, 19h08. \u201cI'm unclean, a libertine And every time you vent your spleen, I seem to lose the power of speech, Your slipping slowly from my reach. You grow me like an evergreen, You never see the lonely me at all\u201d [En parlant\u2026","rel":"","context":"Dans &quot;DPC&quot;","block_context":{"text":"DPC","link":"https:\/\/www.wallendorff.com\/belogue\/category\/dpc\/"},"img":{"alt_text":"","src":"https:\/\/i0.wp.com\/www.wallendorff.com\/belogue\/wp-content\/uploads\/2015\/04\/200601091.jpg?resize=350%2C200&ssl=1","width":350,"height":200},"classes":[]},{"id":21612,"url":"https:\/\/www.wallendorff.com\/belogue\/2013\/09\/17\/la-roue-quest-a-nu\/","url_meta":{"origin":3459,"position":3},"title":"La roue [qu&rsquo;est \u00e0 nu].","author":"dpc","date":"17 septembre 2013","format":false,"excerpt":"Jardin des Tuileries, Paris, 14 ao\u00fbt. MercyTV on the Radio \u00a0","rel":"","context":"Dans &quot;DPC&quot;","block_context":{"text":"DPC","link":"https:\/\/www.wallendorff.com\/belogue\/category\/dpc\/"},"img":{"alt_text":"","src":"https:\/\/i0.wp.com\/www.wallendorff.com\/belogue\/wp-content\/uploads\/2015\/04\/201309171.jpg?resize=350%2C200&ssl=1","width":350,"height":200},"classes":[]},{"id":7936,"url":"https:\/\/www.wallendorff.com\/belogue\/2010\/07\/30\/faites-la-moue-pas-la-gaie\/","url_meta":{"origin":3459,"position":4},"title":"Faites la moue, pas la gaie.","author":"dpc","date":"30 juillet 2010","format":false,"excerpt":"P\u00e8re-Lachaise, Paris, 10 juillet. \u00a0TV on the Radio \u2013 Blind","rel":"","context":"Dans &quot;DPC&quot;","block_context":{"text":"DPC","link":"https:\/\/www.wallendorff.com\/belogue\/category\/dpc\/"},"img":{"alt_text":"","src":"https:\/\/i0.wp.com\/www.wallendorff.com\/belogue\/wp-content\/uploads\/2015\/04\/201007301.jpg?resize=350%2C200&ssl=1","width":350,"height":200},"classes":[]},{"id":13144,"url":"https:\/\/www.wallendorff.com\/belogue\/2011\/08\/23\/du-haut-denomme\/","url_meta":{"origin":3459,"position":5},"title":"Du haut [d\u00e9nomme].","author":"dpc","date":"23 ao\u00fbt 2011","format":false,"excerpt":"H\u00f4tel de Cluny, Paris, 23 juillet. \u00a0TV on the Radio \u2013 Second Song","rel":"","context":"Dans &quot;DPC&quot;","block_context":{"text":"DPC","link":"https:\/\/www.wallendorff.com\/belogue\/category\/dpc\/"},"img":{"alt_text":"","src":"https:\/\/i0.wp.com\/www.wallendorff.com\/belogue\/wp-content\/uploads\/2015\/04\/201108231.jpg?resize=350%2C200&ssl=1","width":350,"height":200,"srcset":"https:\/\/i0.wp.com\/www.wallendorff.com\/belogue\/wp-content\/uploads\/2015\/04\/201108231.jpg?resize=350%2C200&ssl=1 1x, https:\/\/i0.wp.com\/www.wallendorff.com\/belogue\/wp-content\/uploads\/2015\/04\/201108231.jpg?resize=525%2C300&ssl=1 1.5x, https:\/\/i0.wp.com\/www.wallendorff.com\/belogue\/wp-content\/uploads\/2015\/04\/201108231.jpg?resize=700%2C400&ssl=1 2x"},"classes":[]}],"_links":{"self":[{"href":"https:\/\/www.wallendorff.com\/belogue\/wp-json\/wp\/v2\/posts\/3459","targetHints":{"allow":["GET"]}}],"collection":[{"href":"https:\/\/www.wallendorff.com\/belogue\/wp-json\/wp\/v2\/posts"}],"about":[{"href":"https:\/\/www.wallendorff.com\/belogue\/wp-json\/wp\/v2\/types\/post"}],"author":[{"embeddable":true,"href":"https:\/\/www.wallendorff.com\/belogue\/wp-json\/wp\/v2\/users\/1"}],"replies":[{"embeddable":true,"href":"https:\/\/www.wallendorff.com\/belogue\/wp-json\/wp\/v2\/comments?post=3459"}],"version-history":[{"count":1,"href":"https:\/\/www.wallendorff.com\/belogue\/wp-json\/wp\/v2\/posts\/3459\/revisions"}],"predecessor-version":[{"id":17814,"href":"https:\/\/www.wallendorff.com\/belogue\/wp-json\/wp\/v2\/posts\/3459\/revisions\/17814"}],"wp:featuredmedia":[{"embeddable":true,"href":"https:\/\/www.wallendorff.com\/belogue\/wp-json\/wp\/v2\/media\/25261"}],"wp:attachment":[{"href":"https:\/\/www.wallendorff.com\/belogue\/wp-json\/wp\/v2\/media?parent=3459"}],"wp:term":[{"taxonomy":"category","embeddable":true,"href":"https:\/\/www.wallendorff.com\/belogue\/wp-json\/wp\/v2\/categories?post=3459"},{"taxonomy":"post_tag","embeddable":true,"href":"https:\/\/www.wallendorff.com\/belogue\/wp-json\/wp\/v2\/tags?post=3459"}],"curies":[{"name":"wp","href":"https:\/\/api.w.org\/{rel}","templated":true}]}}