{"id":34420,"date":"2017-07-12T15:46:10","date_gmt":"2017-07-12T13:46:10","guid":{"rendered":"http:\/\/www.wallendorff.com\/belogue\/?p=34420"},"modified":"2017-12-25T20:41:50","modified_gmt":"2017-12-25T18:41:50","slug":"salle-des-pains-perdus","status":"publish","type":"post","link":"https:\/\/www.wallendorff.com\/belogue\/2017\/07\/12\/salle-des-pains-perdus\/","title":{"rendered":"Salle des pains perdus."},"content":{"rendered":"\n<div id=\"photo\">\n<p><img decoding=\"async\" src=\"https:\/\/www.wallendorff.com\/belogue\/wp-content\/uploads\/2017\/07\/20170712.jpg\"><br \/>\nH\u00f4tel de ville d&rsquo;Oslo, 8 mai.<\/p>\n<\/div>\n<div id=\"bandeson\">\n<p><img decoding=\"async\" src=\"https:\/\/www.wallendorff.com\/belogue\/photo\/pochettes\/f\/findlay-forgotten_pleasures.jpg\" align=\"left\"><a id=\"lienmp3\" style=\"font-weight: normal;\" href=\"http:\/\/www.youtube.com\/watch?v=g0nwA5GPrkw\"><em>Junk Food<\/em><\/a><br \/><a href=\"https:\/\/www.facebook.com\/FindlayMusic\/\">Findlay<\/a><\/p>\n<\/div>\n","protected":false},"excerpt":{"rendered":"<p>H\u00f4tel de ville d&rsquo;Oslo, 8 mai. Junk FoodFindlay<\/p>\n","protected":false},"author":1,"featured_media":34421,"comment_status":"open","ping_status":"open","sticky":false,"template":"","format":"standard","meta":{"_acf_changed":false,"ngg_post_thumbnail":0,"jetpack_post_was_ever_published":false,"_jetpack_newsletter_access":"","_jetpack_dont_email_post_to_subs":false,"_jetpack_newsletter_tier_id":0,"_jetpack_memberships_contains_paywalled_content":false,"_jetpack_memberships_contains_paid_content":false,"footnotes":"","jetpack_publicize_message":"","jetpack_publicize_feature_enabled":true,"jetpack_social_post_already_shared":true,"jetpack_social_options":{"image_generator_settings":{"template":"highway","default_image_id":0,"font":"","enabled":false},"version":2}},"categories":[3],"tags":[8351,13825,10246,11729,14401,13855,13941,2357,2409,8243,10407,13879],"class_list":["post-34420","post","type-post","status-publish","format-standard","has-post-thumbnail","hentry","category-dpc","tag-eos-6d","tag-comte-doslo","tag-contre-jour","tag-findlay","tag-forgotten-pleasures","tag-hotel-de-ville-doslo","tag-junk-food","tag-norvege","tag-radhusplassen","tag-sigma-15-mm-f2-8-ex-dg-diagonal-fish-eye","tag-silhouette","tag-ostlandet"],"acf":[],"geo":{"latitude":59.9120216,"longitude":10.7335777,"description":null},"jetpack_publicize_connections":[],"jetpack_featured_media_url":"https:\/\/www.wallendorff.com\/belogue\/wp-content\/uploads\/2017\/07\/20170712.jpg","jetpack_shortlink":"https:\/\/wp.me\/p3b35P-8Xa","jetpack_sharing_enabled":true,"jetpack-related-posts":[{"id":34359,"url":"https:\/\/www.wallendorff.com\/belogue\/2017\/07\/03\/chaises-ticulations\/","url_meta":{"origin":34420,"position":0},"title":"Chaises-ticulations.","author":"dpc","date":"3 juillet 2017","format":false,"excerpt":"H\u00f4tel de ville d'Oslo, 8 mai. Ill Ray (The King) Kasabian","rel":"","context":"Dans &quot;DPC&quot;","block_context":{"text":"DPC","link":"https:\/\/www.wallendorff.com\/belogue\/category\/dpc\/"},"img":{"alt_text":"","src":"https:\/\/i0.wp.com\/www.wallendorff.com\/belogue\/wp-content\/uploads\/2017\/07\/20170703.jpg?resize=350%2C200&ssl=1","width":350,"height":200,"srcset":"https:\/\/i0.wp.com\/www.wallendorff.com\/belogue\/wp-content\/uploads\/2017\/07\/20170703.jpg?resize=350%2C200&ssl=1 1x, https:\/\/i0.wp.com\/www.wallendorff.com\/belogue\/wp-content\/uploads\/2017\/07\/20170703.jpg?resize=525%2C300&ssl=1 1.5x, https:\/\/i0.wp.com\/www.wallendorff.com\/belogue\/wp-content\/uploads\/2017\/07\/20170703.jpg?resize=700%2C400&ssl=1 2x"},"classes":[]},{"id":34351,"url":"https:\/\/www.wallendorff.com\/belogue\/2017\/06\/28\/into-the-wide-103\/","url_meta":{"origin":34420,"position":1},"title":"Into the wide #103.","author":"dpc","date":"28 juin 2017","format":false,"excerpt":"Fridtjof Nansens Plass, Oslo, 7 mai. Wait (non-electric) The Kills","rel":"","context":"Dans &quot;Into the wide&quot;","block_context":{"text":"Into the wide","link":"https:\/\/www.wallendorff.com\/belogue\/category\/into-the-wide\/"},"img":{"alt_text":"","src":"https:\/\/i0.wp.com\/www.wallendorff.com\/belogue\/wp-content\/uploads\/2017\/06\/20170628.jpg?resize=350%2C200&ssl=1","width":350,"height":200,"srcset":"https:\/\/i0.wp.com\/www.wallendorff.com\/belogue\/wp-content\/uploads\/2017\/06\/20170628.jpg?resize=350%2C200&ssl=1 1x, https:\/\/i0.wp.com\/www.wallendorff.com\/belogue\/wp-content\/uploads\/2017\/06\/20170628.jpg?resize=525%2C300&ssl=1 1.5x, https:\/\/i0.wp.com\/www.wallendorff.com\/belogue\/wp-content\/uploads\/2017\/06\/20170628.jpg?resize=700%2C400&ssl=1 2x, https:\/\/i0.wp.com\/www.wallendorff.com\/belogue\/wp-content\/uploads\/2017\/06\/20170628.jpg?resize=1050%2C600&ssl=1 3x"},"classes":[]},{"id":34315,"url":"https:\/\/www.wallendorff.com\/belogue\/2017\/06\/16\/les-yeux-dans-le-bleu\/","url_meta":{"origin":34420,"position":2},"title":"Les yeux dans le bleu.","author":"dpc","date":"16 juin 2017","format":false,"excerpt":"Op\u00e9ra d'Oslo, 6 mai. Oh Woman, Oh ManLondon Grammar","rel":"","context":"Dans &quot;DPC&quot;","block_context":{"text":"DPC","link":"https:\/\/www.wallendorff.com\/belogue\/category\/dpc\/"},"img":{"alt_text":"","src":"https:\/\/i0.wp.com\/www.wallendorff.com\/belogue\/wp-content\/uploads\/2017\/06\/20170616.jpg?resize=350%2C200&ssl=1","width":350,"height":200,"srcset":"https:\/\/i0.wp.com\/www.wallendorff.com\/belogue\/wp-content\/uploads\/2017\/06\/20170616.jpg?resize=350%2C200&ssl=1 1x, https:\/\/i0.wp.com\/www.wallendorff.com\/belogue\/wp-content\/uploads\/2017\/06\/20170616.jpg?resize=525%2C300&ssl=1 1.5x"},"classes":[]},{"id":41578,"url":"https:\/\/www.wallendorff.com\/belogue\/2019\/04\/11\/des-centres-aux-envers\/","url_meta":{"origin":34420,"position":3},"title":"Des centres [aux envers].","author":"dpc","date":"11 avril 2019","format":false,"excerpt":"Op\u00e9ra d'Oslo, 1er mars 2019. [Photo pr\u00e9par\u00e9e en \u00e9coutant cet \u00e9pisode-ci de ce podcast-l\u00e0.] Seventeen Sharon Van Etten","rel":"","context":"Dans &quot;DPC&quot;","block_context":{"text":"DPC","link":"https:\/\/www.wallendorff.com\/belogue\/category\/dpc\/"},"img":{"alt_text":"Op&eacute;ra d'Oslo, 1er mars 2019.","src":"https:\/\/i0.wp.com\/www.wallendorff.com\/belogue\/wp-content\/uploads\/2019\/04\/20190411.jpg?resize=350%2C200&ssl=1","width":350,"height":200,"srcset":"https:\/\/i0.wp.com\/www.wallendorff.com\/belogue\/wp-content\/uploads\/2019\/04\/20190411.jpg?resize=350%2C200&ssl=1 1x, https:\/\/i0.wp.com\/www.wallendorff.com\/belogue\/wp-content\/uploads\/2019\/04\/20190411.jpg?resize=525%2C300&ssl=1 1.5x, https:\/\/i0.wp.com\/www.wallendorff.com\/belogue\/wp-content\/uploads\/2019\/04\/20190411.jpg?resize=700%2C400&ssl=1 2x, https:\/\/i0.wp.com\/www.wallendorff.com\/belogue\/wp-content\/uploads\/2019\/04\/20190411.jpg?resize=1050%2C600&ssl=1 3x"},"classes":[]},{"id":34355,"url":"https:\/\/www.wallendorff.com\/belogue\/2017\/06\/30\/carree-darse\/","url_meta":{"origin":34420,"position":4},"title":"Carr\u00e9e darse.","author":"dpc","date":"30 juin 2017","format":false,"excerpt":"Aker Brygge, Oslo, 7 mai. Hit Me Like That Snare\u0394","rel":"","context":"Dans &quot;DPC&quot;","block_context":{"text":"DPC","link":"https:\/\/www.wallendorff.com\/belogue\/category\/dpc\/"},"img":{"alt_text":"","src":"https:\/\/i0.wp.com\/www.wallendorff.com\/belogue\/wp-content\/uploads\/2017\/06\/20170630.jpg?resize=350%2C200&ssl=1","width":350,"height":200,"srcset":"https:\/\/i0.wp.com\/www.wallendorff.com\/belogue\/wp-content\/uploads\/2017\/06\/20170630.jpg?resize=350%2C200&ssl=1 1x, https:\/\/i0.wp.com\/www.wallendorff.com\/belogue\/wp-content\/uploads\/2017\/06\/20170630.jpg?resize=525%2C300&ssl=1 1.5x, https:\/\/i0.wp.com\/www.wallendorff.com\/belogue\/wp-content\/uploads\/2017\/06\/20170630.jpg?resize=700%2C400&ssl=1 2x"},"classes":[]},{"id":41664,"url":"https:\/\/www.wallendorff.com\/belogue\/2019\/04\/24\/into-the-wide-170\/","url_meta":{"origin":34420,"position":5},"title":"Into the wide #170.","author":"dpc","date":"24 avril 2019","format":false,"excerpt":"Op\u00e9ra d'Oslo, 1er mars 2019. Caf\u00e9 d'Ath\u00e8nes Foals","rel":"","context":"Dans &quot;Into the wide&quot;","block_context":{"text":"Into the wide","link":"https:\/\/www.wallendorff.com\/belogue\/category\/into-the-wide\/"},"img":{"alt_text":"","src":"https:\/\/i0.wp.com\/www.wallendorff.com\/belogue\/wp-content\/uploads\/2019\/04\/20190424.jpg?resize=350%2C200&ssl=1","width":350,"height":200,"srcset":"https:\/\/i0.wp.com\/www.wallendorff.com\/belogue\/wp-content\/uploads\/2019\/04\/20190424.jpg?resize=350%2C200&ssl=1 1x, https:\/\/i0.wp.com\/www.wallendorff.com\/belogue\/wp-content\/uploads\/2019\/04\/20190424.jpg?resize=525%2C300&ssl=1 1.5x, https:\/\/i0.wp.com\/www.wallendorff.com\/belogue\/wp-content\/uploads\/2019\/04\/20190424.jpg?resize=700%2C400&ssl=1 2x, https:\/\/i0.wp.com\/www.wallendorff.com\/belogue\/wp-content\/uploads\/2019\/04\/20190424.jpg?resize=1050%2C600&ssl=1 3x"},"classes":[]}],"_links":{"self":[{"href":"https:\/\/www.wallendorff.com\/belogue\/wp-json\/wp\/v2\/posts\/34420","targetHints":{"allow":["GET"]}}],"collection":[{"href":"https:\/\/www.wallendorff.com\/belogue\/wp-json\/wp\/v2\/posts"}],"about":[{"href":"https:\/\/www.wallendorff.com\/belogue\/wp-json\/wp\/v2\/types\/post"}],"author":[{"embeddable":true,"href":"https:\/\/www.wallendorff.com\/belogue\/wp-json\/wp\/v2\/users\/1"}],"replies":[{"embeddable":true,"href":"https:\/\/www.wallendorff.com\/belogue\/wp-json\/wp\/v2\/comments?post=34420"}],"version-history":[{"count":2,"href":"https:\/\/www.wallendorff.com\/belogue\/wp-json\/wp\/v2\/posts\/34420\/revisions"}],"predecessor-version":[{"id":34423,"href":"https:\/\/www.wallendorff.com\/belogue\/wp-json\/wp\/v2\/posts\/34420\/revisions\/34423"}],"wp:featuredmedia":[{"embeddable":true,"href":"https:\/\/www.wallendorff.com\/belogue\/wp-json\/wp\/v2\/media\/34421"}],"wp:attachment":[{"href":"https:\/\/www.wallendorff.com\/belogue\/wp-json\/wp\/v2\/media?parent=34420"}],"wp:term":[{"taxonomy":"category","embeddable":true,"href":"https:\/\/www.wallendorff.com\/belogue\/wp-json\/wp\/v2\/categories?post=34420"},{"taxonomy":"post_tag","embeddable":true,"href":"https:\/\/www.wallendorff.com\/belogue\/wp-json\/wp\/v2\/tags?post=34420"}],"curies":[{"name":"wp","href":"https:\/\/api.w.org\/{rel}","templated":true}]}}