{"id":34417,"date":"2017-07-10T22:11:03","date_gmt":"2017-07-10T20:11:03","guid":{"rendered":"http:\/\/www.wallendorff.com\/belogue\/?p=34417"},"modified":"2021-07-25T14:01:55","modified_gmt":"2021-07-25T12:01:55","slug":"les-eurockeennes-belfort-6-9-juillet","status":"publish","type":"post","link":"https:\/\/www.wallendorff.com\/belogue\/2017\/07\/10\/les-eurockeennes-belfort-6-9-juillet\/","title":{"rendered":"Les Eurock\u00e9ennes, Belfort, 6 \u2013 9 juillet."},"content":{"rendered":"<div id=\"photo\">\n<p><img decoding=\"async\" src=\"https:\/\/www.wallendorff.com\/belogue\/wp-content\/uploads\/2017\/07\/20170710.jpg\"><\/p>\n<\/div>\n<p style=\"text-align:right\">Parce que je suis un homme de <a href=\"https:\/\/www.wallendorff.com\/belogue\/2016\/07\/04\/les-eurockeennes-belfort-1er-3-juillet\/\">tradition<\/a>&#8211;<a href=\"https:\/\/www.wallendorff.com\/belogue\/2015\/07\/06\/les-eurockeennes-belfort-3-5-juillet\/\">tion<\/a>&#8211;<a href=\"https:\/\/www.wallendorff.com\/belogue\/2014\/07\/08\/les-eurockeennes-belfort-4-6-juillet\/\">tion<\/a>&#8211;<a href=\"https:\/\/www.wallendorff.com\/belogue\/2013\/07\/08\/les-eurockeennes-belfort-4-7-juillet\/\">tion<\/a>&#8211;<a href=\"https:\/\/www.wallendorff.com\/belogue\/2012\/07\/02\/main-square-festival-arras-29-juin-1er-juillet\/\">tion<\/a>&#8211;<a href=\"https:\/\/www.wallendorff.com\/belogue\/2011\/07\/04\/main-square-festival-arras-1er-3-juillet\/\">tion<\/a>&#8211;<a href=\"https:\/\/www.wallendorff.com\/belogue\/2010\/07\/05\/main-square-festival-arras-2-4-juillet\/\">tion<\/a>&#8211;<a href=\"https:\/\/www.wallendorff.com\/belogue\/2008\/07\/07\/main-square-festival-arras-5-6-juillet\/\">tion<\/a>.<\/p>\n<p style=\"text-align:right\">La suite vient bient\u00f4t.<\/p>\n<div id=\"bandeson\">\n<p><img decoding=\"async\" src=\"https:\/\/www.wallendorff.com\/belogue\/photo\/pochettes\/b\/barnett_courtney-how_to_boil_an_egg.jpg\" align=\"left\"><a style=\"font-weight:normal\" id=\"lienmp3\" href=\"http:\/\/www.youtube.com\/watch?v=fA3PKsMOffU\"><em>How to Boil an Egg<\/em><\/a><br \/>\n<a href=\"https:\/\/www.courtneybarnett.com.au\/\">Courtney Barnett<\/a><\/p>\n<\/div>\n","protected":false},"excerpt":{"rendered":"<p>Parce que je suis un homme de tradition&#8211;tion&#8211;tion&#8211;tion&#8211;tion&#8211;tion&#8211;tion&#8211;tion. La suite vient bient\u00f4t. How to Boil an Egg Courtney Barnett<\/p>\n","protected":false},"author":1,"featured_media":34418,"comment_status":"open","ping_status":"open","sticky":false,"template":"","format":"standard","meta":{"_acf_changed":false,"ngg_post_thumbnail":0,"jetpack_post_was_ever_published":false,"_jetpack_newsletter_access":"","_jetpack_dont_email_post_to_subs":false,"_jetpack_newsletter_tier_id":0,"_jetpack_memberships_contains_paywalled_content":false,"_jetpack_memberships_contains_paid_content":false,"footnotes":"","jetpack_publicize_message":"","jetpack_publicize_feature_enabled":true,"jetpack_social_post_already_shared":true,"jetpack_social_options":{"image_generator_settings":{"template":"highway","default_image_id":0,"font":"","enabled":false},"version":2}},"categories":[3],"tags":[13612,10084,11310,10110,8351,12498,10109,13938,10136,10120,10296,14161,12035,8243,10295],"class_list":["post-34417","post","type-post","status-publish","format-standard","has-post-thumbnail","hentry","category-dpc","tag-13612","tag-alive","tag-autoportrait","tag-belfort","tag-eos-6d","tag-courtney-barnett","tag-eurockeennes","tag-eurockeennes-2017","tag-festival","tag-france","tag-franche-comte","tag-how-to-boil-an-egg","tag-sermamagny","tag-sigma-15-mm-f2-8-ex-dg-diagonal-fish-eye","tag-territoire-de-belfort"],"acf":[],"geo":{"latitude":47.6851463,"longitude":6.8091631,"description":"Chemin de Cramenuz, 90300 Sermamagny, France"},"jetpack_publicize_connections":[],"jetpack_featured_media_url":"https:\/\/www.wallendorff.com\/belogue\/wp-content\/uploads\/2017\/07\/20170710.jpg","jetpack_shortlink":"https:\/\/wp.me\/p3b35P-8X7","jetpack_sharing_enabled":true,"jetpack-related-posts":[{"id":132766,"url":"https:\/\/www.wallendorff.com\/belogue\/2025\/07\/09\/les-eurockeennes-belfort-3-6-juillet-2025\/","url_meta":{"origin":34417,"position":0},"title":"Les Eurock\u00e9ennes, Belfort, 3 \u2013 6 juillet 2025.","author":"dpc","date":"9 juillet 2025","format":false,"excerpt":"Parce que je suis \u00e0 un homme de tradition - tion-tion-tion-tion-tion-tion-tion-tion-tion-tion-tion-tion-tion-tion-tion. \u00c0 l'ann\u00e9e prochaine\u00a0? It's Better People Oasis","rel":"","context":"Dans &quot;Alive&quot;","block_context":{"text":"Alive","link":"https:\/\/www.wallendorff.com\/belogue\/category\/alive\/"},"img":{"alt_text":"","src":"https:\/\/i0.wp.com\/www.wallendorff.com\/belogue\/wp-content\/uploads\/2025\/07\/20250709.jpg?resize=350%2C200&ssl=1","width":350,"height":200,"srcset":"https:\/\/i0.wp.com\/www.wallendorff.com\/belogue\/wp-content\/uploads\/2025\/07\/20250709.jpg?resize=350%2C200&ssl=1 1x, https:\/\/i0.wp.com\/www.wallendorff.com\/belogue\/wp-content\/uploads\/2025\/07\/20250709.jpg?resize=525%2C300&ssl=1 1.5x, https:\/\/i0.wp.com\/www.wallendorff.com\/belogue\/wp-content\/uploads\/2025\/07\/20250709.jpg?resize=700%2C400&ssl=1 2x, https:\/\/i0.wp.com\/www.wallendorff.com\/belogue\/wp-content\/uploads\/2025\/07\/20250709.jpg?resize=1050%2C600&ssl=1 3x"},"classes":[]},{"id":129219,"url":"https:\/\/www.wallendorff.com\/belogue\/2024\/07\/09\/les-eurockeennes-belfort-4-6-juillet-2024\/","url_meta":{"origin":34417,"position":1},"title":"Les Eurock\u00e9ennes, Belfort, 4 \u2013 6 juillet 2024.","author":"dpc","date":"9 juillet 2024","format":false,"excerpt":"Parce que je suis \u00e0 un homme de tradition-tion-tion-tion-tion-tion-tion-tion-tion-tion-tion-tion-tion-tion-tion. \u00c0 l'ann\u00e9e prochaine\u00a0? It's Better People Oasis","rel":"","context":"Dans &quot;Alive&quot;","block_context":{"text":"Alive","link":"https:\/\/www.wallendorff.com\/belogue\/category\/alive\/"},"img":{"alt_text":"","src":"https:\/\/i0.wp.com\/www.wallendorff.com\/belogue\/wp-content\/uploads\/2024\/07\/20240709.jpg?resize=350%2C200&ssl=1","width":350,"height":200,"srcset":"https:\/\/i0.wp.com\/www.wallendorff.com\/belogue\/wp-content\/uploads\/2024\/07\/20240709.jpg?resize=350%2C200&ssl=1 1x, https:\/\/i0.wp.com\/www.wallendorff.com\/belogue\/wp-content\/uploads\/2024\/07\/20240709.jpg?resize=525%2C300&ssl=1 1.5x, https:\/\/i0.wp.com\/www.wallendorff.com\/belogue\/wp-content\/uploads\/2024\/07\/20240709.jpg?resize=700%2C400&ssl=1 2x, https:\/\/i0.wp.com\/www.wallendorff.com\/belogue\/wp-content\/uploads\/2024\/07\/20240709.jpg?resize=1050%2C600&ssl=1 3x"},"classes":[]},{"id":125173,"url":"https:\/\/www.wallendorff.com\/belogue\/2023\/07\/04\/les-eurockeennes-belfort-29-juin-2-juillet-2023\/","url_meta":{"origin":34417,"position":2},"title":"Les Eurock\u00e9ennes, Belfort, 29 juin \u2013 2 juillet 2023.","author":"dpc","date":"4 juillet 2023","format":false,"excerpt":"Parce que je suis \u00e0 un homme de tradition-tion-tion-tion-tion-tion-tion-tion-tion-tion-tion-tion-tion-tion. \u00c0 l'ann\u00e9e prochaine pour \u2013\u00a0esp\u00e9rons-le, en tout cas\u00a0\u2013 un retour \u00e0 la normale. It's Better People Oasis","rel":"","context":"Dans &quot;Alive&quot;","block_context":{"text":"Alive","link":"https:\/\/www.wallendorff.com\/belogue\/category\/alive\/"},"img":{"alt_text":"","src":"https:\/\/i0.wp.com\/www.wallendorff.com\/belogue\/wp-content\/uploads\/2023\/07\/20230704.jpg?resize=350%2C200&ssl=1","width":350,"height":200,"srcset":"https:\/\/i0.wp.com\/www.wallendorff.com\/belogue\/wp-content\/uploads\/2023\/07\/20230704.jpg?resize=350%2C200&ssl=1 1x, https:\/\/i0.wp.com\/www.wallendorff.com\/belogue\/wp-content\/uploads\/2023\/07\/20230704.jpg?resize=525%2C300&ssl=1 1.5x, https:\/\/i0.wp.com\/www.wallendorff.com\/belogue\/wp-content\/uploads\/2023\/07\/20230704.jpg?resize=700%2C400&ssl=1 2x, https:\/\/i0.wp.com\/www.wallendorff.com\/belogue\/wp-content\/uploads\/2023\/07\/20230704.jpg?resize=1050%2C600&ssl=1 3x"},"classes":[]},{"id":128953,"url":"https:\/\/www.wallendorff.com\/belogue\/2024\/07\/05\/les-eurockeennes-2024-belfort-jour-1\/","url_meta":{"origin":34417,"position":3},"title":"Les Eurock\u00e9ennes 2024, Belfort, jour 1.","author":"dpc","date":"5 juillet 2024","format":false,"excerpt":"Les Eurock\u00e9ennes, Belfort, 04\/07\/2024 Oumou Sangar\u00e9 @ les Eurock\u00e9ennes, Belfort, 04\/07\/2024 Les Eurock\u00e9ennes, Belfort, 04\/07\/2024 Oumou Sangar\u00e9 @ les Eurock\u00e9ennes, Belfort, 04\/07\/2024 Les Eurock\u00e9ennes, Belfort, 04\/07\/2024 Oumou Sangar\u00e9 @ les Eurock\u00e9ennes, Belfort, 04\/07\/2024 Les Eurock\u00e9ennes, Belfort, 04\/07\/2024 Oumou Sangar\u00e9 @ les Eurock\u00e9ennes, Belfort, 04\/07\/2024 Oumou Sangar\u00e9 @ les Eurock\u00e9ennes, Belfort,\u2026","rel":"","context":"Dans &quot;Alive&quot;","block_context":{"text":"Alive","link":"https:\/\/www.wallendorff.com\/belogue\/category\/alive\/"},"img":{"alt_text":"","src":"https:\/\/i0.wp.com\/www.wallendorff.com\/belogue\/wp-content\/uploads\/2024\/07\/20240705-32.jpg?resize=350%2C200&ssl=1","width":350,"height":200,"srcset":"https:\/\/i0.wp.com\/www.wallendorff.com\/belogue\/wp-content\/uploads\/2024\/07\/20240705-32.jpg?resize=350%2C200&ssl=1 1x, https:\/\/i0.wp.com\/www.wallendorff.com\/belogue\/wp-content\/uploads\/2024\/07\/20240705-32.jpg?resize=525%2C300&ssl=1 1.5x, https:\/\/i0.wp.com\/www.wallendorff.com\/belogue\/wp-content\/uploads\/2024\/07\/20240705-32.jpg?resize=700%2C400&ssl=1 2x, https:\/\/i0.wp.com\/www.wallendorff.com\/belogue\/wp-content\/uploads\/2024\/07\/20240705-32.jpg?resize=1050%2C600&ssl=1 3x"},"classes":[]},{"id":129045,"url":"https:\/\/www.wallendorff.com\/belogue\/2024\/07\/06\/les-eurockeennes-2024-belfort-jour-2\/","url_meta":{"origin":34417,"position":4},"title":"Les Eurock\u00e9ennes 2024, Belfort, jour 2.","author":"dpc","date":"6 juillet 2024","format":false,"excerpt":"Les Eurock\u00e9ennes, Belfort, 05\/07\/2024 Shay @ les Eurock\u00e9ennes, Belfort, 05\/07\/2024 Les Eurock\u00e9ennes, Belfort, 05\/07\/2024 Shay @ les Eurock\u00e9ennes, Belfort, 05\/07\/2024 Shay @ les Eurock\u00e9ennes, Belfort, 05\/07\/2024 Les Eurock\u00e9ennes, Belfort, 05\/07\/2024 Shay @ les Eurock\u00e9ennes, Belfort, 05\/07\/2024 Shay @ les Eurock\u00e9ennes, Belfort, 05\/07\/2024 Shay @ les Eurock\u00e9ennes, Belfort, 05\/07\/2024 Les Eurock\u00e9ennes,\u2026","rel":"","context":"Dans &quot;Alive&quot;","block_context":{"text":"Alive","link":"https:\/\/www.wallendorff.com\/belogue\/category\/alive\/"},"img":{"alt_text":"","src":"https:\/\/i0.wp.com\/www.wallendorff.com\/belogue\/wp-content\/uploads\/2024\/07\/20240706-35.jpg?resize=350%2C200&ssl=1","width":350,"height":200,"srcset":"https:\/\/i0.wp.com\/www.wallendorff.com\/belogue\/wp-content\/uploads\/2024\/07\/20240706-35.jpg?resize=350%2C200&ssl=1 1x, https:\/\/i0.wp.com\/www.wallendorff.com\/belogue\/wp-content\/uploads\/2024\/07\/20240706-35.jpg?resize=525%2C300&ssl=1 1.5x, https:\/\/i0.wp.com\/www.wallendorff.com\/belogue\/wp-content\/uploads\/2024\/07\/20240706-35.jpg?resize=700%2C400&ssl=1 2x, https:\/\/i0.wp.com\/www.wallendorff.com\/belogue\/wp-content\/uploads\/2024\/07\/20240706-35.jpg?resize=1050%2C600&ssl=1 3x"},"classes":[]},{"id":129128,"url":"https:\/\/www.wallendorff.com\/belogue\/2024\/07\/07\/les-eurockeennes-2024-belfort-jour-3\/","url_meta":{"origin":34417,"position":5},"title":"Les Eurock\u00e9ennes 2024, Belfort, jour 3.","author":"dpc","date":"7 juillet 2024","format":false,"excerpt":"Et on finit par une \u00e9pique journ\u00e9e bien bien boueuse des familles. Je m'arr\u00eate l\u00e0 pour cette ann\u00e9e. \u00c0 l'ann\u00e9e prochaine ? Les Eurock\u00e9ennes, Belfort, 06\/07\/2024 Bar Italia @ les Eurock\u00e9ennes, Belfort, 06\/07\/2024 Les Eurock\u00e9ennes, Belfort, 06\/07\/2024 Bar Italia @ les Eurock\u00e9ennes, Belfort, 06\/07\/2024 Les Eurock\u00e9ennes, Belfort, 06\/07\/2024 Bar Italia\u2026","rel":"","context":"Dans &quot;Alive&quot;","block_context":{"text":"Alive","link":"https:\/\/www.wallendorff.com\/belogue\/category\/alive\/"},"img":{"alt_text":"","src":"https:\/\/i0.wp.com\/www.wallendorff.com\/belogue\/wp-content\/uploads\/2024\/07\/20240707-81.jpg?resize=350%2C200&ssl=1","width":350,"height":200,"srcset":"https:\/\/i0.wp.com\/www.wallendorff.com\/belogue\/wp-content\/uploads\/2024\/07\/20240707-81.jpg?resize=350%2C200&ssl=1 1x, https:\/\/i0.wp.com\/www.wallendorff.com\/belogue\/wp-content\/uploads\/2024\/07\/20240707-81.jpg?resize=525%2C300&ssl=1 1.5x, https:\/\/i0.wp.com\/www.wallendorff.com\/belogue\/wp-content\/uploads\/2024\/07\/20240707-81.jpg?resize=700%2C400&ssl=1 2x, https:\/\/i0.wp.com\/www.wallendorff.com\/belogue\/wp-content\/uploads\/2024\/07\/20240707-81.jpg?resize=1050%2C600&ssl=1 3x"},"classes":[]}],"_links":{"self":[{"href":"https:\/\/www.wallendorff.com\/belogue\/wp-json\/wp\/v2\/posts\/34417","targetHints":{"allow":["GET"]}}],"collection":[{"href":"https:\/\/www.wallendorff.com\/belogue\/wp-json\/wp\/v2\/posts"}],"about":[{"href":"https:\/\/www.wallendorff.com\/belogue\/wp-json\/wp\/v2\/types\/post"}],"author":[{"embeddable":true,"href":"https:\/\/www.wallendorff.com\/belogue\/wp-json\/wp\/v2\/users\/1"}],"replies":[{"embeddable":true,"href":"https:\/\/www.wallendorff.com\/belogue\/wp-json\/wp\/v2\/comments?post=34417"}],"version-history":[{"count":2,"href":"https:\/\/www.wallendorff.com\/belogue\/wp-json\/wp\/v2\/posts\/34417\/revisions"}],"predecessor-version":[{"id":49064,"href":"https:\/\/www.wallendorff.com\/belogue\/wp-json\/wp\/v2\/posts\/34417\/revisions\/49064"}],"wp:featuredmedia":[{"embeddable":true,"href":"https:\/\/www.wallendorff.com\/belogue\/wp-json\/wp\/v2\/media\/34418"}],"wp:attachment":[{"href":"https:\/\/www.wallendorff.com\/belogue\/wp-json\/wp\/v2\/media?parent=34417"}],"wp:term":[{"taxonomy":"category","embeddable":true,"href":"https:\/\/www.wallendorff.com\/belogue\/wp-json\/wp\/v2\/categories?post=34417"},{"taxonomy":"post_tag","embeddable":true,"href":"https:\/\/www.wallendorff.com\/belogue\/wp-json\/wp\/v2\/tags?post=34417"}],"curies":[{"name":"wp","href":"https:\/\/api.w.org\/{rel}","templated":true}]}}