{"id":34387,"date":"2017-07-05T18:08:58","date_gmt":"2017-07-05T16:08:58","guid":{"rendered":"http:\/\/www.wallendorff.com\/belogue\/?p=34387"},"modified":"2018-05-23T08:02:18","modified_gmt":"2018-05-23T06:02:18","slug":"flogging-molly-le-bataclan-paris-2","status":"publish","type":"post","link":"https:\/\/www.wallendorff.com\/belogue\/2017\/07\/05\/flogging-molly-le-bataclan-paris-2\/","title":{"rendered":"Flogging Molly @ le Bataclan, Paris."},"content":{"rendered":"<div id=\"photo\">\n<p><img decoding=\"async\" src=\"https:\/\/www.wallendorff.com\/belogue\/wp-content\/uploads\/2017\/07\/20170705-08.jpg\"><\/p>\n<\/div>\n<p><a href=\"https:\/\/www.wallendorff.com\/belogue\/2008\/05\/28\/flogging-molly-la-maroquinerie-paris\/\">J\u2019ai d\u00e9j\u00e0 expliqu\u00e9 ce qui m&rsquo;attache \u00e0 Flogging Molly<\/a> et ne reviendrai pas dessus. Ce que je vis du concert d\u2019hier soir, c\u2019est-\u00e0-dire 4 titres, \u2013&nbsp;les photographes devaient d\u00e9guerpir apr\u00e8s trois-titres-sans-flash et, entre nous, pour l\u2019instant, je ne tra\u00eene pas au Bataclan plus que n\u00e9cessaire&nbsp;\u2013, fut fid\u00e8le au th\u00e8me que Flogging Molly d\u00e9roule depuis bient\u00f4t 20 ans, \u00e0 quelques d\u00e9tails d\u2019embonpoint pr\u00e8s&nbsp;: temp\u00eate humaine incessante, pieds en l\u2019air et hurlements, titres jou\u00e9s \u00e0 cent \u00e0 l\u2019heure, harangues incessantes de Dave King et beaucoup, beaucoup de litres de Guinness ti\u00e8de \u00e9clus\u00e9s. C\u2019\u00e9tait ma 6<sup>e<\/sup> fois, la 3<sup>e<\/sup> au Bataclan, et ils n\u2019ont pas, ou si peu, chang\u00e9. \u00ab&nbsp;Dans la vie, il y a les choses qui changent\u2026 et il y a les autres&nbsp;\u00bb, disait-on. Puisse celle-l\u00e0 durer encore longtemps.<\/p>\n<div id='gallery-1' class='gallery galleryid-34387 gallery-columns-3 gallery-size-medium'><figure class='gallery-item'>\n\t\t\t<div class='gallery-icon portrait'>\n\t\t\t\t<a href='https:\/\/www.wallendorff.com\/belogue\/2017\/07\/05\/flogging-molly-le-bataclan-paris-2\/flogging-molly-le-bataclan-paris-04072017\/'><img fetchpriority=\"high\" decoding=\"async\" width=\"200\" height=\"300\" src=\"https:\/\/www.wallendorff.com\/belogue\/wp-content\/uploads\/2017\/07\/20170705-01-200x300.jpg\" class=\"attachment-medium size-medium\" alt=\"\" aria-describedby=\"gallery-1-34389\" srcset=\"https:\/\/www.wallendorff.com\/belogue\/wp-content\/uploads\/2017\/07\/20170705-01-200x300.jpg 200w, https:\/\/www.wallendorff.com\/belogue\/wp-content\/uploads\/2017\/07\/20170705-01-133x200.jpg 133w, https:\/\/www.wallendorff.com\/belogue\/wp-content\/uploads\/2017\/07\/20170705-01.jpg 547w\" sizes=\"(max-width: 200px) 100vw, 200px\" \/><\/a>\n\t\t\t<\/div>\n\t\t\t\t<figcaption class='wp-caption-text gallery-caption' id='gallery-1-34389'>\n\t\t\t\tFlogging Molly @ le Bataclan, Paris, 04\/07\/2017\n\t\t\t\t<\/figcaption><\/figure><figure class='gallery-item'>\n\t\t\t<div class='gallery-icon landscape'>\n\t\t\t\t<a href='https:\/\/www.wallendorff.com\/belogue\/2017\/07\/05\/flogging-molly-le-bataclan-paris-2\/flogging-molly-le-bataclan-paris-04072017-2\/'><img decoding=\"async\" width=\"300\" height=\"200\" src=\"https:\/\/www.wallendorff.com\/belogue\/wp-content\/uploads\/2017\/07\/20170705-02-300x200.jpg\" class=\"attachment-medium size-medium\" alt=\"\" aria-describedby=\"gallery-1-34390\" srcset=\"https:\/\/www.wallendorff.com\/belogue\/wp-content\/uploads\/2017\/07\/20170705-02-300x200.jpg 300w, https:\/\/www.wallendorff.com\/belogue\/wp-content\/uploads\/2017\/07\/20170705-02-200x133.jpg 200w, https:\/\/www.wallendorff.com\/belogue\/wp-content\/uploads\/2017\/07\/20170705-02-600x400.jpg 600w, https:\/\/www.wallendorff.com\/belogue\/wp-content\/uploads\/2017\/07\/20170705-02.jpg 820w\" sizes=\"(max-width: 300px) 100vw, 300px\" \/><\/a>\n\t\t\t<\/div>\n\t\t\t\t<figcaption class='wp-caption-text gallery-caption' id='gallery-1-34390'>\n\t\t\t\tFlogging Molly @ le Bataclan, Paris, 04\/07\/2017\n\t\t\t\t<\/figcaption><\/figure><figure class='gallery-item'>\n\t\t\t<div class='gallery-icon landscape'>\n\t\t\t\t<a href='https:\/\/www.wallendorff.com\/belogue\/2017\/07\/05\/flogging-molly-le-bataclan-paris-2\/flogging-molly-le-bataclan-paris-04072017-3\/'><img decoding=\"async\" width=\"300\" height=\"200\" src=\"https:\/\/www.wallendorff.com\/belogue\/wp-content\/uploads\/2017\/07\/20170705-03-300x200.jpg\" class=\"attachment-medium size-medium\" alt=\"\" aria-describedby=\"gallery-1-34391\" srcset=\"https:\/\/www.wallendorff.com\/belogue\/wp-content\/uploads\/2017\/07\/20170705-03-300x200.jpg 300w, https:\/\/www.wallendorff.com\/belogue\/wp-content\/uploads\/2017\/07\/20170705-03-200x133.jpg 200w, https:\/\/www.wallendorff.com\/belogue\/wp-content\/uploads\/2017\/07\/20170705-03-600x400.jpg 600w, https:\/\/www.wallendorff.com\/belogue\/wp-content\/uploads\/2017\/07\/20170705-03.jpg 820w\" sizes=\"(max-width: 300px) 100vw, 300px\" \/><\/a>\n\t\t\t<\/div>\n\t\t\t\t<figcaption class='wp-caption-text gallery-caption' id='gallery-1-34391'>\n\t\t\t\tFlogging Molly @ le Bataclan, Paris, 04\/07\/2017\n\t\t\t\t<\/figcaption><\/figure><figure class='gallery-item'>\n\t\t\t<div class='gallery-icon landscape'>\n\t\t\t\t<a href='https:\/\/www.wallendorff.com\/belogue\/2017\/07\/05\/flogging-molly-le-bataclan-paris-2\/flogging-molly-le-bataclan-paris-04072017-4\/'><img loading=\"lazy\" decoding=\"async\" width=\"300\" height=\"200\" src=\"https:\/\/www.wallendorff.com\/belogue\/wp-content\/uploads\/2017\/07\/20170705-04-300x200.jpg\" class=\"attachment-medium size-medium\" alt=\"\" aria-describedby=\"gallery-1-34392\" srcset=\"https:\/\/www.wallendorff.com\/belogue\/wp-content\/uploads\/2017\/07\/20170705-04-300x200.jpg 300w, https:\/\/www.wallendorff.com\/belogue\/wp-content\/uploads\/2017\/07\/20170705-04-200x133.jpg 200w, https:\/\/www.wallendorff.com\/belogue\/wp-content\/uploads\/2017\/07\/20170705-04-600x400.jpg 600w, https:\/\/www.wallendorff.com\/belogue\/wp-content\/uploads\/2017\/07\/20170705-04.jpg 820w\" sizes=\"(max-width: 300px) 100vw, 300px\" \/><\/a>\n\t\t\t<\/div>\n\t\t\t\t<figcaption class='wp-caption-text gallery-caption' id='gallery-1-34392'>\n\t\t\t\tFlogging Molly @ le Bataclan, Paris, 04\/07\/2017\n\t\t\t\t<\/figcaption><\/figure><figure class='gallery-item'>\n\t\t\t<div class='gallery-icon landscape'>\n\t\t\t\t<a href='https:\/\/www.wallendorff.com\/belogue\/2017\/07\/05\/flogging-molly-le-bataclan-paris-2\/flogging-molly-le-bataclan-paris-04072017-5\/'><img loading=\"lazy\" decoding=\"async\" width=\"300\" height=\"200\" src=\"https:\/\/www.wallendorff.com\/belogue\/wp-content\/uploads\/2017\/07\/20170705-05-300x200.jpg\" class=\"attachment-medium size-medium\" alt=\"\" aria-describedby=\"gallery-1-34393\" srcset=\"https:\/\/www.wallendorff.com\/belogue\/wp-content\/uploads\/2017\/07\/20170705-05-300x200.jpg 300w, https:\/\/www.wallendorff.com\/belogue\/wp-content\/uploads\/2017\/07\/20170705-05-200x133.jpg 200w, https:\/\/www.wallendorff.com\/belogue\/wp-content\/uploads\/2017\/07\/20170705-05-600x400.jpg 600w, https:\/\/www.wallendorff.com\/belogue\/wp-content\/uploads\/2017\/07\/20170705-05.jpg 820w\" sizes=\"(max-width: 300px) 100vw, 300px\" \/><\/a>\n\t\t\t<\/div>\n\t\t\t\t<figcaption class='wp-caption-text gallery-caption' id='gallery-1-34393'>\n\t\t\t\tFlogging Molly @ le Bataclan, Paris, 04\/07\/2017\n\t\t\t\t<\/figcaption><\/figure><figure class='gallery-item'>\n\t\t\t<div class='gallery-icon landscape'>\n\t\t\t\t<a href='https:\/\/www.wallendorff.com\/belogue\/2017\/07\/05\/flogging-molly-le-bataclan-paris-2\/flogging-molly-le-bataclan-paris-04072017-6\/'><img loading=\"lazy\" decoding=\"async\" width=\"300\" height=\"200\" src=\"https:\/\/www.wallendorff.com\/belogue\/wp-content\/uploads\/2017\/07\/20170705-06-300x200.jpg\" class=\"attachment-medium size-medium\" alt=\"\" aria-describedby=\"gallery-1-34394\" srcset=\"https:\/\/www.wallendorff.com\/belogue\/wp-content\/uploads\/2017\/07\/20170705-06-300x200.jpg 300w, https:\/\/www.wallendorff.com\/belogue\/wp-content\/uploads\/2017\/07\/20170705-06-200x133.jpg 200w, https:\/\/www.wallendorff.com\/belogue\/wp-content\/uploads\/2017\/07\/20170705-06-600x400.jpg 600w, https:\/\/www.wallendorff.com\/belogue\/wp-content\/uploads\/2017\/07\/20170705-06.jpg 820w\" sizes=\"(max-width: 300px) 100vw, 300px\" \/><\/a>\n\t\t\t<\/div>\n\t\t\t\t<figcaption class='wp-caption-text gallery-caption' id='gallery-1-34394'>\n\t\t\t\tFlogging Molly @ le Bataclan, Paris, 04\/07\/2017\n\t\t\t\t<\/figcaption><\/figure><figure class='gallery-item'>\n\t\t\t<div class='gallery-icon landscape'>\n\t\t\t\t<a href='https:\/\/www.wallendorff.com\/belogue\/2017\/07\/05\/flogging-molly-le-bataclan-paris-2\/flogging-molly-le-bataclan-paris-04072017-7\/'><img loading=\"lazy\" decoding=\"async\" width=\"300\" height=\"200\" src=\"https:\/\/www.wallendorff.com\/belogue\/wp-content\/uploads\/2017\/07\/20170705-07-300x200.jpg\" class=\"attachment-medium size-medium\" alt=\"\" aria-describedby=\"gallery-1-34395\" srcset=\"https:\/\/www.wallendorff.com\/belogue\/wp-content\/uploads\/2017\/07\/20170705-07-300x200.jpg 300w, https:\/\/www.wallendorff.com\/belogue\/wp-content\/uploads\/2017\/07\/20170705-07-200x133.jpg 200w, https:\/\/www.wallendorff.com\/belogue\/wp-content\/uploads\/2017\/07\/20170705-07-600x400.jpg 600w, https:\/\/www.wallendorff.com\/belogue\/wp-content\/uploads\/2017\/07\/20170705-07.jpg 820w\" sizes=\"(max-width: 300px) 100vw, 300px\" \/><\/a>\n\t\t\t<\/div>\n\t\t\t\t<figcaption class='wp-caption-text gallery-caption' id='gallery-1-34395'>\n\t\t\t\tFlogging Molly @ le Bataclan, Paris, 04\/07\/2017\n\t\t\t\t<\/figcaption><\/figure><figure class='gallery-item'>\n\t\t\t<div class='gallery-icon landscape'>\n\t\t\t\t<a href='https:\/\/www.wallendorff.com\/belogue\/2017\/07\/05\/flogging-molly-le-bataclan-paris-2\/flogging-molly-le-bataclan-paris-04072017-8\/'><img loading=\"lazy\" decoding=\"async\" width=\"300\" height=\"200\" src=\"https:\/\/www.wallendorff.com\/belogue\/wp-content\/uploads\/2017\/07\/20170705-08-300x200.jpg\" class=\"attachment-medium size-medium\" alt=\"\" aria-describedby=\"gallery-1-34396\" srcset=\"https:\/\/www.wallendorff.com\/belogue\/wp-content\/uploads\/2017\/07\/20170705-08-300x200.jpg 300w, https:\/\/www.wallendorff.com\/belogue\/wp-content\/uploads\/2017\/07\/20170705-08-200x133.jpg 200w, https:\/\/www.wallendorff.com\/belogue\/wp-content\/uploads\/2017\/07\/20170705-08-600x400.jpg 600w, https:\/\/www.wallendorff.com\/belogue\/wp-content\/uploads\/2017\/07\/20170705-08.jpg 820w\" sizes=\"(max-width: 300px) 100vw, 300px\" \/><\/a>\n\t\t\t<\/div>\n\t\t\t\t<figcaption class='wp-caption-text gallery-caption' id='gallery-1-34396'>\n\t\t\t\tFlogging Molly @ le Bataclan, Paris, 04\/07\/2017\n\t\t\t\t<\/figcaption><\/figure><figure class='gallery-item'>\n\t\t\t<div class='gallery-icon landscape'>\n\t\t\t\t<a href='https:\/\/www.wallendorff.com\/belogue\/2017\/07\/05\/flogging-molly-le-bataclan-paris-2\/flogging-molly-le-bataclan-paris-04072017-9\/'><img loading=\"lazy\" decoding=\"async\" width=\"300\" height=\"200\" src=\"https:\/\/www.wallendorff.com\/belogue\/wp-content\/uploads\/2017\/07\/20170705-09-300x200.jpg\" class=\"attachment-medium size-medium\" alt=\"\" aria-describedby=\"gallery-1-34397\" srcset=\"https:\/\/www.wallendorff.com\/belogue\/wp-content\/uploads\/2017\/07\/20170705-09-300x200.jpg 300w, https:\/\/www.wallendorff.com\/belogue\/wp-content\/uploads\/2017\/07\/20170705-09-200x133.jpg 200w, https:\/\/www.wallendorff.com\/belogue\/wp-content\/uploads\/2017\/07\/20170705-09-600x400.jpg 600w, https:\/\/www.wallendorff.com\/belogue\/wp-content\/uploads\/2017\/07\/20170705-09.jpg 820w\" sizes=\"(max-width: 300px) 100vw, 300px\" \/><\/a>\n\t\t\t<\/div>\n\t\t\t\t<figcaption class='wp-caption-text gallery-caption' id='gallery-1-34397'>\n\t\t\t\tFlogging Molly @ le Bataclan, Paris, 04\/07\/2017\n\t\t\t\t<\/figcaption><\/figure><figure class='gallery-item'>\n\t\t\t<div class='gallery-icon landscape'>\n\t\t\t\t<a href='https:\/\/www.wallendorff.com\/belogue\/2017\/07\/05\/flogging-molly-le-bataclan-paris-2\/flogging-molly-le-bataclan-paris-04072017-11\/'><img loading=\"lazy\" decoding=\"async\" width=\"300\" height=\"200\" src=\"https:\/\/www.wallendorff.com\/belogue\/wp-content\/uploads\/2017\/07\/20170705-11-300x200.jpg\" class=\"attachment-medium size-medium\" alt=\"\" aria-describedby=\"gallery-1-34399\" srcset=\"https:\/\/www.wallendorff.com\/belogue\/wp-content\/uploads\/2017\/07\/20170705-11-300x200.jpg 300w, https:\/\/www.wallendorff.com\/belogue\/wp-content\/uploads\/2017\/07\/20170705-11-200x133.jpg 200w, https:\/\/www.wallendorff.com\/belogue\/wp-content\/uploads\/2017\/07\/20170705-11-600x400.jpg 600w, https:\/\/www.wallendorff.com\/belogue\/wp-content\/uploads\/2017\/07\/20170705-11.jpg 820w\" sizes=\"(max-width: 300px) 100vw, 300px\" \/><\/a>\n\t\t\t<\/div>\n\t\t\t\t<figcaption class='wp-caption-text gallery-caption' id='gallery-1-34399'>\n\t\t\t\tFlogging Molly @ le Bataclan, Paris, 04\/07\/2017\n\t\t\t\t<\/figcaption><\/figure><figure class='gallery-item'>\n\t\t\t<div class='gallery-icon landscape'>\n\t\t\t\t<a href='https:\/\/www.wallendorff.com\/belogue\/2017\/07\/05\/flogging-molly-le-bataclan-paris-2\/flogging-molly-le-bataclan-paris-04072017-10\/'><img loading=\"lazy\" decoding=\"async\" width=\"300\" height=\"200\" src=\"https:\/\/www.wallendorff.com\/belogue\/wp-content\/uploads\/2017\/07\/20170705-10-300x200.jpg\" class=\"attachment-medium size-medium\" alt=\"\" aria-describedby=\"gallery-1-34398\" srcset=\"https:\/\/www.wallendorff.com\/belogue\/wp-content\/uploads\/2017\/07\/20170705-10-300x200.jpg 300w, https:\/\/www.wallendorff.com\/belogue\/wp-content\/uploads\/2017\/07\/20170705-10-200x133.jpg 200w, https:\/\/www.wallendorff.com\/belogue\/wp-content\/uploads\/2017\/07\/20170705-10-600x400.jpg 600w, https:\/\/www.wallendorff.com\/belogue\/wp-content\/uploads\/2017\/07\/20170705-10.jpg 820w\" sizes=\"(max-width: 300px) 100vw, 300px\" \/><\/a>\n\t\t\t<\/div>\n\t\t\t\t<figcaption class='wp-caption-text gallery-caption' id='gallery-1-34398'>\n\t\t\t\tFlogging Molly @ le Bataclan, Paris, 04\/07\/2017\n\t\t\t\t<\/figcaption><\/figure><figure class='gallery-item'>\n\t\t\t<div class='gallery-icon landscape'>\n\t\t\t\t<a href='https:\/\/www.wallendorff.com\/belogue\/2017\/07\/05\/flogging-molly-le-bataclan-paris-2\/flogging-molly-le-bataclan-paris-04072017-12\/'><img loading=\"lazy\" decoding=\"async\" width=\"300\" height=\"200\" src=\"https:\/\/www.wallendorff.com\/belogue\/wp-content\/uploads\/2017\/07\/20170705-12-300x200.jpg\" class=\"attachment-medium size-medium\" alt=\"\" aria-describedby=\"gallery-1-34400\" srcset=\"https:\/\/www.wallendorff.com\/belogue\/wp-content\/uploads\/2017\/07\/20170705-12-300x200.jpg 300w, https:\/\/www.wallendorff.com\/belogue\/wp-content\/uploads\/2017\/07\/20170705-12-200x133.jpg 200w, https:\/\/www.wallendorff.com\/belogue\/wp-content\/uploads\/2017\/07\/20170705-12-600x400.jpg 600w, https:\/\/www.wallendorff.com\/belogue\/wp-content\/uploads\/2017\/07\/20170705-12.jpg 820w\" sizes=\"(max-width: 300px) 100vw, 300px\" \/><\/a>\n\t\t\t<\/div>\n\t\t\t\t<figcaption class='wp-caption-text gallery-caption' id='gallery-1-34400'>\n\t\t\t\tFlogging Molly @ le Bataclan, Paris, 04\/07\/2017\n\t\t\t\t<\/figcaption><\/figure><figure class='gallery-item'>\n\t\t\t<div class='gallery-icon landscape'>\n\t\t\t\t<a href='https:\/\/www.wallendorff.com\/belogue\/2017\/07\/05\/flogging-molly-le-bataclan-paris-2\/flogging-molly-le-bataclan-paris-04072017-13\/'><img loading=\"lazy\" decoding=\"async\" width=\"300\" height=\"200\" src=\"https:\/\/www.wallendorff.com\/belogue\/wp-content\/uploads\/2017\/07\/20170705-13-300x200.jpg\" class=\"attachment-medium size-medium\" alt=\"\" aria-describedby=\"gallery-1-34401\" srcset=\"https:\/\/www.wallendorff.com\/belogue\/wp-content\/uploads\/2017\/07\/20170705-13-300x200.jpg 300w, https:\/\/www.wallendorff.com\/belogue\/wp-content\/uploads\/2017\/07\/20170705-13-200x133.jpg 200w, https:\/\/www.wallendorff.com\/belogue\/wp-content\/uploads\/2017\/07\/20170705-13-600x400.jpg 600w, https:\/\/www.wallendorff.com\/belogue\/wp-content\/uploads\/2017\/07\/20170705-13.jpg 820w\" sizes=\"(max-width: 300px) 100vw, 300px\" \/><\/a>\n\t\t\t<\/div>\n\t\t\t\t<figcaption class='wp-caption-text gallery-caption' id='gallery-1-34401'>\n\t\t\t\tFlogging Molly @ le Bataclan, Paris, 04\/07\/2017\n\t\t\t\t<\/figcaption><\/figure><figure class='gallery-item'>\n\t\t\t<div class='gallery-icon landscape'>\n\t\t\t\t<a href='https:\/\/www.wallendorff.com\/belogue\/2017\/07\/05\/flogging-molly-le-bataclan-paris-2\/flogging-molly-le-bataclan-paris-04072017-14\/'><img loading=\"lazy\" decoding=\"async\" width=\"300\" height=\"200\" src=\"https:\/\/www.wallendorff.com\/belogue\/wp-content\/uploads\/2017\/07\/20170705-14-300x200.jpg\" class=\"attachment-medium size-medium\" alt=\"\" aria-describedby=\"gallery-1-34402\" srcset=\"https:\/\/www.wallendorff.com\/belogue\/wp-content\/uploads\/2017\/07\/20170705-14-300x200.jpg 300w, https:\/\/www.wallendorff.com\/belogue\/wp-content\/uploads\/2017\/07\/20170705-14-200x133.jpg 200w, https:\/\/www.wallendorff.com\/belogue\/wp-content\/uploads\/2017\/07\/20170705-14-600x400.jpg 600w, https:\/\/www.wallendorff.com\/belogue\/wp-content\/uploads\/2017\/07\/20170705-14.jpg 820w\" sizes=\"(max-width: 300px) 100vw, 300px\" \/><\/a>\n\t\t\t<\/div>\n\t\t\t\t<figcaption class='wp-caption-text gallery-caption' id='gallery-1-34402'>\n\t\t\t\tFlogging Molly @ le Bataclan, Paris, 04\/07\/2017\n\t\t\t\t<\/figcaption><\/figure><figure class='gallery-item'>\n\t\t\t<div class='gallery-icon landscape'>\n\t\t\t\t<a href='https:\/\/www.wallendorff.com\/belogue\/2017\/07\/05\/flogging-molly-le-bataclan-paris-2\/flogging-molly-le-bataclan-paris-04072017-15\/'><img loading=\"lazy\" decoding=\"async\" width=\"300\" height=\"200\" src=\"https:\/\/www.wallendorff.com\/belogue\/wp-content\/uploads\/2017\/07\/20170705-15-300x200.jpg\" class=\"attachment-medium size-medium\" alt=\"\" aria-describedby=\"gallery-1-34403\" srcset=\"https:\/\/www.wallendorff.com\/belogue\/wp-content\/uploads\/2017\/07\/20170705-15-300x200.jpg 300w, https:\/\/www.wallendorff.com\/belogue\/wp-content\/uploads\/2017\/07\/20170705-15-200x133.jpg 200w, https:\/\/www.wallendorff.com\/belogue\/wp-content\/uploads\/2017\/07\/20170705-15-600x400.jpg 600w, https:\/\/www.wallendorff.com\/belogue\/wp-content\/uploads\/2017\/07\/20170705-15.jpg 820w\" sizes=\"(max-width: 300px) 100vw, 300px\" \/><\/a>\n\t\t\t<\/div>\n\t\t\t\t<figcaption class='wp-caption-text gallery-caption' id='gallery-1-34403'>\n\t\t\t\tFlogging Molly @ le Bataclan, Paris, 04\/07\/2017\n\t\t\t\t<\/figcaption><\/figure><figure class='gallery-item'>\n\t\t\t<div class='gallery-icon landscape'>\n\t\t\t\t<a href='https:\/\/www.wallendorff.com\/belogue\/2017\/07\/05\/flogging-molly-le-bataclan-paris-2\/flogging-molly-le-bataclan-paris-04072017-17\/'><img loading=\"lazy\" decoding=\"async\" width=\"300\" height=\"200\" src=\"https:\/\/www.wallendorff.com\/belogue\/wp-content\/uploads\/2017\/07\/20170705-17-300x200.jpg\" class=\"attachment-medium size-medium\" alt=\"\" aria-describedby=\"gallery-1-34405\" srcset=\"https:\/\/www.wallendorff.com\/belogue\/wp-content\/uploads\/2017\/07\/20170705-17-300x200.jpg 300w, https:\/\/www.wallendorff.com\/belogue\/wp-content\/uploads\/2017\/07\/20170705-17-200x133.jpg 200w, https:\/\/www.wallendorff.com\/belogue\/wp-content\/uploads\/2017\/07\/20170705-17-600x400.jpg 600w, https:\/\/www.wallendorff.com\/belogue\/wp-content\/uploads\/2017\/07\/20170705-17.jpg 820w\" sizes=\"(max-width: 300px) 100vw, 300px\" \/><\/a>\n\t\t\t<\/div>\n\t\t\t\t<figcaption class='wp-caption-text gallery-caption' id='gallery-1-34405'>\n\t\t\t\tFlogging Molly @ le Bataclan, Paris, 04\/07\/2017\n\t\t\t\t<\/figcaption><\/figure><figure class='gallery-item'>\n\t\t\t<div class='gallery-icon landscape'>\n\t\t\t\t<a href='https:\/\/www.wallendorff.com\/belogue\/2017\/07\/05\/flogging-molly-le-bataclan-paris-2\/flogging-molly-le-bataclan-paris-04072017-16\/'><img loading=\"lazy\" decoding=\"async\" width=\"300\" height=\"200\" src=\"https:\/\/www.wallendorff.com\/belogue\/wp-content\/uploads\/2017\/07\/20170705-16-300x200.jpg\" class=\"attachment-medium size-medium\" alt=\"\" aria-describedby=\"gallery-1-34404\" srcset=\"https:\/\/www.wallendorff.com\/belogue\/wp-content\/uploads\/2017\/07\/20170705-16-300x200.jpg 300w, https:\/\/www.wallendorff.com\/belogue\/wp-content\/uploads\/2017\/07\/20170705-16-200x133.jpg 200w, https:\/\/www.wallendorff.com\/belogue\/wp-content\/uploads\/2017\/07\/20170705-16-600x400.jpg 600w, https:\/\/www.wallendorff.com\/belogue\/wp-content\/uploads\/2017\/07\/20170705-16.jpg 820w\" sizes=\"(max-width: 300px) 100vw, 300px\" \/><\/a>\n\t\t\t<\/div>\n\t\t\t\t<figcaption class='wp-caption-text gallery-caption' id='gallery-1-34404'>\n\t\t\t\tFlogging Molly @ le Bataclan, Paris, 04\/07\/2017\n\t\t\t\t<\/figcaption><\/figure><figure class='gallery-item'>\n\t\t\t<div class='gallery-icon landscape'>\n\t\t\t\t<a href='https:\/\/www.wallendorff.com\/belogue\/2017\/07\/05\/flogging-molly-le-bataclan-paris-2\/flogging-molly-le-bataclan-paris-04072017-18\/'><img loading=\"lazy\" decoding=\"async\" width=\"300\" height=\"200\" src=\"https:\/\/www.wallendorff.com\/belogue\/wp-content\/uploads\/2017\/07\/20170705-18-300x200.jpg\" class=\"attachment-medium size-medium\" alt=\"\" aria-describedby=\"gallery-1-34406\" srcset=\"https:\/\/www.wallendorff.com\/belogue\/wp-content\/uploads\/2017\/07\/20170705-18-300x200.jpg 300w, https:\/\/www.wallendorff.com\/belogue\/wp-content\/uploads\/2017\/07\/20170705-18-200x133.jpg 200w, https:\/\/www.wallendorff.com\/belogue\/wp-content\/uploads\/2017\/07\/20170705-18-600x400.jpg 600w, https:\/\/www.wallendorff.com\/belogue\/wp-content\/uploads\/2017\/07\/20170705-18.jpg 820w\" sizes=\"(max-width: 300px) 100vw, 300px\" \/><\/a>\n\t\t\t<\/div>\n\t\t\t\t<figcaption class='wp-caption-text gallery-caption' id='gallery-1-34406'>\n\t\t\t\tFlogging Molly @ le Bataclan, Paris, 04\/07\/2017\n\t\t\t\t<\/figcaption><\/figure><figure class='gallery-item'>\n\t\t\t<div class='gallery-icon portrait'>\n\t\t\t\t<a href='https:\/\/www.wallendorff.com\/belogue\/2017\/07\/05\/flogging-molly-le-bataclan-paris-2\/flogging-molly-le-bataclan-paris-04072017-19\/'><img loading=\"lazy\" decoding=\"async\" width=\"200\" height=\"300\" src=\"https:\/\/www.wallendorff.com\/belogue\/wp-content\/uploads\/2017\/07\/20170705-19-200x300.jpg\" class=\"attachment-medium size-medium\" alt=\"\" aria-describedby=\"gallery-1-34407\" srcset=\"https:\/\/www.wallendorff.com\/belogue\/wp-content\/uploads\/2017\/07\/20170705-19-200x300.jpg 200w, https:\/\/www.wallendorff.com\/belogue\/wp-content\/uploads\/2017\/07\/20170705-19-133x200.jpg 133w, https:\/\/www.wallendorff.com\/belogue\/wp-content\/uploads\/2017\/07\/20170705-19.jpg 547w\" sizes=\"(max-width: 200px) 100vw, 200px\" \/><\/a>\n\t\t\t<\/div>\n\t\t\t\t<figcaption class='wp-caption-text gallery-caption' id='gallery-1-34407'>\n\t\t\t\tFlogging Molly @ le Bataclan, Paris, 04\/07\/2017\n\t\t\t\t<\/figcaption><\/figure>\n\t\t<\/div>\n\n","protected":false},"excerpt":{"rendered":"<p>J\u2019ai d\u00e9j\u00e0 expliqu\u00e9 ce qui m&rsquo;attache \u00e0 Flogging Molly et ne reviendrai pas dessus. Ce que je vis du concert d\u2019hier soir, c\u2019est-\u00e0-dire 4 titres, \u2013&nbsp;les photographes devaient d\u00e9guerpir apr\u00e8s trois-titres-sans-flash et, entre nous, pour l\u2019instant, je ne tra\u00eene pas au Bataclan plus que n\u00e9cessaire&nbsp;\u2013, fut fid\u00e8le au th\u00e8me que Flogging Molly d\u00e9roule depuis bient\u00f4t&hellip;<\/p>\n","protected":false},"author":1,"featured_media":34396,"comment_status":"open","ping_status":"open","sticky":false,"template":"","format":"standard","meta":{"_acf_changed":false,"ngg_post_thumbnail":0,"jetpack_post_was_ever_published":false,"_jetpack_newsletter_access":"","_jetpack_dont_email_post_to_subs":false,"_jetpack_newsletter_tier_id":0,"_jetpack_memberships_contains_paywalled_content":false,"_jetpack_memberships_contains_paid_content":false,"footnotes":"","jetpack_publicize_message":"","jetpack_publicize_feature_enabled":true,"jetpack_social_post_already_shared":true,"jetpack_social_options":{"image_generator_settings":{"template":"highway","default_image_id":0,"font":"","enabled":false},"version":2}},"categories":[7],"tags":[13612,10183,10084,2571,8170,6766,8351,10112,10120,10121,10332,10098,8243],"class_list":["post-34387","post","type-post","status-publish","format-standard","has-post-thumbnail","hentry","category-alive","tag-13612","tag-10183","tag-alive","tag-ef-16-35-mm-f28l-ii-usm","tag-ef-24-70-mm-f2-8l-ii-usm","tag-eos-5d-mark-iii","tag-eos-6d","tag-flogging-molly","tag-france","tag-ile-de-france","tag-le-bataclan","tag-paris","tag-sigma-15-mm-f2-8-ex-dg-diagonal-fish-eye"],"acf":[],"geo":{"latitude":48.8629875,"longitude":2.3705363,"description":"Paris 03, \u00cele-de-France, 75150 CEDEX 03, FR"},"jetpack_publicize_connections":[],"jetpack_featured_media_url":"https:\/\/www.wallendorff.com\/belogue\/wp-content\/uploads\/2017\/07\/20170705-08.jpg","jetpack_shortlink":"https:\/\/wp.me\/p3b35P-8WD","jetpack_sharing_enabled":true,"jetpack-related-posts":[{"id":130445,"url":"https:\/\/www.wallendorff.com\/belogue\/2024\/08\/31\/flogging-molly-le-bataclan-paris-27-aout-2024\/","url_meta":{"origin":34387,"position":0},"title":"Flogging Molly @ le Bataclan, Paris, 27 ao\u00fbt 2024.","author":"dpc","date":"31 ao\u00fbt 2024","format":false,"excerpt":"Drunken Lullabies | The Hand of John L. Sullivan | Swagger | (Try) Keep the Man Down | Whistles the Wind | Life in a Tenement Square | A Song of Liberty | Tobacco Island | The Croppy Boy '98 | Float | Saints & Sinners | Rebels of the\u2026","rel":"","context":"Dans &quot;Alive&quot;","block_context":{"text":"Alive","link":"https:\/\/www.wallendorff.com\/belogue\/category\/alive\/"},"img":{"alt_text":"","src":"https:\/\/i0.wp.com\/www.wallendorff.com\/belogue\/wp-content\/uploads\/2024\/08\/20240830-26.jpg?resize=350%2C200&ssl=1","width":350,"height":200,"srcset":"https:\/\/i0.wp.com\/www.wallendorff.com\/belogue\/wp-content\/uploads\/2024\/08\/20240830-26.jpg?resize=350%2C200&ssl=1 1x, https:\/\/i0.wp.com\/www.wallendorff.com\/belogue\/wp-content\/uploads\/2024\/08\/20240830-26.jpg?resize=525%2C300&ssl=1 1.5x, https:\/\/i0.wp.com\/www.wallendorff.com\/belogue\/wp-content\/uploads\/2024\/08\/20240830-26.jpg?resize=700%2C400&ssl=1 2x, https:\/\/i0.wp.com\/www.wallendorff.com\/belogue\/wp-content\/uploads\/2024\/08\/20240830-26.jpg?resize=1050%2C600&ssl=1 3x"},"classes":[]},{"id":14601,"url":"https:\/\/www.wallendorff.com\/belogue\/2011\/11\/28\/flogging-molly-le-bataclan-paris-26-novembre\/","url_meta":{"origin":34387,"position":1},"title":"Flogging Molly @ le Bataclan, Paris, 26 novembre.","author":"dpc","date":"28 novembre 2011","format":false,"excerpt":"The Likes of You Again | Swagger | Speed of Darkness | Revolution | The Worst Day Since Yesterday | Requiem for a Dying Song | Selfish Man | Saints & Sinners | Drunken Lullabies | The Heart of the Sea | Black Friday Rule | Float | Oliver Boy\u2026","rel":"","context":"Dans &quot;Alive&quot;","block_context":{"text":"Alive","link":"https:\/\/www.wallendorff.com\/belogue\/category\/alive\/"},"img":{"alt_text":"","src":"https:\/\/i0.wp.com\/www.wallendorff.com\/belogue\/wp-content\/uploads\/2015\/04\/201111281.jpg?resize=350%2C200&ssl=1","width":350,"height":200,"srcset":"https:\/\/i0.wp.com\/www.wallendorff.com\/belogue\/wp-content\/uploads\/2015\/04\/201111281.jpg?resize=350%2C200&ssl=1 1x, https:\/\/i0.wp.com\/www.wallendorff.com\/belogue\/wp-content\/uploads\/2015\/04\/201111281.jpg?resize=525%2C300&ssl=1 1.5x, https:\/\/i0.wp.com\/www.wallendorff.com\/belogue\/wp-content\/uploads\/2015\/04\/201111281.jpg?resize=700%2C400&ssl=1 2x"},"classes":[]},{"id":134068,"url":"https:\/\/www.wallendorff.com\/belogue\/2025\/10\/16\/the-cat-empire-le-bataclan-paris-14-octobre-2025\/","url_meta":{"origin":34387,"position":2},"title":"The Cat Empire @ le Bataclan, Paris, 14 octobre 2025.","author":"dpc","date":"16 octobre 2025","format":false,"excerpt":"The Cat Empire @ le Bataclan, Paris, 14\/10\/2025 The Cat Empire @ le Bataclan, Paris, 14\/10\/2025 The Cat Empire @ le Bataclan, Paris, 14\/10\/2025 The Cat Empire @ le Bataclan, Paris, 14\/10\/2025 The Cat Empire @ le Bataclan, Paris, 14\/10\/2025 The Cat Empire @ le Bataclan, Paris, 14\/10\/2025 The Cat\u2026","rel":"","context":"Dans &quot;Alive&quot;","block_context":{"text":"Alive","link":"https:\/\/www.wallendorff.com\/belogue\/category\/alive\/"},"img":{"alt_text":"","src":"https:\/\/i0.wp.com\/www.wallendorff.com\/belogue\/wp-content\/uploads\/2025\/10\/20251016-12.jpg?resize=350%2C200&ssl=1","width":350,"height":200,"srcset":"https:\/\/i0.wp.com\/www.wallendorff.com\/belogue\/wp-content\/uploads\/2025\/10\/20251016-12.jpg?resize=350%2C200&ssl=1 1x, https:\/\/i0.wp.com\/www.wallendorff.com\/belogue\/wp-content\/uploads\/2025\/10\/20251016-12.jpg?resize=525%2C300&ssl=1 1.5x, https:\/\/i0.wp.com\/www.wallendorff.com\/belogue\/wp-content\/uploads\/2025\/10\/20251016-12.jpg?resize=700%2C400&ssl=1 2x, https:\/\/i0.wp.com\/www.wallendorff.com\/belogue\/wp-content\/uploads\/2025\/10\/20251016-12.jpg?resize=1050%2C600&ssl=1 3x"},"classes":[]},{"id":3721,"url":"https:\/\/www.wallendorff.com\/belogue\/2008\/12\/28\/2008en-3\/","url_meta":{"origin":34387,"position":3},"title":"2008 en&#8230; #3.","author":"dpc","date":"28 d\u00e9cembre 2008","format":false,"excerpt":"La Maroquinerie, Paris, 28 mai. pr\u00e9sentent 2008 en 10 soir\u00e9es qui tachent grave je te dis pas Je crois en avoir parl\u00e9 comme il fallait d\u00e8s le lendemain du concert. Ce 27 mai, la meute de damn\u00e9s de Flogging Molly a pris la Maroquinerie, l'a retourn\u00e9e et l'a secou\u00e9e sans\u2026","rel":"","context":"Dans &quot;DPC&quot;","block_context":{"text":"DPC","link":"https:\/\/www.wallendorff.com\/belogue\/category\/dpc\/"},"img":{"alt_text":"","src":"https:\/\/i0.wp.com\/www.wallendorff.com\/belogue\/wp-content\/uploads\/2015\/04\/200812281.jpg?resize=350%2C200&ssl=1","width":350,"height":200},"classes":[]},{"id":273,"url":"https:\/\/www.wallendorff.com\/belogue\/2005\/11\/11\/flogging-molly-le-bataclan-paris\/","url_meta":{"origin":34387,"position":4},"title":"Flogging Molly @ Le Bataclan, Paris.","author":"dpc","date":"11 novembre 2005","format":false,"excerpt":"Screaming at the Wailing Wall | The Likes of You Again | Swagger | Selfish Man | Drunken Lullabies | Tobacco Island | Whistles the Wind | Devil's Dance Floor | Another Bag of Bricks | The Seven Deadly Sins | Within a Mile of Home | What's Left of\u2026","rel":"","context":"Dans &quot;Alive&quot;","block_context":{"text":"Alive","link":"https:\/\/www.wallendorff.com\/belogue\/category\/alive\/"},"img":{"alt_text":"","src":"https:\/\/i0.wp.com\/www.wallendorff.com\/belogue\/wp-content\/uploads\/2015\/04\/200511111.jpg?resize=350%2C200&ssl=1","width":350,"height":200},"classes":[]},{"id":5006,"url":"https:\/\/www.wallendorff.com\/belogue\/2009\/11\/08\/shooting-people-54\/","url_meta":{"origin":34387,"position":5},"title":"Shooting people #54.","author":"dpc","date":"8 novembre 2009","format":false,"excerpt":"Paris, 14 juin. \u00a0The xx \u2013 Shelter","rel":"","context":"Dans &quot;Portraits&quot;","block_context":{"text":"Portraits","link":"https:\/\/www.wallendorff.com\/belogue\/category\/portraits\/"},"img":{"alt_text":"","src":"https:\/\/i0.wp.com\/www.wallendorff.com\/belogue\/wp-content\/uploads\/2015\/04\/200911081.jpg?resize=350%2C200&ssl=1","width":350,"height":200},"classes":[]}],"_links":{"self":[{"href":"https:\/\/www.wallendorff.com\/belogue\/wp-json\/wp\/v2\/posts\/34387","targetHints":{"allow":["GET"]}}],"collection":[{"href":"https:\/\/www.wallendorff.com\/belogue\/wp-json\/wp\/v2\/posts"}],"about":[{"href":"https:\/\/www.wallendorff.com\/belogue\/wp-json\/wp\/v2\/types\/post"}],"author":[{"embeddable":true,"href":"https:\/\/www.wallendorff.com\/belogue\/wp-json\/wp\/v2\/users\/1"}],"replies":[{"embeddable":true,"href":"https:\/\/www.wallendorff.com\/belogue\/wp-json\/wp\/v2\/comments?post=34387"}],"version-history":[{"count":8,"href":"https:\/\/www.wallendorff.com\/belogue\/wp-json\/wp\/v2\/posts\/34387\/revisions"}],"predecessor-version":[{"id":34415,"href":"https:\/\/www.wallendorff.com\/belogue\/wp-json\/wp\/v2\/posts\/34387\/revisions\/34415"}],"wp:featuredmedia":[{"embeddable":true,"href":"https:\/\/www.wallendorff.com\/belogue\/wp-json\/wp\/v2\/media\/34396"}],"wp:attachment":[{"href":"https:\/\/www.wallendorff.com\/belogue\/wp-json\/wp\/v2\/media?parent=34387"}],"wp:term":[{"taxonomy":"category","embeddable":true,"href":"https:\/\/www.wallendorff.com\/belogue\/wp-json\/wp\/v2\/categories?post=34387"},{"taxonomy":"post_tag","embeddable":true,"href":"https:\/\/www.wallendorff.com\/belogue\/wp-json\/wp\/v2\/tags?post=34387"}],"curies":[{"name":"wp","href":"https:\/\/api.w.org\/{rel}","templated":true}]}}