{"id":34346,"date":"2017-06-23T09:43:20","date_gmt":"2017-06-23T07:43:20","guid":{"rendered":"http:\/\/www.wallendorff.com\/belogue\/?p=34346"},"modified":"2017-12-25T20:27:18","modified_gmt":"2017-12-25T18:27:18","slug":"into-the-wide-102","status":"publish","type":"post","link":"https:\/\/www.wallendorff.com\/belogue\/2017\/06\/23\/into-the-wide-102\/","title":{"rendered":"Into the wide #102."},"content":{"rendered":"\n<div id=\"photo\">\n<p><img decoding=\"async\" src=\"https:\/\/www.wallendorff.com\/belogue\/wp-content\/uploads\/2017\/06\/20170623.jpg\"><br \/>\nRosenkrantz&rsquo; gate, Oslo, 6 mai.<\/div>\n<div id=\"bandeson\">\n<p><img decoding=\"async\" src=\"https:\/\/www.wallendorff.com\/belogue\/photo\/pochettes\/a\/auerbach_dan-waiting_on_a_song.jpg\" align=\"left\" \/><a style=\"font-weight:normal\" id=\"lienmp3\" href=\"http:\/\/www.youtube.com\/watch?v=R4AeoJoiYW0\"><em>Cherrybomb<\/em><\/a><br \/>\n<a href=\"#\">Dan Auerbach<\/a><\/p>\n<\/div>\n","protected":false},"excerpt":{"rendered":"<p>Rosenkrantz&rsquo; gate, Oslo, 6 mai. Cherrybomb Dan Auerbach<\/p>\n","protected":false},"author":1,"featured_media":34347,"comment_status":"open","ping_status":"open","sticky":false,"template":"","format":"standard","meta":{"_acf_changed":false,"ngg_post_thumbnail":0,"jetpack_post_was_ever_published":false,"_jetpack_newsletter_access":"","_jetpack_dont_email_post_to_subs":false,"_jetpack_newsletter_tier_id":0,"_jetpack_memberships_contains_paywalled_content":false,"_jetpack_memberships_contains_paid_content":false,"footnotes":"","jetpack_publicize_message":"","jetpack_publicize_feature_enabled":true,"jetpack_social_post_already_shared":true,"jetpack_social_options":{"image_generator_settings":{"template":"highway","default_image_id":0,"font":"","enabled":false},"version":2}},"categories":[7356],"tags":[8170,8351,13935,13825,10326,10511,13932,13934,2622,2357,2398,11323,13933,13931,14397],"class_list":["post-34346","post","type-post","status-publish","format-standard","has-post-thumbnail","hentry","category-into-the-wide","tag-ef-24-70-mm-f2-8l-ii-usm","tag-eos-6d","tag-cherrybomb","tag-comte-doslo","tag-crepuscule","tag-dan-auerbach","tag-eidsvolls-plass","tag-hotel-grand-oslo","tag-karl-johans-gate","tag-norvege","tag-oslo","tag-panoramique","tag-parlement-de-norvege","tag-rosenkrantz-gate","tag-waiting-on-a-song-album"],"acf":[],"geo":{"latitude":59.9133263,"longitude":10.7389698,"description":null},"jetpack_publicize_connections":[],"jetpack_featured_media_url":"https:\/\/www.wallendorff.com\/belogue\/wp-content\/uploads\/2017\/06\/20170623.jpg","jetpack_shortlink":"https:\/\/wp.me\/p3b35P-8VY","jetpack_sharing_enabled":true,"jetpack-related-posts":[{"id":3703,"url":"https:\/\/www.wallendorff.com\/belogue\/2008\/12\/23\/deux-quatre-ci-souit-de-dix-douces\/","url_meta":{"origin":34346,"position":0},"title":"D&rsquo;eux qu&rsquo;\u00e2tre-ci s&rsquo;ouit de dix douces.","author":"dpc","date":"23 d\u00e9cembre 2008","format":false,"excerpt":"Karl Johans Gate, Oslo, 18 novembre. Infadels \u2013 A Million Pieces","rel":"","context":"Dans &quot;DPC&quot;","block_context":{"text":"DPC","link":"https:\/\/www.wallendorff.com\/belogue\/category\/dpc\/"},"img":{"alt_text":"","src":"https:\/\/i0.wp.com\/www.wallendorff.com\/belogue\/wp-content\/uploads\/2015\/04\/200812231.jpg?resize=350%2C200&ssl=1","width":350,"height":200},"classes":[]},{"id":34331,"url":"https:\/\/www.wallendorff.com\/belogue\/2017\/06\/20\/into-the-wide-100\/","url_meta":{"origin":34346,"position":1},"title":"Into the wide #100.","author":"dpc","date":"20 juin 2017","format":false,"excerpt":"Facult\u00e9 de Droit, Oslo, 6 mai. Il s'agit bien du m\u00eame endroit que ce jour-l\u00e0. De l\u00e0 \u00e0 dire que l'\u00e9volution de mon \u0152uvre Immortelle ces 9 derni\u00e8res ann\u00e9es s'est essentiellement r\u00e9sum\u00e9e \u00e0 \u00e9largir sans fin les angles de vue des m\u00eames sc\u00e8nes, il n'y a qu'un pas. \u00c0 part\u2026","rel":"","context":"Dans &quot;Into the wide&quot;","block_context":{"text":"Into the wide","link":"https:\/\/www.wallendorff.com\/belogue\/category\/into-the-wide\/"},"img":{"alt_text":"","src":"https:\/\/i0.wp.com\/www.wallendorff.com\/belogue\/wp-content\/uploads\/2017\/06\/20170620.jpg?resize=350%2C200&ssl=1","width":350,"height":200,"srcset":"https:\/\/i0.wp.com\/www.wallendorff.com\/belogue\/wp-content\/uploads\/2017\/06\/20170620.jpg?resize=350%2C200&ssl=1 1x, https:\/\/i0.wp.com\/www.wallendorff.com\/belogue\/wp-content\/uploads\/2017\/06\/20170620.jpg?resize=525%2C300&ssl=1 1.5x, https:\/\/i0.wp.com\/www.wallendorff.com\/belogue\/wp-content\/uploads\/2017\/06\/20170620.jpg?resize=700%2C400&ssl=1 2x, https:\/\/i0.wp.com\/www.wallendorff.com\/belogue\/wp-content\/uploads\/2017\/06\/20170620.jpg?resize=1050%2C600&ssl=1 3x"},"classes":[]},{"id":34341,"url":"https:\/\/www.wallendorff.com\/belogue\/2017\/06\/22\/into-the-wide-101\/","url_meta":{"origin":34346,"position":2},"title":"Into the wide #101.","author":"dpc","date":"22 juin 2017","format":false,"excerpt":"Parlement de Norv\u00e8ge, Oslo, 6 mai. Adeline\u0394","rel":"","context":"Dans &quot;Into the wide&quot;","block_context":{"text":"Into the wide","link":"https:\/\/www.wallendorff.com\/belogue\/category\/into-the-wide\/"},"img":{"alt_text":"","src":"https:\/\/i0.wp.com\/www.wallendorff.com\/belogue\/wp-content\/uploads\/2017\/06\/20170622.jpg?resize=350%2C200&ssl=1","width":350,"height":200,"srcset":"https:\/\/i0.wp.com\/www.wallendorff.com\/belogue\/wp-content\/uploads\/2017\/06\/20170622.jpg?resize=350%2C200&ssl=1 1x, https:\/\/i0.wp.com\/www.wallendorff.com\/belogue\/wp-content\/uploads\/2017\/06\/20170622.jpg?resize=525%2C300&ssl=1 1.5x, https:\/\/i0.wp.com\/www.wallendorff.com\/belogue\/wp-content\/uploads\/2017\/06\/20170622.jpg?resize=700%2C400&ssl=1 2x, https:\/\/i0.wp.com\/www.wallendorff.com\/belogue\/wp-content\/uploads\/2017\/06\/20170622.jpg?resize=1050%2C600&ssl=1 3x"},"classes":[]},{"id":3680,"url":"https:\/\/www.wallendorff.com\/belogue\/2008\/12\/15\/make-your-way-up-to-the-stars-its-there-where-you-belong\/","url_meta":{"origin":34346,"position":3},"title":"Make your way up to the stars it&rsquo;s there where you belong.","author":"dpc","date":"15 d\u00e9cembre 2008","format":false,"excerpt":"Facult\u00e9 de droit, Oslo, 17 novembre. Editors \u2013 You Are Fading","rel":"","context":"Dans &quot;DPC&quot;","block_context":{"text":"DPC","link":"https:\/\/www.wallendorff.com\/belogue\/category\/dpc\/"},"img":{"alt_text":"","src":"https:\/\/i0.wp.com\/www.wallendorff.com\/belogue\/wp-content\/uploads\/2008\/12\/20081215.jpg?resize=350%2C200&ssl=1","width":350,"height":200,"srcset":"https:\/\/i0.wp.com\/www.wallendorff.com\/belogue\/wp-content\/uploads\/2008\/12\/20081215.jpg?resize=350%2C200&ssl=1 1x, https:\/\/i0.wp.com\/www.wallendorff.com\/belogue\/wp-content\/uploads\/2008\/12\/20081215.jpg?resize=525%2C300&ssl=1 1.5x, https:\/\/i0.wp.com\/www.wallendorff.com\/belogue\/wp-content\/uploads\/2008\/12\/20081215.jpg?resize=700%2C400&ssl=1 2x"},"classes":[]},{"id":34322,"url":"https:\/\/www.wallendorff.com\/belogue\/2017\/06\/19\/into-the-wide-98-99\/","url_meta":{"origin":34346,"position":4},"title":"Into the wide #98, 99.","author":"dpc","date":"19 juin 2017","format":false,"excerpt":"Slottsparken, Oslo, 6 mai. Sleep Royal Blood","rel":"","context":"Dans &quot;Into the wide&quot;","block_context":{"text":"Into the wide","link":"https:\/\/www.wallendorff.com\/belogue\/category\/into-the-wide\/"},"img":{"alt_text":"","src":"https:\/\/i0.wp.com\/www.wallendorff.com\/belogue\/wp-content\/uploads\/2017\/06\/20170619-01.jpg?resize=350%2C200&ssl=1","width":350,"height":200,"srcset":"https:\/\/i0.wp.com\/www.wallendorff.com\/belogue\/wp-content\/uploads\/2017\/06\/20170619-01.jpg?resize=350%2C200&ssl=1 1x, https:\/\/i0.wp.com\/www.wallendorff.com\/belogue\/wp-content\/uploads\/2017\/06\/20170619-01.jpg?resize=525%2C300&ssl=1 1.5x, https:\/\/i0.wp.com\/www.wallendorff.com\/belogue\/wp-content\/uploads\/2017\/06\/20170619-01.jpg?resize=700%2C400&ssl=1 2x"},"classes":[]},{"id":34351,"url":"https:\/\/www.wallendorff.com\/belogue\/2017\/06\/28\/into-the-wide-103\/","url_meta":{"origin":34346,"position":5},"title":"Into the wide #103.","author":"dpc","date":"28 juin 2017","format":false,"excerpt":"Fridtjof Nansens Plass, Oslo, 7 mai. Wait (non-electric) The Kills","rel":"","context":"Dans &quot;Into the wide&quot;","block_context":{"text":"Into the wide","link":"https:\/\/www.wallendorff.com\/belogue\/category\/into-the-wide\/"},"img":{"alt_text":"","src":"https:\/\/i0.wp.com\/www.wallendorff.com\/belogue\/wp-content\/uploads\/2017\/06\/20170628.jpg?resize=350%2C200&ssl=1","width":350,"height":200,"srcset":"https:\/\/i0.wp.com\/www.wallendorff.com\/belogue\/wp-content\/uploads\/2017\/06\/20170628.jpg?resize=350%2C200&ssl=1 1x, https:\/\/i0.wp.com\/www.wallendorff.com\/belogue\/wp-content\/uploads\/2017\/06\/20170628.jpg?resize=525%2C300&ssl=1 1.5x, https:\/\/i0.wp.com\/www.wallendorff.com\/belogue\/wp-content\/uploads\/2017\/06\/20170628.jpg?resize=700%2C400&ssl=1 2x, https:\/\/i0.wp.com\/www.wallendorff.com\/belogue\/wp-content\/uploads\/2017\/06\/20170628.jpg?resize=1050%2C600&ssl=1 3x"},"classes":[]}],"_links":{"self":[{"href":"https:\/\/www.wallendorff.com\/belogue\/wp-json\/wp\/v2\/posts\/34346","targetHints":{"allow":["GET"]}}],"collection":[{"href":"https:\/\/www.wallendorff.com\/belogue\/wp-json\/wp\/v2\/posts"}],"about":[{"href":"https:\/\/www.wallendorff.com\/belogue\/wp-json\/wp\/v2\/types\/post"}],"author":[{"embeddable":true,"href":"https:\/\/www.wallendorff.com\/belogue\/wp-json\/wp\/v2\/users\/1"}],"replies":[{"embeddable":true,"href":"https:\/\/www.wallendorff.com\/belogue\/wp-json\/wp\/v2\/comments?post=34346"}],"version-history":[{"count":1,"href":"https:\/\/www.wallendorff.com\/belogue\/wp-json\/wp\/v2\/posts\/34346\/revisions"}],"predecessor-version":[{"id":34349,"href":"https:\/\/www.wallendorff.com\/belogue\/wp-json\/wp\/v2\/posts\/34346\/revisions\/34349"}],"wp:featuredmedia":[{"embeddable":true,"href":"https:\/\/www.wallendorff.com\/belogue\/wp-json\/wp\/v2\/media\/34347"}],"wp:attachment":[{"href":"https:\/\/www.wallendorff.com\/belogue\/wp-json\/wp\/v2\/media?parent=34346"}],"wp:term":[{"taxonomy":"category","embeddable":true,"href":"https:\/\/www.wallendorff.com\/belogue\/wp-json\/wp\/v2\/categories?post=34346"},{"taxonomy":"post_tag","embeddable":true,"href":"https:\/\/www.wallendorff.com\/belogue\/wp-json\/wp\/v2\/tags?post=34346"}],"curies":[{"name":"wp","href":"https:\/\/api.w.org\/{rel}","templated":true}]}}