{"id":34341,"date":"2017-06-22T16:21:37","date_gmt":"2017-06-22T14:21:37","guid":{"rendered":"http:\/\/www.wallendorff.com\/belogue\/?p=34341"},"modified":"2017-06-22T16:21:37","modified_gmt":"2017-06-22T14:21:37","slug":"into-the-wide-101","status":"publish","type":"post","link":"https:\/\/www.wallendorff.com\/belogue\/2017\/06\/22\/into-the-wide-101\/","title":{"rendered":"Into the wide #101."},"content":{"rendered":"\n<div id=\"photo\">\n<p><img decoding=\"async\" src=\"https:\/\/www.wallendorff.com\/belogue\/wp-content\/uploads\/2017\/06\/20170622.jpg\"><br \/>\nParlement de Norv\u00e8ge, Oslo, 6 mai.<\/p>\n<\/div>\n<div id=\"bandeson\">\n<p><img decoding=\"async\" src=\"https:\/\/www.wallendorff.com\/belogue\/photo\/pochettes\/a\/alt-j-relaxer.jpg\" align=\"left\"><a href=\"http:\/\/www.youtube.com\/watch?v=1XwU8H6e8Ts\" id=\"lienmp3\" style=\"font-weight: normal;\"><em>Adeline<\/em><\/a><br \/><a href=\"http:\/\/www.altjband.com\/\">&Delta;<\/a><\/p>\n<\/div>\n","protected":false},"excerpt":{"rendered":"<p>Parlement de Norv\u00e8ge, Oslo, 6 mai. Adeline&Delta;<\/p>\n","protected":false},"author":1,"featured_media":34342,"comment_status":"open","ping_status":"open","sticky":false,"template":"","format":"standard","meta":{"_acf_changed":false,"ngg_post_thumbnail":0,"jetpack_post_was_ever_published":false,"_jetpack_newsletter_access":"","_jetpack_dont_email_post_to_subs":false,"_jetpack_newsletter_tier_id":0,"_jetpack_memberships_contains_paywalled_content":false,"_jetpack_memberships_contains_paid_content":false,"footnotes":"","jetpack_publicize_message":"","jetpack_publicize_feature_enabled":true,"jetpack_social_post_already_shared":true,"jetpack_social_options":{"image_generator_settings":{"template":"highway","default_image_id":0,"font":"","enabled":false},"version":2}},"categories":[7356],"tags":[13929,11038,8170,8351,13825,10326,13928,2357,2398,11323,13879],"class_list":["post-34341","post","type-post","status-publish","format-standard","has-post-thumbnail","hentry","category-into-the-wide","tag-adeline","tag-alt-j","tag-ef-24-70-mm-f2-8l-ii-usm","tag-eos-6d","tag-comte-doslo","tag-crepuscule","tag-eldsvolls-plass","tag-norvege","tag-oslo","tag-panoramique","tag-ostlandet"],"acf":[],"geo":{"latitude":59.9131546,"longitude":10.7395678,"description":"Oslo, Oslo, 0908, NO"},"jetpack_publicize_connections":[],"jetpack_featured_media_url":"https:\/\/www.wallendorff.com\/belogue\/wp-content\/uploads\/2017\/06\/20170622.jpg","jetpack_shortlink":"https:\/\/wp.me\/p3b35P-8VT","jetpack_sharing_enabled":true,"jetpack-related-posts":[{"id":34346,"url":"https:\/\/www.wallendorff.com\/belogue\/2017\/06\/23\/into-the-wide-102\/","url_meta":{"origin":34341,"position":0},"title":"Into the wide #102.","author":"dpc","date":"23 juin 2017","format":false,"excerpt":"Rosenkrantz' gate, Oslo, 6 mai. Cherrybomb Dan Auerbach","rel":"","context":"Dans &quot;Into the wide&quot;","block_context":{"text":"Into the wide","link":"https:\/\/www.wallendorff.com\/belogue\/category\/into-the-wide\/"},"img":{"alt_text":"","src":"https:\/\/i0.wp.com\/www.wallendorff.com\/belogue\/wp-content\/uploads\/2017\/06\/20170623.jpg?resize=350%2C200&ssl=1","width":350,"height":200,"srcset":"https:\/\/i0.wp.com\/www.wallendorff.com\/belogue\/wp-content\/uploads\/2017\/06\/20170623.jpg?resize=350%2C200&ssl=1 1x, https:\/\/i0.wp.com\/www.wallendorff.com\/belogue\/wp-content\/uploads\/2017\/06\/20170623.jpg?resize=525%2C300&ssl=1 1.5x, https:\/\/i0.wp.com\/www.wallendorff.com\/belogue\/wp-content\/uploads\/2017\/06\/20170623.jpg?resize=700%2C400&ssl=1 2x, https:\/\/i0.wp.com\/www.wallendorff.com\/belogue\/wp-content\/uploads\/2017\/06\/20170623.jpg?resize=1050%2C600&ssl=1 3x"},"classes":[]},{"id":34322,"url":"https:\/\/www.wallendorff.com\/belogue\/2017\/06\/19\/into-the-wide-98-99\/","url_meta":{"origin":34341,"position":1},"title":"Into the wide #98, 99.","author":"dpc","date":"19 juin 2017","format":false,"excerpt":"Slottsparken, Oslo, 6 mai. Sleep Royal Blood","rel":"","context":"Dans &quot;Into the wide&quot;","block_context":{"text":"Into the wide","link":"https:\/\/www.wallendorff.com\/belogue\/category\/into-the-wide\/"},"img":{"alt_text":"","src":"https:\/\/i0.wp.com\/www.wallendorff.com\/belogue\/wp-content\/uploads\/2017\/06\/20170619-01.jpg?resize=350%2C200&ssl=1","width":350,"height":200,"srcset":"https:\/\/i0.wp.com\/www.wallendorff.com\/belogue\/wp-content\/uploads\/2017\/06\/20170619-01.jpg?resize=350%2C200&ssl=1 1x, https:\/\/i0.wp.com\/www.wallendorff.com\/belogue\/wp-content\/uploads\/2017\/06\/20170619-01.jpg?resize=525%2C300&ssl=1 1.5x, https:\/\/i0.wp.com\/www.wallendorff.com\/belogue\/wp-content\/uploads\/2017\/06\/20170619-01.jpg?resize=700%2C400&ssl=1 2x"},"classes":[]},{"id":34351,"url":"https:\/\/www.wallendorff.com\/belogue\/2017\/06\/28\/into-the-wide-103\/","url_meta":{"origin":34341,"position":2},"title":"Into the wide #103.","author":"dpc","date":"28 juin 2017","format":false,"excerpt":"Fridtjof Nansens Plass, Oslo, 7 mai. Wait (non-electric) The Kills","rel":"","context":"Dans &quot;Into the wide&quot;","block_context":{"text":"Into the wide","link":"https:\/\/www.wallendorff.com\/belogue\/category\/into-the-wide\/"},"img":{"alt_text":"","src":"https:\/\/i0.wp.com\/www.wallendorff.com\/belogue\/wp-content\/uploads\/2017\/06\/20170628.jpg?resize=350%2C200&ssl=1","width":350,"height":200,"srcset":"https:\/\/i0.wp.com\/www.wallendorff.com\/belogue\/wp-content\/uploads\/2017\/06\/20170628.jpg?resize=350%2C200&ssl=1 1x, https:\/\/i0.wp.com\/www.wallendorff.com\/belogue\/wp-content\/uploads\/2017\/06\/20170628.jpg?resize=525%2C300&ssl=1 1.5x, https:\/\/i0.wp.com\/www.wallendorff.com\/belogue\/wp-content\/uploads\/2017\/06\/20170628.jpg?resize=700%2C400&ssl=1 2x, https:\/\/i0.wp.com\/www.wallendorff.com\/belogue\/wp-content\/uploads\/2017\/06\/20170628.jpg?resize=1050%2C600&ssl=1 3x"},"classes":[]},{"id":3706,"url":"https:\/\/www.wallendorff.com\/belogue\/2008\/12\/24\/wide-awake-in-a-mere-ricard\/","url_meta":{"origin":34341,"position":3},"title":"Wide awake in a mere Ricard.","author":"dpc","date":"24 d\u00e9cembre 2008","format":false,"excerpt":"Slottsparken, Oslo, 18 novembre. Dans la longue liste de d\u00e9fauts qui m'affectent, figure en bonne place la sale manie de r\u00e9\u00e9couter de vieux U2 d\u00e8s qu'un semblant d'hiver fait mine de se montrer. U2 \u2013 Bad (live)","rel":"","context":"Dans &quot;DPC&quot;","block_context":{"text":"DPC","link":"https:\/\/www.wallendorff.com\/belogue\/category\/dpc\/"},"img":{"alt_text":"","src":"https:\/\/i0.wp.com\/www.wallendorff.com\/belogue\/wp-content\/uploads\/2015\/04\/200812241.jpg?resize=350%2C200&ssl=1","width":350,"height":200,"srcset":"https:\/\/i0.wp.com\/www.wallendorff.com\/belogue\/wp-content\/uploads\/2015\/04\/200812241.jpg?resize=350%2C200&ssl=1 1x, https:\/\/i0.wp.com\/www.wallendorff.com\/belogue\/wp-content\/uploads\/2015\/04\/200812241.jpg?resize=525%2C300&ssl=1 1.5x, https:\/\/i0.wp.com\/www.wallendorff.com\/belogue\/wp-content\/uploads\/2015\/04\/200812241.jpg?resize=700%2C400&ssl=1 2x"},"classes":[]},{"id":34355,"url":"https:\/\/www.wallendorff.com\/belogue\/2017\/06\/30\/carree-darse\/","url_meta":{"origin":34341,"position":4},"title":"Carr\u00e9e darse.","author":"dpc","date":"30 juin 2017","format":false,"excerpt":"Aker Brygge, Oslo, 7 mai. Hit Me Like That Snare\u0394","rel":"","context":"Dans &quot;DPC&quot;","block_context":{"text":"DPC","link":"https:\/\/www.wallendorff.com\/belogue\/category\/dpc\/"},"img":{"alt_text":"","src":"https:\/\/i0.wp.com\/www.wallendorff.com\/belogue\/wp-content\/uploads\/2017\/06\/20170630.jpg?resize=350%2C200&ssl=1","width":350,"height":200,"srcset":"https:\/\/i0.wp.com\/www.wallendorff.com\/belogue\/wp-content\/uploads\/2017\/06\/20170630.jpg?resize=350%2C200&ssl=1 1x, https:\/\/i0.wp.com\/www.wallendorff.com\/belogue\/wp-content\/uploads\/2017\/06\/20170630.jpg?resize=525%2C300&ssl=1 1.5x, https:\/\/i0.wp.com\/www.wallendorff.com\/belogue\/wp-content\/uploads\/2017\/06\/20170630.jpg?resize=700%2C400&ssl=1 2x"},"classes":[]},{"id":34331,"url":"https:\/\/www.wallendorff.com\/belogue\/2017\/06\/20\/into-the-wide-100\/","url_meta":{"origin":34341,"position":5},"title":"Into the wide #100.","author":"dpc","date":"20 juin 2017","format":false,"excerpt":"Facult\u00e9 de Droit, Oslo, 6 mai. Il s'agit bien du m\u00eame endroit que ce jour-l\u00e0. De l\u00e0 \u00e0 dire que l'\u00e9volution de mon \u0152uvre Immortelle ces 9 derni\u00e8res ann\u00e9es s'est essentiellement r\u00e9sum\u00e9e \u00e0 \u00e9largir sans fin les angles de vue des m\u00eames sc\u00e8nes, il n'y a qu'un pas. \u00c0 part\u2026","rel":"","context":"Dans &quot;Into the wide&quot;","block_context":{"text":"Into the wide","link":"https:\/\/www.wallendorff.com\/belogue\/category\/into-the-wide\/"},"img":{"alt_text":"","src":"https:\/\/i0.wp.com\/www.wallendorff.com\/belogue\/wp-content\/uploads\/2017\/06\/20170620.jpg?resize=350%2C200&ssl=1","width":350,"height":200,"srcset":"https:\/\/i0.wp.com\/www.wallendorff.com\/belogue\/wp-content\/uploads\/2017\/06\/20170620.jpg?resize=350%2C200&ssl=1 1x, https:\/\/i0.wp.com\/www.wallendorff.com\/belogue\/wp-content\/uploads\/2017\/06\/20170620.jpg?resize=525%2C300&ssl=1 1.5x, https:\/\/i0.wp.com\/www.wallendorff.com\/belogue\/wp-content\/uploads\/2017\/06\/20170620.jpg?resize=700%2C400&ssl=1 2x, https:\/\/i0.wp.com\/www.wallendorff.com\/belogue\/wp-content\/uploads\/2017\/06\/20170620.jpg?resize=1050%2C600&ssl=1 3x"},"classes":[]}],"_links":{"self":[{"href":"https:\/\/www.wallendorff.com\/belogue\/wp-json\/wp\/v2\/posts\/34341","targetHints":{"allow":["GET"]}}],"collection":[{"href":"https:\/\/www.wallendorff.com\/belogue\/wp-json\/wp\/v2\/posts"}],"about":[{"href":"https:\/\/www.wallendorff.com\/belogue\/wp-json\/wp\/v2\/types\/post"}],"author":[{"embeddable":true,"href":"https:\/\/www.wallendorff.com\/belogue\/wp-json\/wp\/v2\/users\/1"}],"replies":[{"embeddable":true,"href":"https:\/\/www.wallendorff.com\/belogue\/wp-json\/wp\/v2\/comments?post=34341"}],"version-history":[{"count":3,"href":"https:\/\/www.wallendorff.com\/belogue\/wp-json\/wp\/v2\/posts\/34341\/revisions"}],"predecessor-version":[{"id":34345,"href":"https:\/\/www.wallendorff.com\/belogue\/wp-json\/wp\/v2\/posts\/34341\/revisions\/34345"}],"wp:featuredmedia":[{"embeddable":true,"href":"https:\/\/www.wallendorff.com\/belogue\/wp-json\/wp\/v2\/media\/34342"}],"wp:attachment":[{"href":"https:\/\/www.wallendorff.com\/belogue\/wp-json\/wp\/v2\/media?parent=34341"}],"wp:term":[{"taxonomy":"category","embeddable":true,"href":"https:\/\/www.wallendorff.com\/belogue\/wp-json\/wp\/v2\/categories?post=34341"},{"taxonomy":"post_tag","embeddable":true,"href":"https:\/\/www.wallendorff.com\/belogue\/wp-json\/wp\/v2\/tags?post=34341"}],"curies":[{"name":"wp","href":"https:\/\/api.w.org\/{rel}","templated":true}]}}