{"id":34331,"date":"2017-06-20T11:22:21","date_gmt":"2017-06-20T09:22:21","guid":{"rendered":"http:\/\/www.wallendorff.com\/belogue\/?p=34331"},"modified":"2017-06-20T11:22:21","modified_gmt":"2017-06-20T09:22:21","slug":"into-the-wide-100","status":"publish","type":"post","link":"https:\/\/www.wallendorff.com\/belogue\/2017\/06\/20\/into-the-wide-100\/","title":{"rendered":"Into the wide #100."},"content":{"rendered":"\n<div id=\"photo\">\n<p><img decoding=\"async\" src=\"https:\/\/www.wallendorff.com\/belogue\/wp-content\/uploads\/2017\/06\/20170620.jpg\"><br \/>\nFacult\u00e9 de Droit, Oslo, 6 mai.<\/p>\n<\/div>\n<p style=\"text-align:right\">Il s&rsquo;agit bien du m\u00eame endroit que <a href=\"https:\/\/www.wallendorff.com\/belogue\/2008\/12\/15\/make-your-way-up-to-the-stars-its-there-where-you-belong\/\">ce jour-l\u00e0<\/a>. De l\u00e0 \u00e0 dire que l&rsquo;\u00e9volution de mon \u0152uvre Immortelle ces 9 derni\u00e8res ann\u00e9es s&rsquo;est essentiellement r\u00e9sum\u00e9e \u00e0 \u00e9largir sans fin les angles de vue des m\u00eames sc\u00e8nes, il n&rsquo;y a qu&rsquo;un pas.<\/p>\n<p style=\"text-align:right\">\u00c0 part \u00e7a, ce panoramique est le 100<sup>e<\/sup> de la s\u00e9rie [comme le sous-entend fort discr\u00e8tement son titre]. C&rsquo;est l&rsquo;occasion de <a href=\"https:\/\/www.wallendorff.com\/belogue\/category\/into-the-wide\/\">se retourner sur tout ceux publi\u00e9s jusque-l\u00e0<\/a> et de se dire que, si je ne suis toujours pas pr\u00e8s de ce que je souhaite obtenir, j&rsquo;ai quand m\u00eame vaguement progress\u00e9 depuis le d\u00e9but.<\/p>\n<div id=\"bandeson\">\n<p><img decoding=\"async\" src=\"https:\/\/www.wallendorff.com\/belogue\/photo\/pochettes\/l\/lorde-melodrama.jpg\" align=\"left\" \/><a style=\"font-weight:normal\" id=\"lienmp3\" href=\"http:\/\/www.youtube.com\/watch?v=Qm4_f8804nU\"><em>Perfect Places<\/em><\/a><br \/>\n<a href=\"https:\/\/lorde.co.nz\/\">Lorde<\/a><\/p>\n<\/div>\n","protected":false},"excerpt":{"rendered":"<p>Facult\u00e9 de Droit, Oslo, 6 mai. Il s&rsquo;agit bien du m\u00eame endroit que ce jour-l\u00e0. De l\u00e0 \u00e0 dire que l&rsquo;\u00e9volution de mon \u0152uvre Immortelle ces 9 derni\u00e8res ann\u00e9es s&rsquo;est essentiellement r\u00e9sum\u00e9e \u00e0 \u00e9largir sans fin les angles de vue des m\u00eames sc\u00e8nes, il n&rsquo;y a qu&rsquo;un pas. \u00c0 part \u00e7a, ce panoramique est le&hellip;<\/p>\n","protected":false},"author":1,"featured_media":34339,"comment_status":"open","ping_status":"open","sticky":false,"template":"","format":"standard","meta":{"_acf_changed":false,"ngg_post_thumbnail":0,"jetpack_post_was_ever_published":false,"_jetpack_newsletter_access":"","_jetpack_dont_email_post_to_subs":false,"_jetpack_newsletter_tier_id":0,"_jetpack_memberships_contains_paywalled_content":false,"_jetpack_memberships_contains_paid_content":false,"footnotes":"","jetpack_publicize_message":"","jetpack_publicize_feature_enabled":true,"jetpack_social_post_already_shared":true,"jetpack_social_options":{"image_generator_settings":{"template":"highway","default_image_id":0,"font":"","enabled":false},"version":2}},"categories":[7356],"tags":[8170,8351,13825,10326,2622,8280,2357,2398,11323,13927,10592,2603],"class_list":["post-34331","post","type-post","status-publish","format-standard","has-post-thumbnail","hentry","category-into-the-wide","tag-ef-24-70-mm-f2-8l-ii-usm","tag-eos-6d","tag-comte-doslo","tag-crepuscule","tag-karl-johans-gate","tag-lorde","tag-norvege","tag-oslo","tag-panoramique","tag-perfect-places","tag-pose-longue","tag-universitet-i-oslo"],"acf":[],"geo":{"latitude":59.9151955,"longitude":10.7350101,"description":"Oslo, Oslo, 0908, NO"},"jetpack_publicize_connections":[],"jetpack_featured_media_url":"https:\/\/www.wallendorff.com\/belogue\/wp-content\/uploads\/2017\/06\/20170620.jpg","jetpack_shortlink":"https:\/\/wp.me\/p3b35P-8VJ","jetpack_sharing_enabled":true,"jetpack-related-posts":[{"id":35955,"url":"https:\/\/www.wallendorff.com\/belogue\/2017\/10\/11\/into-the-wide-113-x-pis-a-prismes-45\/","url_meta":{"origin":34331,"position":0},"title":"Into the wide #113 \u00d7 Pis \u00e0 prismes #45.","author":"dpc","date":"11 octobre 2017","format":false,"excerpt":"Champ de Mars, Paris, 15 ao\u00fbt. M\u00eame remarque qu'\u00e0 Oslo: Cette photo se r\u00e9sume \u00e0 un \u00e9largissement de celle-ci. En 2025, je vous ferai une version \u00e0 360\u00b0 incluant la nappe phr\u00e9atique sous la tour. You're Dreaming Wolf Parade","rel":"","context":"Dans &quot;Into the wide&quot;","block_context":{"text":"Into the wide","link":"https:\/\/www.wallendorff.com\/belogue\/category\/into-the-wide\/"},"img":{"alt_text":"","src":"https:\/\/i0.wp.com\/www.wallendorff.com\/belogue\/wp-content\/uploads\/2017\/10\/20171011.jpg?resize=350%2C200&ssl=1","width":350,"height":200,"srcset":"https:\/\/i0.wp.com\/www.wallendorff.com\/belogue\/wp-content\/uploads\/2017\/10\/20171011.jpg?resize=350%2C200&ssl=1 1x, https:\/\/i0.wp.com\/www.wallendorff.com\/belogue\/wp-content\/uploads\/2017\/10\/20171011.jpg?resize=525%2C300&ssl=1 1.5x, https:\/\/i0.wp.com\/www.wallendorff.com\/belogue\/wp-content\/uploads\/2017\/10\/20171011.jpg?resize=700%2C400&ssl=1 2x"},"classes":[]},{"id":34346,"url":"https:\/\/www.wallendorff.com\/belogue\/2017\/06\/23\/into-the-wide-102\/","url_meta":{"origin":34331,"position":1},"title":"Into the wide #102.","author":"dpc","date":"23 juin 2017","format":false,"excerpt":"Rosenkrantz' gate, Oslo, 6 mai. Cherrybomb Dan Auerbach","rel":"","context":"Dans &quot;Into the wide&quot;","block_context":{"text":"Into the wide","link":"https:\/\/www.wallendorff.com\/belogue\/category\/into-the-wide\/"},"img":{"alt_text":"","src":"https:\/\/i0.wp.com\/www.wallendorff.com\/belogue\/wp-content\/uploads\/2017\/06\/20170623.jpg?resize=350%2C200&ssl=1","width":350,"height":200,"srcset":"https:\/\/i0.wp.com\/www.wallendorff.com\/belogue\/wp-content\/uploads\/2017\/06\/20170623.jpg?resize=350%2C200&ssl=1 1x, https:\/\/i0.wp.com\/www.wallendorff.com\/belogue\/wp-content\/uploads\/2017\/06\/20170623.jpg?resize=525%2C300&ssl=1 1.5x, https:\/\/i0.wp.com\/www.wallendorff.com\/belogue\/wp-content\/uploads\/2017\/06\/20170623.jpg?resize=700%2C400&ssl=1 2x, https:\/\/i0.wp.com\/www.wallendorff.com\/belogue\/wp-content\/uploads\/2017\/06\/20170623.jpg?resize=1050%2C600&ssl=1 3x"},"classes":[]},{"id":34341,"url":"https:\/\/www.wallendorff.com\/belogue\/2017\/06\/22\/into-the-wide-101\/","url_meta":{"origin":34331,"position":2},"title":"Into the wide #101.","author":"dpc","date":"22 juin 2017","format":false,"excerpt":"Parlement de Norv\u00e8ge, Oslo, 6 mai. Adeline\u0394","rel":"","context":"Dans &quot;Into the wide&quot;","block_context":{"text":"Into the wide","link":"https:\/\/www.wallendorff.com\/belogue\/category\/into-the-wide\/"},"img":{"alt_text":"","src":"https:\/\/i0.wp.com\/www.wallendorff.com\/belogue\/wp-content\/uploads\/2017\/06\/20170622.jpg?resize=350%2C200&ssl=1","width":350,"height":200,"srcset":"https:\/\/i0.wp.com\/www.wallendorff.com\/belogue\/wp-content\/uploads\/2017\/06\/20170622.jpg?resize=350%2C200&ssl=1 1x, https:\/\/i0.wp.com\/www.wallendorff.com\/belogue\/wp-content\/uploads\/2017\/06\/20170622.jpg?resize=525%2C300&ssl=1 1.5x, https:\/\/i0.wp.com\/www.wallendorff.com\/belogue\/wp-content\/uploads\/2017\/06\/20170622.jpg?resize=700%2C400&ssl=1 2x, https:\/\/i0.wp.com\/www.wallendorff.com\/belogue\/wp-content\/uploads\/2017\/06\/20170622.jpg?resize=1050%2C600&ssl=1 3x"},"classes":[]},{"id":34322,"url":"https:\/\/www.wallendorff.com\/belogue\/2017\/06\/19\/into-the-wide-98-99\/","url_meta":{"origin":34331,"position":3},"title":"Into the wide #98, 99.","author":"dpc","date":"19 juin 2017","format":false,"excerpt":"Slottsparken, Oslo, 6 mai. Sleep Royal Blood","rel":"","context":"Dans &quot;Into the wide&quot;","block_context":{"text":"Into the wide","link":"https:\/\/www.wallendorff.com\/belogue\/category\/into-the-wide\/"},"img":{"alt_text":"","src":"https:\/\/i0.wp.com\/www.wallendorff.com\/belogue\/wp-content\/uploads\/2017\/06\/20170619-01.jpg?resize=350%2C200&ssl=1","width":350,"height":200,"srcset":"https:\/\/i0.wp.com\/www.wallendorff.com\/belogue\/wp-content\/uploads\/2017\/06\/20170619-01.jpg?resize=350%2C200&ssl=1 1x, https:\/\/i0.wp.com\/www.wallendorff.com\/belogue\/wp-content\/uploads\/2017\/06\/20170619-01.jpg?resize=525%2C300&ssl=1 1.5x, https:\/\/i0.wp.com\/www.wallendorff.com\/belogue\/wp-content\/uploads\/2017\/06\/20170619-01.jpg?resize=700%2C400&ssl=1 2x"},"classes":[]},{"id":34351,"url":"https:\/\/www.wallendorff.com\/belogue\/2017\/06\/28\/into-the-wide-103\/","url_meta":{"origin":34331,"position":4},"title":"Into the wide #103.","author":"dpc","date":"28 juin 2017","format":false,"excerpt":"Fridtjof Nansens Plass, Oslo, 7 mai. Wait (non-electric) The Kills","rel":"","context":"Dans &quot;Into the wide&quot;","block_context":{"text":"Into the wide","link":"https:\/\/www.wallendorff.com\/belogue\/category\/into-the-wide\/"},"img":{"alt_text":"","src":"https:\/\/i0.wp.com\/www.wallendorff.com\/belogue\/wp-content\/uploads\/2017\/06\/20170628.jpg?resize=350%2C200&ssl=1","width":350,"height":200,"srcset":"https:\/\/i0.wp.com\/www.wallendorff.com\/belogue\/wp-content\/uploads\/2017\/06\/20170628.jpg?resize=350%2C200&ssl=1 1x, https:\/\/i0.wp.com\/www.wallendorff.com\/belogue\/wp-content\/uploads\/2017\/06\/20170628.jpg?resize=525%2C300&ssl=1 1.5x, https:\/\/i0.wp.com\/www.wallendorff.com\/belogue\/wp-content\/uploads\/2017\/06\/20170628.jpg?resize=700%2C400&ssl=1 2x, https:\/\/i0.wp.com\/www.wallendorff.com\/belogue\/wp-content\/uploads\/2017\/06\/20170628.jpg?resize=1050%2C600&ssl=1 3x"},"classes":[]},{"id":43459,"url":"https:\/\/www.wallendorff.com\/belogue\/2019\/08\/20\/into-the-wide-181\/","url_meta":{"origin":34331,"position":5},"title":"Into the wide #182.","author":"dpc","date":"20 ao\u00fbt 2019","format":false,"excerpt":"Pont Charles, Prague, 9 mai 2019. Je ne m'\u00e9tais pas lev\u00e9 aussi t\u00f4t depuis le Rialto, il y a deux ans. C'est le probl\u00e8me des lieux pris\u00e9s par les touristes\u00a0: si tu veux profiter de ceux-ci, il faut venir quand ceux-l\u00e0 dorment, et ce au moins une heure avant le\u2026","rel":"","context":"Dans &quot;Into the wide&quot;","block_context":{"text":"Into the wide","link":"https:\/\/www.wallendorff.com\/belogue\/category\/into-the-wide\/"},"img":{"alt_text":"Pont Charles, Prague, 9 mai 2019.","src":"https:\/\/i0.wp.com\/www.wallendorff.com\/belogue\/wp-content\/uploads\/2019\/08\/20190820.jpg?resize=350%2C200&ssl=1","width":350,"height":200,"srcset":"https:\/\/i0.wp.com\/www.wallendorff.com\/belogue\/wp-content\/uploads\/2019\/08\/20190820.jpg?resize=350%2C200&ssl=1 1x, https:\/\/i0.wp.com\/www.wallendorff.com\/belogue\/wp-content\/uploads\/2019\/08\/20190820.jpg?resize=525%2C300&ssl=1 1.5x, https:\/\/i0.wp.com\/www.wallendorff.com\/belogue\/wp-content\/uploads\/2019\/08\/20190820.jpg?resize=700%2C400&ssl=1 2x, https:\/\/i0.wp.com\/www.wallendorff.com\/belogue\/wp-content\/uploads\/2019\/08\/20190820.jpg?resize=1050%2C600&ssl=1 3x"},"classes":[]}],"_links":{"self":[{"href":"https:\/\/www.wallendorff.com\/belogue\/wp-json\/wp\/v2\/posts\/34331","targetHints":{"allow":["GET"]}}],"collection":[{"href":"https:\/\/www.wallendorff.com\/belogue\/wp-json\/wp\/v2\/posts"}],"about":[{"href":"https:\/\/www.wallendorff.com\/belogue\/wp-json\/wp\/v2\/types\/post"}],"author":[{"embeddable":true,"href":"https:\/\/www.wallendorff.com\/belogue\/wp-json\/wp\/v2\/users\/1"}],"replies":[{"embeddable":true,"href":"https:\/\/www.wallendorff.com\/belogue\/wp-json\/wp\/v2\/comments?post=34331"}],"version-history":[{"count":5,"href":"https:\/\/www.wallendorff.com\/belogue\/wp-json\/wp\/v2\/posts\/34331\/revisions"}],"predecessor-version":[{"id":34340,"href":"https:\/\/www.wallendorff.com\/belogue\/wp-json\/wp\/v2\/posts\/34331\/revisions\/34340"}],"wp:featuredmedia":[{"embeddable":true,"href":"https:\/\/www.wallendorff.com\/belogue\/wp-json\/wp\/v2\/media\/34339"}],"wp:attachment":[{"href":"https:\/\/www.wallendorff.com\/belogue\/wp-json\/wp\/v2\/media?parent=34331"}],"wp:term":[{"taxonomy":"category","embeddable":true,"href":"https:\/\/www.wallendorff.com\/belogue\/wp-json\/wp\/v2\/categories?post=34331"},{"taxonomy":"post_tag","embeddable":true,"href":"https:\/\/www.wallendorff.com\/belogue\/wp-json\/wp\/v2\/tags?post=34331"}],"curies":[{"name":"wp","href":"https:\/\/api.w.org\/{rel}","templated":true}]}}